{"id":9522,"date":"2016-01-12T19:15:31","date_gmt":"2016-01-12T19:15:31","guid":{"rendered":"https:\/\/xativaturismo.com\/val\/festival-cancion-autor\/"},"modified":"2016-03-23T09:03:33","modified_gmt":"2016-03-23T09:03:33","slug":"festival-cancion-autor","status":"publish","type":"post","link":"https:\/\/xativaturismo.com\/val\/festival-cancion-autor\/","title":{"rendered":"I Festival de la Can\u00e7\u00f3 d\u2019Autor"},"content":{"rendered":"<p><strong>19, \u00ad20 i\u00a026\u00ad, 27 de febrer<\/strong><\/p>\n<p><span style=\"font-weight: 400;\">El Gran Teatre de X\u00e0tiva acull el febrer el I Festival M\u00fasica i Lletra, Can\u00e7\u00f3 d&#8217;Autor. Durant quatre dies de concerts s&#8217;escoltaran veus de cantautors consagrats, aix\u00ed com de talents emergents. En la primera edici\u00f3 participaran m\u00fasics en val\u00e8ncia i castell\u00e0, per\u00f2 en properes edicions del Festival es preveu obrir-lo a la can\u00e7\u00f3 d&#8217;autor de pa\u00efsos com Fran\u00e7a, Portugal o It\u00e0lia.<\/span><\/p>\n<p><span style=\"font-weight: 400;\">El 19 de febrer obriran el festival el xativ\u00ed Feliu Ventura i el cantautor andal\u00fas Alberto Alcal\u00e1. El dia 20 ser\u00e0 el torn del veter\u00e0 artista catal\u00e0 Quico Pi de la Serra. El dia 26 tamb\u00e9 tindr\u00e0 programa doble, amb Joan Am\u00e8ric i el jove valenci\u00e0 Andreu Valor. M\u00fasica i Lletra es clour\u00e0 el dia 27 de febrer, amb l&#8217;actuaci\u00f3 del cantautor canari Pedro Guerra.<\/span><\/p>\n","protected":false},"excerpt":{"rendered":"<p>19, \u00ad20 i\u00a026\u00ad, 27 de febrer El Gran Teatre de X\u00e0tiva acull el febrer el I Festival M\u00fasica i Lletra, Can\u00e7\u00f3 d&#8217;Autor. Durant quatre dies de concerts s&#8217;escoltaran veus de [&hellip;]<\/p>\n","protected":false},"author":10,"featured_media":0,"comment_status":"closed","ping_status":"closed","sticky":false,"template":"","format":"standard","meta":{"_price":"","_stock":"","_tribe_ticket_header":"","_tribe_default_ticket_provider":"","_ticket_start_date":"","_ticket_end_date":"","_tribe_ticket_show_description":"","_tribe_ticket_show_not_going":false,"_tribe_ticket_use_global_stock":"","_tribe_ticket_global_stock_level":"","_global_stock_mode":"","_global_stock_cap":"","_tribe_rsvp_for_event":"","_tribe_ticket_going_count":"","_tribe_ticket_not_going_count":"","_tribe_tickets_list":"[]","_tribe_ticket_has_attendee_info_fields":false,"footnotes":""},"categories":[23,24],"tags":[],"class_list":["post-9522","post","type-post","status-publish","format-standard","hentry","category-actualidad-val","category-cultura-val"],"yoast_head":"<!-- This site is optimized with the Yoast SEO plugin v27.0 - https:\/\/yoast.com\/product\/yoast-seo-wordpress\/ -->\n<title>I Festival de la Can\u00e7\u00f3 d\u2019Autor - X\u00e0tiva Turismo<\/title>\n<meta name=\"robots\" content=\"index, follow, max-snippet:-1, max-image-preview:large, max-video-preview:-1\" \/>\n<link rel=\"canonical\" href=\"https:\/\/xativaturismo.com\/val\/festival-cancion-autor\/\" \/>\n<meta property=\"og:locale\" content=\"ca_ES\" \/>\n<meta property=\"og:type\" content=\"article\" \/>\n<meta property=\"og:title\" content=\"I Festival de la Can\u00e7\u00f3 d\u2019Autor - X\u00e0tiva Turismo\" \/>\n<meta property=\"og:description\" content=\"19, \u00ad20 i\u00a026\u00ad, 27 de febrer El Gran Teatre de X\u00e0tiva acull el febrer el I Festival M\u00fasica i Lletra, Can\u00e7\u00f3 d&#8217;Autor. Durant quatre dies de concerts s&#8217;escoltaran veus de [&hellip;]\" \/>\n<meta property=\"og:url\" content=\"https:\/\/xativaturismo.com\/val\/festival-cancion-autor\/\" \/>\n<meta property=\"og:site_name\" content=\"X\u00e0tiva Turismo\" \/>\n<meta property=\"article:publisher\" content=\"https:\/\/www.facebook.com\/XativaTurisme\" \/>\n<meta property=\"article:published_time\" content=\"2016-01-12T19:15:31+00:00\" \/>\n<meta property=\"article:modified_time\" content=\"2016-03-23T09:03:33+00:00\" \/>\n<meta property=\"og:image\" content=\"https:\/\/xativaturismo.com\/wp-content\/uploads\/2016\/01\/castell-menor-8.jpg\" \/>\n\t<meta property=\"og:image:width\" content=\"846\" \/>\n\t<meta property=\"og:image:height\" content=\"480\" \/>\n\t<meta property=\"og:image:type\" content=\"image\/jpeg\" \/>\n<meta name=\"author\" content=\"Edit Orial\" \/>\n<meta name=\"twitter:card\" content=\"summary_large_image\" \/>\n<meta name=\"twitter:creator\" content=\"@XativaTurisme\" \/>\n<meta name=\"twitter:site\" content=\"@XativaTurisme\" \/>\n<meta name=\"twitter:label1\" content=\"Written by\" \/>\n\t<meta name=\"twitter:data1\" content=\"Edit Orial\" \/>\n\t<meta name=\"twitter:label2\" content=\"Est. reading time\" \/>\n\t<meta name=\"twitter:data2\" content=\"1 minute\" \/>\n<script type=\"application\/ld+json\" class=\"yoast-schema-graph\">{\"@context\":\"https:\/\/schema.org\",\"@graph\":[{\"@type\":\"Article\",\"@id\":\"https:\/\/xativaturismo.com\/val\/festival-cancion-autor\/#article\",\"isPartOf\":{\"@id\":\"https:\/\/xativaturismo.com\/val\/festival-cancion-autor\/\"},\"author\":{\"name\":\"Edit Orial\",\"@id\":\"https:\/\/xativaturismo.com\/#\/schema\/person\/076ef82c001ca23709c36cf13a96ee7d\"},\"headline\":\"I Festival de la Can\u00e7\u00f3 d\u2019Autor\",\"datePublished\":\"2016-01-12T19:15:31+00:00\",\"dateModified\":\"2016-03-23T09:03:33+00:00\",\"mainEntityOfPage\":{\"@id\":\"https:\/\/xativaturismo.com\/val\/festival-cancion-autor\/\"},\"wordCount\":142,\"publisher\":{\"@id\":\"https:\/\/xativaturismo.com\/#organization\"},\"articleSection\":[\"Actualitat\",\"Cultura\"],\"inLanguage\":\"ca\"},{\"@type\":\"WebPage\",\"@id\":\"https:\/\/xativaturismo.com\/val\/festival-cancion-autor\/\",\"url\":\"https:\/\/xativaturismo.com\/val\/festival-cancion-autor\/\",\"name\":\"I Festival de la Can\u00e7\u00f3 d\u2019Autor - X\u00e0tiva Turismo\",\"isPartOf\":{\"@id\":\"https:\/\/xativaturismo.com\/#website\"},\"datePublished\":\"2016-01-12T19:15:31+00:00\",\"dateModified\":\"2016-03-23T09:03:33+00:00\",\"breadcrumb\":{\"@id\":\"https:\/\/xativaturismo.com\/val\/festival-cancion-autor\/#breadcrumb\"},\"inLanguage\":\"ca\",\"potentialAction\":[{\"@type\":\"ReadAction\",\"target\":[\"https:\/\/xativaturismo.com\/val\/festival-cancion-autor\/\"]}]},{\"@type\":\"BreadcrumbList\",\"@id\":\"https:\/\/xativaturismo.com\/val\/festival-cancion-autor\/#breadcrumb\",\"itemListElement\":[{\"@type\":\"ListItem\",\"position\":1,\"name\":\"Portada\",\"item\":\"https:\/\/xativaturismo.com\/val\/\"},{\"@type\":\"ListItem\",\"position\":2,\"name\":\"I Festival de la Can\u00e7\u00f3 d\u2019Autor\"}]},{\"@type\":\"WebSite\",\"@id\":\"https:\/\/xativaturismo.com\/#website\",\"url\":\"https:\/\/xativaturismo.com\/\",\"name\":\"X\u00e0tiva Turismo\",\"description\":\"Bienvenidos a la oficina de Turismo de X\u00e0tiva\",\"publisher\":{\"@id\":\"https:\/\/xativaturismo.com\/#organization\"},\"potentialAction\":[{\"@type\":\"SearchAction\",\"target\":{\"@type\":\"EntryPoint\",\"urlTemplate\":\"https:\/\/xativaturismo.com\/?s={search_term_string}\"},\"query-input\":{\"@type\":\"PropertyValueSpecification\",\"valueRequired\":true,\"valueName\":\"search_term_string\"}}],\"inLanguage\":\"ca\"},{\"@type\":\"Organization\",\"@id\":\"https:\/\/xativaturismo.com\/#organization\",\"name\":\"X\u00e0tiva Turismo\",\"url\":\"https:\/\/xativaturismo.com\/\",\"logo\":{\"@type\":\"ImageObject\",\"inLanguage\":\"ca\",\"@id\":\"https:\/\/xativaturismo.com\/#\/schema\/logo\/image\/\",\"url\":\"https:\/\/xativaturismo.com\/wp-content\/uploads\/2020\/10\/logo-lila512-2.png\",\"contentUrl\":\"https:\/\/xativaturismo.com\/wp-content\/uploads\/2020\/10\/logo-lila512-2.png\",\"width\":445,\"height\":512,\"caption\":\"X\u00e0tiva Turismo\"},\"image\":{\"@id\":\"https:\/\/xativaturismo.com\/#\/schema\/logo\/image\/\"},\"sameAs\":[\"https:\/\/www.facebook.com\/XativaTurisme\",\"https:\/\/x.com\/XativaTurisme\"]},{\"@type\":\"Person\",\"@id\":\"https:\/\/xativaturismo.com\/#\/schema\/person\/076ef82c001ca23709c36cf13a96ee7d\",\"name\":\"Edit Orial\",\"image\":{\"@type\":\"ImageObject\",\"inLanguage\":\"ca\",\"@id\":\"https:\/\/xativaturismo.com\/#\/schema\/person\/image\/\",\"url\":\"https:\/\/secure.gravatar.com\/avatar\/8e23460bf094742a301ecd4741c5b42b22f6fd944b7a3e55260bb476eccfd123?s=96&d=mm&r=g\",\"contentUrl\":\"https:\/\/secure.gravatar.com\/avatar\/8e23460bf094742a301ecd4741c5b42b22f6fd944b7a3e55260bb476eccfd123?s=96&d=mm&r=g\",\"caption\":\"Edit Orial\"},\"url\":\"https:\/\/xativaturismo.com\/val\/author\/autoripress\/\"}]}<\/script>\n<!-- \/ Yoast SEO plugin. -->","yoast_head_json":{"title":"I Festival de la Can\u00e7\u00f3 d\u2019Autor - X\u00e0tiva Turismo","robots":{"index":"index","follow":"follow","max-snippet":"max-snippet:-1","max-image-preview":"max-image-preview:large","max-video-preview":"max-video-preview:-1"},"canonical":"https:\/\/xativaturismo.com\/val\/festival-cancion-autor\/","og_locale":"ca_ES","og_type":"article","og_title":"I Festival de la Can\u00e7\u00f3 d\u2019Autor - X\u00e0tiva Turismo","og_description":"19, \u00ad20 i\u00a026\u00ad, 27 de febrer El Gran Teatre de X\u00e0tiva acull el febrer el I Festival M\u00fasica i Lletra, Can\u00e7\u00f3 d&#8217;Autor. Durant quatre dies de concerts s&#8217;escoltaran veus de [&hellip;]","og_url":"https:\/\/xativaturismo.com\/val\/festival-cancion-autor\/","og_site_name":"X\u00e0tiva Turismo","article_publisher":"https:\/\/www.facebook.com\/XativaTurisme","article_published_time":"2016-01-12T19:15:31+00:00","article_modified_time":"2016-03-23T09:03:33+00:00","og_image":[{"width":846,"height":480,"url":"https:\/\/xativaturismo.com\/wp-content\/uploads\/2016\/01\/castell-menor-8.jpg","type":"image\/jpeg"}],"author":"Edit Orial","twitter_card":"summary_large_image","twitter_creator":"@XativaTurisme","twitter_site":"@XativaTurisme","twitter_misc":{"Written by":"Edit Orial","Est. reading time":"1 minute"},"schema":{"@context":"https:\/\/schema.org","@graph":[{"@type":"Article","@id":"https:\/\/xativaturismo.com\/val\/festival-cancion-autor\/#article","isPartOf":{"@id":"https:\/\/xativaturismo.com\/val\/festival-cancion-autor\/"},"author":{"name":"Edit Orial","@id":"https:\/\/xativaturismo.com\/#\/schema\/person\/076ef82c001ca23709c36cf13a96ee7d"},"headline":"I Festival de la Can\u00e7\u00f3 d\u2019Autor","datePublished":"2016-01-12T19:15:31+00:00","dateModified":"2016-03-23T09:03:33+00:00","mainEntityOfPage":{"@id":"https:\/\/xativaturismo.com\/val\/festival-cancion-autor\/"},"wordCount":142,"publisher":{"@id":"https:\/\/xativaturismo.com\/#organization"},"articleSection":["Actualitat","Cultura"],"inLanguage":"ca"},{"@type":"WebPage","@id":"https:\/\/xativaturismo.com\/val\/festival-cancion-autor\/","url":"https:\/\/xativaturismo.com\/val\/festival-cancion-autor\/","name":"I Festival de la Can\u00e7\u00f3 d\u2019Autor - X\u00e0tiva Turismo","isPartOf":{"@id":"https:\/\/xativaturismo.com\/#website"},"datePublished":"2016-01-12T19:15:31+00:00","dateModified":"2016-03-23T09:03:33+00:00","breadcrumb":{"@id":"https:\/\/xativaturismo.com\/val\/festival-cancion-autor\/#breadcrumb"},"inLanguage":"ca","potentialAction":[{"@type":"ReadAction","target":["https:\/\/xativaturismo.com\/val\/festival-cancion-autor\/"]}]},{"@type":"BreadcrumbList","@id":"https:\/\/xativaturismo.com\/val\/festival-cancion-autor\/#breadcrumb","itemListElement":[{"@type":"ListItem","position":1,"name":"Portada","item":"https:\/\/xativaturismo.com\/val\/"},{"@type":"ListItem","position":2,"name":"I Festival de la Can\u00e7\u00f3 d\u2019Autor"}]},{"@type":"WebSite","@id":"https:\/\/xativaturismo.com\/#website","url":"https:\/\/xativaturismo.com\/","name":"X\u00e0tiva Turismo","description":"Bienvenidos a la oficina de Turismo de X\u00e0tiva","publisher":{"@id":"https:\/\/xativaturismo.com\/#organization"},"potentialAction":[{"@type":"SearchAction","target":{"@type":"EntryPoint","urlTemplate":"https:\/\/xativaturismo.com\/?s={search_term_string}"},"query-input":{"@type":"PropertyValueSpecification","valueRequired":true,"valueName":"search_term_string"}}],"inLanguage":"ca"},{"@type":"Organization","@id":"https:\/\/xativaturismo.com\/#organization","name":"X\u00e0tiva Turismo","url":"https:\/\/xativaturismo.com\/","logo":{"@type":"ImageObject","inLanguage":"ca","@id":"https:\/\/xativaturismo.com\/#\/schema\/logo\/image\/","url":"https:\/\/xativaturismo.com\/wp-content\/uploads\/2020\/10\/logo-lila512-2.png","contentUrl":"https:\/\/xativaturismo.com\/wp-content\/uploads\/2020\/10\/logo-lila512-2.png","width":445,"height":512,"caption":"X\u00e0tiva Turismo"},"image":{"@id":"https:\/\/xativaturismo.com\/#\/schema\/logo\/image\/"},"sameAs":["https:\/\/www.facebook.com\/XativaTurisme","https:\/\/x.com\/XativaTurisme"]},{"@type":"Person","@id":"https:\/\/xativaturismo.com\/#\/schema\/person\/076ef82c001ca23709c36cf13a96ee7d","name":"Edit Orial","image":{"@type":"ImageObject","inLanguage":"ca","@id":"https:\/\/xativaturismo.com\/#\/schema\/person\/image\/","url":"https:\/\/secure.gravatar.com\/avatar\/8e23460bf094742a301ecd4741c5b42b22f6fd944b7a3e55260bb476eccfd123?s=96&d=mm&r=g","contentUrl":"https:\/\/secure.gravatar.com\/avatar\/8e23460bf094742a301ecd4741c5b42b22f6fd944b7a3e55260bb476eccfd123?s=96&d=mm&r=g","caption":"Edit Orial"},"url":"https:\/\/xativaturismo.com\/val\/author\/autoripress\/"}]}},"_links":{"self":[{"href":"https:\/\/xativaturismo.com\/val\/wp-json\/wp\/v2\/posts\/9522","targetHints":{"allow":["GET"]}}],"collection":[{"href":"https:\/\/xativaturismo.com\/val\/wp-json\/wp\/v2\/posts"}],"about":[{"href":"https:\/\/xativaturismo.com\/val\/wp-json\/wp\/v2\/types\/post"}],"author":[{"embeddable":true,"href":"https:\/\/xativaturismo.com\/val\/wp-json\/wp\/v2\/users\/10"}],"replies":[{"embeddable":true,"href":"https:\/\/xativaturismo.com\/val\/wp-json\/wp\/v2\/comments?post=9522"}],"version-history":[{"count":0,"href":"https:\/\/xativaturismo.com\/val\/wp-json\/wp\/v2\/posts\/9522\/revisions"}],"wp:attachment":[{"href":"https:\/\/xativaturismo.com\/val\/wp-json\/wp\/v2\/media?parent=9522"}],"wp:term":[{"taxonomy":"category","embeddable":true,"href":"https:\/\/xativaturismo.com\/val\/wp-json\/wp\/v2\/categories?post=9522"},{"taxonomy":"post_tag","embeddable":true,"href":"https:\/\/xativaturismo.com\/val\/wp-json\/wp\/v2\/tags?post=9522"}],"curies":[{"name":"wp","href":"https:\/\/api.w.org\/{rel}","templated":true}]}}