{"id":521689,"date":"2024-06-22T10:04:18","date_gmt":"2024-06-22T08:04:18","guid":{"rendered":"https:\/\/xativaturismo.com\/?p=521689"},"modified":"2024-06-22T10:05:03","modified_gmt":"2024-06-22T08:05:03","slug":"obri-les-seues-portes-el-renovat-museu-faller-de-xativa","status":"publish","type":"post","link":"https:\/\/xativaturismo.com\/val\/obri-les-seues-portes-el-renovat-museu-faller-de-xativa\/","title":{"rendered":"Obri les seues portes el renovat Museu Faller de X\u00e0tiva"},"content":{"rendered":"<ul>\n<li><strong>El MUF compta amb sis espais diferenciats protagonitzats pels ninots, la p\u00f3lvora, la indument\u00e0ria, el llibret, la s\u00e0tira i la hist\u00f2ria fallera<\/strong><\/li>\n<\/ul>\n<p>&nbsp;<\/p>\n<p>S\u2019ha obert al p\u00fablic el renovat Museu Faller de X\u00e0tiva (MUF), en el qual s\u2019ha volgut involucrar als diferents col\u00b7lectius vinculats a les falles com ara els indumentaristes, els pirot\u00e8cnics, els versadors o els artistes fallers entre d\u2019altres. Es podr\u00e0 visitar de dilluns a divendres de 10 a 14 hores.<\/p>\n<p>\u00abHem creat una marca com \u00e9s el MUF amb protagonisme d\u2019una de les festes m\u00e9s importants de la nostra ciutat, com s\u00f3n les falles. Una festa tan important com aquesta havia de ser un element de promoci\u00f3 tur\u00edstica de la nostra ciutat, i per aix\u00f2 aquesta remodelaci\u00f3 de l\u2019espai\u00bb, ha explicat l\u2019alcalde de X\u00e0tiva Roger Cerd\u00e0, qui ha recordat que\u00a0 \u00abpr\u00e0cticament el deu per cent de la ciutadania de X\u00e0tiva pertany a alguna de les comissions de la ciutat i som la segona ciutat despr\u00e9s del Cap i Casal que va comen\u00e7ar a realitzar falles\u00bb<\/p>\n<p>Per la seua part, la regidora de Cultura Festiva Maria Beltr\u00e1n, ha indicat que \u00abaquest museu ha canviat per poder tindre una vessant tur\u00edstica. Anem a poder descobrir el que s\u00f3n les falles amb audiovisuals i una part expositiva. Estem molt satisfets del resultat del MUF i esperem que tinga molt bona acollida tant pels turistes que passen per la nostra ciutat com pels fallers i falleres, perqu\u00e8 al remat \u00e9s el seu museu\u00bb. Beltr\u00e1n tamb\u00e9 ha agra\u00eft la seua tasca \u00aba tota eixa gent que ha cedit elements per al museu i que ha estat al nostre costat durant tot el proc\u00e9s\u00bb.<\/p>\n<p>El responsable del projecte muse\u00edstic Pablo Camarasa, ha declarat que \u00abaquest nou espai es pot considerar tamb\u00e9 com un centre d\u2019interpretaci\u00f3, doncs mostra una clara vessant pedag\u00f2gica per acostar, intel\u00b7lectualment i emocionalment, el m\u00f3n faller tant a menuts com a aquelles persones que no el coneixen, buscant estimular el seu inter\u00e8s\u00bb. Camarasa ha afegit que \u00abes pot dur a terme una visita per informar-se sobre les falles xativines seguint un recorregut explicatiu amb panells i cartells, i a la vegada altre recorregut interactuant amb les diferents seccions mitjan\u00e7ant els elements interactius i f\u00edsics que conformen el museu\u00bb.<\/p>\n<p>El visitant trobar\u00e0 a l\u2019entrada un panell amb els premis de les \u00faltimes falles a la ciutat, un mapa on s\u2019ubiquen tots els llocs on es planta falla i tamb\u00e9 unes ulleres virtuals amb les quals es pot accedir al metavers per descobrir els ninots indultats dels darrers anys. A partir d\u2019ac\u00ed, el MUF es divideix en diferents seccions que van conduint al visitant a trav\u00e9s dels diferents \u00e0mbits del m\u00f3n de les falles.<\/p>\n<p>La primera de les seccions s\u2019anomena \u00abCom es fa una falla?\u00bb i en ella es fa una revisi\u00f3 superficial per la hist\u00f2ria de les falles locals, amb imatges antigues de les comissions -algunes ja desaparegudes- i amb un text explicatiu que endinsa els visitants en els or\u00edgens de la festa a X\u00e0tiva. Dins d\u2019aquesta secci\u00f3 es mostra tamb\u00e9 el proc\u00e9s de creaci\u00f3 d\u2019una falla prenent com a refer\u00e8ncia la cara d\u2019un ninot -amb motlles realitzats per l\u2019artista xativ\u00ed Xavier Herrero-, i un audiovisual mostra el treball d\u2019un artista executat, precisament, part de la composici\u00f3 d\u2019un cadafal.<\/p>\n<p>La segona de les seccions se centra en els llibrets fallers, amb una explicaci\u00f3 del proc\u00e9s d\u2019elaboraci\u00f3 i l\u2019exhibici\u00f3 d\u2019exemplars de llibrets antics conservats i cedits per l\u2019Arxiu municipal; aix\u00ed com tamb\u00e9 dels llibrets de les comissions falleres de la ciutat durant el passat exercici i els finalistes del premi Climent Mata de disseny i maquetaci\u00f3. A m\u00e9s a m\u00e9s, compta amb una pantalla interactiva mitjan\u00e7ant la qual el p\u00fablic m\u00e9s menut podr\u00e0 dissenyar la coberta d\u2019un llibret.<\/p>\n<p>El tercer espai del museu t\u00e9 a la s\u00e0tira com a protagonista, vinculant a les falles amb la poesia i el significat que aquesta atorga a les escenes que conformen cada falla. La import\u00e0ncia de la rima i de l\u2019enginy es pot visualitzar a trav\u00e9s d\u2019alguns exemples i tamb\u00e9 una pantalla interactiva a trav\u00e9s de la qual es poden conformar versades. En aquesta secci\u00f3 es mostren a m\u00e9s dues maquetes de cadafals fallers, un de l\u2019artista Pepe Mart\u00ednez Moll\u00e0 i altra de Paco Roca, acompanyades per unes versades de Jos\u00e9 Ram\u00f3n Cerd\u00e0.<\/p>\n<p>Una quarta secci\u00f3 se centra en el so, subdividint-se d\u2019una banda en el so generat pels instruments i en altra pel que es crea a trav\u00e9s de la p\u00f3lvora. Els visitants podran sentir tots dos tipus de melodies mitjan\u00e7ant uns cascos, a m\u00e9s de veure exemples dels components d\u2019una banda de m\u00fasica (cedits per la M\u00fasica Vella i per la M\u00fasica Nova) i de l\u2019elaboraci\u00f3 de la p\u00f3lvora (cedits per Juan L\u00f3pez), junt a un audiovisual que se centra en aquesta \u00faltima.<\/p>\n<p>Altra secci\u00f3 es dedica a l\u2019indumentarisme, amb una exposici\u00f3 de vestits de fallera i faller, junt amb elements de camp cedits per Pep Gimeno Botifarra. A m\u00e9s, es poden descobrir amb uns maniquins menuts -cedits per l\u2019Escola de Danses- els diferents tipus de tela amb els quals es confeccionen els trages, cedits pels indumentaristes Mercedes Montagud, Ambient Faller i Vicent Blasco.<\/p>\n<p>Per \u00faltim, la sisena i \u00faltima part del MUF est\u00e0 dedicada a l\u2019element central de la falla: el ninot. D\u2019una banda es mostren els ninots indultats dels dos \u00faltims anys -junt amb altres exemplars m\u00e9s antics que han estat cedits per particulars i per la Junta Local Fallera-, i d\u2019altra una projecci\u00f3 en la que es pot descobrir el treball de l\u2019artista xativ\u00ed Manolo Blanco per crear aquest element. A m\u00e9s a m\u00e9s, sobre un banc de treball es poden trobar models de suro sense pintar i es poden pintar diferents fulls amb esbossos de ninots.<\/p>\n<p><strong>Espai al CCX<\/strong><\/p>\n<p>La regidora de Cultura Festival Maria Beltr\u00e1n tamb\u00e9 ha indicat que es va a conformar una part expositiva amb els ninots indultats al Centre Cultural de X\u00e0tiva (CCX). \u00abNo podem albergar tots els ninots ac\u00ed al MUF, i per aix\u00f2 aquell espai ens ajudar\u00e0 a complementar eixa part expositiva\u00bb.<\/p>\n","protected":false},"excerpt":{"rendered":"<p>El MUF compta amb sis espais diferenciats protagonitzats pels ninots, la p\u00f3lvora, la indument\u00e0ria, el llibret, la s\u00e0tira i la hist\u00f2ria fallera.<\/p>\n","protected":false},"author":26,"featured_media":521692,"comment_status":"closed","ping_status":"closed","sticky":false,"template":"","format":"standard","meta":{"_price":"","_stock":"","_tribe_ticket_header":"","_tribe_default_ticket_provider":"","_ticket_start_date":"","_ticket_end_date":"","_tribe_ticket_show_description":"","_tribe_ticket_show_not_going":false,"_tribe_ticket_use_global_stock":"","_tribe_ticket_global_stock_level":"","_global_stock_mode":"","_global_stock_cap":"","_tribe_rsvp_for_event":"","_tribe_ticket_going_count":"","_tribe_ticket_not_going_count":"","_tribe_tickets_list":"[]","_tribe_ticket_has_attendee_info_fields":false,"footnotes":""},"categories":[19,23],"tags":[],"class_list":["post-521689","post","type-post","status-publish","format-standard","has-post-thumbnail","hentry","category-actualidad","category-actualidad-val"],"yoast_head":"<!-- This site is optimized with the Yoast SEO plugin v27.0 - https:\/\/yoast.com\/product\/yoast-seo-wordpress\/ -->\n<title>Obri les seues portes el renovat Museu Faller de X\u00e0tiva - X\u00e0tiva Turismo<\/title>\n<meta name=\"description\" content=\"El Museu Faller compta amb sis espais protagonitzats pels ninots, la p\u00f3lvora, la indument\u00e0ria, el llibret, la s\u00e0tira i la hist\u00f2ria fallera.\" \/>\n<meta name=\"robots\" content=\"index, follow, max-snippet:-1, max-image-preview:large, max-video-preview:-1\" \/>\n<link rel=\"canonical\" href=\"https:\/\/xativaturismo.com\/val\/obri-les-seues-portes-el-renovat-museu-faller-de-xativa\/\" \/>\n<meta property=\"og:locale\" content=\"ca_ES\" \/>\n<meta property=\"og:type\" content=\"article\" \/>\n<meta property=\"og:title\" content=\"Obri les seues portes el renovat Museu Faller de X\u00e0tiva - X\u00e0tiva Turismo\" \/>\n<meta property=\"og:description\" content=\"El Museu Faller compta amb sis espais protagonitzats pels ninots, la p\u00f3lvora, la indument\u00e0ria, el llibret, la s\u00e0tira i la hist\u00f2ria fallera.\" \/>\n<meta property=\"og:url\" content=\"https:\/\/xativaturismo.com\/val\/obri-les-seues-portes-el-renovat-museu-faller-de-xativa\/\" \/>\n<meta property=\"og:site_name\" content=\"X\u00e0tiva Turismo\" \/>\n<meta property=\"article:publisher\" content=\"https:\/\/www.facebook.com\/XativaTurisme\" \/>\n<meta property=\"article:published_time\" content=\"2024-06-22T08:04:18+00:00\" \/>\n<meta property=\"article:modified_time\" content=\"2024-06-22T08:05:03+00:00\" \/>\n<meta property=\"og:image\" content=\"https:\/\/xativaturismo.com\/wp-content\/uploads\/2024\/06\/museu-faller-de-xativa.jpg\" \/>\n\t<meta property=\"og:image:width\" content=\"1140\" \/>\n\t<meta property=\"og:image:height\" content=\"350\" \/>\n\t<meta property=\"og:image:type\" content=\"image\/jpeg\" \/>\n<meta name=\"author\" content=\"Pablo Ruiz\" \/>\n<meta name=\"twitter:card\" content=\"summary_large_image\" \/>\n<meta name=\"twitter:creator\" content=\"@XativaTurisme\" \/>\n<meta name=\"twitter:site\" content=\"@XativaTurisme\" \/>\n<meta name=\"twitter:label1\" content=\"Written by\" \/>\n\t<meta name=\"twitter:data1\" content=\"Pablo Ruiz\" \/>\n\t<meta name=\"twitter:label2\" content=\"Est. reading time\" \/>\n\t<meta name=\"twitter:data2\" content=\"5 minutes\" \/>\n<script type=\"application\/ld+json\" class=\"yoast-schema-graph\">{\"@context\":\"https:\/\/schema.org\",\"@graph\":[{\"@type\":\"Article\",\"@id\":\"https:\/\/xativaturismo.com\/val\/obri-les-seues-portes-el-renovat-museu-faller-de-xativa\/#article\",\"isPartOf\":{\"@id\":\"https:\/\/xativaturismo.com\/val\/obri-les-seues-portes-el-renovat-museu-faller-de-xativa\/\"},\"author\":{\"name\":\"Pablo Ruiz\",\"@id\":\"https:\/\/xativaturismo.com\/#\/schema\/person\/db668a301a3f2276249599d0f9632786\"},\"headline\":\"Obri les seues portes el renovat Museu Faller de X\u00e0tiva\",\"datePublished\":\"2024-06-22T08:04:18+00:00\",\"dateModified\":\"2024-06-22T08:05:03+00:00\",\"mainEntityOfPage\":{\"@id\":\"https:\/\/xativaturismo.com\/val\/obri-les-seues-portes-el-renovat-museu-faller-de-xativa\/\"},\"wordCount\":1106,\"publisher\":{\"@id\":\"https:\/\/xativaturismo.com\/#organization\"},\"image\":{\"@id\":\"https:\/\/xativaturismo.com\/val\/obri-les-seues-portes-el-renovat-museu-faller-de-xativa\/#primaryimage\"},\"thumbnailUrl\":\"https:\/\/xativaturismo.com\/wp-content\/uploads\/2024\/06\/museu-faller-de-xativa.jpg\",\"articleSection\":[\"Actualidad\",\"Actualitat\"],\"inLanguage\":\"ca\"},{\"@type\":\"WebPage\",\"@id\":\"https:\/\/xativaturismo.com\/val\/obri-les-seues-portes-el-renovat-museu-faller-de-xativa\/\",\"url\":\"https:\/\/xativaturismo.com\/val\/obri-les-seues-portes-el-renovat-museu-faller-de-xativa\/\",\"name\":\"Obri les seues portes el renovat Museu Faller de X\u00e0tiva - X\u00e0tiva Turismo\",\"isPartOf\":{\"@id\":\"https:\/\/xativaturismo.com\/#website\"},\"primaryImageOfPage\":{\"@id\":\"https:\/\/xativaturismo.com\/val\/obri-les-seues-portes-el-renovat-museu-faller-de-xativa\/#primaryimage\"},\"image\":{\"@id\":\"https:\/\/xativaturismo.com\/val\/obri-les-seues-portes-el-renovat-museu-faller-de-xativa\/#primaryimage\"},\"thumbnailUrl\":\"https:\/\/xativaturismo.com\/wp-content\/uploads\/2024\/06\/museu-faller-de-xativa.jpg\",\"datePublished\":\"2024-06-22T08:04:18+00:00\",\"dateModified\":\"2024-06-22T08:05:03+00:00\",\"description\":\"El Museu Faller compta amb sis espais protagonitzats pels ninots, la p\u00f3lvora, la indument\u00e0ria, el llibret, la s\u00e0tira i la hist\u00f2ria fallera.\",\"breadcrumb\":{\"@id\":\"https:\/\/xativaturismo.com\/val\/obri-les-seues-portes-el-renovat-museu-faller-de-xativa\/#breadcrumb\"},\"inLanguage\":\"ca\",\"potentialAction\":[{\"@type\":\"ReadAction\",\"target\":[\"https:\/\/xativaturismo.com\/val\/obri-les-seues-portes-el-renovat-museu-faller-de-xativa\/\"]}]},{\"@type\":\"ImageObject\",\"inLanguage\":\"ca\",\"@id\":\"https:\/\/xativaturismo.com\/val\/obri-les-seues-portes-el-renovat-museu-faller-de-xativa\/#primaryimage\",\"url\":\"https:\/\/xativaturismo.com\/wp-content\/uploads\/2024\/06\/museu-faller-de-xativa.jpg\",\"contentUrl\":\"https:\/\/xativaturismo.com\/wp-content\/uploads\/2024\/06\/museu-faller-de-xativa.jpg\",\"width\":1140,\"height\":350,\"caption\":\"Museu Faller de X\u00e0tiva\"},{\"@type\":\"BreadcrumbList\",\"@id\":\"https:\/\/xativaturismo.com\/val\/obri-les-seues-portes-el-renovat-museu-faller-de-xativa\/#breadcrumb\",\"itemListElement\":[{\"@type\":\"ListItem\",\"position\":1,\"name\":\"Portada\",\"item\":\"https:\/\/xativaturismo.com\/val\/\"},{\"@type\":\"ListItem\",\"position\":2,\"name\":\"Obri les seues portes el renovat Museu Faller de X\u00e0tiva\"}]},{\"@type\":\"WebSite\",\"@id\":\"https:\/\/xativaturismo.com\/#website\",\"url\":\"https:\/\/xativaturismo.com\/\",\"name\":\"X\u00e0tiva Turismo\",\"description\":\"Bienvenidos a la oficina de Turismo de X\u00e0tiva\",\"publisher\":{\"@id\":\"https:\/\/xativaturismo.com\/#organization\"},\"potentialAction\":[{\"@type\":\"SearchAction\",\"target\":{\"@type\":\"EntryPoint\",\"urlTemplate\":\"https:\/\/xativaturismo.com\/?s={search_term_string}\"},\"query-input\":{\"@type\":\"PropertyValueSpecification\",\"valueRequired\":true,\"valueName\":\"search_term_string\"}}],\"inLanguage\":\"ca\"},{\"@type\":\"Organization\",\"@id\":\"https:\/\/xativaturismo.com\/#organization\",\"name\":\"X\u00e0tiva Turismo\",\"url\":\"https:\/\/xativaturismo.com\/\",\"logo\":{\"@type\":\"ImageObject\",\"inLanguage\":\"ca\",\"@id\":\"https:\/\/xativaturismo.com\/#\/schema\/logo\/image\/\",\"url\":\"https:\/\/xativaturismo.com\/wp-content\/uploads\/2020\/10\/logo-lila512-2.png\",\"contentUrl\":\"https:\/\/xativaturismo.com\/wp-content\/uploads\/2020\/10\/logo-lila512-2.png\",\"width\":445,\"height\":512,\"caption\":\"X\u00e0tiva Turismo\"},\"image\":{\"@id\":\"https:\/\/xativaturismo.com\/#\/schema\/logo\/image\/\"},\"sameAs\":[\"https:\/\/www.facebook.com\/XativaTurisme\",\"https:\/\/x.com\/XativaTurisme\"]},{\"@type\":\"Person\",\"@id\":\"https:\/\/xativaturismo.com\/#\/schema\/person\/db668a301a3f2276249599d0f9632786\",\"name\":\"Pablo Ruiz\",\"image\":{\"@type\":\"ImageObject\",\"inLanguage\":\"ca\",\"@id\":\"https:\/\/xativaturismo.com\/#\/schema\/person\/image\/\",\"url\":\"https:\/\/secure.gravatar.com\/avatar\/4edc987cbadeb057877c765e20f39b35ab81fc8ea91cf18b1ab499c7ec46f737?s=96&d=mm&r=g\",\"contentUrl\":\"https:\/\/secure.gravatar.com\/avatar\/4edc987cbadeb057877c765e20f39b35ab81fc8ea91cf18b1ab499c7ec46f737?s=96&d=mm&r=g\",\"caption\":\"Pablo Ruiz\"},\"url\":\"https:\/\/xativaturismo.com\/val\/author\/pablo-ruiz\/\"}]}<\/script>\n<!-- \/ Yoast SEO plugin. -->","yoast_head_json":{"title":"Obri les seues portes el renovat Museu Faller de X\u00e0tiva - X\u00e0tiva Turismo","description":"El Museu Faller compta amb sis espais protagonitzats pels ninots, la p\u00f3lvora, la indument\u00e0ria, el llibret, la s\u00e0tira i la hist\u00f2ria fallera.","robots":{"index":"index","follow":"follow","max-snippet":"max-snippet:-1","max-image-preview":"max-image-preview:large","max-video-preview":"max-video-preview:-1"},"canonical":"https:\/\/xativaturismo.com\/val\/obri-les-seues-portes-el-renovat-museu-faller-de-xativa\/","og_locale":"ca_ES","og_type":"article","og_title":"Obri les seues portes el renovat Museu Faller de X\u00e0tiva - X\u00e0tiva Turismo","og_description":"El Museu Faller compta amb sis espais protagonitzats pels ninots, la p\u00f3lvora, la indument\u00e0ria, el llibret, la s\u00e0tira i la hist\u00f2ria fallera.","og_url":"https:\/\/xativaturismo.com\/val\/obri-les-seues-portes-el-renovat-museu-faller-de-xativa\/","og_site_name":"X\u00e0tiva Turismo","article_publisher":"https:\/\/www.facebook.com\/XativaTurisme","article_published_time":"2024-06-22T08:04:18+00:00","article_modified_time":"2024-06-22T08:05:03+00:00","og_image":[{"width":1140,"height":350,"url":"https:\/\/xativaturismo.com\/wp-content\/uploads\/2024\/06\/museu-faller-de-xativa.jpg","type":"image\/jpeg"}],"author":"Pablo Ruiz","twitter_card":"summary_large_image","twitter_creator":"@XativaTurisme","twitter_site":"@XativaTurisme","twitter_misc":{"Written by":"Pablo Ruiz","Est. reading time":"5 minutes"},"schema":{"@context":"https:\/\/schema.org","@graph":[{"@type":"Article","@id":"https:\/\/xativaturismo.com\/val\/obri-les-seues-portes-el-renovat-museu-faller-de-xativa\/#article","isPartOf":{"@id":"https:\/\/xativaturismo.com\/val\/obri-les-seues-portes-el-renovat-museu-faller-de-xativa\/"},"author":{"name":"Pablo Ruiz","@id":"https:\/\/xativaturismo.com\/#\/schema\/person\/db668a301a3f2276249599d0f9632786"},"headline":"Obri les seues portes el renovat Museu Faller de X\u00e0tiva","datePublished":"2024-06-22T08:04:18+00:00","dateModified":"2024-06-22T08:05:03+00:00","mainEntityOfPage":{"@id":"https:\/\/xativaturismo.com\/val\/obri-les-seues-portes-el-renovat-museu-faller-de-xativa\/"},"wordCount":1106,"publisher":{"@id":"https:\/\/xativaturismo.com\/#organization"},"image":{"@id":"https:\/\/xativaturismo.com\/val\/obri-les-seues-portes-el-renovat-museu-faller-de-xativa\/#primaryimage"},"thumbnailUrl":"https:\/\/xativaturismo.com\/wp-content\/uploads\/2024\/06\/museu-faller-de-xativa.jpg","articleSection":["Actualidad","Actualitat"],"inLanguage":"ca"},{"@type":"WebPage","@id":"https:\/\/xativaturismo.com\/val\/obri-les-seues-portes-el-renovat-museu-faller-de-xativa\/","url":"https:\/\/xativaturismo.com\/val\/obri-les-seues-portes-el-renovat-museu-faller-de-xativa\/","name":"Obri les seues portes el renovat Museu Faller de X\u00e0tiva - X\u00e0tiva Turismo","isPartOf":{"@id":"https:\/\/xativaturismo.com\/#website"},"primaryImageOfPage":{"@id":"https:\/\/xativaturismo.com\/val\/obri-les-seues-portes-el-renovat-museu-faller-de-xativa\/#primaryimage"},"image":{"@id":"https:\/\/xativaturismo.com\/val\/obri-les-seues-portes-el-renovat-museu-faller-de-xativa\/#primaryimage"},"thumbnailUrl":"https:\/\/xativaturismo.com\/wp-content\/uploads\/2024\/06\/museu-faller-de-xativa.jpg","datePublished":"2024-06-22T08:04:18+00:00","dateModified":"2024-06-22T08:05:03+00:00","description":"El Museu Faller compta amb sis espais protagonitzats pels ninots, la p\u00f3lvora, la indument\u00e0ria, el llibret, la s\u00e0tira i la hist\u00f2ria fallera.","breadcrumb":{"@id":"https:\/\/xativaturismo.com\/val\/obri-les-seues-portes-el-renovat-museu-faller-de-xativa\/#breadcrumb"},"inLanguage":"ca","potentialAction":[{"@type":"ReadAction","target":["https:\/\/xativaturismo.com\/val\/obri-les-seues-portes-el-renovat-museu-faller-de-xativa\/"]}]},{"@type":"ImageObject","inLanguage":"ca","@id":"https:\/\/xativaturismo.com\/val\/obri-les-seues-portes-el-renovat-museu-faller-de-xativa\/#primaryimage","url":"https:\/\/xativaturismo.com\/wp-content\/uploads\/2024\/06\/museu-faller-de-xativa.jpg","contentUrl":"https:\/\/xativaturismo.com\/wp-content\/uploads\/2024\/06\/museu-faller-de-xativa.jpg","width":1140,"height":350,"caption":"Museu Faller de X\u00e0tiva"},{"@type":"BreadcrumbList","@id":"https:\/\/xativaturismo.com\/val\/obri-les-seues-portes-el-renovat-museu-faller-de-xativa\/#breadcrumb","itemListElement":[{"@type":"ListItem","position":1,"name":"Portada","item":"https:\/\/xativaturismo.com\/val\/"},{"@type":"ListItem","position":2,"name":"Obri les seues portes el renovat Museu Faller de X\u00e0tiva"}]},{"@type":"WebSite","@id":"https:\/\/xativaturismo.com\/#website","url":"https:\/\/xativaturismo.com\/","name":"X\u00e0tiva Turismo","description":"Bienvenidos a la oficina de Turismo de X\u00e0tiva","publisher":{"@id":"https:\/\/xativaturismo.com\/#organization"},"potentialAction":[{"@type":"SearchAction","target":{"@type":"EntryPoint","urlTemplate":"https:\/\/xativaturismo.com\/?s={search_term_string}"},"query-input":{"@type":"PropertyValueSpecification","valueRequired":true,"valueName":"search_term_string"}}],"inLanguage":"ca"},{"@type":"Organization","@id":"https:\/\/xativaturismo.com\/#organization","name":"X\u00e0tiva Turismo","url":"https:\/\/xativaturismo.com\/","logo":{"@type":"ImageObject","inLanguage":"ca","@id":"https:\/\/xativaturismo.com\/#\/schema\/logo\/image\/","url":"https:\/\/xativaturismo.com\/wp-content\/uploads\/2020\/10\/logo-lila512-2.png","contentUrl":"https:\/\/xativaturismo.com\/wp-content\/uploads\/2020\/10\/logo-lila512-2.png","width":445,"height":512,"caption":"X\u00e0tiva Turismo"},"image":{"@id":"https:\/\/xativaturismo.com\/#\/schema\/logo\/image\/"},"sameAs":["https:\/\/www.facebook.com\/XativaTurisme","https:\/\/x.com\/XativaTurisme"]},{"@type":"Person","@id":"https:\/\/xativaturismo.com\/#\/schema\/person\/db668a301a3f2276249599d0f9632786","name":"Pablo Ruiz","image":{"@type":"ImageObject","inLanguage":"ca","@id":"https:\/\/xativaturismo.com\/#\/schema\/person\/image\/","url":"https:\/\/secure.gravatar.com\/avatar\/4edc987cbadeb057877c765e20f39b35ab81fc8ea91cf18b1ab499c7ec46f737?s=96&d=mm&r=g","contentUrl":"https:\/\/secure.gravatar.com\/avatar\/4edc987cbadeb057877c765e20f39b35ab81fc8ea91cf18b1ab499c7ec46f737?s=96&d=mm&r=g","caption":"Pablo Ruiz"},"url":"https:\/\/xativaturismo.com\/val\/author\/pablo-ruiz\/"}]}},"_links":{"self":[{"href":"https:\/\/xativaturismo.com\/val\/wp-json\/wp\/v2\/posts\/521689","targetHints":{"allow":["GET"]}}],"collection":[{"href":"https:\/\/xativaturismo.com\/val\/wp-json\/wp\/v2\/posts"}],"about":[{"href":"https:\/\/xativaturismo.com\/val\/wp-json\/wp\/v2\/types\/post"}],"author":[{"embeddable":true,"href":"https:\/\/xativaturismo.com\/val\/wp-json\/wp\/v2\/users\/26"}],"replies":[{"embeddable":true,"href":"https:\/\/xativaturismo.com\/val\/wp-json\/wp\/v2\/comments?post=521689"}],"version-history":[{"count":0,"href":"https:\/\/xativaturismo.com\/val\/wp-json\/wp\/v2\/posts\/521689\/revisions"}],"wp:featuredmedia":[{"embeddable":true,"href":"https:\/\/xativaturismo.com\/val\/wp-json\/wp\/v2\/media\/521692"}],"wp:attachment":[{"href":"https:\/\/xativaturismo.com\/val\/wp-json\/wp\/v2\/media?parent=521689"}],"wp:term":[{"taxonomy":"category","embeddable":true,"href":"https:\/\/xativaturismo.com\/val\/wp-json\/wp\/v2\/categories?post=521689"},{"taxonomy":"post_tag","embeddable":true,"href":"https:\/\/xativaturismo.com\/val\/wp-json\/wp\/v2\/tags?post=521689"}],"curies":[{"name":"wp","href":"https:\/\/api.w.org\/{rel}","templated":true}]}}