{"id":509491,"date":"2024-05-09T09:00:44","date_gmt":"2024-05-09T07:00:44","guid":{"rendered":"https:\/\/xativaturismo.com\/?p=509491"},"modified":"2024-08-06T16:25:59","modified_gmt":"2024-08-06T14:25:59","slug":"festival-musica-i-lletra-2024","status":"publish","type":"post","link":"https:\/\/xativaturismo.com\/val\/festival-musica-i-lletra-2024\/","title":{"rendered":"Festival M\u00fasica i Lletra 2024"},"content":{"rendered":"<ul>\n<li><strong>El MiL portar\u00e0 a X\u00e0tiva nou propostes musicals amb expressions molt diverses de la can\u00e7\u00f3 d\u2019autor i noms tan reconeguts com el portugu\u00e9s Salvador Sobral o els valencians Nacho Ma\u00f1\u00f3, Carles D\u00e9nia i Borja Penalba<\/strong><\/li>\n<li><strong>Les propostes m\u00e9s innovadores i joves vindran de la m\u00e0 de les veues Maio, J\u00falia Colom i Esther<\/strong><\/li>\n<li><strong>El festival es desenvolupar\u00e0 a diferents espais de la ciutat en sis jornades, del 12 de maig al 14 de juny, i les entrades ja estan a la venda al web del Gran Teatre<\/strong><\/li>\n<\/ul>\n<p>&nbsp;<\/p>\n<p>Salvador Sobral, Nacho Ma\u00f1\u00f3 i Gisela Renes, Carles D\u00e9nia, Maio, J\u00falia Colom, Esther, Borja Penalba, Jon Maia i Carles Belda i Sanjosex s\u00f3n els noms de la vuitena edici\u00f3 del Festival M\u00fasica i Lletra, X\u00e0tiva can\u00e7\u00f3 d\u2019autor 2024, que enguany tindr\u00e0 lloc en sis jornades, espaiades del 12 de maig al 14 de juny. Un any m\u00e9s, la programaci\u00f3 del MiL deixa espai a expressions molt diverses de la can\u00e7\u00f3 d&#8217;autor, des de les propostes consolidades a les veus m\u00e9s innovadores i les sonoritats m\u00e9s originals. De nou, alguns dels concerts s&#8217;agrupen en propostes dobles per oferir al p\u00fablic l&#8217;oportunitat de con\u00e8ixer nous artistes.<\/p>\n<p>El Festival M\u00fasica i Lletra est\u00e0 organitzat per la Vicepresid\u00e8ncia Primera i Conselleria de Cultura i Esport de la Generalitat Valenciana, mitjan\u00e7ant l\u2019Institut Valenci\u00e0 de Cultura, i l&#8217;Ajuntament de X\u00e0tiva, amb la direcci\u00f3 art\u00edstica del m\u00fasic Feliu Ventura. Les entrades estaran a la venda al web del Gran Teatre de X\u00e0tiva des del 8 de maig a les 12.00 hores del migdia i a la taquilla f\u00edsica del teatre hui dimecres 8 de maig, i tots els dimarts, de 12.00 a 14.00 i de 17.00 a 19.00 hores. L\u2019edici\u00f3 d&#8217;enguany tamb\u00e9 mant\u00e9 els preus populars, amb entrades de 8 a 15\u20ac, i 1\u20ac per als menors de 12 anys acompanyats.<\/p>\n<p>Joan Cerver\u00f3, director adjunt de M\u00fasica i Cultura Popular Valenciana a l\u2019Institut Valenci\u00e0 de Cultura, ha destacat: \u201cL&#8217;Institut Valenci\u00e0 de Cultura i la Generalitat Valenciana estan compromesos amb els creadors valencians de tota mena d&#8217;estils i or\u00edgens, impulsant i donant suport a les propostes de m\u00fasiques i lleng\u00fces molt diverses. En aquest cas, els cantautors s\u00f3n la representaci\u00f3 actual dels antics trobadors, aquells que posaven lletra i m\u00fasica a les hist\u00f2ries, col\u00b7lectives o personals, del seu temps. Les can\u00e7ons sempre parlen dels desitjos i les esperances, del dolor i l&#8217;alegria, de la felicitat i la tristesa, de coses, del tot, universals. \u00c9s per aix\u00f2 que els nostres trobadors s\u00f3n ara els nostres cantautors, al capdavall: m\u00fasics i poetes\u201d.<\/p>\n<p>L&#8217;alcalde de X\u00e0tiva, Roger Cerd\u00e0, ha afegit: \u201c\u00c9s tot un orgull poder seguir comptant a X\u00e0tiva amb aquest festival, que s&#8217;ha consolidat amb el pas del temps i \u00e9s tot un referent per a la m\u00fasica d&#8217;autor i per als artistes que aposten per la nostra llengua. En ell es combinen figures contrastades del panorama actual amb joves que tenen un futur brillant, i respecte a aquests \u00faltims, l&#8217;aposta va m\u00e9s enll\u00e0 amb la promoci\u00f3 del concurs de joves int\u00e8rprets, mitjan\u00e7ant el qual se&#8217;ls obri una finestra d&#8217;oportunitats per fer-se cam\u00ed en el m\u00f3n de la m\u00fasica\u201d. A m\u00e9s, Cerd\u00e0 ha agra\u00eft la implicaci\u00f3 de l\u2019Institut Valenci\u00e0 de Cultura en el festival i tamb\u00e9 el paper del director art\u00edstic en l\u2019elaboraci\u00f3 del cartell d\u2019enguany: \u201cComptem amb una programaci\u00f3 potent i transversal i des d&#8217;ac\u00ed convidem a la ciutadania de X\u00e0tiva, i tamb\u00e9 a la de la resta del territori, a que passe per la nostra ciutat a gaudir amb els concerts que s&#8217;han preparat amb tota l&#8217;estima i la cura possible\u201d, ha concl\u00f2s.<\/p>\n<p>Alfred Boluda, regidor de cultura a l\u2019Ajuntament de X\u00e0tiva, ha parlat del MiL com un festival estrat\u00e8gic i que s\u2019obri a les veus m\u00e9s joves. Ha destacat a m\u00e9s que \u201cenguany es far\u00e0 \u00fas d\u2019un sol espai esc\u00e8nic: el Gran Teatre, com a conseq\u00fc\u00e8ncia de les necessitats t\u00e8cniques de les propostes programades i la possibilitat que ofereix de modular-ne els espais\u201d.<\/p>\n<p>Per la seua banda, el director art\u00edstic del festival, Feliu Ventura, ha explicat la programaci\u00f3 d\u2019aquesta edici\u00f3 i la proposta est\u00e8tica d\u2019enguany i ha afegit: \u201cLa vuitena edici\u00f3 del MiL el consolida com un referent de la can\u00e7\u00f3 d&#8217;autor mantenint el seu comprom\u00eds amb els m\u00fasics, amb la cura per la pres\u00e8ncia normal de cantautores als escenaris i la representaci\u00f3 de diferents lleng\u00fces i estils\u201d.<\/p>\n<p>A la roda de premsa tamb\u00e9 han assistit Vict\u00f2ria Ferrando, professora de m\u00fasica i membre del jurat del Certamen de Joves Cantautores, i la cantant Esther, present al cartell d\u2019enguany, que han destacat la import\u00e0ncia de donar oportunitats a les propostes m\u00e9s joves que comencen al m\u00f3n de la m\u00fasica.<\/p>\n<p><strong>La programaci\u00f3<\/strong><\/p>\n<p>El primer dels concerts que encetar\u00e0 la programaci\u00f3 d&#8217;aquesta edici\u00f3 del MiL ser\u00e0 el diumenge 12 de maig a la Gran Teatre amb els concerts de Carles D\u00e9nia i Esther. Carles D\u00e9nia portar\u00e0 a X\u00e0tiva el seu \u00faltim disc, &#8216;Mussol&#8217;, un recull de poemes fets can\u00e7ons precedit per bona cosa de premis i nominacions (Premi Carles Santos al Millor Disc de Can\u00e7\u00f3 d&#8217;Autor 2023, Premi Ovidi al Millor Disc de Can\u00e7\u00f3 d&#8217;Autor i a la Millor Lletra). Per la seua banda, despr\u00e9s d&#8217;un intens any portant als escenaris el seu primer disc, &#8216;Les cartes que mai vaig cremar&#8217;, la jove cantant vinarossenca Esther arribar\u00e0 a X\u00e0tiva amb el seu directe en\u00e8rgic i una veu pr\u00f2pia i brillant que l&#8217;ha situat com una de les grans revelacions de l&#8217;actual escena valenciana i una refer\u00e8ncia per als p\u00fablics m\u00e9s joves.<\/p>\n<p>La segona data destacada del M\u00fasica i Lletra arribar\u00e0 el divendres 17 de maig al Gran Teatre de X\u00e0tiva amb els espectacles de la mallorquina J\u00falia Colom i el treball m\u00e9s personal del valenci\u00e0 Borja Penalba, Gir\u00f2vag.\u00a0 J\u00falia Colom presentar\u00e0 al MiL &#8216;Miramar&#8217;, el seu celebrat disc debut amb peces de creaci\u00f3 pr\u00f2pia i d&#8217;altres d&#8217;origen popular i una aut\u00e8ntica reivindicaci\u00f3 de la transmissi\u00f3 oral i de les m\u00faltiples vides que poden viure els cants. Gir\u00f2vag \u00e9s el projecte m\u00e9s personal del m\u00fasic i compositor Borja Penalba, un viatge en primera persona on es despulla i un disc existencial que acaba de sortir i arriba al festival MiL amb tota la intensitat i l&#8217;eclecticisme de l&#8217;artista.<\/p>\n<p>El diumenge 26 de maig tindr\u00e0 lloc al CCX la proposta de Carles Belda &amp; Sanjosex, emmarcat en la celebraci\u00f3 del MiL Descobreix: VII Certamen de Joves Cantautores\/rs. El m\u00fasic empordan\u00e8s Carles Sanjos\u00e9 i l&#8217;acordionista Carles Belda arriben al MiL amb &#8216;C\u00e0ntut, can\u00e7ons de tradici\u00f3 oral&#8217;, un projecte que naixia al 2016 amb la voluntat de recuperar can\u00e7ons que pervivien tan sols en la mem\u00f2ria popular de les comarques gironines i que ara, sis anys i m\u00faltiples guardons despr\u00e9s, es reedita amb una nova gira i una edici\u00f3 en vinil.<\/p>\n<p>El diumenge 2 de juny arribar\u00e0 al Gran Teatre de X\u00e0tiva el conegut m\u00fasic i productor Nacho Ma\u00f1\u00f3, guardonat amb el Premi d&#8217;Honor als Premis Carles Santos de la M\u00fasica Valenciana 2023, que presenta juntament amb Gisela Renes el seu espectacle &#8216;C\u00e2sa&#8217;, una proposta \u00edntima i compromesa que va n\u00e9ixer de l&#8217;a\u00efllament de la pand\u00e8mia, amb l&#8217;acompanyament d&#8217;Ales Cesarini al contrabaix, Mariano Steimberg a la bateria i percussi\u00f3, i els teclats de Mois\u00e9s Bautista.<\/p>\n<p>La cirereta del past\u00eds d&#8217;aquesta edici\u00f3 del festival la posar\u00e0 el portugu\u00e9s Salvador Sobral el dissabte 8 de juny al Gran Teatre, amb &#8216;Timbre&#8217;, el seu esperat retorn discogr\u00e0fic, un disc \u00edntim, llumin\u00f3s i alegre que torna a parlar del cor i des del cor i que es presentar\u00e0 a X\u00e0tiva com una cita ineludible del cartell del M\u00fasica i Lletra d&#8217;aquest 2024.<\/p>\n<p>Finalment, el punt final del festival ser\u00e0 el 14 de juny, un moment per descobrir les veus de la catalana Maio i el <em>bertzolari <\/em>(versador) basc Jon Maia. Amb una versatilitat musical i comprom\u00eds social que la destaquen a la ind\u00fastria musical actual, Maio Serrasolsas presenta al MiL el seu segon disc, \u2018Suau\u2019, una col\u00b7lecci\u00f3 de can\u00e7ons \u00edntimes, reals i honestes, can\u00e7\u00f3 pop d\u2019autor que flueix entre l\u2019actitud punk, la m\u00fasica electr\u00f2nica i les ganes de fer ballar. Jon Maia portar\u00e0 fins a X\u00e0tiva el seu nou treball &#8216;Kantu berri bat gara liburu&#8217;, una continuaci\u00f3 de l&#8217;antologia publicada en 2021, centrada en la identitat i la transmissi\u00f3 i on predominen les noves can\u00e7ons.<\/p>\n<p>La il\u00b7lustradora valenciana Eixa, nom art\u00edstic d&#8217;Isa Ruiz Benavent, ha estat enguany l&#8217;encarregada d&#8217;expressar visualment l&#8217;ess\u00e8ncia del MiL, amb una il\u00b7lustraci\u00f3 que juga amb la idea estellesiana de &#8216;la clau que obri tots els panys&#8217;, un al\u00b7legat per la funci\u00f3 m\u00faltiple de la m\u00fasica a les nostres vides: com a expressi\u00f3, com a eina de lluita, com art viu i com a detonadora d&#8217;emocions.<\/p>\n<p>A m\u00e9s, el festival M\u00fasica i Lletra continua apostant en aquesta edici\u00f3 pel llan\u00e7ament de nous talents i el MiL Descobreix: VII Certamen de Joves Cantautores\/rs repartir\u00e0 2.700 euros en premis per a autors no editats. Algunes de les veus emergents que han guanyat el MiL Descobreix en edicions anteriors s\u00f3n Laura Esparza, Xiomara Abello, Pilar McCarthy, Amic dels Cirerers o Lia Sampai. L&#8217;entrega dels premis se celebrar\u00e0 pr\u00e8viament al concert Carles Belda &amp; Sanjosex, el diumenge 26 de maig al CCX.<\/p>\n<p><strong>Un festival consolidat<\/strong><\/p>\n<p>El MiL es consolida any rere any amb cartells aplaudits tant pel p\u00fablic com per la cr\u00edtica. Entre els noms que han passat per les seues darreres edicions hi ha veus com Maria Arnal i Marcel Bag\u00e8s, Vicent Torrent, Maria del Mar Bonet, Ferran Palau, N\u00faria Graham, Paco Iba\u00f1ez, Clara Peya, Pau Vallv\u00e9 o Pep Gimeno \u2018Botifarra\u2019\u00a0 entre d\u2019altres. Els il\u00b7lustradors valencians dels cartell tamb\u00e9 formen part dels artistes del festival i les seues gr\u00e0fiques han estat en mans de Clara Iris, Carles UbeEfe, El\u00edas Ta\u00f1o, Xavier Sell\u00e8s o Helga Ambak. En els darrers anys, el MiL s\u2019ha consolidat com el festival de refer\u00e8ncia de la m\u00fasica d\u2019autor a casa nostra, amb visi\u00f3 de servei p\u00fablic i propiciant un espai per al discurs cr\u00edtic propi de la cultura viva.<\/p>\n","protected":false},"excerpt":{"rendered":"<p>El Festival M\u00fasica i Lletra 2024 de X\u00e0tiva presenta la 8\u00aa edici\u00f3 amb Salvador Sobral, Carles D\u00e9nia, Maio i J\u00falia Colom.<\/p>\n","protected":false},"author":26,"featured_media":534699,"comment_status":"closed","ping_status":"closed","sticky":false,"template":"","format":"standard","meta":{"_price":"","_stock":"","_tribe_ticket_header":"","_tribe_default_ticket_provider":"","_ticket_start_date":"","_ticket_end_date":"","_tribe_ticket_show_description":"","_tribe_ticket_show_not_going":false,"_tribe_ticket_use_global_stock":"","_tribe_ticket_global_stock_level":"","_global_stock_mode":"","_global_stock_cap":"","_tribe_rsvp_for_event":"","_tribe_ticket_going_count":"","_tribe_ticket_not_going_count":"","_tribe_tickets_list":"[]","_tribe_ticket_has_attendee_info_fields":false,"footnotes":""},"categories":[19,374,23],"tags":[3398],"class_list":["post-509491","post","type-post","status-publish","format-standard","has-post-thumbnail","hentry","category-actualidad","category-actualidad-en","category-actualidad-val","tag-mil"],"yoast_head":"<!-- This site is optimized with the Yoast SEO plugin v27.0 - https:\/\/yoast.com\/product\/yoast-seo-wordpress\/ -->\n<title>Festival M\u00fasica i Lletra 2024 - X\u00e0tiva Turismo<\/title>\n<meta name=\"description\" content=\"Festival M\u00fasica i Lletra 2024 \u27a1\ufe0f Del 12 de maig al 14 de juny. Les entrades ja estan a la venda al web del Gran Teatre de X\u00e0tiva.\" \/>\n<meta name=\"robots\" content=\"index, follow, max-snippet:-1, max-image-preview:large, max-video-preview:-1\" \/>\n<link rel=\"canonical\" href=\"https:\/\/xativaturismo.com\/val\/festival-musica-i-lletra-2024\/\" \/>\n<meta property=\"og:locale\" content=\"ca_ES\" \/>\n<meta property=\"og:type\" content=\"article\" \/>\n<meta property=\"og:title\" content=\"Festival M\u00fasica i Lletra 2024 - X\u00e0tiva Turismo\" \/>\n<meta property=\"og:description\" content=\"Festival M\u00fasica i Lletra 2024 \u27a1\ufe0f Del 12 de maig al 14 de juny. Les entrades ja estan a la venda al web del Gran Teatre de X\u00e0tiva.\" \/>\n<meta property=\"og:url\" content=\"https:\/\/xativaturismo.com\/val\/festival-musica-i-lletra-2024\/\" \/>\n<meta property=\"og:site_name\" content=\"X\u00e0tiva Turismo\" \/>\n<meta property=\"article:publisher\" content=\"https:\/\/www.facebook.com\/XativaTurisme\" \/>\n<meta property=\"article:published_time\" content=\"2024-05-09T07:00:44+00:00\" \/>\n<meta property=\"article:modified_time\" content=\"2024-08-06T14:25:59+00:00\" \/>\n<meta property=\"og:image\" content=\"https:\/\/xativaturismo.com\/wp-content\/uploads\/2024\/05\/festival-musica-i-lletra-2024.jpg\" \/>\n\t<meta property=\"og:image:width\" content=\"1140\" \/>\n\t<meta property=\"og:image:height\" content=\"350\" \/>\n\t<meta property=\"og:image:type\" content=\"image\/jpeg\" \/>\n<meta name=\"author\" content=\"Pablo Ruiz\" \/>\n<meta name=\"twitter:card\" content=\"summary_large_image\" \/>\n<meta name=\"twitter:creator\" content=\"@XativaTurisme\" \/>\n<meta name=\"twitter:site\" content=\"@XativaTurisme\" \/>\n<meta name=\"twitter:label1\" content=\"Written by\" \/>\n\t<meta name=\"twitter:data1\" content=\"Pablo Ruiz\" \/>\n\t<meta name=\"twitter:label2\" content=\"Est. reading time\" \/>\n\t<meta name=\"twitter:data2\" content=\"8 minutes\" \/>\n<script type=\"application\/ld+json\" class=\"yoast-schema-graph\">{\"@context\":\"https:\/\/schema.org\",\"@graph\":[{\"@type\":\"Article\",\"@id\":\"https:\/\/xativaturismo.com\/val\/festival-musica-i-lletra-2024\/#article\",\"isPartOf\":{\"@id\":\"https:\/\/xativaturismo.com\/val\/festival-musica-i-lletra-2024\/\"},\"author\":{\"name\":\"Pablo Ruiz\",\"@id\":\"https:\/\/xativaturismo.com\/#\/schema\/person\/db668a301a3f2276249599d0f9632786\"},\"headline\":\"Festival M\u00fasica i Lletra 2024\",\"datePublished\":\"2024-05-09T07:00:44+00:00\",\"dateModified\":\"2024-08-06T14:25:59+00:00\",\"mainEntityOfPage\":{\"@id\":\"https:\/\/xativaturismo.com\/val\/festival-musica-i-lletra-2024\/\"},\"wordCount\":1785,\"publisher\":{\"@id\":\"https:\/\/xativaturismo.com\/#organization\"},\"image\":{\"@id\":\"https:\/\/xativaturismo.com\/val\/festival-musica-i-lletra-2024\/#primaryimage\"},\"thumbnailUrl\":\"https:\/\/xativaturismo.com\/wp-content\/uploads\/2024\/05\/festival-musica-i-lletra-2024.jpg\",\"keywords\":[\"MiL\"],\"articleSection\":[\"Actualidad\",\"Actualidad\",\"Actualitat\"],\"inLanguage\":\"ca\"},{\"@type\":\"WebPage\",\"@id\":\"https:\/\/xativaturismo.com\/val\/festival-musica-i-lletra-2024\/\",\"url\":\"https:\/\/xativaturismo.com\/val\/festival-musica-i-lletra-2024\/\",\"name\":\"Festival M\u00fasica i Lletra 2024 - X\u00e0tiva Turismo\",\"isPartOf\":{\"@id\":\"https:\/\/xativaturismo.com\/#website\"},\"primaryImageOfPage\":{\"@id\":\"https:\/\/xativaturismo.com\/val\/festival-musica-i-lletra-2024\/#primaryimage\"},\"image\":{\"@id\":\"https:\/\/xativaturismo.com\/val\/festival-musica-i-lletra-2024\/#primaryimage\"},\"thumbnailUrl\":\"https:\/\/xativaturismo.com\/wp-content\/uploads\/2024\/05\/festival-musica-i-lletra-2024.jpg\",\"datePublished\":\"2024-05-09T07:00:44+00:00\",\"dateModified\":\"2024-08-06T14:25:59+00:00\",\"description\":\"Festival M\u00fasica i Lletra 2024 \u27a1\ufe0f Del 12 de maig al 14 de juny. Les entrades ja estan a la venda al web del Gran Teatre de X\u00e0tiva.\",\"breadcrumb\":{\"@id\":\"https:\/\/xativaturismo.com\/val\/festival-musica-i-lletra-2024\/#breadcrumb\"},\"inLanguage\":\"ca\",\"potentialAction\":[{\"@type\":\"ReadAction\",\"target\":[\"https:\/\/xativaturismo.com\/val\/festival-musica-i-lletra-2024\/\"]}]},{\"@type\":\"ImageObject\",\"inLanguage\":\"ca\",\"@id\":\"https:\/\/xativaturismo.com\/val\/festival-musica-i-lletra-2024\/#primaryimage\",\"url\":\"https:\/\/xativaturismo.com\/wp-content\/uploads\/2024\/05\/festival-musica-i-lletra-2024.jpg\",\"contentUrl\":\"https:\/\/xativaturismo.com\/wp-content\/uploads\/2024\/05\/festival-musica-i-lletra-2024.jpg\",\"width\":1140,\"height\":350},{\"@type\":\"BreadcrumbList\",\"@id\":\"https:\/\/xativaturismo.com\/val\/festival-musica-i-lletra-2024\/#breadcrumb\",\"itemListElement\":[{\"@type\":\"ListItem\",\"position\":1,\"name\":\"Portada\",\"item\":\"https:\/\/xativaturismo.com\/val\/\"},{\"@type\":\"ListItem\",\"position\":2,\"name\":\"Festival M\u00fasica i Lletra 2024\"}]},{\"@type\":\"WebSite\",\"@id\":\"https:\/\/xativaturismo.com\/#website\",\"url\":\"https:\/\/xativaturismo.com\/\",\"name\":\"X\u00e0tiva Turismo\",\"description\":\"Bienvenidos a la oficina de Turismo de X\u00e0tiva\",\"publisher\":{\"@id\":\"https:\/\/xativaturismo.com\/#organization\"},\"potentialAction\":[{\"@type\":\"SearchAction\",\"target\":{\"@type\":\"EntryPoint\",\"urlTemplate\":\"https:\/\/xativaturismo.com\/?s={search_term_string}\"},\"query-input\":{\"@type\":\"PropertyValueSpecification\",\"valueRequired\":true,\"valueName\":\"search_term_string\"}}],\"inLanguage\":\"ca\"},{\"@type\":\"Organization\",\"@id\":\"https:\/\/xativaturismo.com\/#organization\",\"name\":\"X\u00e0tiva Turismo\",\"url\":\"https:\/\/xativaturismo.com\/\",\"logo\":{\"@type\":\"ImageObject\",\"inLanguage\":\"ca\",\"@id\":\"https:\/\/xativaturismo.com\/#\/schema\/logo\/image\/\",\"url\":\"https:\/\/xativaturismo.com\/wp-content\/uploads\/2020\/10\/logo-lila512-2.png\",\"contentUrl\":\"https:\/\/xativaturismo.com\/wp-content\/uploads\/2020\/10\/logo-lila512-2.png\",\"width\":445,\"height\":512,\"caption\":\"X\u00e0tiva Turismo\"},\"image\":{\"@id\":\"https:\/\/xativaturismo.com\/#\/schema\/logo\/image\/\"},\"sameAs\":[\"https:\/\/www.facebook.com\/XativaTurisme\",\"https:\/\/x.com\/XativaTurisme\"]},{\"@type\":\"Person\",\"@id\":\"https:\/\/xativaturismo.com\/#\/schema\/person\/db668a301a3f2276249599d0f9632786\",\"name\":\"Pablo Ruiz\",\"image\":{\"@type\":\"ImageObject\",\"inLanguage\":\"ca\",\"@id\":\"https:\/\/xativaturismo.com\/#\/schema\/person\/image\/\",\"url\":\"https:\/\/secure.gravatar.com\/avatar\/4edc987cbadeb057877c765e20f39b35ab81fc8ea91cf18b1ab499c7ec46f737?s=96&d=mm&r=g\",\"contentUrl\":\"https:\/\/secure.gravatar.com\/avatar\/4edc987cbadeb057877c765e20f39b35ab81fc8ea91cf18b1ab499c7ec46f737?s=96&d=mm&r=g\",\"caption\":\"Pablo Ruiz\"},\"url\":\"https:\/\/xativaturismo.com\/val\/author\/pablo-ruiz\/\"}]}<\/script>\n<!-- \/ Yoast SEO plugin. -->","yoast_head_json":{"title":"Festival M\u00fasica i Lletra 2024 - X\u00e0tiva Turismo","description":"Festival M\u00fasica i Lletra 2024 \u27a1\ufe0f Del 12 de maig al 14 de juny. Les entrades ja estan a la venda al web del Gran Teatre de X\u00e0tiva.","robots":{"index":"index","follow":"follow","max-snippet":"max-snippet:-1","max-image-preview":"max-image-preview:large","max-video-preview":"max-video-preview:-1"},"canonical":"https:\/\/xativaturismo.com\/val\/festival-musica-i-lletra-2024\/","og_locale":"ca_ES","og_type":"article","og_title":"Festival M\u00fasica i Lletra 2024 - X\u00e0tiva Turismo","og_description":"Festival M\u00fasica i Lletra 2024 \u27a1\ufe0f Del 12 de maig al 14 de juny. Les entrades ja estan a la venda al web del Gran Teatre de X\u00e0tiva.","og_url":"https:\/\/xativaturismo.com\/val\/festival-musica-i-lletra-2024\/","og_site_name":"X\u00e0tiva Turismo","article_publisher":"https:\/\/www.facebook.com\/XativaTurisme","article_published_time":"2024-05-09T07:00:44+00:00","article_modified_time":"2024-08-06T14:25:59+00:00","og_image":[{"width":1140,"height":350,"url":"https:\/\/xativaturismo.com\/wp-content\/uploads\/2024\/05\/festival-musica-i-lletra-2024.jpg","type":"image\/jpeg"}],"author":"Pablo Ruiz","twitter_card":"summary_large_image","twitter_creator":"@XativaTurisme","twitter_site":"@XativaTurisme","twitter_misc":{"Written by":"Pablo Ruiz","Est. reading time":"8 minutes"},"schema":{"@context":"https:\/\/schema.org","@graph":[{"@type":"Article","@id":"https:\/\/xativaturismo.com\/val\/festival-musica-i-lletra-2024\/#article","isPartOf":{"@id":"https:\/\/xativaturismo.com\/val\/festival-musica-i-lletra-2024\/"},"author":{"name":"Pablo Ruiz","@id":"https:\/\/xativaturismo.com\/#\/schema\/person\/db668a301a3f2276249599d0f9632786"},"headline":"Festival M\u00fasica i Lletra 2024","datePublished":"2024-05-09T07:00:44+00:00","dateModified":"2024-08-06T14:25:59+00:00","mainEntityOfPage":{"@id":"https:\/\/xativaturismo.com\/val\/festival-musica-i-lletra-2024\/"},"wordCount":1785,"publisher":{"@id":"https:\/\/xativaturismo.com\/#organization"},"image":{"@id":"https:\/\/xativaturismo.com\/val\/festival-musica-i-lletra-2024\/#primaryimage"},"thumbnailUrl":"https:\/\/xativaturismo.com\/wp-content\/uploads\/2024\/05\/festival-musica-i-lletra-2024.jpg","keywords":["MiL"],"articleSection":["Actualidad","Actualidad","Actualitat"],"inLanguage":"ca"},{"@type":"WebPage","@id":"https:\/\/xativaturismo.com\/val\/festival-musica-i-lletra-2024\/","url":"https:\/\/xativaturismo.com\/val\/festival-musica-i-lletra-2024\/","name":"Festival M\u00fasica i Lletra 2024 - X\u00e0tiva Turismo","isPartOf":{"@id":"https:\/\/xativaturismo.com\/#website"},"primaryImageOfPage":{"@id":"https:\/\/xativaturismo.com\/val\/festival-musica-i-lletra-2024\/#primaryimage"},"image":{"@id":"https:\/\/xativaturismo.com\/val\/festival-musica-i-lletra-2024\/#primaryimage"},"thumbnailUrl":"https:\/\/xativaturismo.com\/wp-content\/uploads\/2024\/05\/festival-musica-i-lletra-2024.jpg","datePublished":"2024-05-09T07:00:44+00:00","dateModified":"2024-08-06T14:25:59+00:00","description":"Festival M\u00fasica i Lletra 2024 \u27a1\ufe0f Del 12 de maig al 14 de juny. Les entrades ja estan a la venda al web del Gran Teatre de X\u00e0tiva.","breadcrumb":{"@id":"https:\/\/xativaturismo.com\/val\/festival-musica-i-lletra-2024\/#breadcrumb"},"inLanguage":"ca","potentialAction":[{"@type":"ReadAction","target":["https:\/\/xativaturismo.com\/val\/festival-musica-i-lletra-2024\/"]}]},{"@type":"ImageObject","inLanguage":"ca","@id":"https:\/\/xativaturismo.com\/val\/festival-musica-i-lletra-2024\/#primaryimage","url":"https:\/\/xativaturismo.com\/wp-content\/uploads\/2024\/05\/festival-musica-i-lletra-2024.jpg","contentUrl":"https:\/\/xativaturismo.com\/wp-content\/uploads\/2024\/05\/festival-musica-i-lletra-2024.jpg","width":1140,"height":350},{"@type":"BreadcrumbList","@id":"https:\/\/xativaturismo.com\/val\/festival-musica-i-lletra-2024\/#breadcrumb","itemListElement":[{"@type":"ListItem","position":1,"name":"Portada","item":"https:\/\/xativaturismo.com\/val\/"},{"@type":"ListItem","position":2,"name":"Festival M\u00fasica i Lletra 2024"}]},{"@type":"WebSite","@id":"https:\/\/xativaturismo.com\/#website","url":"https:\/\/xativaturismo.com\/","name":"X\u00e0tiva Turismo","description":"Bienvenidos a la oficina de Turismo de X\u00e0tiva","publisher":{"@id":"https:\/\/xativaturismo.com\/#organization"},"potentialAction":[{"@type":"SearchAction","target":{"@type":"EntryPoint","urlTemplate":"https:\/\/xativaturismo.com\/?s={search_term_string}"},"query-input":{"@type":"PropertyValueSpecification","valueRequired":true,"valueName":"search_term_string"}}],"inLanguage":"ca"},{"@type":"Organization","@id":"https:\/\/xativaturismo.com\/#organization","name":"X\u00e0tiva Turismo","url":"https:\/\/xativaturismo.com\/","logo":{"@type":"ImageObject","inLanguage":"ca","@id":"https:\/\/xativaturismo.com\/#\/schema\/logo\/image\/","url":"https:\/\/xativaturismo.com\/wp-content\/uploads\/2020\/10\/logo-lila512-2.png","contentUrl":"https:\/\/xativaturismo.com\/wp-content\/uploads\/2020\/10\/logo-lila512-2.png","width":445,"height":512,"caption":"X\u00e0tiva Turismo"},"image":{"@id":"https:\/\/xativaturismo.com\/#\/schema\/logo\/image\/"},"sameAs":["https:\/\/www.facebook.com\/XativaTurisme","https:\/\/x.com\/XativaTurisme"]},{"@type":"Person","@id":"https:\/\/xativaturismo.com\/#\/schema\/person\/db668a301a3f2276249599d0f9632786","name":"Pablo Ruiz","image":{"@type":"ImageObject","inLanguage":"ca","@id":"https:\/\/xativaturismo.com\/#\/schema\/person\/image\/","url":"https:\/\/secure.gravatar.com\/avatar\/4edc987cbadeb057877c765e20f39b35ab81fc8ea91cf18b1ab499c7ec46f737?s=96&d=mm&r=g","contentUrl":"https:\/\/secure.gravatar.com\/avatar\/4edc987cbadeb057877c765e20f39b35ab81fc8ea91cf18b1ab499c7ec46f737?s=96&d=mm&r=g","caption":"Pablo Ruiz"},"url":"https:\/\/xativaturismo.com\/val\/author\/pablo-ruiz\/"}]}},"_links":{"self":[{"href":"https:\/\/xativaturismo.com\/val\/wp-json\/wp\/v2\/posts\/509491","targetHints":{"allow":["GET"]}}],"collection":[{"href":"https:\/\/xativaturismo.com\/val\/wp-json\/wp\/v2\/posts"}],"about":[{"href":"https:\/\/xativaturismo.com\/val\/wp-json\/wp\/v2\/types\/post"}],"author":[{"embeddable":true,"href":"https:\/\/xativaturismo.com\/val\/wp-json\/wp\/v2\/users\/26"}],"replies":[{"embeddable":true,"href":"https:\/\/xativaturismo.com\/val\/wp-json\/wp\/v2\/comments?post=509491"}],"version-history":[{"count":0,"href":"https:\/\/xativaturismo.com\/val\/wp-json\/wp\/v2\/posts\/509491\/revisions"}],"wp:featuredmedia":[{"embeddable":true,"href":"https:\/\/xativaturismo.com\/val\/wp-json\/wp\/v2\/media\/534699"}],"wp:attachment":[{"href":"https:\/\/xativaturismo.com\/val\/wp-json\/wp\/v2\/media?parent=509491"}],"wp:term":[{"taxonomy":"category","embeddable":true,"href":"https:\/\/xativaturismo.com\/val\/wp-json\/wp\/v2\/categories?post=509491"},{"taxonomy":"post_tag","embeddable":true,"href":"https:\/\/xativaturismo.com\/val\/wp-json\/wp\/v2\/tags?post=509491"}],"curies":[{"name":"wp","href":"https:\/\/api.w.org\/{rel}","templated":true}]}}