{"id":49623,"date":"2021-04-12T17:43:01","date_gmt":"2021-04-12T15:43:01","guid":{"rendered":"https:\/\/xativaturismo.com\/?p=49623"},"modified":"2021-04-12T18:17:12","modified_gmt":"2021-04-12T16:17:12","slug":"exposicions-i-el-dia-del-llibre-centren-lagenda-dabril","status":"publish","type":"post","link":"https:\/\/xativaturismo.com\/val\/exposicions-i-el-dia-del-llibre-centren-lagenda-dabril\/","title":{"rendered":"Exposicions i activitats del Dia del Llibre centren l&#8217;agenda d&#8217;abril"},"content":{"rendered":"\n<blockquote class=\"wp-block-quote is-layout-flow wp-block-quote-is-layout-flow\"><p>Sis exposicions i les celebracions al voltant del dia del llibre coparan l\u2019activitat cultural de X\u00e0tiva durant el mes d\u2019abril.<br>Destaquen la presentaci\u00f3 dels guanyadors dels Premis Literaris Ciutat de X\u00e0tiva 2019 i l\u2019acte institucional del 25 d\u2019abril d\u2019homenatge als Maulets.<\/p><\/blockquote>\n\n\n\n<p>Durant el mes d\u2019<strong>abril <\/strong>els diferents espais culturals de X\u00e0tiva albergaran <strong>una quinzena d\u2019activitats culturals<\/strong> entre exposicions, presentacions de llibres i cursos.<\/p>\n\n\n\n<p>Destaca la <strong>commemoraci\u00f3 del 25 d\u2019abril<\/strong>, amb l\u2019homenatge als Maulets, que per segon any consecutiu no es podr\u00e0 desenvolupar amb normalitat com a conseq\u00fc\u00e8ncia de la pand\u00e8mia. Est\u00e0 prevista l\u2019ofrena d\u2019una corona de llorer a la pedra dels Maulets i el llan\u00e7ament d\u2019un v\u00eddeo institucional. El v\u00eddeo es podr\u00e0 veure a les plataformes digitals de l\u2019Ajuntament.<\/p>\n\n\n\n<p>Quant a les  <strong>presentaci\u00f3 de llibres<\/strong>, el 15 d\u2019abril, a les 19 hores, est\u00e0 prevista la presentaci\u00f3 del llibre \u00abFascismo mainstream\u00bb amb el seu autor Carles Senso. El 16 d\u2019abril, a les 19 hores, es presentar\u00e0 el llibre \u00abRepublicans i republicanes a la pressi\u00f3 de X\u00e0tiva\u00bb, amb la confer\u00e8ncia del seu autor, Rafa Buforn i Valero. Ambdues cites seran al Sal\u00f3 d\u2019Actes de la Casa de Cultura. <\/p>\n\n\n\n<p>Altrament, el 21 d\u2019abril a les 16 hores hi haur\u00e0 un curs de renovaci\u00f3 de plaguicides, i el dia 30 d\u2019abril a les 19 hores es realitzar\u00e0 un acte d\u2019homenatge als mestres i professors jubilats, al qual s\u2019accedir\u00e0 amb invitaci\u00f3.<\/p>\n\n\n\n<h2 class=\"wp-block-heading\">Exposicions<\/h2>\n\n\n\n<p>Pel que fa a les<strong> exposicions programades<\/strong>, a partir del 15 d\u2019abril es podr\u00e0 visitar a la sala entres\u00f2l de la Casa de Cultura la mostra \u00abCasitas de X\u00e0tiva seg\u00fan Juan Ignacio\u00bb, a c\u00e0rrec de Juan Ignacio Barbieri (fins a l\u20191 de maig). <\/p>\n\n\n\n<p>Del 22 d\u2019abril al 8 de maig es podr\u00e0 gaudir del 65 Sal\u00f3 Internacional de Fotografia \u00abCiutat de X\u00e0tiva\u00bb a la sala de la primera planta. L&#8217;acte de lliurament de premis ser\u00e0 el dia 23, a les 20 hores, al sal\u00f3 d\u2019actes). Tamb\u00e9 del 28 d\u2019abril, i fins al 15 de maig, la sala de les columnes albergar\u00e0 l\u2019exposici\u00f3 fotogr\u00e0fica \u00abObrint portes\u00bb d\u2019Antoni Marzal. <\/p>\n\n\n\n<p>A m\u00e9s a m\u00e9s, a la Casa de Cultura continuen obertes:<\/p>\n\n\n\n<p>* Mostra \u00abPassi\u00f3 Christi. Dioramas de la pasi\u00f3n\u00bb (sala entres\u00f2l, fins al 10 d\u2019abril).<br>* Exposici\u00f3 col\u00b7lectiva \u00abRecordant a Pilar Grau\u00bb (primera planta, fins al 17 d\u2019abril).<br>* Mostra de fotografies de Setmana Santa (sala de les columnes, fins al 24 d\u2019abril).<\/p>\n\n\n\n<h2 class=\"wp-block-heading\"><strong>Actes pel dia del llibre<\/strong><\/h2>\n\n\n\n<p>Cal recordar que el 23 d\u2019abril es commemora el <strong>Dia Internacional del Llibre<\/strong> i l\u2019Ajuntament de X\u00e0tiva ha programat tota una s\u00e8rie d\u2019activitats.<\/p>\n\n\n\n<p>El dia 22 d\u2019abril, a les 18 hores, es podr\u00e0 gaudir al pati de la Casa de Cultura de l\u2019<strong>espectacle<\/strong> \u00abOn estan els mostres?\u00bb a c\u00e0rrec de la companyia Disparatario. Les places s\u00f3n limitades i cal recollir les invitacions a la Biblioteca municipal. Altrament, el dia 24 al migdia, al pati de la Casa de Cultura, es presentar\u00e0 el <strong>llibre<\/strong> \u00abCurts de la guerra civil 2\u00bb, amb l&#8217;autor, Paco Mart\u00ednez.<\/p>\n\n\n\n<p>A m\u00e9s, el 23 d\u2019abril, a les 19 hores, tindr\u00e0 lloc la presentaci\u00f3 dels llibres guanyadors de la XXXV edici\u00f3 dels <strong>Premis Literaris Ciutat de X\u00e0tiva<\/strong> <strong>2019<\/strong>. Imma L\u00f3pez (Llanera de Ranes) va ser la guanyadora del premi de poesia Ibn Hazm amb la seua obra \u00abVeus\u00bb. Vicente Gabriel Pascual (Llosa de Ranes) va aconseguir el premi d\u2019sssaig Carlos Sarthou pel treball \u00abEl convent de Sant Francesc de X\u00e0tiva. Arquitectura, patrimoni i societat\u00bb. El guanyador del premi de narrativa Blai Bellver va ser el mallorqu\u00ed Miquel \u00c0ngel Vidal amb l\u2019obra \u00abEl m\u00e8tode de composici\u00f3\u00bb. <\/p>\n\n\n\n<p>Recordeu que les places s\u00f3n limitades i les invitacions es podran recollir a la Casa de Cultura. En finalitzar l&#8217;acte es repartiran exemplars dels llibres guanyadors als assistents per a que puguen ser signats pels autors.<\/p>\n\n\n\n<p><a href=\"https:\/\/xativaturismo.com\/val\/agenda\/\">Consulta l&#8217;agenda<\/a><\/p>\n\n\n\n<p><a href=\"https:\/\/blog.xativa.es\/\">M\u00e9s not\u00edcies de l&#8217;Ajuntament de X\u00e0tiva<\/a><\/p>\n","protected":false},"excerpt":{"rendered":"<p>Sis exposicions i les celebracions al voltant del dia del llibre coparan l\u2019activitat cultural de X\u00e0tiva durant el mes d\u2019abril.<br \/>\nDestaquen la presentaci\u00f3 dels guanyadors dels Premis Literaris Ciutat de X\u00e0tiva 2019 i l\u2019acte institucional del 25 d\u2019abril d\u2019homenatge als Maulets.<\/p>\n","protected":false},"author":10,"featured_media":49621,"comment_status":"closed","ping_status":"closed","sticky":false,"template":"","format":"standard","meta":{"_price":"","_stock":"","_tribe_ticket_header":"","_tribe_default_ticket_provider":"","_ticket_start_date":"","_ticket_end_date":"","_tribe_ticket_show_description":"","_tribe_ticket_show_not_going":false,"_tribe_ticket_use_global_stock":"","_tribe_ticket_global_stock_level":"","_global_stock_mode":"","_global_stock_cap":"","_tribe_rsvp_for_event":"","_tribe_ticket_going_count":"","_tribe_ticket_not_going_count":"","_tribe_tickets_list":"[]","_tribe_ticket_has_attendee_info_fields":false,"footnotes":""},"categories":[19,23],"tags":[],"class_list":["post-49623","post","type-post","status-publish","format-standard","has-post-thumbnail","hentry","category-actualidad","category-actualidad-val"],"yoast_head":"<!-- This site is optimized with the Yoast SEO plugin v27.0 - https:\/\/yoast.com\/product\/yoast-seo-wordpress\/ -->\n<title>Exposicions i el Dia del Llibre centren l&#039;agenda d&#039;abril - X\u00e0tiva Turismo<\/title>\n<meta name=\"description\" content=\"Exposicions i el Dia del Llibre centren l&#039;agenda d&#039;abril. Premis Literaris Ciutat de X\u00e0tiva. Acte institucional del 25 d&#039;abril.\" \/>\n<meta name=\"robots\" content=\"index, follow, max-snippet:-1, max-image-preview:large, max-video-preview:-1\" \/>\n<link rel=\"canonical\" href=\"https:\/\/xativaturismo.com\/val\/exposicions-i-el-dia-del-llibre-centren-lagenda-dabril\/\" \/>\n<meta property=\"og:locale\" content=\"ca_ES\" \/>\n<meta property=\"og:type\" content=\"article\" \/>\n<meta property=\"og:title\" content=\"Exposicions i el Dia del Llibre centren l&#039;agenda d&#039;abril - X\u00e0tiva Turismo\" \/>\n<meta property=\"og:description\" content=\"Exposicions i el Dia del Llibre centren l&#039;agenda d&#039;abril. Premis Literaris Ciutat de X\u00e0tiva. Acte institucional del 25 d&#039;abril.\" \/>\n<meta property=\"og:url\" content=\"https:\/\/xativaturismo.com\/val\/exposicions-i-el-dia-del-llibre-centren-lagenda-dabril\/\" \/>\n<meta property=\"og:site_name\" content=\"X\u00e0tiva Turismo\" \/>\n<meta property=\"article:publisher\" content=\"https:\/\/www.facebook.com\/XativaTurisme\" \/>\n<meta property=\"article:published_time\" content=\"2021-04-12T15:43:01+00:00\" \/>\n<meta property=\"article:modified_time\" content=\"2021-04-12T16:17:12+00:00\" \/>\n<meta property=\"og:image\" content=\"https:\/\/xativaturismo.com\/wp-content\/uploads\/2021\/04\/exposicions-casa-de-cultura.jpg\" \/>\n\t<meta property=\"og:image:width\" content=\"720\" \/>\n\t<meta property=\"og:image:height\" content=\"340\" \/>\n\t<meta property=\"og:image:type\" content=\"image\/jpeg\" \/>\n<meta name=\"author\" content=\"Edit Orial\" \/>\n<meta name=\"twitter:card\" content=\"summary_large_image\" \/>\n<meta name=\"twitter:creator\" content=\"@XativaTurisme\" \/>\n<meta name=\"twitter:site\" content=\"@XativaTurisme\" \/>\n<meta name=\"twitter:label1\" content=\"Written by\" \/>\n\t<meta name=\"twitter:data1\" content=\"Edit Orial\" \/>\n\t<meta name=\"twitter:label2\" content=\"Est. reading time\" \/>\n\t<meta name=\"twitter:data2\" content=\"3 minutes\" \/>\n<script type=\"application\/ld+json\" class=\"yoast-schema-graph\">{\"@context\":\"https:\/\/schema.org\",\"@graph\":[{\"@type\":\"Article\",\"@id\":\"https:\/\/xativaturismo.com\/val\/exposicions-i-el-dia-del-llibre-centren-lagenda-dabril\/#article\",\"isPartOf\":{\"@id\":\"https:\/\/xativaturismo.com\/val\/exposicions-i-el-dia-del-llibre-centren-lagenda-dabril\/\"},\"author\":{\"name\":\"Edit Orial\",\"@id\":\"https:\/\/xativaturismo.com\/#\/schema\/person\/076ef82c001ca23709c36cf13a96ee7d\"},\"headline\":\"Exposicions i activitats del Dia del Llibre centren l&#8217;agenda d&#8217;abril\",\"datePublished\":\"2021-04-12T15:43:01+00:00\",\"dateModified\":\"2021-04-12T16:17:12+00:00\",\"mainEntityOfPage\":{\"@id\":\"https:\/\/xativaturismo.com\/val\/exposicions-i-el-dia-del-llibre-centren-lagenda-dabril\/\"},\"wordCount\":672,\"publisher\":{\"@id\":\"https:\/\/xativaturismo.com\/#organization\"},\"image\":{\"@id\":\"https:\/\/xativaturismo.com\/val\/exposicions-i-el-dia-del-llibre-centren-lagenda-dabril\/#primaryimage\"},\"thumbnailUrl\":\"https:\/\/xativaturismo.com\/wp-content\/uploads\/2021\/04\/exposicions-casa-de-cultura.jpg\",\"articleSection\":[\"Actualidad\",\"Actualitat\"],\"inLanguage\":\"ca\"},{\"@type\":\"WebPage\",\"@id\":\"https:\/\/xativaturismo.com\/val\/exposicions-i-el-dia-del-llibre-centren-lagenda-dabril\/\",\"url\":\"https:\/\/xativaturismo.com\/val\/exposicions-i-el-dia-del-llibre-centren-lagenda-dabril\/\",\"name\":\"Exposicions i el Dia del Llibre centren l'agenda d'abril - X\u00e0tiva Turismo\",\"isPartOf\":{\"@id\":\"https:\/\/xativaturismo.com\/#website\"},\"primaryImageOfPage\":{\"@id\":\"https:\/\/xativaturismo.com\/val\/exposicions-i-el-dia-del-llibre-centren-lagenda-dabril\/#primaryimage\"},\"image\":{\"@id\":\"https:\/\/xativaturismo.com\/val\/exposicions-i-el-dia-del-llibre-centren-lagenda-dabril\/#primaryimage\"},\"thumbnailUrl\":\"https:\/\/xativaturismo.com\/wp-content\/uploads\/2021\/04\/exposicions-casa-de-cultura.jpg\",\"datePublished\":\"2021-04-12T15:43:01+00:00\",\"dateModified\":\"2021-04-12T16:17:12+00:00\",\"description\":\"Exposicions i el Dia del Llibre centren l'agenda d'abril. Premis Literaris Ciutat de X\u00e0tiva. Acte institucional del 25 d'abril.\",\"breadcrumb\":{\"@id\":\"https:\/\/xativaturismo.com\/val\/exposicions-i-el-dia-del-llibre-centren-lagenda-dabril\/#breadcrumb\"},\"inLanguage\":\"ca\",\"potentialAction\":[{\"@type\":\"ReadAction\",\"target\":[\"https:\/\/xativaturismo.com\/val\/exposicions-i-el-dia-del-llibre-centren-lagenda-dabril\/\"]}]},{\"@type\":\"ImageObject\",\"inLanguage\":\"ca\",\"@id\":\"https:\/\/xativaturismo.com\/val\/exposicions-i-el-dia-del-llibre-centren-lagenda-dabril\/#primaryimage\",\"url\":\"https:\/\/xativaturismo.com\/wp-content\/uploads\/2021\/04\/exposicions-casa-de-cultura.jpg\",\"contentUrl\":\"https:\/\/xativaturismo.com\/wp-content\/uploads\/2021\/04\/exposicions-casa-de-cultura.jpg\",\"width\":720,\"height\":340,\"caption\":\"Exposicions Casa de Cultura\"},{\"@type\":\"BreadcrumbList\",\"@id\":\"https:\/\/xativaturismo.com\/val\/exposicions-i-el-dia-del-llibre-centren-lagenda-dabril\/#breadcrumb\",\"itemListElement\":[{\"@type\":\"ListItem\",\"position\":1,\"name\":\"Portada\",\"item\":\"https:\/\/xativaturismo.com\/val\/\"},{\"@type\":\"ListItem\",\"position\":2,\"name\":\"Exposicions i activitats del Dia del Llibre centren l&#8217;agenda d&#8217;abril\"}]},{\"@type\":\"WebSite\",\"@id\":\"https:\/\/xativaturismo.com\/#website\",\"url\":\"https:\/\/xativaturismo.com\/\",\"name\":\"X\u00e0tiva Turismo\",\"description\":\"Bienvenidos a la oficina de Turismo de X\u00e0tiva\",\"publisher\":{\"@id\":\"https:\/\/xativaturismo.com\/#organization\"},\"potentialAction\":[{\"@type\":\"SearchAction\",\"target\":{\"@type\":\"EntryPoint\",\"urlTemplate\":\"https:\/\/xativaturismo.com\/?s={search_term_string}\"},\"query-input\":{\"@type\":\"PropertyValueSpecification\",\"valueRequired\":true,\"valueName\":\"search_term_string\"}}],\"inLanguage\":\"ca\"},{\"@type\":\"Organization\",\"@id\":\"https:\/\/xativaturismo.com\/#organization\",\"name\":\"X\u00e0tiva Turismo\",\"url\":\"https:\/\/xativaturismo.com\/\",\"logo\":{\"@type\":\"ImageObject\",\"inLanguage\":\"ca\",\"@id\":\"https:\/\/xativaturismo.com\/#\/schema\/logo\/image\/\",\"url\":\"https:\/\/xativaturismo.com\/wp-content\/uploads\/2020\/10\/logo-lila512-2.png\",\"contentUrl\":\"https:\/\/xativaturismo.com\/wp-content\/uploads\/2020\/10\/logo-lila512-2.png\",\"width\":445,\"height\":512,\"caption\":\"X\u00e0tiva Turismo\"},\"image\":{\"@id\":\"https:\/\/xativaturismo.com\/#\/schema\/logo\/image\/\"},\"sameAs\":[\"https:\/\/www.facebook.com\/XativaTurisme\",\"https:\/\/x.com\/XativaTurisme\"]},{\"@type\":\"Person\",\"@id\":\"https:\/\/xativaturismo.com\/#\/schema\/person\/076ef82c001ca23709c36cf13a96ee7d\",\"name\":\"Edit Orial\",\"image\":{\"@type\":\"ImageObject\",\"inLanguage\":\"ca\",\"@id\":\"https:\/\/xativaturismo.com\/#\/schema\/person\/image\/\",\"url\":\"https:\/\/secure.gravatar.com\/avatar\/8e23460bf094742a301ecd4741c5b42b22f6fd944b7a3e55260bb476eccfd123?s=96&d=mm&r=g\",\"contentUrl\":\"https:\/\/secure.gravatar.com\/avatar\/8e23460bf094742a301ecd4741c5b42b22f6fd944b7a3e55260bb476eccfd123?s=96&d=mm&r=g\",\"caption\":\"Edit Orial\"},\"url\":\"https:\/\/xativaturismo.com\/val\/author\/autoripress\/\"}]}<\/script>\n<!-- \/ Yoast SEO plugin. -->","yoast_head_json":{"title":"Exposicions i el Dia del Llibre centren l'agenda d'abril - X\u00e0tiva Turismo","description":"Exposicions i el Dia del Llibre centren l'agenda d'abril. Premis Literaris Ciutat de X\u00e0tiva. Acte institucional del 25 d'abril.","robots":{"index":"index","follow":"follow","max-snippet":"max-snippet:-1","max-image-preview":"max-image-preview:large","max-video-preview":"max-video-preview:-1"},"canonical":"https:\/\/xativaturismo.com\/val\/exposicions-i-el-dia-del-llibre-centren-lagenda-dabril\/","og_locale":"ca_ES","og_type":"article","og_title":"Exposicions i el Dia del Llibre centren l'agenda d'abril - X\u00e0tiva Turismo","og_description":"Exposicions i el Dia del Llibre centren l'agenda d'abril. Premis Literaris Ciutat de X\u00e0tiva. Acte institucional del 25 d'abril.","og_url":"https:\/\/xativaturismo.com\/val\/exposicions-i-el-dia-del-llibre-centren-lagenda-dabril\/","og_site_name":"X\u00e0tiva Turismo","article_publisher":"https:\/\/www.facebook.com\/XativaTurisme","article_published_time":"2021-04-12T15:43:01+00:00","article_modified_time":"2021-04-12T16:17:12+00:00","og_image":[{"width":720,"height":340,"url":"https:\/\/xativaturismo.com\/wp-content\/uploads\/2021\/04\/exposicions-casa-de-cultura.jpg","type":"image\/jpeg"}],"author":"Edit Orial","twitter_card":"summary_large_image","twitter_creator":"@XativaTurisme","twitter_site":"@XativaTurisme","twitter_misc":{"Written by":"Edit Orial","Est. reading time":"3 minutes"},"schema":{"@context":"https:\/\/schema.org","@graph":[{"@type":"Article","@id":"https:\/\/xativaturismo.com\/val\/exposicions-i-el-dia-del-llibre-centren-lagenda-dabril\/#article","isPartOf":{"@id":"https:\/\/xativaturismo.com\/val\/exposicions-i-el-dia-del-llibre-centren-lagenda-dabril\/"},"author":{"name":"Edit Orial","@id":"https:\/\/xativaturismo.com\/#\/schema\/person\/076ef82c001ca23709c36cf13a96ee7d"},"headline":"Exposicions i activitats del Dia del Llibre centren l&#8217;agenda d&#8217;abril","datePublished":"2021-04-12T15:43:01+00:00","dateModified":"2021-04-12T16:17:12+00:00","mainEntityOfPage":{"@id":"https:\/\/xativaturismo.com\/val\/exposicions-i-el-dia-del-llibre-centren-lagenda-dabril\/"},"wordCount":672,"publisher":{"@id":"https:\/\/xativaturismo.com\/#organization"},"image":{"@id":"https:\/\/xativaturismo.com\/val\/exposicions-i-el-dia-del-llibre-centren-lagenda-dabril\/#primaryimage"},"thumbnailUrl":"https:\/\/xativaturismo.com\/wp-content\/uploads\/2021\/04\/exposicions-casa-de-cultura.jpg","articleSection":["Actualidad","Actualitat"],"inLanguage":"ca"},{"@type":"WebPage","@id":"https:\/\/xativaturismo.com\/val\/exposicions-i-el-dia-del-llibre-centren-lagenda-dabril\/","url":"https:\/\/xativaturismo.com\/val\/exposicions-i-el-dia-del-llibre-centren-lagenda-dabril\/","name":"Exposicions i el Dia del Llibre centren l'agenda d'abril - X\u00e0tiva Turismo","isPartOf":{"@id":"https:\/\/xativaturismo.com\/#website"},"primaryImageOfPage":{"@id":"https:\/\/xativaturismo.com\/val\/exposicions-i-el-dia-del-llibre-centren-lagenda-dabril\/#primaryimage"},"image":{"@id":"https:\/\/xativaturismo.com\/val\/exposicions-i-el-dia-del-llibre-centren-lagenda-dabril\/#primaryimage"},"thumbnailUrl":"https:\/\/xativaturismo.com\/wp-content\/uploads\/2021\/04\/exposicions-casa-de-cultura.jpg","datePublished":"2021-04-12T15:43:01+00:00","dateModified":"2021-04-12T16:17:12+00:00","description":"Exposicions i el Dia del Llibre centren l'agenda d'abril. Premis Literaris Ciutat de X\u00e0tiva. Acte institucional del 25 d'abril.","breadcrumb":{"@id":"https:\/\/xativaturismo.com\/val\/exposicions-i-el-dia-del-llibre-centren-lagenda-dabril\/#breadcrumb"},"inLanguage":"ca","potentialAction":[{"@type":"ReadAction","target":["https:\/\/xativaturismo.com\/val\/exposicions-i-el-dia-del-llibre-centren-lagenda-dabril\/"]}]},{"@type":"ImageObject","inLanguage":"ca","@id":"https:\/\/xativaturismo.com\/val\/exposicions-i-el-dia-del-llibre-centren-lagenda-dabril\/#primaryimage","url":"https:\/\/xativaturismo.com\/wp-content\/uploads\/2021\/04\/exposicions-casa-de-cultura.jpg","contentUrl":"https:\/\/xativaturismo.com\/wp-content\/uploads\/2021\/04\/exposicions-casa-de-cultura.jpg","width":720,"height":340,"caption":"Exposicions Casa de Cultura"},{"@type":"BreadcrumbList","@id":"https:\/\/xativaturismo.com\/val\/exposicions-i-el-dia-del-llibre-centren-lagenda-dabril\/#breadcrumb","itemListElement":[{"@type":"ListItem","position":1,"name":"Portada","item":"https:\/\/xativaturismo.com\/val\/"},{"@type":"ListItem","position":2,"name":"Exposicions i activitats del Dia del Llibre centren l&#8217;agenda d&#8217;abril"}]},{"@type":"WebSite","@id":"https:\/\/xativaturismo.com\/#website","url":"https:\/\/xativaturismo.com\/","name":"X\u00e0tiva Turismo","description":"Bienvenidos a la oficina de Turismo de X\u00e0tiva","publisher":{"@id":"https:\/\/xativaturismo.com\/#organization"},"potentialAction":[{"@type":"SearchAction","target":{"@type":"EntryPoint","urlTemplate":"https:\/\/xativaturismo.com\/?s={search_term_string}"},"query-input":{"@type":"PropertyValueSpecification","valueRequired":true,"valueName":"search_term_string"}}],"inLanguage":"ca"},{"@type":"Organization","@id":"https:\/\/xativaturismo.com\/#organization","name":"X\u00e0tiva Turismo","url":"https:\/\/xativaturismo.com\/","logo":{"@type":"ImageObject","inLanguage":"ca","@id":"https:\/\/xativaturismo.com\/#\/schema\/logo\/image\/","url":"https:\/\/xativaturismo.com\/wp-content\/uploads\/2020\/10\/logo-lila512-2.png","contentUrl":"https:\/\/xativaturismo.com\/wp-content\/uploads\/2020\/10\/logo-lila512-2.png","width":445,"height":512,"caption":"X\u00e0tiva Turismo"},"image":{"@id":"https:\/\/xativaturismo.com\/#\/schema\/logo\/image\/"},"sameAs":["https:\/\/www.facebook.com\/XativaTurisme","https:\/\/x.com\/XativaTurisme"]},{"@type":"Person","@id":"https:\/\/xativaturismo.com\/#\/schema\/person\/076ef82c001ca23709c36cf13a96ee7d","name":"Edit Orial","image":{"@type":"ImageObject","inLanguage":"ca","@id":"https:\/\/xativaturismo.com\/#\/schema\/person\/image\/","url":"https:\/\/secure.gravatar.com\/avatar\/8e23460bf094742a301ecd4741c5b42b22f6fd944b7a3e55260bb476eccfd123?s=96&d=mm&r=g","contentUrl":"https:\/\/secure.gravatar.com\/avatar\/8e23460bf094742a301ecd4741c5b42b22f6fd944b7a3e55260bb476eccfd123?s=96&d=mm&r=g","caption":"Edit Orial"},"url":"https:\/\/xativaturismo.com\/val\/author\/autoripress\/"}]}},"_links":{"self":[{"href":"https:\/\/xativaturismo.com\/val\/wp-json\/wp\/v2\/posts\/49623","targetHints":{"allow":["GET"]}}],"collection":[{"href":"https:\/\/xativaturismo.com\/val\/wp-json\/wp\/v2\/posts"}],"about":[{"href":"https:\/\/xativaturismo.com\/val\/wp-json\/wp\/v2\/types\/post"}],"author":[{"embeddable":true,"href":"https:\/\/xativaturismo.com\/val\/wp-json\/wp\/v2\/users\/10"}],"replies":[{"embeddable":true,"href":"https:\/\/xativaturismo.com\/val\/wp-json\/wp\/v2\/comments?post=49623"}],"version-history":[{"count":0,"href":"https:\/\/xativaturismo.com\/val\/wp-json\/wp\/v2\/posts\/49623\/revisions"}],"wp:featuredmedia":[{"embeddable":true,"href":"https:\/\/xativaturismo.com\/val\/wp-json\/wp\/v2\/media\/49621"}],"wp:attachment":[{"href":"https:\/\/xativaturismo.com\/val\/wp-json\/wp\/v2\/media?parent=49623"}],"wp:term":[{"taxonomy":"category","embeddable":true,"href":"https:\/\/xativaturismo.com\/val\/wp-json\/wp\/v2\/categories?post=49623"},{"taxonomy":"post_tag","embeddable":true,"href":"https:\/\/xativaturismo.com\/val\/wp-json\/wp\/v2\/tags?post=49623"}],"curies":[{"name":"wp","href":"https:\/\/api.w.org\/{rel}","templated":true}]}}