{"id":473887,"date":"2024-03-27T20:00:13","date_gmt":"2024-03-27T19:00:13","guid":{"rendered":"https:\/\/xativaturismo.com\/?p=473887"},"modified":"2024-04-21T09:31:49","modified_gmt":"2024-04-21T07:31:49","slug":"xativa-estrena-la-ruta-de-la-memoria","status":"publish","type":"post","link":"https:\/\/xativaturismo.com\/val\/xativa-estrena-la-ruta-de-la-memoria\/","title":{"rendered":"X\u00e0tiva estrena la ruta de la mem\u00f2ria"},"content":{"rendered":"<ul>\n<li><strong>X\u00e0tiva estrena la ruta de la mem\u00f2ria amb motiu de la jornada en record a les v\u00edctimes del franquisme<\/strong><\/li>\n<li><strong>Desenes de persones han participat en la visita guiada pel t\u00e8cnic de l\u2019Arxiu Municipal de X\u00e0tiva, Sergio Rubio<\/strong><\/li>\n<li><strong>A les 19 hores s\u2019ha realitzat l\u2019acte de mem\u00f2ria junt a l\u2019escultura \u00abEn defensa de la vida\u00bb, a l\u2019Avinguda Corts Valencianes<\/strong><\/li>\n<\/ul>\n<p>&nbsp;<\/p>\n<p>X\u00e0tiva ha dut a terme hui l\u2019acte en mem\u00f2ria de les v\u00edctimes del franquisme, el qual s\u2019ha desenvolupat junt al monument \u00abEn defensa de la vida\u00bb, a l\u2019Avinguda Corts Valencianes. La jornada, a m\u00e9s, ha servit per presentar la ruta de la mem\u00f2ria, la qual ha comptat amb una visita guiada gratu\u00efta de presentaci\u00f3 a c\u00e0rrec del t\u00e8cnic de l\u2019Arxiu Municipal de X\u00e0tiva Sergio Rubio.<\/p>\n<p>Aquesta nova ruta, impulsada gr\u00e0cies al recolzament de la Delegaci\u00f3 de Mem\u00f2ria Hist\u00f2rica de la Diputaci\u00f3 de Val\u00e8ncia, es planteja com un itinerari lineal que s\u2019inicia a l\u2019Oficina de Turisme de X\u00e0tiva, principal punt de trobada de totes les propostes tur\u00edstiques i culturals de la ciutat, i finalitza al cementeri municipal. \u00c9s totalment accessible i sense cap tipus de barrera arquitect\u00f2nica, amb un recorregut de 6,4 kil\u00f2metres, dificultat moderada i una duraci\u00f3 estimada de 3 hores.<\/p>\n<p>La ruta de la mem\u00f2ria compta amb onze punts d\u2019inter\u00e8s mitjan\u00e7ant els quals s\u2019estructuren els continguts te\u00f2rics del projecte, tractant de cobrir un ampli espectre d\u2019aspectes relacionats amb la Guerra Civil a X\u00e0tiva, des dels inicis del conflicte en l\u2019\u00e0mbit xativ\u00ed fins la influ\u00e8ncia de la propaganda i els moviments socials i sindicats locals.<\/p>\n<p>Els espais pels quals es passa durant l\u2019itinerari s\u00f3n l\u2019Arxiu Municipal de X\u00e0tiva (on s\u2019ubicava el Casino Republic\u00e0 i on es conserven importants fonts documentals de la II Rep\u00fablica i la Guerra Civil), Sant Dom\u00e8nec (principal focus de campanyes pol\u00edtiques i m\u00edtings), Sant Agust\u00ed (Casa de la Ciutat durant la Rep\u00fablica), Sant Francesc (un dels llocs m\u00e9s conflictius durant el comen\u00e7ament del colp d\u2019estat at\u00e8s que era un quarter militar), l\u2019Aixopluc (monument en record del bombardeig de l\u2019estaci\u00f3 de 1939), l\u2019antiga pres\u00f3, el refugi del Trinquet i el cementeri (on es t\u00e9 const\u00e0ncia de l\u2019exist\u00e8ncia de dues fosses comunes).<\/p>\n<p>A m\u00e9s a m\u00e9s tamb\u00e9 es fa parada en els monuments i espais memorial\u00edstics erigits a la ciutat en els darrers anys: el monument dedicat a les persones deportades als camps nazis, l\u2019espai dedicat a Patrocini Cam\u00fas i l\u2019escultura \u00abEn defensa de la vida\u00bb, a l\u2019Avinguda Corts Valencianes, en homenatge als xativins que van ser represaliats despr\u00e9s de la guerra civil espanyola.<\/p>\n<p>En aquest \u00faltim espai \u00e9s on s\u2019ha desenvolupat, a les 19 hores, l\u2019acte en mem\u00f2ria de les v\u00edctimes del franquisme celebrat hui, el qual ha consistit en l\u2019ofrena de dues corones de llorer per part de l\u2019Ajuntament i els familiars de les v\u00edctimes, i en un parlament a c\u00e0rrec del regidor de Mem\u00f2ria Alfred Boluda.<\/p>\n<p>\u00abLa ruta pret\u00e9n, a trav\u00e9s de la geografia de les places i carrers de X\u00e0tiva, mostrar-nos la hist\u00f2ria de l\u2019establiment d\u2019un r\u00e8gim democr\u00e0tic i com posteriorment va ser derrotat i es va establir una repressi\u00f3 cap a les persones que el varen defensar\u00bb ha manifestat el regidor de Mem\u00f2ria Alfred Boluda. El regidor ha explicat l\u2019avan\u00e7 d\u2019un dia en la commemoraci\u00f3 de l\u2019efem\u00e8ride de les v\u00edctimes del franquisme del Pa\u00eds Valenci\u00e0 per raons de coincid\u00e8ncia amb els actes de la Setmana Santa. Sobre aquesta efem\u00e8ride, Boluda ha explicat que va ser establida per \u00abla llei de mem\u00f2ria democr\u00e0tica del Pa\u00eds Valenci\u00e0, aprovada en 2017, per a recordar el dia en qu\u00e8 va morir tancat a la pres\u00f3 Miguel Hern\u00e1ndez\u00bb.<\/p>\n","protected":false},"excerpt":{"rendered":"<p>La jornada, a m\u00e9s, ha servit per presentar la ruta de la mem\u00f2ria, la qual ha comptat amb una visita guiada gratu\u00efta de presentaci\u00f3 a c\u00e0rrec del t\u00e8cnic de l\u2019Arxiu Municipal de X\u00e0tiva Sergio Rubio.<\/p>\n","protected":false},"author":26,"featured_media":473891,"comment_status":"closed","ping_status":"closed","sticky":false,"template":"","format":"standard","meta":{"_price":"","_stock":"","_tribe_ticket_header":"","_tribe_default_ticket_provider":"","_ticket_start_date":"","_ticket_end_date":"","_tribe_ticket_show_description":"","_tribe_ticket_show_not_going":false,"_tribe_ticket_use_global_stock":"","_tribe_ticket_global_stock_level":"","_global_stock_mode":"","_global_stock_cap":"","_tribe_rsvp_for_event":"","_tribe_ticket_going_count":"","_tribe_ticket_not_going_count":"","_tribe_tickets_list":"[]","_tribe_ticket_has_attendee_info_fields":false,"footnotes":""},"categories":[19,374,23],"tags":[3025],"class_list":["post-473887","post","type-post","status-publish","format-standard","has-post-thumbnail","hentry","category-actualidad","category-actualidad-en","category-actualidad-val","tag-agenda"],"yoast_head":"<!-- This site is optimized with the Yoast SEO plugin v27.0 - https:\/\/yoast.com\/product\/yoast-seo-wordpress\/ -->\n<title>X\u00e0tiva estrena la ruta de la mem\u00f2ria - X\u00e0tiva Turismo<\/title>\n<meta name=\"description\" content=\"Desenes de persones han participat en la visita guiada pel t\u00e8cnic de l\u2019Arxiu Municipal de X\u00e0tiva, Sergio Rubio.\" \/>\n<meta name=\"robots\" content=\"index, follow, max-snippet:-1, max-image-preview:large, max-video-preview:-1\" \/>\n<link rel=\"canonical\" href=\"https:\/\/xativaturismo.com\/val\/xativa-estrena-la-ruta-de-la-memoria\/\" \/>\n<meta property=\"og:locale\" content=\"ca_ES\" \/>\n<meta property=\"og:type\" content=\"article\" \/>\n<meta property=\"og:title\" content=\"X\u00e0tiva estrena la ruta de la mem\u00f2ria - X\u00e0tiva Turismo\" \/>\n<meta property=\"og:description\" content=\"Desenes de persones han participat en la visita guiada pel t\u00e8cnic de l\u2019Arxiu Municipal de X\u00e0tiva, Sergio Rubio.\" \/>\n<meta property=\"og:url\" content=\"https:\/\/xativaturismo.com\/val\/xativa-estrena-la-ruta-de-la-memoria\/\" \/>\n<meta property=\"og:site_name\" content=\"X\u00e0tiva Turismo\" \/>\n<meta property=\"article:publisher\" content=\"https:\/\/www.facebook.com\/XativaTurisme\" \/>\n<meta property=\"article:published_time\" content=\"2024-03-27T19:00:13+00:00\" \/>\n<meta property=\"article:modified_time\" content=\"2024-04-21T07:31:49+00:00\" \/>\n<meta property=\"og:image\" content=\"https:\/\/xativaturismo.com\/wp-content\/uploads\/2024\/03\/ruta-de-la-memoria.jpg\" \/>\n\t<meta property=\"og:image:width\" content=\"1140\" \/>\n\t<meta property=\"og:image:height\" content=\"350\" \/>\n\t<meta property=\"og:image:type\" content=\"image\/jpeg\" \/>\n<meta name=\"author\" content=\"Pablo Ruiz\" \/>\n<meta name=\"twitter:card\" content=\"summary_large_image\" \/>\n<meta name=\"twitter:creator\" content=\"@XativaTurisme\" \/>\n<meta name=\"twitter:site\" content=\"@XativaTurisme\" \/>\n<meta name=\"twitter:label1\" content=\"Written by\" \/>\n\t<meta name=\"twitter:data1\" content=\"Pablo Ruiz\" \/>\n\t<meta name=\"twitter:label2\" content=\"Est. reading time\" \/>\n\t<meta name=\"twitter:data2\" content=\"4 minutes\" \/>\n<script type=\"application\/ld+json\" class=\"yoast-schema-graph\">{\"@context\":\"https:\/\/schema.org\",\"@graph\":[{\"@type\":\"Article\",\"@id\":\"https:\/\/xativaturismo.com\/val\/xativa-estrena-la-ruta-de-la-memoria\/#article\",\"isPartOf\":{\"@id\":\"https:\/\/xativaturismo.com\/val\/xativa-estrena-la-ruta-de-la-memoria\/\"},\"author\":{\"name\":\"Pablo Ruiz\",\"@id\":\"https:\/\/xativaturismo.com\/#\/schema\/person\/db668a301a3f2276249599d0f9632786\"},\"headline\":\"X\u00e0tiva estrena la ruta de la mem\u00f2ria\",\"datePublished\":\"2024-03-27T19:00:13+00:00\",\"dateModified\":\"2024-04-21T07:31:49+00:00\",\"mainEntityOfPage\":{\"@id\":\"https:\/\/xativaturismo.com\/val\/xativa-estrena-la-ruta-de-la-memoria\/\"},\"wordCount\":694,\"publisher\":{\"@id\":\"https:\/\/xativaturismo.com\/#organization\"},\"image\":{\"@id\":\"https:\/\/xativaturismo.com\/val\/xativa-estrena-la-ruta-de-la-memoria\/#primaryimage\"},\"thumbnailUrl\":\"https:\/\/xativaturismo.com\/wp-content\/uploads\/2024\/03\/ruta-de-la-memoria.jpg\",\"keywords\":[\"agenda\"],\"articleSection\":[\"Actualidad\",\"Actualidad\",\"Actualitat\"],\"inLanguage\":\"ca\"},{\"@type\":\"WebPage\",\"@id\":\"https:\/\/xativaturismo.com\/val\/xativa-estrena-la-ruta-de-la-memoria\/\",\"url\":\"https:\/\/xativaturismo.com\/val\/xativa-estrena-la-ruta-de-la-memoria\/\",\"name\":\"X\u00e0tiva estrena la ruta de la mem\u00f2ria - X\u00e0tiva Turismo\",\"isPartOf\":{\"@id\":\"https:\/\/xativaturismo.com\/#website\"},\"primaryImageOfPage\":{\"@id\":\"https:\/\/xativaturismo.com\/val\/xativa-estrena-la-ruta-de-la-memoria\/#primaryimage\"},\"image\":{\"@id\":\"https:\/\/xativaturismo.com\/val\/xativa-estrena-la-ruta-de-la-memoria\/#primaryimage\"},\"thumbnailUrl\":\"https:\/\/xativaturismo.com\/wp-content\/uploads\/2024\/03\/ruta-de-la-memoria.jpg\",\"datePublished\":\"2024-03-27T19:00:13+00:00\",\"dateModified\":\"2024-04-21T07:31:49+00:00\",\"description\":\"Desenes de persones han participat en la visita guiada pel t\u00e8cnic de l\u2019Arxiu Municipal de X\u00e0tiva, Sergio Rubio.\",\"breadcrumb\":{\"@id\":\"https:\/\/xativaturismo.com\/val\/xativa-estrena-la-ruta-de-la-memoria\/#breadcrumb\"},\"inLanguage\":\"ca\",\"potentialAction\":[{\"@type\":\"ReadAction\",\"target\":[\"https:\/\/xativaturismo.com\/val\/xativa-estrena-la-ruta-de-la-memoria\/\"]}]},{\"@type\":\"ImageObject\",\"inLanguage\":\"ca\",\"@id\":\"https:\/\/xativaturismo.com\/val\/xativa-estrena-la-ruta-de-la-memoria\/#primaryimage\",\"url\":\"https:\/\/xativaturismo.com\/wp-content\/uploads\/2024\/03\/ruta-de-la-memoria.jpg\",\"contentUrl\":\"https:\/\/xativaturismo.com\/wp-content\/uploads\/2024\/03\/ruta-de-la-memoria.jpg\",\"width\":1140,\"height\":350,\"caption\":\"ruta de mem\u00f2ria\"},{\"@type\":\"BreadcrumbList\",\"@id\":\"https:\/\/xativaturismo.com\/val\/xativa-estrena-la-ruta-de-la-memoria\/#breadcrumb\",\"itemListElement\":[{\"@type\":\"ListItem\",\"position\":1,\"name\":\"Portada\",\"item\":\"https:\/\/xativaturismo.com\/val\/\"},{\"@type\":\"ListItem\",\"position\":2,\"name\":\"X\u00e0tiva estrena la ruta de la mem\u00f2ria\"}]},{\"@type\":\"WebSite\",\"@id\":\"https:\/\/xativaturismo.com\/#website\",\"url\":\"https:\/\/xativaturismo.com\/\",\"name\":\"X\u00e0tiva Turismo\",\"description\":\"Bienvenidos a la oficina de Turismo de X\u00e0tiva\",\"publisher\":{\"@id\":\"https:\/\/xativaturismo.com\/#organization\"},\"potentialAction\":[{\"@type\":\"SearchAction\",\"target\":{\"@type\":\"EntryPoint\",\"urlTemplate\":\"https:\/\/xativaturismo.com\/?s={search_term_string}\"},\"query-input\":{\"@type\":\"PropertyValueSpecification\",\"valueRequired\":true,\"valueName\":\"search_term_string\"}}],\"inLanguage\":\"ca\"},{\"@type\":\"Organization\",\"@id\":\"https:\/\/xativaturismo.com\/#organization\",\"name\":\"X\u00e0tiva Turismo\",\"url\":\"https:\/\/xativaturismo.com\/\",\"logo\":{\"@type\":\"ImageObject\",\"inLanguage\":\"ca\",\"@id\":\"https:\/\/xativaturismo.com\/#\/schema\/logo\/image\/\",\"url\":\"https:\/\/xativaturismo.com\/wp-content\/uploads\/2020\/10\/logo-lila512-2.png\",\"contentUrl\":\"https:\/\/xativaturismo.com\/wp-content\/uploads\/2020\/10\/logo-lila512-2.png\",\"width\":445,\"height\":512,\"caption\":\"X\u00e0tiva Turismo\"},\"image\":{\"@id\":\"https:\/\/xativaturismo.com\/#\/schema\/logo\/image\/\"},\"sameAs\":[\"https:\/\/www.facebook.com\/XativaTurisme\",\"https:\/\/x.com\/XativaTurisme\"]},{\"@type\":\"Person\",\"@id\":\"https:\/\/xativaturismo.com\/#\/schema\/person\/db668a301a3f2276249599d0f9632786\",\"name\":\"Pablo Ruiz\",\"image\":{\"@type\":\"ImageObject\",\"inLanguage\":\"ca\",\"@id\":\"https:\/\/xativaturismo.com\/#\/schema\/person\/image\/\",\"url\":\"https:\/\/secure.gravatar.com\/avatar\/4edc987cbadeb057877c765e20f39b35ab81fc8ea91cf18b1ab499c7ec46f737?s=96&d=mm&r=g\",\"contentUrl\":\"https:\/\/secure.gravatar.com\/avatar\/4edc987cbadeb057877c765e20f39b35ab81fc8ea91cf18b1ab499c7ec46f737?s=96&d=mm&r=g\",\"caption\":\"Pablo Ruiz\"},\"url\":\"https:\/\/xativaturismo.com\/val\/author\/pablo-ruiz\/\"}]}<\/script>\n<!-- \/ Yoast SEO plugin. -->","yoast_head_json":{"title":"X\u00e0tiva estrena la ruta de la mem\u00f2ria - X\u00e0tiva Turismo","description":"Desenes de persones han participat en la visita guiada pel t\u00e8cnic de l\u2019Arxiu Municipal de X\u00e0tiva, Sergio Rubio.","robots":{"index":"index","follow":"follow","max-snippet":"max-snippet:-1","max-image-preview":"max-image-preview:large","max-video-preview":"max-video-preview:-1"},"canonical":"https:\/\/xativaturismo.com\/val\/xativa-estrena-la-ruta-de-la-memoria\/","og_locale":"ca_ES","og_type":"article","og_title":"X\u00e0tiva estrena la ruta de la mem\u00f2ria - X\u00e0tiva Turismo","og_description":"Desenes de persones han participat en la visita guiada pel t\u00e8cnic de l\u2019Arxiu Municipal de X\u00e0tiva, Sergio Rubio.","og_url":"https:\/\/xativaturismo.com\/val\/xativa-estrena-la-ruta-de-la-memoria\/","og_site_name":"X\u00e0tiva Turismo","article_publisher":"https:\/\/www.facebook.com\/XativaTurisme","article_published_time":"2024-03-27T19:00:13+00:00","article_modified_time":"2024-04-21T07:31:49+00:00","og_image":[{"width":1140,"height":350,"url":"https:\/\/xativaturismo.com\/wp-content\/uploads\/2024\/03\/ruta-de-la-memoria.jpg","type":"image\/jpeg"}],"author":"Pablo Ruiz","twitter_card":"summary_large_image","twitter_creator":"@XativaTurisme","twitter_site":"@XativaTurisme","twitter_misc":{"Written by":"Pablo Ruiz","Est. reading time":"4 minutes"},"schema":{"@context":"https:\/\/schema.org","@graph":[{"@type":"Article","@id":"https:\/\/xativaturismo.com\/val\/xativa-estrena-la-ruta-de-la-memoria\/#article","isPartOf":{"@id":"https:\/\/xativaturismo.com\/val\/xativa-estrena-la-ruta-de-la-memoria\/"},"author":{"name":"Pablo Ruiz","@id":"https:\/\/xativaturismo.com\/#\/schema\/person\/db668a301a3f2276249599d0f9632786"},"headline":"X\u00e0tiva estrena la ruta de la mem\u00f2ria","datePublished":"2024-03-27T19:00:13+00:00","dateModified":"2024-04-21T07:31:49+00:00","mainEntityOfPage":{"@id":"https:\/\/xativaturismo.com\/val\/xativa-estrena-la-ruta-de-la-memoria\/"},"wordCount":694,"publisher":{"@id":"https:\/\/xativaturismo.com\/#organization"},"image":{"@id":"https:\/\/xativaturismo.com\/val\/xativa-estrena-la-ruta-de-la-memoria\/#primaryimage"},"thumbnailUrl":"https:\/\/xativaturismo.com\/wp-content\/uploads\/2024\/03\/ruta-de-la-memoria.jpg","keywords":["agenda"],"articleSection":["Actualidad","Actualidad","Actualitat"],"inLanguage":"ca"},{"@type":"WebPage","@id":"https:\/\/xativaturismo.com\/val\/xativa-estrena-la-ruta-de-la-memoria\/","url":"https:\/\/xativaturismo.com\/val\/xativa-estrena-la-ruta-de-la-memoria\/","name":"X\u00e0tiva estrena la ruta de la mem\u00f2ria - X\u00e0tiva Turismo","isPartOf":{"@id":"https:\/\/xativaturismo.com\/#website"},"primaryImageOfPage":{"@id":"https:\/\/xativaturismo.com\/val\/xativa-estrena-la-ruta-de-la-memoria\/#primaryimage"},"image":{"@id":"https:\/\/xativaturismo.com\/val\/xativa-estrena-la-ruta-de-la-memoria\/#primaryimage"},"thumbnailUrl":"https:\/\/xativaturismo.com\/wp-content\/uploads\/2024\/03\/ruta-de-la-memoria.jpg","datePublished":"2024-03-27T19:00:13+00:00","dateModified":"2024-04-21T07:31:49+00:00","description":"Desenes de persones han participat en la visita guiada pel t\u00e8cnic de l\u2019Arxiu Municipal de X\u00e0tiva, Sergio Rubio.","breadcrumb":{"@id":"https:\/\/xativaturismo.com\/val\/xativa-estrena-la-ruta-de-la-memoria\/#breadcrumb"},"inLanguage":"ca","potentialAction":[{"@type":"ReadAction","target":["https:\/\/xativaturismo.com\/val\/xativa-estrena-la-ruta-de-la-memoria\/"]}]},{"@type":"ImageObject","inLanguage":"ca","@id":"https:\/\/xativaturismo.com\/val\/xativa-estrena-la-ruta-de-la-memoria\/#primaryimage","url":"https:\/\/xativaturismo.com\/wp-content\/uploads\/2024\/03\/ruta-de-la-memoria.jpg","contentUrl":"https:\/\/xativaturismo.com\/wp-content\/uploads\/2024\/03\/ruta-de-la-memoria.jpg","width":1140,"height":350,"caption":"ruta de mem\u00f2ria"},{"@type":"BreadcrumbList","@id":"https:\/\/xativaturismo.com\/val\/xativa-estrena-la-ruta-de-la-memoria\/#breadcrumb","itemListElement":[{"@type":"ListItem","position":1,"name":"Portada","item":"https:\/\/xativaturismo.com\/val\/"},{"@type":"ListItem","position":2,"name":"X\u00e0tiva estrena la ruta de la mem\u00f2ria"}]},{"@type":"WebSite","@id":"https:\/\/xativaturismo.com\/#website","url":"https:\/\/xativaturismo.com\/","name":"X\u00e0tiva Turismo","description":"Bienvenidos a la oficina de Turismo de X\u00e0tiva","publisher":{"@id":"https:\/\/xativaturismo.com\/#organization"},"potentialAction":[{"@type":"SearchAction","target":{"@type":"EntryPoint","urlTemplate":"https:\/\/xativaturismo.com\/?s={search_term_string}"},"query-input":{"@type":"PropertyValueSpecification","valueRequired":true,"valueName":"search_term_string"}}],"inLanguage":"ca"},{"@type":"Organization","@id":"https:\/\/xativaturismo.com\/#organization","name":"X\u00e0tiva Turismo","url":"https:\/\/xativaturismo.com\/","logo":{"@type":"ImageObject","inLanguage":"ca","@id":"https:\/\/xativaturismo.com\/#\/schema\/logo\/image\/","url":"https:\/\/xativaturismo.com\/wp-content\/uploads\/2020\/10\/logo-lila512-2.png","contentUrl":"https:\/\/xativaturismo.com\/wp-content\/uploads\/2020\/10\/logo-lila512-2.png","width":445,"height":512,"caption":"X\u00e0tiva Turismo"},"image":{"@id":"https:\/\/xativaturismo.com\/#\/schema\/logo\/image\/"},"sameAs":["https:\/\/www.facebook.com\/XativaTurisme","https:\/\/x.com\/XativaTurisme"]},{"@type":"Person","@id":"https:\/\/xativaturismo.com\/#\/schema\/person\/db668a301a3f2276249599d0f9632786","name":"Pablo Ruiz","image":{"@type":"ImageObject","inLanguage":"ca","@id":"https:\/\/xativaturismo.com\/#\/schema\/person\/image\/","url":"https:\/\/secure.gravatar.com\/avatar\/4edc987cbadeb057877c765e20f39b35ab81fc8ea91cf18b1ab499c7ec46f737?s=96&d=mm&r=g","contentUrl":"https:\/\/secure.gravatar.com\/avatar\/4edc987cbadeb057877c765e20f39b35ab81fc8ea91cf18b1ab499c7ec46f737?s=96&d=mm&r=g","caption":"Pablo Ruiz"},"url":"https:\/\/xativaturismo.com\/val\/author\/pablo-ruiz\/"}]}},"_links":{"self":[{"href":"https:\/\/xativaturismo.com\/val\/wp-json\/wp\/v2\/posts\/473887","targetHints":{"allow":["GET"]}}],"collection":[{"href":"https:\/\/xativaturismo.com\/val\/wp-json\/wp\/v2\/posts"}],"about":[{"href":"https:\/\/xativaturismo.com\/val\/wp-json\/wp\/v2\/types\/post"}],"author":[{"embeddable":true,"href":"https:\/\/xativaturismo.com\/val\/wp-json\/wp\/v2\/users\/26"}],"replies":[{"embeddable":true,"href":"https:\/\/xativaturismo.com\/val\/wp-json\/wp\/v2\/comments?post=473887"}],"version-history":[{"count":0,"href":"https:\/\/xativaturismo.com\/val\/wp-json\/wp\/v2\/posts\/473887\/revisions"}],"wp:featuredmedia":[{"embeddable":true,"href":"https:\/\/xativaturismo.com\/val\/wp-json\/wp\/v2\/media\/473891"}],"wp:attachment":[{"href":"https:\/\/xativaturismo.com\/val\/wp-json\/wp\/v2\/media?parent=473887"}],"wp:term":[{"taxonomy":"category","embeddable":true,"href":"https:\/\/xativaturismo.com\/val\/wp-json\/wp\/v2\/categories?post=473887"},{"taxonomy":"post_tag","embeddable":true,"href":"https:\/\/xativaturismo.com\/val\/wp-json\/wp\/v2\/tags?post=473887"}],"curies":[{"name":"wp","href":"https:\/\/api.w.org\/{rel}","templated":true}]}}