{"id":453623,"date":"2024-02-18T09:45:05","date_gmt":"2024-02-18T08:45:05","guid":{"rendered":"https:\/\/xativaturismo.com\/?p=453623"},"modified":"2024-02-18T09:46:10","modified_gmt":"2024-02-18T08:46:10","slug":"19a-mitja-marato-de-xativa","status":"publish","type":"post","link":"https:\/\/xativaturismo.com\/val\/19a-mitja-marato-de-xativa\/","title":{"rendered":"19a mitja marat\u00f3 de X\u00e0tiva"},"content":{"rendered":"<p align=\"justify\"><span style=\"color: #000000;\"><span style=\"font-family: arial, helvetica, sans-serif;\"><span lang=\"ca-ES-valencia\">L\u2019Ajuntament de X\u00e0tiva ha acollit aquest divendres la presentaci\u00f3 de la <\/span><\/span><\/span><span style=\"color: #000000;\"><span style=\"font-family: arial, helvetica, sans-serif;\"><span lang=\"ca-ES-valencia\">19a edici\u00f3 de la <\/span><\/span><\/span><span style=\"color: #000000;\"><span style=\"font-family: arial, helvetica, sans-serif;\"><span lang=\"ca-ES-valencia\">Mitja Marat\u00f3 de X\u00e0tiva, la qual tindr\u00e0 lloc el proper diumenge 25 de febrer. L\u2019acte ha comptat amb la pres\u00e8ncia del regidor d\u2019Esports Vicent Lluch, el president del Club Ajos X\u00e0tiva Francisco Juli\u00e1n Navarro Carmona i el vicepresident Gabi Navarro Carmona.<\/span><\/span><\/span><\/p>\n<p align=\"justify\"><span style=\"color: #000000;\"><span style=\"font-family: arial, helvetica, sans-serif;\"><span lang=\"ca-ES-valencia\">\u00ab<\/span><\/span><\/span><span style=\"color: #000000;\"><span style=\"font-family: arial, helvetica, sans-serif;\"><span lang=\"ca-ES-valencia\">Aquesta cursa \u00e9s un referent a nivell de la Comunitat pel treball que es realitza des de l\u2019organitzaci\u00f3, els voluntaris, els col\u00b7laboradors, el recorregut i l\u2019acollida que de l<\/span><\/span><\/span><span style=\"color: #000000;\"><span style=\"font-family: arial, helvetica, sans-serif;\"><span lang=\"ca-ES-valencia\">a<\/span><\/span><\/span><span style=\"color: #000000;\"><span style=\"font-family: arial, helvetica, sans-serif;\"><span lang=\"ca-ES-valencia\">\u00a0ciutadan<\/span><\/span><\/span><span style=\"color: #000000;\"><span style=\"font-family: arial, helvetica, sans-serif;\"><span lang=\"ca-ES-valencia\">ia<\/span><\/span><\/span><span style=\"color: #000000;\"><span style=\"font-family: arial, helvetica, sans-serif;\"><span lang=\"ca-ES-valencia\">\u00a0de X\u00e0tiva.\u00a0<\/span><\/span><\/span><span style=\"color: #000000;\"><span style=\"font-family: arial, helvetica, sans-serif;\"><span lang=\"ca-ES-valencia\">Des de l\u2019Ajuntament \u00e9s un plaer seguir col\u00b7laborant amb l\u2019esport d\u2019aquesta ciutat, perqu\u00e8 \u00e9s un orgull tant el nivell com la dedicaci\u00f3 que se li posa a aquesta prova\u00bb, ha manifestat el regidor d\u2019Esports Vicent Lluch.<\/span><\/span><\/span><\/p>\n<p align=\"justify\"><span style=\"color: #000000;\"><span style=\"font-family: arial, helvetica, sans-serif;\"><span lang=\"ca-ES-valencia\">La carrera s\u2019iniciar\u00e0 a les 10 del mat\u00ed des de l\u2019Albereda Jaume I, i realitzar\u00e0 dos voltes al\u00a0<\/span><\/span><\/span><span style=\"color: #000000;\"><span style=\"font-family: arial, helvetica, sans-serif;\"><span lang=\"ca-ES-valencia\">mateix\u00a0<\/span><\/span><\/span><span style=\"color: #000000;\"><span style=\"font-family: arial, helvetica, sans-serif;\"><span lang=\"ca-ES-valencia\">recorregut. L\u2019eixida anir\u00e0 cap a l\u2019Avinguda Selgas, buscant\u00a0<\/span><\/span><\/span><span style=\"color: #000000;\"><span style=\"font-family: arial, helvetica, sans-serif;\"><span lang=\"ca-ES-valencia\">l\u2019Avinguda Juan Franc\u00e9s\u00a0<\/span><\/span><\/span><span style=\"color: #000000;\"><span style=\"font-family: arial, helvetica, sans-serif;\"><span lang=\"ca-ES-valencia\">on just abans de la redona<\/span><\/span><\/span><span style=\"color: #000000;\"><span style=\"font-family: arial, helvetica, sans-serif;\"><span lang=\"ca-ES-valencia\">\u00a0es realitza un gir per torna<\/span><\/span><\/span><span style=\"color: #000000;\"><span style=\"font-family: arial, helvetica, sans-serif;\"><span lang=\"ca-ES-valencia\">r<\/span><\/span><\/span><span style=\"color: #000000;\"><span style=\"font-family: arial, helvetica, sans-serif;\"><span lang=\"ca-ES-valencia\">\u00a0i buscar Acad\u00e8mic Maravall, Maulets, Pla\u00e7a Pa\u00eds Valenci\u00e0 i la llarga avinguda que compr\u00e9n Gregorio Molina, Vicente Boix, Dos Molins, Ab\u00fa Masaifa i Corts Valencianes, fins la redona de l\u2019institut Llu\u00eds Simarro, on es realitza un canvi de sentit per a buscar el carrer la Reina.\u00a0<\/span><\/span><\/span><span style=\"color: #000000;\"><span style=\"font-family: arial, helvetica, sans-serif;\"><span lang=\"ca-ES-valencia\">La volta transcorre a partir d\u2019ahi pel nucli antic de la ciutat i passa per punts emblem\u00e0tics com ara la pla\u00e7a la Bassa, pla\u00e7a Sant Jaume, pla\u00e7a Sant Jordi, Sant Dom\u00e8nec, pla\u00e7a de la Seu, el Mercat, pla\u00e7a Sant Pere i pla\u00e7a Sant Francesc fins tornar a l\u2019Albereda.<\/span><\/span><\/span><\/p>\n<p align=\"justify\"><span style=\"color: #000000;\"><span style=\"font-family: arial, helvetica, sans-serif;\"><span lang=\"ca-ES-valencia\">Fins al\u00a0<\/span><\/span><\/span><span style=\"color: #000000;\"><span style=\"font-family: arial, helvetica, sans-serif;\"><span lang=\"ca-ES-valencia\">moment<\/span><\/span><\/span><span style=\"color: #000000;\"><span style=\"font-family: arial, helvetica, sans-serif;\"><span lang=\"ca-ES-valencia\">\u00a0la xifra d\u2019inscrits\u00a0<\/span><\/span><\/span><span style=\"color: #000000;\"><span style=\"font-family: arial, helvetica, sans-serif;\"><span lang=\"ca-ES-valencia\">supera<\/span><\/span><\/span><span style=\"color: #000000;\"><span style=\"font-family: arial, helvetica, sans-serif;\"><span lang=\"ca-ES-valencia\">\u00a0<\/span><\/span><\/span><span style=\"color: #000000;\"><span style=\"font-family: arial, helvetica, sans-serif;\"><span lang=\"ca-ES-valencia\">les\u00a0<\/span><\/span><\/span><span style=\"color: #000000;\"><span style=\"font-family: arial, helvetica, sans-serif;\"><span lang=\"ca-ES-valencia\">1.3<\/span><\/span><\/span><span style=\"color: #000000;\"><span style=\"font-family: arial, helvetica, sans-serif;\"><span lang=\"ca-ES-valencia\">00<\/span><\/span><\/span><span style=\"color: #000000;\"><span style=\"font-family: arial, helvetica, sans-serif;\"><span lang=\"ca-ES-valencia\">\u00a0persones. Dels atletes inscrits a la prova, el 81,8% s\u00f3n homes pel 18,<\/span><\/span><\/span><span style=\"color: #000000;\"><span style=\"font-family: arial, helvetica, sans-serif;\"><span lang=\"ca-ES-valencia\">2<\/span><\/span><\/span><span style=\"color: #000000;\"><span style=\"font-family: arial, helvetica, sans-serif;\"><span lang=\"ca-ES-valencia\">% que s\u00f3n dones. X\u00e0tiva \u00e9s el municipi que aporta\u00a0<\/span><\/span><\/span><span style=\"color: #000000;\"><span style=\"font-family: arial, helvetica, sans-serif;\"><span lang=\"ca-ES-valencia\">un major nombre de corredors amb 170, seguit per Val\u00e8ncia amb 142. Tamb\u00e9 aporten un gran nombre de corredors altres localitats com Gandia (80), Algemes\u00ed (51), Canals (27), L\u2019Alc\u00fadia (24), Alzira (20) o Oliva (17).<\/span><\/span><\/span><\/p>\n<p align=\"justify\"><span style=\"color: #000000;\"><span style=\"font-family: arial, helvetica, sans-serif;\"><span lang=\"ca-ES-valencia\">Respecte als clubs m\u00e9s nombrosos en quant a inscrits es troben la Vespa de Novetl\u00e8 (47), club KM3 X\u00e0tiva (37), Xufarunner Alboraia (37), Tortugues Algemes\u00ed (33), Club Atletisme Safor Teika (31), Runners Rio Turia (22) Club Atletisme X\u00e0tiva (21), Ajos X\u00e0tiva (21), Carcaixent (17) i C.C. El Garb\u00ed (17).<\/span><\/span><\/span><\/p>\n<p align=\"justify\"><span style=\"color: #000000;\"><span style=\"font-family: arial, helvetica, sans-serif;\"><span lang=\"ca-ES-valencia\">Pel que fa a les edats, pel moment es compta amb 502 persones en la categoria Veter\u00e0\/na B (37,2%), seguit per 441 a Veter\u00e0\/na A (33,5%), 220 a la categoria s\u00e8nior (16,7%) i 152 a la categoria Veter\u00e0\/na C (12,6%).<\/span><\/span><\/span><\/p>\n<p align=\"justify\"><span style=\"color: #000000;\"><span style=\"font-family: arial, helvetica, sans-serif;\"><span lang=\"ca-ES-valencia\">\u00ab<\/span><\/span><\/span><span style=\"color: #000000;\"><span style=\"font-family: arial, helvetica, sans-serif;\"><span lang=\"ca-ES-valencia\">Aquesta \u00e9s una gran xifra d\u2019inscrits tenint en compte el gran nombre de carreres que hi ha en aquestes dates. Esperem que isca un bon dia, perqu\u00e8 tamb\u00e9 ser\u00e0 bo per a la ciutat a nivell tur\u00edstic ja que volta gent ve de fora\u00bb, ha indicat el president del club Ajos X\u00e0tiva Fco. Juli\u00e1n Navarro. En la mateixa l\u00ednia s\u2019ha expressat el vicepresident Gabi Navarro, qui ha indicat que \u00abamb tot el treball desenvolupat esperem que siga un \u00e8xit col\u00b7lectiu tant per a l\u2019esport com per a la promoci\u00f3 de X\u00e0tiva, ja que a banda dels corredors v\u00e9nen familiars i amics\u00bb.<\/span><\/span><\/span><\/p>\n<p align=\"justify\"><span style=\"color: #000000;\"><span style=\"font-family: arial, helvetica, sans-serif;\"><span lang=\"ca-ES-valencia\">Pel que fa a la bossa del corredor,\u00a0<\/span><\/span><\/span><span style=\"color: #000000;\"><span style=\"font-family: arial, helvetica, sans-serif;\"><span lang=\"ca-ES-valencia\">hi haur\u00e0 una samarreta sense m\u00e0negues (groga per als homes i blanca per a les dones) i una tovallola, aix\u00ed com un talla-vents per a les persones volunt\u00e0ries. U<\/span><\/span><\/span><span style=\"color: #000000;\"><span style=\"font-family: arial, helvetica, sans-serif;\"><span lang=\"ca-ES-valencia\">na vegada finalitzada la carrera, hi haur\u00e0 vi per als dorsals acabats en 9, oli per als dorsals acabats en 4 i per a tots es comptar\u00e0 amb regals com ara pasta de dents, plantes, bolis, blocs de notes, snacks, fruits secs, mel, taronges, botelles d\u2019aigua, pots de coca-cola i cervesa, una invitaci\u00f3 per a entrar al Castell de X\u00e0tiva i un diploma acreditatiu amb els temps i fotografies gratu\u00eftes durant la prova que es podran veure a la web d\u2019inscripcions\u00a0<\/span><\/span><\/span><a href=\"http:\/\/www.crono4sports.es\/\" target=\"_blank\" rel=\"noopener\" data-saferedirecturl=\"https:\/\/www.google.com\/url?q=http:\/\/www.crono4sports.es\/&amp;source=gmail&amp;ust=1708242456715000&amp;usg=AOvVaw16MJw-JuwzdiuzHBmEvaug\">www.crono4sports.es<\/a><span style=\"color: #000000;\"><span style=\"font-family: arial, helvetica, sans-serif;\"><span lang=\"ca-ES-valencia\">.<\/span><\/span><\/span><\/p>\n<p align=\"justify\"><span style=\"color: #000000;\"><span style=\"font-family: arial, helvetica, sans-serif;\"><span lang=\"ca-ES-valencia\">Els dorsals es poden recollir en la Cl\u00ednica Ascires el\u00a0<\/span><\/span><\/span><span style=\"color: #000000;\"><span style=\"font-family: arial, helvetica, sans-serif;\"><span lang=\"ca-ES-valencia\">dijous de 16 a 20:30, el<\/span><\/span><\/span><span style=\"color: #000000;\"><span style=\"font-family: arial, helvetica, sans-serif;\"><span lang=\"ca-ES-valencia\">\u00a0divendres\u00a0<\/span><\/span><\/span><span style=\"color: #000000;\"><span style=\"font-family: arial, helvetica, sans-serif;\"><span lang=\"ca-ES-valencia\">de 12 a 14 i de 16 a 20:30\u00a0<\/span><\/span><\/span><span style=\"color: #000000;\"><span style=\"font-family: arial, helvetica, sans-serif;\"><span lang=\"ca-ES-valencia\">i\u00a0<\/span><\/span><\/span><span style=\"color: #000000;\"><span style=\"font-family: arial, helvetica, sans-serif;\"><span lang=\"ca-ES-valencia\">el\u00a0<\/span><\/span><\/span><span style=\"color: #000000;\"><span style=\"font-family: arial, helvetica, sans-serif;\"><span lang=\"ca-ES-valencia\">dissabte\u00a0<\/span><\/span><\/span><span style=\"color: #000000;\"><span style=\"font-family: arial, helvetica, sans-serif;\"><span lang=\"ca-ES-valencia\">de 10 a 19:30 de forma ininterrompuda; i el diumenge de 8 a 9:30 en el pati de la Casa de Cultura i la Biblioteca Municipal.<\/span><\/span><\/span><\/p>\n","protected":false},"excerpt":{"rendered":"<p>Hi haur\u00e0 170 corredors locals i els dorsals es poden recollir dijous, divendres i dissabte a la Cl\u00ednica Ascires i diumenge a la zona de meta.<\/p>\n","protected":false},"author":10,"featured_media":453624,"comment_status":"closed","ping_status":"closed","sticky":false,"template":"","format":"standard","meta":{"_price":"","_stock":"","_tribe_ticket_header":"","_tribe_default_ticket_provider":"","_ticket_start_date":"","_ticket_end_date":"","_tribe_ticket_show_description":"","_tribe_ticket_show_not_going":false,"_tribe_ticket_use_global_stock":"","_tribe_ticket_global_stock_level":"","_global_stock_mode":"","_global_stock_cap":"","_tribe_rsvp_for_event":"","_tribe_ticket_going_count":"","_tribe_ticket_not_going_count":"","_tribe_tickets_list":"[]","_tribe_ticket_has_attendee_info_fields":false,"footnotes":""},"categories":[19,374,23],"tags":[4029,4030],"class_list":["post-453623","post","type-post","status-publish","format-standard","has-post-thumbnail","hentry","category-actualidad","category-actualidad-en","category-actualidad-val","tag-cursa","tag-mitja-marato"],"yoast_head":"<!-- This site is optimized with the Yoast SEO plugin v27.0 - https:\/\/yoast.com\/product\/yoast-seo-wordpress\/ -->\n<title>19a mitja marat\u00f3 de X\u00e0tiva - X\u00e0tiva Turismo<\/title>\n<meta name=\"robots\" content=\"index, follow, max-snippet:-1, max-image-preview:large, max-video-preview:-1\" \/>\n<link rel=\"canonical\" href=\"https:\/\/xativaturismo.com\/val\/19a-mitja-marato-de-xativa\/\" \/>\n<meta property=\"og:locale\" content=\"ca_ES\" \/>\n<meta property=\"og:type\" content=\"article\" \/>\n<meta property=\"og:title\" content=\"19a mitja marat\u00f3 de X\u00e0tiva - X\u00e0tiva Turismo\" \/>\n<meta property=\"og:description\" content=\"Hi haur\u00e0 170 corredors locals i els dorsals es poden recollir dijous, divendres i dissabte a la Cl\u00ednica Ascires i diumenge a la zona de meta.\" \/>\n<meta property=\"og:url\" content=\"https:\/\/xativaturismo.com\/val\/19a-mitja-marato-de-xativa\/\" \/>\n<meta property=\"og:site_name\" content=\"X\u00e0tiva Turismo\" \/>\n<meta property=\"article:publisher\" content=\"https:\/\/www.facebook.com\/XativaTurisme\" \/>\n<meta property=\"article:published_time\" content=\"2024-02-18T08:45:05+00:00\" \/>\n<meta property=\"article:modified_time\" content=\"2024-02-18T08:46:10+00:00\" \/>\n<meta property=\"og:image\" content=\"https:\/\/xativaturismo.com\/wp-content\/uploads\/2024\/02\/capcalera-articles-blog-xativa-1.jpg\" \/>\n\t<meta property=\"og:image:width\" content=\"1140\" \/>\n\t<meta property=\"og:image:height\" content=\"350\" \/>\n\t<meta property=\"og:image:type\" content=\"image\/jpeg\" \/>\n<meta name=\"author\" content=\"Edit Orial\" \/>\n<meta name=\"twitter:card\" content=\"summary_large_image\" \/>\n<meta name=\"twitter:creator\" content=\"@XativaTurisme\" \/>\n<meta name=\"twitter:site\" content=\"@XativaTurisme\" \/>\n<meta name=\"twitter:label1\" content=\"Written by\" \/>\n\t<meta name=\"twitter:data1\" content=\"Edit Orial\" \/>\n\t<meta name=\"twitter:label2\" content=\"Est. reading time\" \/>\n\t<meta name=\"twitter:data2\" content=\"4 minutes\" \/>\n<script type=\"application\/ld+json\" class=\"yoast-schema-graph\">{\"@context\":\"https:\/\/schema.org\",\"@graph\":[{\"@type\":\"Article\",\"@id\":\"https:\/\/xativaturismo.com\/val\/19a-mitja-marato-de-xativa\/#article\",\"isPartOf\":{\"@id\":\"https:\/\/xativaturismo.com\/val\/19a-mitja-marato-de-xativa\/\"},\"author\":{\"name\":\"Edit Orial\",\"@id\":\"https:\/\/xativaturismo.com\/#\/schema\/person\/076ef82c001ca23709c36cf13a96ee7d\"},\"headline\":\"19a mitja marat\u00f3 de X\u00e0tiva\",\"datePublished\":\"2024-02-18T08:45:05+00:00\",\"dateModified\":\"2024-02-18T08:46:10+00:00\",\"mainEntityOfPage\":{\"@id\":\"https:\/\/xativaturismo.com\/val\/19a-mitja-marato-de-xativa\/\"},\"wordCount\":731,\"publisher\":{\"@id\":\"https:\/\/xativaturismo.com\/#organization\"},\"image\":{\"@id\":\"https:\/\/xativaturismo.com\/val\/19a-mitja-marato-de-xativa\/#primaryimage\"},\"thumbnailUrl\":\"https:\/\/xativaturismo.com\/wp-content\/uploads\/2024\/02\/capcalera-articles-blog-xativa-1.jpg\",\"keywords\":[\"cursa\",\"mitja marat\u00f3\"],\"articleSection\":[\"Actualidad\",\"Actualidad\",\"Actualitat\"],\"inLanguage\":\"ca\"},{\"@type\":\"WebPage\",\"@id\":\"https:\/\/xativaturismo.com\/val\/19a-mitja-marato-de-xativa\/\",\"url\":\"https:\/\/xativaturismo.com\/val\/19a-mitja-marato-de-xativa\/\",\"name\":\"19a mitja marat\u00f3 de X\u00e0tiva - X\u00e0tiva Turismo\",\"isPartOf\":{\"@id\":\"https:\/\/xativaturismo.com\/#website\"},\"primaryImageOfPage\":{\"@id\":\"https:\/\/xativaturismo.com\/val\/19a-mitja-marato-de-xativa\/#primaryimage\"},\"image\":{\"@id\":\"https:\/\/xativaturismo.com\/val\/19a-mitja-marato-de-xativa\/#primaryimage\"},\"thumbnailUrl\":\"https:\/\/xativaturismo.com\/wp-content\/uploads\/2024\/02\/capcalera-articles-blog-xativa-1.jpg\",\"datePublished\":\"2024-02-18T08:45:05+00:00\",\"dateModified\":\"2024-02-18T08:46:10+00:00\",\"breadcrumb\":{\"@id\":\"https:\/\/xativaturismo.com\/val\/19a-mitja-marato-de-xativa\/#breadcrumb\"},\"inLanguage\":\"ca\",\"potentialAction\":[{\"@type\":\"ReadAction\",\"target\":[\"https:\/\/xativaturismo.com\/val\/19a-mitja-marato-de-xativa\/\"]}]},{\"@type\":\"ImageObject\",\"inLanguage\":\"ca\",\"@id\":\"https:\/\/xativaturismo.com\/val\/19a-mitja-marato-de-xativa\/#primaryimage\",\"url\":\"https:\/\/xativaturismo.com\/wp-content\/uploads\/2024\/02\/capcalera-articles-blog-xativa-1.jpg\",\"contentUrl\":\"https:\/\/xativaturismo.com\/wp-content\/uploads\/2024\/02\/capcalera-articles-blog-xativa-1.jpg\",\"width\":1140,\"height\":350,\"caption\":\"19a Mitja Marat\u00f3 de X\u00e0tiva\"},{\"@type\":\"BreadcrumbList\",\"@id\":\"https:\/\/xativaturismo.com\/val\/19a-mitja-marato-de-xativa\/#breadcrumb\",\"itemListElement\":[{\"@type\":\"ListItem\",\"position\":1,\"name\":\"Portada\",\"item\":\"https:\/\/xativaturismo.com\/val\/\"},{\"@type\":\"ListItem\",\"position\":2,\"name\":\"19a mitja marat\u00f3 de X\u00e0tiva\"}]},{\"@type\":\"WebSite\",\"@id\":\"https:\/\/xativaturismo.com\/#website\",\"url\":\"https:\/\/xativaturismo.com\/\",\"name\":\"X\u00e0tiva Turismo\",\"description\":\"Bienvenidos a la oficina de Turismo de X\u00e0tiva\",\"publisher\":{\"@id\":\"https:\/\/xativaturismo.com\/#organization\"},\"potentialAction\":[{\"@type\":\"SearchAction\",\"target\":{\"@type\":\"EntryPoint\",\"urlTemplate\":\"https:\/\/xativaturismo.com\/?s={search_term_string}\"},\"query-input\":{\"@type\":\"PropertyValueSpecification\",\"valueRequired\":true,\"valueName\":\"search_term_string\"}}],\"inLanguage\":\"ca\"},{\"@type\":\"Organization\",\"@id\":\"https:\/\/xativaturismo.com\/#organization\",\"name\":\"X\u00e0tiva Turismo\",\"url\":\"https:\/\/xativaturismo.com\/\",\"logo\":{\"@type\":\"ImageObject\",\"inLanguage\":\"ca\",\"@id\":\"https:\/\/xativaturismo.com\/#\/schema\/logo\/image\/\",\"url\":\"https:\/\/xativaturismo.com\/wp-content\/uploads\/2020\/10\/logo-lila512-2.png\",\"contentUrl\":\"https:\/\/xativaturismo.com\/wp-content\/uploads\/2020\/10\/logo-lila512-2.png\",\"width\":445,\"height\":512,\"caption\":\"X\u00e0tiva Turismo\"},\"image\":{\"@id\":\"https:\/\/xativaturismo.com\/#\/schema\/logo\/image\/\"},\"sameAs\":[\"https:\/\/www.facebook.com\/XativaTurisme\",\"https:\/\/x.com\/XativaTurisme\"]},{\"@type\":\"Person\",\"@id\":\"https:\/\/xativaturismo.com\/#\/schema\/person\/076ef82c001ca23709c36cf13a96ee7d\",\"name\":\"Edit Orial\",\"image\":{\"@type\":\"ImageObject\",\"inLanguage\":\"ca\",\"@id\":\"https:\/\/xativaturismo.com\/#\/schema\/person\/image\/\",\"url\":\"https:\/\/secure.gravatar.com\/avatar\/8e23460bf094742a301ecd4741c5b42b22f6fd944b7a3e55260bb476eccfd123?s=96&d=mm&r=g\",\"contentUrl\":\"https:\/\/secure.gravatar.com\/avatar\/8e23460bf094742a301ecd4741c5b42b22f6fd944b7a3e55260bb476eccfd123?s=96&d=mm&r=g\",\"caption\":\"Edit Orial\"},\"url\":\"https:\/\/xativaturismo.com\/val\/author\/autoripress\/\"}]}<\/script>\n<!-- \/ Yoast SEO plugin. -->","yoast_head_json":{"title":"19a mitja marat\u00f3 de X\u00e0tiva - X\u00e0tiva Turismo","robots":{"index":"index","follow":"follow","max-snippet":"max-snippet:-1","max-image-preview":"max-image-preview:large","max-video-preview":"max-video-preview:-1"},"canonical":"https:\/\/xativaturismo.com\/val\/19a-mitja-marato-de-xativa\/","og_locale":"ca_ES","og_type":"article","og_title":"19a mitja marat\u00f3 de X\u00e0tiva - X\u00e0tiva Turismo","og_description":"Hi haur\u00e0 170 corredors locals i els dorsals es poden recollir dijous, divendres i dissabte a la Cl\u00ednica Ascires i diumenge a la zona de meta.","og_url":"https:\/\/xativaturismo.com\/val\/19a-mitja-marato-de-xativa\/","og_site_name":"X\u00e0tiva Turismo","article_publisher":"https:\/\/www.facebook.com\/XativaTurisme","article_published_time":"2024-02-18T08:45:05+00:00","article_modified_time":"2024-02-18T08:46:10+00:00","og_image":[{"width":1140,"height":350,"url":"https:\/\/xativaturismo.com\/wp-content\/uploads\/2024\/02\/capcalera-articles-blog-xativa-1.jpg","type":"image\/jpeg"}],"author":"Edit Orial","twitter_card":"summary_large_image","twitter_creator":"@XativaTurisme","twitter_site":"@XativaTurisme","twitter_misc":{"Written by":"Edit Orial","Est. reading time":"4 minutes"},"schema":{"@context":"https:\/\/schema.org","@graph":[{"@type":"Article","@id":"https:\/\/xativaturismo.com\/val\/19a-mitja-marato-de-xativa\/#article","isPartOf":{"@id":"https:\/\/xativaturismo.com\/val\/19a-mitja-marato-de-xativa\/"},"author":{"name":"Edit Orial","@id":"https:\/\/xativaturismo.com\/#\/schema\/person\/076ef82c001ca23709c36cf13a96ee7d"},"headline":"19a mitja marat\u00f3 de X\u00e0tiva","datePublished":"2024-02-18T08:45:05+00:00","dateModified":"2024-02-18T08:46:10+00:00","mainEntityOfPage":{"@id":"https:\/\/xativaturismo.com\/val\/19a-mitja-marato-de-xativa\/"},"wordCount":731,"publisher":{"@id":"https:\/\/xativaturismo.com\/#organization"},"image":{"@id":"https:\/\/xativaturismo.com\/val\/19a-mitja-marato-de-xativa\/#primaryimage"},"thumbnailUrl":"https:\/\/xativaturismo.com\/wp-content\/uploads\/2024\/02\/capcalera-articles-blog-xativa-1.jpg","keywords":["cursa","mitja marat\u00f3"],"articleSection":["Actualidad","Actualidad","Actualitat"],"inLanguage":"ca"},{"@type":"WebPage","@id":"https:\/\/xativaturismo.com\/val\/19a-mitja-marato-de-xativa\/","url":"https:\/\/xativaturismo.com\/val\/19a-mitja-marato-de-xativa\/","name":"19a mitja marat\u00f3 de X\u00e0tiva - X\u00e0tiva Turismo","isPartOf":{"@id":"https:\/\/xativaturismo.com\/#website"},"primaryImageOfPage":{"@id":"https:\/\/xativaturismo.com\/val\/19a-mitja-marato-de-xativa\/#primaryimage"},"image":{"@id":"https:\/\/xativaturismo.com\/val\/19a-mitja-marato-de-xativa\/#primaryimage"},"thumbnailUrl":"https:\/\/xativaturismo.com\/wp-content\/uploads\/2024\/02\/capcalera-articles-blog-xativa-1.jpg","datePublished":"2024-02-18T08:45:05+00:00","dateModified":"2024-02-18T08:46:10+00:00","breadcrumb":{"@id":"https:\/\/xativaturismo.com\/val\/19a-mitja-marato-de-xativa\/#breadcrumb"},"inLanguage":"ca","potentialAction":[{"@type":"ReadAction","target":["https:\/\/xativaturismo.com\/val\/19a-mitja-marato-de-xativa\/"]}]},{"@type":"ImageObject","inLanguage":"ca","@id":"https:\/\/xativaturismo.com\/val\/19a-mitja-marato-de-xativa\/#primaryimage","url":"https:\/\/xativaturismo.com\/wp-content\/uploads\/2024\/02\/capcalera-articles-blog-xativa-1.jpg","contentUrl":"https:\/\/xativaturismo.com\/wp-content\/uploads\/2024\/02\/capcalera-articles-blog-xativa-1.jpg","width":1140,"height":350,"caption":"19a Mitja Marat\u00f3 de X\u00e0tiva"},{"@type":"BreadcrumbList","@id":"https:\/\/xativaturismo.com\/val\/19a-mitja-marato-de-xativa\/#breadcrumb","itemListElement":[{"@type":"ListItem","position":1,"name":"Portada","item":"https:\/\/xativaturismo.com\/val\/"},{"@type":"ListItem","position":2,"name":"19a mitja marat\u00f3 de X\u00e0tiva"}]},{"@type":"WebSite","@id":"https:\/\/xativaturismo.com\/#website","url":"https:\/\/xativaturismo.com\/","name":"X\u00e0tiva Turismo","description":"Bienvenidos a la oficina de Turismo de X\u00e0tiva","publisher":{"@id":"https:\/\/xativaturismo.com\/#organization"},"potentialAction":[{"@type":"SearchAction","target":{"@type":"EntryPoint","urlTemplate":"https:\/\/xativaturismo.com\/?s={search_term_string}"},"query-input":{"@type":"PropertyValueSpecification","valueRequired":true,"valueName":"search_term_string"}}],"inLanguage":"ca"},{"@type":"Organization","@id":"https:\/\/xativaturismo.com\/#organization","name":"X\u00e0tiva Turismo","url":"https:\/\/xativaturismo.com\/","logo":{"@type":"ImageObject","inLanguage":"ca","@id":"https:\/\/xativaturismo.com\/#\/schema\/logo\/image\/","url":"https:\/\/xativaturismo.com\/wp-content\/uploads\/2020\/10\/logo-lila512-2.png","contentUrl":"https:\/\/xativaturismo.com\/wp-content\/uploads\/2020\/10\/logo-lila512-2.png","width":445,"height":512,"caption":"X\u00e0tiva Turismo"},"image":{"@id":"https:\/\/xativaturismo.com\/#\/schema\/logo\/image\/"},"sameAs":["https:\/\/www.facebook.com\/XativaTurisme","https:\/\/x.com\/XativaTurisme"]},{"@type":"Person","@id":"https:\/\/xativaturismo.com\/#\/schema\/person\/076ef82c001ca23709c36cf13a96ee7d","name":"Edit Orial","image":{"@type":"ImageObject","inLanguage":"ca","@id":"https:\/\/xativaturismo.com\/#\/schema\/person\/image\/","url":"https:\/\/secure.gravatar.com\/avatar\/8e23460bf094742a301ecd4741c5b42b22f6fd944b7a3e55260bb476eccfd123?s=96&d=mm&r=g","contentUrl":"https:\/\/secure.gravatar.com\/avatar\/8e23460bf094742a301ecd4741c5b42b22f6fd944b7a3e55260bb476eccfd123?s=96&d=mm&r=g","caption":"Edit Orial"},"url":"https:\/\/xativaturismo.com\/val\/author\/autoripress\/"}]}},"_links":{"self":[{"href":"https:\/\/xativaturismo.com\/val\/wp-json\/wp\/v2\/posts\/453623","targetHints":{"allow":["GET"]}}],"collection":[{"href":"https:\/\/xativaturismo.com\/val\/wp-json\/wp\/v2\/posts"}],"about":[{"href":"https:\/\/xativaturismo.com\/val\/wp-json\/wp\/v2\/types\/post"}],"author":[{"embeddable":true,"href":"https:\/\/xativaturismo.com\/val\/wp-json\/wp\/v2\/users\/10"}],"replies":[{"embeddable":true,"href":"https:\/\/xativaturismo.com\/val\/wp-json\/wp\/v2\/comments?post=453623"}],"version-history":[{"count":0,"href":"https:\/\/xativaturismo.com\/val\/wp-json\/wp\/v2\/posts\/453623\/revisions"}],"wp:featuredmedia":[{"embeddable":true,"href":"https:\/\/xativaturismo.com\/val\/wp-json\/wp\/v2\/media\/453624"}],"wp:attachment":[{"href":"https:\/\/xativaturismo.com\/val\/wp-json\/wp\/v2\/media?parent=453623"}],"wp:term":[{"taxonomy":"category","embeddable":true,"href":"https:\/\/xativaturismo.com\/val\/wp-json\/wp\/v2\/categories?post=453623"},{"taxonomy":"post_tag","embeddable":true,"href":"https:\/\/xativaturismo.com\/val\/wp-json\/wp\/v2\/tags?post=453623"}],"curies":[{"name":"wp","href":"https:\/\/api.w.org\/{rel}","templated":true}]}}