{"id":452608,"date":"2024-02-16T13:38:34","date_gmt":"2024-02-16T12:38:34","guid":{"rendered":"https:\/\/xativaturismo.com\/?p=452608"},"modified":"2024-02-19T19:20:07","modified_gmt":"2024-02-19T18:20:07","slug":"firall-2024","status":"publish","type":"post","link":"https:\/\/xativaturismo.com\/val\/firall-2024\/","title":{"rendered":"FirAll 2024"},"content":{"rendered":"<div class=\"wpb-content-wrapper\">[vc_row][vc_column][vc_btn title=&#8221;Programa FirAll 2024 (amb men\u00fas gastron\u00f2mics)&#8221; color=&#8221;pink&#8221; align=&#8221;center&#8221; link=&#8221;url:https%3A%2F%2Fxativaturismo.com%2Fwp-content%2Fuploads%2F2024%2F02%2Fprograma-firall-2024-web.pdf|target:_blank&#8221;][\/vc_column][\/vc_row][vc_row][vc_column][vc_single_image image=&#8221;454479&#8243; alignment=&#8221;center&#8221; title=&#8221;Inscripcions CATA DE CERVESES&#8221;][vc_single_image image=&#8221;454482&#8243; alignment=&#8221;center&#8221; title=&#8221;Inscripcions DEL CAMP A LA TAULA&#8221;][\/vc_column][\/vc_row][vc_row][vc_column][vc_column_text css=&#8221;.vc_custom_1708279799791{margin-bottom: 0px !important;}&#8221;]\n<ul>\n<li><strong>Arriba el FirAll 2024 amb m\u00e9s d\u2019una vintena de cites gastron\u00f2miques, etnol\u00f2giques, culturals i musicals<\/strong><\/li>\n<li><strong>L\u2019atleta Judith Tortosa \u00e9s la protagonista del cartell anunciador de la Fira de l\u2019all tendre d\u2019aquest any<\/strong><\/li>\n<\/ul>\n<p>Ha tingut lloc la presentaci\u00f3 del FirAll 2024, la 8a edici\u00f3 de la Fira de l\u2019All Tendre de X\u00e0tiva, amb la pres\u00e8ncia de la primera tinenta d\u2019alcalde Amor Amor\u00f3s, la regidora d\u2019Agricultura Susana Gomar i el Secretari de la Uni\u00f3 Llauradora i Ramadera del Pa\u00eds Valenci\u00e0 Jos\u00e9 Tormo \u00abPiment\u00f3\u00bb.<\/p>\n<p>\u00abAquesta Fira pret\u00e9n donar valor a all\u00f2 nostre. A la ciutat de X\u00e0tiva, als seus productes i a les seues persones que s\u2019alcen cada dia molt mat\u00ed per treballar. FirAll \u00e9s una de les activitats en les quals es veu la transversalitat que es necessita per dur endavant el projecte de ciutat. \u00c9s un cap de setmana en el qual li dediquem temps al nostre producte, a l\u2019all\u00bb, ha indicat la primera tinenta d\u2019alcalde Amor Amor\u00f3s. Per la seua part, la regidora d\u2019Agricultura Susana Gomar ha declarat que \u00abvolem que aquest FirAll siga divers i enfocat a posar en valor als llauradors i les llauradores de les noves generacions que v\u00e9nen, per\u00f2 sense deixar de ser un referent de tradici\u00f3 per divulgar el nostre producte estrela i treballant per donar a con\u00e8ixer totes les vessants de l\u2019all, des del cultiu fins el cuinat\u00bb.<\/p>\n<h2>Programaci\u00f3<\/h2>\n<p>La primera activitat tindr\u00e0 lloc aquest diumenge 18 de febrer, amb la tradicional cal\u00e7otada popular a la pla\u00e7a del Mercat a partir de les 11 hores, mentre que tamb\u00e9 hi ha prevista una Setmana Gastron\u00f2mica de l\u2019All Tendre amb la participaci\u00f3 de m\u00e9s d\u2019una desena de locals de restauraci\u00f3 i men\u00fas a diferents preus (entre 15 i 30 euros) i amb l\u2019all tendre com a protagonista. Els establiments on es podran degustar aquests men\u00fas s\u00f3n: El Moncho, El Rey del Tapeo, Restaurant Ganesh Cocina Ecl\u00e9ctica, la Talaia del Castell, Els Porxes, Mes\u00f3n Origen, Ca Conxa, el Cullerot, El Carmen, Portal de Ca Conxa i Carpanel.<\/p>\n<p>Els centres escolars tamb\u00e9 seran protagonistes en aquesta Fira. L\u2019Institut Llu\u00eds Simarro Lacabra, a trav\u00e9s del seu m\u00f2dul de cuina, ha organitzat una s\u00e8rie d\u2019activitats al voltant de l\u2019all tendre. Aix\u00ed els dies 20 i 21 de febrer es realitzaran elaboracions amb all tendre mentre que el dijous 22 tindr\u00e0 lloc un showcooking i demostraci\u00f3 amb els alumnes i es clour\u00e0 la setmana el divendres 23 amb el concurs \u00abEl Simarro cuina l\u2019all\u00bb, amb entrega de detalls als alumnes.<\/p>\n<p>Tamb\u00e9 al Simarro, el proper dilluns 19 de febrer, s\u2019impartir\u00e0 un col\u00b7loqui amb la participaci\u00f3 d\u2019Ana Climent, per tal de tractar la situaci\u00f3 de les varietats valencianes de cacau i exposar un exemple de negoci i i oportunitat d\u2019altre producte aut\u00f2cton. A m\u00e9s a m\u00e9s, durant la propera setmana tindran lloc visites guiades als camps d\u2019all tendre per a tots els centres educatius de X\u00e0tiva, les quals correran a c\u00e0rrec de Pep Gimeno Botifarra.<\/p>\n<p>El gruix del FirAll 2024 es concentrar\u00e0 en el cap de setmana del 23 al 25 de febrer. L\u2019Avinguda Selgas acollir\u00e0 la Fira Comercial i d\u2019artesania del FirAll, amb la participaci\u00f3 de 25 establiments, i el divendres 23 a les 19 hores tindr\u00e0 lloc al recinte del mercat municipal un tast de cerveses i maridatge amb plats elaborats amb all tendre. Aquesta activitat t\u00e9 un aforament limitat de 40 persones i el formulari d\u2019inscripci\u00f3 es pot realitzar a trav\u00e9s d\u2019un codi QR ubicat a la web de X\u00e0tiva Turisme.<\/p>\n<p>El dissabte 24 comen\u00e7ar\u00e0 amb l\u2019esmorzar de l\u2019associaci\u00f3 d\u2019alls tendres (9:00h) i a les 10 tindr\u00e0 lloc una visita guiada a un camp d\u2019alls tendres, oberta a tota la ciutadania i amb eixida des del Gran Teatre, per a la qual ser\u00e0 necess\u00e0ria inscripci\u00f3 pr\u00e8via que es pot realitzar a trav\u00e9s del correu promocioeconomica@ayto-xativa.es. A les 11 hores es realitzar\u00e0 un taller familiar de cuina d\u2019all tendre a c\u00e0rrec del cuiner local Santiago de los Reyes (El Cullerot) i per al qual tamb\u00e9 hi ha una limitaci\u00f3 de 40 participants que s\u2019han d\u2019inscriure a trav\u00e9s d\u2019un formulari ubicat a la web de X\u00e0tiva Turisme. A les 13 hores es realitzar\u00e0 el concert familiar \u00abBeatles for kids\u00bb. I ja de vesprada es realitzar\u00e0 el concurs de lligar alls tendres (17h), entrega de premis i reconeixement als allers Paco i Vicente Benavent Vidal (17:30h) i a les 18h tindr\u00e0 lloc el concert \u00abCants de la Terra\u00bb amb la participaci\u00f3 de Pep Gimeno Botifarra i Hilario Alonso.<\/p>\n<p>Per \u00faltim, el diumenge 25 de febrer se celebrar\u00e0 la 19a edici\u00f3 de la Mitja Marat\u00f3 de X\u00e0tiva, organitzada pel Club Ajos X\u00e0tiva, i des de les 10:30 hores es podr\u00e0 gaudir de l\u2019esmorzar Firaller (amb aforament per a 150 persones). Tamb\u00e9 hi haur\u00e0 teatre, amb l\u2019espectacle de petit format \u00abHorta\u00bb al Gran Teatre de la ciutat en dues sessions: 11 i 12.30 hores. Per finalitzar el FirAll 2024, a les 13:30 es podr\u00e0 gaudir del concert de cloenda a c\u00e0rrec de la banda local Cara B.<\/p>\n<p>Jos\u00e9 Tormo \u00abPiment\u00f3\u00bb ha destacat que la campanya de l\u2019all tendre de X\u00e0tiva es troba en aquests moments en un 50%, ja que les circumst\u00e0ncies clim\u00e0tiques estan provocant que el cultiu de la varietat camallarga no siga tan exit\u00f3s com en altres campanyes degut a que les altes temperatures fan que la collita s\u2019estiga retardant. \u00abAquest oratge no \u00e9s normal i perjudica a l\u2019all, que el que vol \u00e9s fred. De moment sols han caigut dos o tres escarxes, per\u00f2 esperem que prompte arribe el fred per poder seguir produint\u00bb. Per a donar-li soluci\u00f3, \u2018Piment\u00f3\u2019 planteja la sembra d\u2019altres varietats com ara l\u2019all morat, \u00abper\u00f2 aquesta varietat sol vindre m\u00e9s tard\u00bb.<\/p>\n<h2>Judith Tortosa, al cartell<\/h2>\n<p>L\u2019atleta de X\u00e0tiva Judith Tortosa, guanyadora de la medalla de bronze al Mundial Paral\u00edmpic celebrat a Par\u00eds el passat any 2023, on va assolir tamb\u00e9 el r\u00e8cord d\u2019Espanya, \u00e9s la imatge del cartell anunciador del FirAll 2024.<\/p>\n<p>En certa manera, la seua hist\u00f2ria \u00e9s paral\u00b7lela a la dels alls tendres, ja que simbolitza la superaci\u00f3 i el creixement personal. El cartell \u00e9s obra de l\u2019il\u00b7lustrador Alfredo Pardo.<\/p>\n<p>\u00abJudith inspira amb la seua resili\u00e8ncia, recordant-nos que l\u2019esfor\u00e7 i la dedicaci\u00f3 poden conduir a la consecuci\u00f3 de grans fites\u00bb, ha explicat la regidora d\u2019Agricultura Susana Gomar, mentre que la primera tinenta d\u2019alcalde Amor Amor\u00f3s ha indicat que \u00abha estat un encert tornar a recuperar el misteri del cartell del FirAll per veure el personatge que s\u2019amaga darrere. I m\u00e9s en aquesta edici\u00f3 en la qual la protagonista \u00e9s una dona potent, la qual est\u00e0 traslladant el nom de X\u00e0tiva a les ciutats on va a competir, el que suposa tot un honor\u00bb.[\/vc_column_text][\/vc_column][\/vc_row][vc_row][vc_column][\/vc_column][\/vc_row]\n<\/div>","protected":false},"excerpt":{"rendered":"<p>Arriba el FirAll 2024 amb m\u00e9s d\u2019una vintena de cites gastron\u00f2miques, etnol\u00f2giques, culturals i musicals.<\/p>\n","protected":false},"author":10,"featured_media":452609,"comment_status":"closed","ping_status":"closed","sticky":false,"template":"","format":"standard","meta":{"_price":"","_stock":"","_tribe_ticket_header":"","_tribe_default_ticket_provider":"","_ticket_start_date":"","_ticket_end_date":"","_tribe_ticket_show_description":"","_tribe_ticket_show_not_going":false,"_tribe_ticket_use_global_stock":"","_tribe_ticket_global_stock_level":"","_global_stock_mode":"","_global_stock_cap":"","_tribe_rsvp_for_event":"","_tribe_ticket_going_count":"","_tribe_ticket_not_going_count":"","_tribe_tickets_list":"[]","_tribe_ticket_has_attendee_info_fields":false,"footnotes":""},"categories":[19,374,23],"tags":[3271],"class_list":["post-452608","post","type-post","status-publish","format-standard","has-post-thumbnail","hentry","category-actualidad","category-actualidad-en","category-actualidad-val","tag-firall"],"yoast_head":"<!-- This site is optimized with the Yoast SEO plugin v27.0 - https:\/\/yoast.com\/product\/yoast-seo-wordpress\/ -->\n<title>FirAll 2024 - X\u00e0tiva Turisme<\/title>\n<meta name=\"description\" content=\"Arriba el FirAll 2024 amb m\u00e9s d\u2019una vintena de cites gastron\u00f2miques, etnol\u00f2giques, culturals i musicals.\" \/>\n<meta name=\"robots\" content=\"index, follow, max-snippet:-1, max-image-preview:large, max-video-preview:-1\" \/>\n<link rel=\"canonical\" href=\"https:\/\/xativaturismo.com\/val\/firall-2024\/\" \/>\n<meta property=\"og:locale\" content=\"ca_ES\" \/>\n<meta property=\"og:type\" content=\"article\" \/>\n<meta property=\"og:title\" content=\"FirAll 2024 - X\u00e0tiva Turisme\" \/>\n<meta property=\"og:description\" content=\"Arriba el FirAll 2024 amb m\u00e9s d\u2019una vintena de cites gastron\u00f2miques, etnol\u00f2giques, culturals i musicals.\" \/>\n<meta property=\"og:url\" content=\"https:\/\/xativaturismo.com\/val\/firall-2024\/\" \/>\n<meta property=\"og:site_name\" content=\"X\u00e0tiva Turismo\" \/>\n<meta property=\"article:publisher\" content=\"https:\/\/www.facebook.com\/XativaTurisme\" \/>\n<meta property=\"article:published_time\" content=\"2024-02-16T12:38:34+00:00\" \/>\n<meta property=\"article:modified_time\" content=\"2024-02-19T18:20:07+00:00\" \/>\n<meta property=\"og:image\" content=\"https:\/\/xativaturismo.com\/wp-content\/uploads\/2024\/02\/capcalera-articles-blog-xativa.jpg\" \/>\n\t<meta property=\"og:image:width\" content=\"1140\" \/>\n\t<meta property=\"og:image:height\" content=\"350\" \/>\n\t<meta property=\"og:image:type\" content=\"image\/jpeg\" \/>\n<meta name=\"author\" content=\"Edit Orial\" \/>\n<meta name=\"twitter:card\" content=\"summary_large_image\" \/>\n<meta name=\"twitter:creator\" content=\"@XativaTurisme\" \/>\n<meta name=\"twitter:site\" content=\"@XativaTurisme\" \/>\n<meta name=\"twitter:label1\" content=\"Written by\" \/>\n\t<meta name=\"twitter:data1\" content=\"Edit Orial\" \/>\n\t<meta name=\"twitter:label2\" content=\"Est. reading time\" \/>\n\t<meta name=\"twitter:data2\" content=\"6 minutes\" \/>\n<script type=\"application\/ld+json\" class=\"yoast-schema-graph\">{\"@context\":\"https:\/\/schema.org\",\"@graph\":[{\"@type\":\"Article\",\"@id\":\"https:\/\/xativaturismo.com\/val\/firall-2024\/#article\",\"isPartOf\":{\"@id\":\"https:\/\/xativaturismo.com\/val\/firall-2024\/\"},\"author\":{\"name\":\"Edit Orial\",\"@id\":\"https:\/\/xativaturismo.com\/#\/schema\/person\/076ef82c001ca23709c36cf13a96ee7d\"},\"headline\":\"FirAll 2024\",\"datePublished\":\"2024-02-16T12:38:34+00:00\",\"dateModified\":\"2024-02-19T18:20:07+00:00\",\"mainEntityOfPage\":{\"@id\":\"https:\/\/xativaturismo.com\/val\/firall-2024\/\"},\"wordCount\":1274,\"publisher\":{\"@id\":\"https:\/\/xativaturismo.com\/#organization\"},\"image\":{\"@id\":\"https:\/\/xativaturismo.com\/val\/firall-2024\/#primaryimage\"},\"thumbnailUrl\":\"https:\/\/xativaturismo.com\/wp-content\/uploads\/2024\/02\/capcalera-articles-blog-xativa.jpg\",\"keywords\":[\"firall\"],\"articleSection\":[\"Actualidad\",\"Actualidad\",\"Actualitat\"],\"inLanguage\":\"ca\"},{\"@type\":\"WebPage\",\"@id\":\"https:\/\/xativaturismo.com\/val\/firall-2024\/\",\"url\":\"https:\/\/xativaturismo.com\/val\/firall-2024\/\",\"name\":\"FirAll 2024 - X\u00e0tiva Turisme\",\"isPartOf\":{\"@id\":\"https:\/\/xativaturismo.com\/#website\"},\"primaryImageOfPage\":{\"@id\":\"https:\/\/xativaturismo.com\/val\/firall-2024\/#primaryimage\"},\"image\":{\"@id\":\"https:\/\/xativaturismo.com\/val\/firall-2024\/#primaryimage\"},\"thumbnailUrl\":\"https:\/\/xativaturismo.com\/wp-content\/uploads\/2024\/02\/capcalera-articles-blog-xativa.jpg\",\"datePublished\":\"2024-02-16T12:38:34+00:00\",\"dateModified\":\"2024-02-19T18:20:07+00:00\",\"description\":\"Arriba el FirAll 2024 amb m\u00e9s d\u2019una vintena de cites gastron\u00f2miques, etnol\u00f2giques, culturals i musicals.\",\"breadcrumb\":{\"@id\":\"https:\/\/xativaturismo.com\/val\/firall-2024\/#breadcrumb\"},\"inLanguage\":\"ca\",\"potentialAction\":[{\"@type\":\"ReadAction\",\"target\":[\"https:\/\/xativaturismo.com\/val\/firall-2024\/\"]}]},{\"@type\":\"ImageObject\",\"inLanguage\":\"ca\",\"@id\":\"https:\/\/xativaturismo.com\/val\/firall-2024\/#primaryimage\",\"url\":\"https:\/\/xativaturismo.com\/wp-content\/uploads\/2024\/02\/capcalera-articles-blog-xativa.jpg\",\"contentUrl\":\"https:\/\/xativaturismo.com\/wp-content\/uploads\/2024\/02\/capcalera-articles-blog-xativa.jpg\",\"width\":1140,\"height\":350,\"caption\":\"FirAll 2024\"},{\"@type\":\"BreadcrumbList\",\"@id\":\"https:\/\/xativaturismo.com\/val\/firall-2024\/#breadcrumb\",\"itemListElement\":[{\"@type\":\"ListItem\",\"position\":1,\"name\":\"Portada\",\"item\":\"https:\/\/xativaturismo.com\/val\/\"},{\"@type\":\"ListItem\",\"position\":2,\"name\":\"FirAll 2024\"}]},{\"@type\":\"WebSite\",\"@id\":\"https:\/\/xativaturismo.com\/#website\",\"url\":\"https:\/\/xativaturismo.com\/\",\"name\":\"X\u00e0tiva Turismo\",\"description\":\"Bienvenidos a la oficina de Turismo de X\u00e0tiva\",\"publisher\":{\"@id\":\"https:\/\/xativaturismo.com\/#organization\"},\"potentialAction\":[{\"@type\":\"SearchAction\",\"target\":{\"@type\":\"EntryPoint\",\"urlTemplate\":\"https:\/\/xativaturismo.com\/?s={search_term_string}\"},\"query-input\":{\"@type\":\"PropertyValueSpecification\",\"valueRequired\":true,\"valueName\":\"search_term_string\"}}],\"inLanguage\":\"ca\"},{\"@type\":\"Organization\",\"@id\":\"https:\/\/xativaturismo.com\/#organization\",\"name\":\"X\u00e0tiva Turismo\",\"url\":\"https:\/\/xativaturismo.com\/\",\"logo\":{\"@type\":\"ImageObject\",\"inLanguage\":\"ca\",\"@id\":\"https:\/\/xativaturismo.com\/#\/schema\/logo\/image\/\",\"url\":\"https:\/\/xativaturismo.com\/wp-content\/uploads\/2020\/10\/logo-lila512-2.png\",\"contentUrl\":\"https:\/\/xativaturismo.com\/wp-content\/uploads\/2020\/10\/logo-lila512-2.png\",\"width\":445,\"height\":512,\"caption\":\"X\u00e0tiva Turismo\"},\"image\":{\"@id\":\"https:\/\/xativaturismo.com\/#\/schema\/logo\/image\/\"},\"sameAs\":[\"https:\/\/www.facebook.com\/XativaTurisme\",\"https:\/\/x.com\/XativaTurisme\"]},{\"@type\":\"Person\",\"@id\":\"https:\/\/xativaturismo.com\/#\/schema\/person\/076ef82c001ca23709c36cf13a96ee7d\",\"name\":\"Edit Orial\",\"image\":{\"@type\":\"ImageObject\",\"inLanguage\":\"ca\",\"@id\":\"https:\/\/xativaturismo.com\/#\/schema\/person\/image\/\",\"url\":\"https:\/\/secure.gravatar.com\/avatar\/8e23460bf094742a301ecd4741c5b42b22f6fd944b7a3e55260bb476eccfd123?s=96&d=mm&r=g\",\"contentUrl\":\"https:\/\/secure.gravatar.com\/avatar\/8e23460bf094742a301ecd4741c5b42b22f6fd944b7a3e55260bb476eccfd123?s=96&d=mm&r=g\",\"caption\":\"Edit Orial\"},\"url\":\"https:\/\/xativaturismo.com\/val\/author\/autoripress\/\"}]}<\/script>\n<!-- \/ Yoast SEO plugin. -->","yoast_head_json":{"title":"FirAll 2024 - X\u00e0tiva Turisme","description":"Arriba el FirAll 2024 amb m\u00e9s d\u2019una vintena de cites gastron\u00f2miques, etnol\u00f2giques, culturals i musicals.","robots":{"index":"index","follow":"follow","max-snippet":"max-snippet:-1","max-image-preview":"max-image-preview:large","max-video-preview":"max-video-preview:-1"},"canonical":"https:\/\/xativaturismo.com\/val\/firall-2024\/","og_locale":"ca_ES","og_type":"article","og_title":"FirAll 2024 - X\u00e0tiva Turisme","og_description":"Arriba el FirAll 2024 amb m\u00e9s d\u2019una vintena de cites gastron\u00f2miques, etnol\u00f2giques, culturals i musicals.","og_url":"https:\/\/xativaturismo.com\/val\/firall-2024\/","og_site_name":"X\u00e0tiva Turismo","article_publisher":"https:\/\/www.facebook.com\/XativaTurisme","article_published_time":"2024-02-16T12:38:34+00:00","article_modified_time":"2024-02-19T18:20:07+00:00","og_image":[{"width":1140,"height":350,"url":"https:\/\/xativaturismo.com\/wp-content\/uploads\/2024\/02\/capcalera-articles-blog-xativa.jpg","type":"image\/jpeg"}],"author":"Edit Orial","twitter_card":"summary_large_image","twitter_creator":"@XativaTurisme","twitter_site":"@XativaTurisme","twitter_misc":{"Written by":"Edit Orial","Est. reading time":"6 minutes"},"schema":{"@context":"https:\/\/schema.org","@graph":[{"@type":"Article","@id":"https:\/\/xativaturismo.com\/val\/firall-2024\/#article","isPartOf":{"@id":"https:\/\/xativaturismo.com\/val\/firall-2024\/"},"author":{"name":"Edit Orial","@id":"https:\/\/xativaturismo.com\/#\/schema\/person\/076ef82c001ca23709c36cf13a96ee7d"},"headline":"FirAll 2024","datePublished":"2024-02-16T12:38:34+00:00","dateModified":"2024-02-19T18:20:07+00:00","mainEntityOfPage":{"@id":"https:\/\/xativaturismo.com\/val\/firall-2024\/"},"wordCount":1274,"publisher":{"@id":"https:\/\/xativaturismo.com\/#organization"},"image":{"@id":"https:\/\/xativaturismo.com\/val\/firall-2024\/#primaryimage"},"thumbnailUrl":"https:\/\/xativaturismo.com\/wp-content\/uploads\/2024\/02\/capcalera-articles-blog-xativa.jpg","keywords":["firall"],"articleSection":["Actualidad","Actualidad","Actualitat"],"inLanguage":"ca"},{"@type":"WebPage","@id":"https:\/\/xativaturismo.com\/val\/firall-2024\/","url":"https:\/\/xativaturismo.com\/val\/firall-2024\/","name":"FirAll 2024 - X\u00e0tiva Turisme","isPartOf":{"@id":"https:\/\/xativaturismo.com\/#website"},"primaryImageOfPage":{"@id":"https:\/\/xativaturismo.com\/val\/firall-2024\/#primaryimage"},"image":{"@id":"https:\/\/xativaturismo.com\/val\/firall-2024\/#primaryimage"},"thumbnailUrl":"https:\/\/xativaturismo.com\/wp-content\/uploads\/2024\/02\/capcalera-articles-blog-xativa.jpg","datePublished":"2024-02-16T12:38:34+00:00","dateModified":"2024-02-19T18:20:07+00:00","description":"Arriba el FirAll 2024 amb m\u00e9s d\u2019una vintena de cites gastron\u00f2miques, etnol\u00f2giques, culturals i musicals.","breadcrumb":{"@id":"https:\/\/xativaturismo.com\/val\/firall-2024\/#breadcrumb"},"inLanguage":"ca","potentialAction":[{"@type":"ReadAction","target":["https:\/\/xativaturismo.com\/val\/firall-2024\/"]}]},{"@type":"ImageObject","inLanguage":"ca","@id":"https:\/\/xativaturismo.com\/val\/firall-2024\/#primaryimage","url":"https:\/\/xativaturismo.com\/wp-content\/uploads\/2024\/02\/capcalera-articles-blog-xativa.jpg","contentUrl":"https:\/\/xativaturismo.com\/wp-content\/uploads\/2024\/02\/capcalera-articles-blog-xativa.jpg","width":1140,"height":350,"caption":"FirAll 2024"},{"@type":"BreadcrumbList","@id":"https:\/\/xativaturismo.com\/val\/firall-2024\/#breadcrumb","itemListElement":[{"@type":"ListItem","position":1,"name":"Portada","item":"https:\/\/xativaturismo.com\/val\/"},{"@type":"ListItem","position":2,"name":"FirAll 2024"}]},{"@type":"WebSite","@id":"https:\/\/xativaturismo.com\/#website","url":"https:\/\/xativaturismo.com\/","name":"X\u00e0tiva Turismo","description":"Bienvenidos a la oficina de Turismo de X\u00e0tiva","publisher":{"@id":"https:\/\/xativaturismo.com\/#organization"},"potentialAction":[{"@type":"SearchAction","target":{"@type":"EntryPoint","urlTemplate":"https:\/\/xativaturismo.com\/?s={search_term_string}"},"query-input":{"@type":"PropertyValueSpecification","valueRequired":true,"valueName":"search_term_string"}}],"inLanguage":"ca"},{"@type":"Organization","@id":"https:\/\/xativaturismo.com\/#organization","name":"X\u00e0tiva Turismo","url":"https:\/\/xativaturismo.com\/","logo":{"@type":"ImageObject","inLanguage":"ca","@id":"https:\/\/xativaturismo.com\/#\/schema\/logo\/image\/","url":"https:\/\/xativaturismo.com\/wp-content\/uploads\/2020\/10\/logo-lila512-2.png","contentUrl":"https:\/\/xativaturismo.com\/wp-content\/uploads\/2020\/10\/logo-lila512-2.png","width":445,"height":512,"caption":"X\u00e0tiva Turismo"},"image":{"@id":"https:\/\/xativaturismo.com\/#\/schema\/logo\/image\/"},"sameAs":["https:\/\/www.facebook.com\/XativaTurisme","https:\/\/x.com\/XativaTurisme"]},{"@type":"Person","@id":"https:\/\/xativaturismo.com\/#\/schema\/person\/076ef82c001ca23709c36cf13a96ee7d","name":"Edit Orial","image":{"@type":"ImageObject","inLanguage":"ca","@id":"https:\/\/xativaturismo.com\/#\/schema\/person\/image\/","url":"https:\/\/secure.gravatar.com\/avatar\/8e23460bf094742a301ecd4741c5b42b22f6fd944b7a3e55260bb476eccfd123?s=96&d=mm&r=g","contentUrl":"https:\/\/secure.gravatar.com\/avatar\/8e23460bf094742a301ecd4741c5b42b22f6fd944b7a3e55260bb476eccfd123?s=96&d=mm&r=g","caption":"Edit Orial"},"url":"https:\/\/xativaturismo.com\/val\/author\/autoripress\/"}]}},"_links":{"self":[{"href":"https:\/\/xativaturismo.com\/val\/wp-json\/wp\/v2\/posts\/452608","targetHints":{"allow":["GET"]}}],"collection":[{"href":"https:\/\/xativaturismo.com\/val\/wp-json\/wp\/v2\/posts"}],"about":[{"href":"https:\/\/xativaturismo.com\/val\/wp-json\/wp\/v2\/types\/post"}],"author":[{"embeddable":true,"href":"https:\/\/xativaturismo.com\/val\/wp-json\/wp\/v2\/users\/10"}],"replies":[{"embeddable":true,"href":"https:\/\/xativaturismo.com\/val\/wp-json\/wp\/v2\/comments?post=452608"}],"version-history":[{"count":0,"href":"https:\/\/xativaturismo.com\/val\/wp-json\/wp\/v2\/posts\/452608\/revisions"}],"wp:featuredmedia":[{"embeddable":true,"href":"https:\/\/xativaturismo.com\/val\/wp-json\/wp\/v2\/media\/452609"}],"wp:attachment":[{"href":"https:\/\/xativaturismo.com\/val\/wp-json\/wp\/v2\/media?parent=452608"}],"wp:term":[{"taxonomy":"category","embeddable":true,"href":"https:\/\/xativaturismo.com\/val\/wp-json\/wp\/v2\/categories?post=452608"},{"taxonomy":"post_tag","embeddable":true,"href":"https:\/\/xativaturismo.com\/val\/wp-json\/wp\/v2\/tags?post=452608"}],"curies":[{"name":"wp","href":"https:\/\/api.w.org\/{rel}","templated":true}]}}