{"id":427579,"date":"2023-12-20T07:18:56","date_gmt":"2023-12-20T06:18:56","guid":{"rendered":"https:\/\/xativaturismo.com\/?p=427579"},"modified":"2023-12-20T07:18:56","modified_gmt":"2023-12-20T06:18:56","slug":"el-betlem-sacosta-a-xifres-record-en-el-seu-segon-cap-de-setmana","status":"publish","type":"post","link":"https:\/\/xativaturismo.com\/val\/el-betlem-sacosta-a-xifres-record-en-el-seu-segon-cap-de-setmana\/","title":{"rendered":"El Betlem s\u2019acosta a xifres r\u00e8cord en el seu segon cap de setmana"},"content":{"rendered":"<blockquote><p>L\u2019atracci\u00f3 nadalenca protagonitza reportatges televisius a Rai Due i Euronews, a m\u00e9s de als canals nacionals<\/p><\/blockquote>\n<p>El segon cap de setmana de funcionament del <a href=\"https:\/\/xativaturismo.com\/val\/betlem-monumental\/\">Betlem Monumental de X\u00e0tiva<\/a> s\u2019ha saldat amb una important xifra de visites, que situa el comptador en les 46.900 persones. Cada any, la principal atracci\u00f3 del Nadal xativ\u00ed fa les del\u00edcies de grans i menuts, i concita l\u2019atenci\u00f3 de nombroses televisions que utilitzen aquest bonic espai com a escenari dels seus reportatges nadalencs. Per la seua banda, l\u2019exposici\u00f3 Playmobil \u00abAprenem somiant\u00bb acumula ja 7.800 visitants.<\/p>\n<p>Fins el punt que enguany les imatges del betlem de X\u00e0tiva han traspassat fronteres i s\u2019han pogut veure a la televisi\u00f3 p\u00fablica italiana, Rai Due i al canal tem\u00e0tic Euronews, amb participaci\u00f3 de les televisions p\u00fabliques de Portugal, B\u00e8lgica, Fran\u00e7a, It\u00e0lia i Espanya. La pres\u00e8ncia d\u2019imatges del betlem sol ser habitual en aquestes dates en les televisions nacionals i, com no, en l\u2019auton\u00f2mica. Tamb\u00e9 arriba al paper couch\u00e9, at\u00e8s que la prestigiosa revista de premsa rosa <em>Hola<\/em> ha publicat fotografies del betlem com a recomanaci\u00f3 d\u2019escapada per a les vacances de Nadal.<\/p>\n<p>No debades, des de l\u2019Ajuntament de X\u00e0tiva es fa una forta aposta per difondre l\u2019atractiu del betlem, degut el potencial d\u2019atracci\u00f3 de visitants i la conseq\u00fcent dinamitzaci\u00f3 de l\u2019activitat econ\u00f2mica que genera a la ciutat. De continuar amb aquesta progressi\u00f3, \u00e9s possible que perille el r\u00e8cord de visites al betlem, aconseguit el 2016 amb 115.117 visites, encara que \u00e9s cert que enguany s\u2019han programat m\u00e9s dies d\u2019apertura al p\u00fablic.<\/p>\n","protected":false},"excerpt":{"rendered":"<p>El segon cap de setmana de funcionament del Betlem Monumental de X\u00e0tiva s\u2019ha saldat amb una important xifra de visites, que situa el comptador en les 46.900 persones.<\/p>\n","protected":false},"author":10,"featured_media":427580,"comment_status":"closed","ping_status":"closed","sticky":false,"template":"","format":"standard","meta":{"_price":"","_stock":"","_tribe_ticket_header":"","_tribe_default_ticket_provider":"","_ticket_start_date":"","_ticket_end_date":"","_tribe_ticket_show_description":"","_tribe_ticket_show_not_going":false,"_tribe_ticket_use_global_stock":"","_tribe_ticket_global_stock_level":"","_global_stock_mode":"","_global_stock_cap":"","_tribe_rsvp_for_event":"","_tribe_ticket_going_count":"","_tribe_ticket_not_going_count":"","_tribe_tickets_list":"[]","_tribe_ticket_has_attendee_info_fields":false,"footnotes":""},"categories":[19,374,23],"tags":[3969,3906],"class_list":["post-427579","post","type-post","status-publish","format-standard","has-post-thumbnail","hentry","category-actualidad","category-actualidad-en","category-actualidad-val","tag-betlem","tag-nadal"],"yoast_head":"<!-- This site is optimized with the Yoast SEO plugin v27.0 - https:\/\/yoast.com\/product\/yoast-seo-wordpress\/ -->\n<title>El Betlem s\u2019acosta a xifres r\u00e8cord en el seu segon cap de setmana<\/title>\n<meta name=\"description\" content=\"El segon cap de setmana de funcionament del Betlem Monumental s\u2019ha saldat amb una important xifra de visites: 46.900 persones.\" \/>\n<meta name=\"robots\" content=\"index, follow, max-snippet:-1, max-image-preview:large, max-video-preview:-1\" \/>\n<link rel=\"canonical\" href=\"https:\/\/xativaturismo.com\/val\/el-betlem-sacosta-a-xifres-record-en-el-seu-segon-cap-de-setmana\/\" \/>\n<meta property=\"og:locale\" content=\"ca_ES\" \/>\n<meta property=\"og:type\" content=\"article\" \/>\n<meta property=\"og:title\" content=\"El Betlem s\u2019acosta a xifres r\u00e8cord en el seu segon cap de setmana\" \/>\n<meta property=\"og:description\" content=\"El segon cap de setmana de funcionament del Betlem Monumental s\u2019ha saldat amb una important xifra de visites: 46.900 persones.\" \/>\n<meta property=\"og:url\" content=\"https:\/\/xativaturismo.com\/val\/el-betlem-sacosta-a-xifres-record-en-el-seu-segon-cap-de-setmana\/\" \/>\n<meta property=\"og:site_name\" content=\"X\u00e0tiva Turismo\" \/>\n<meta property=\"article:publisher\" content=\"https:\/\/www.facebook.com\/XativaTurisme\" \/>\n<meta property=\"article:published_time\" content=\"2023-12-20T06:18:56+00:00\" \/>\n<meta property=\"og:image\" content=\"https:\/\/xativaturismo.com\/wp-content\/uploads\/2023\/12\/betlem-2.jpg\" \/>\n\t<meta property=\"og:image:width\" content=\"1140\" \/>\n\t<meta property=\"og:image:height\" content=\"350\" \/>\n\t<meta property=\"og:image:type\" content=\"image\/jpeg\" \/>\n<meta name=\"author\" content=\"Edit Orial\" \/>\n<meta name=\"twitter:card\" content=\"summary_large_image\" \/>\n<meta name=\"twitter:creator\" content=\"@XativaTurisme\" \/>\n<meta name=\"twitter:site\" content=\"@XativaTurisme\" \/>\n<meta name=\"twitter:label1\" content=\"Written by\" \/>\n\t<meta name=\"twitter:data1\" content=\"Edit Orial\" \/>\n\t<meta name=\"twitter:label2\" content=\"Est. reading time\" \/>\n\t<meta name=\"twitter:data2\" content=\"2 minutes\" \/>\n<script type=\"application\/ld+json\" class=\"yoast-schema-graph\">{\"@context\":\"https:\/\/schema.org\",\"@graph\":[{\"@type\":\"Article\",\"@id\":\"https:\/\/xativaturismo.com\/val\/el-betlem-sacosta-a-xifres-record-en-el-seu-segon-cap-de-setmana\/#article\",\"isPartOf\":{\"@id\":\"https:\/\/xativaturismo.com\/val\/el-betlem-sacosta-a-xifres-record-en-el-seu-segon-cap-de-setmana\/\"},\"author\":{\"name\":\"Edit Orial\",\"@id\":\"https:\/\/xativaturismo.com\/#\/schema\/person\/076ef82c001ca23709c36cf13a96ee7d\"},\"headline\":\"El Betlem s\u2019acosta a xifres r\u00e8cord en el seu segon cap de setmana\",\"datePublished\":\"2023-12-20T06:18:56+00:00\",\"mainEntityOfPage\":{\"@id\":\"https:\/\/xativaturismo.com\/val\/el-betlem-sacosta-a-xifres-record-en-el-seu-segon-cap-de-setmana\/\"},\"wordCount\":294,\"publisher\":{\"@id\":\"https:\/\/xativaturismo.com\/#organization\"},\"image\":{\"@id\":\"https:\/\/xativaturismo.com\/val\/el-betlem-sacosta-a-xifres-record-en-el-seu-segon-cap-de-setmana\/#primaryimage\"},\"thumbnailUrl\":\"https:\/\/xativaturismo.com\/wp-content\/uploads\/2023\/12\/betlem-2.jpg\",\"keywords\":[\"betlem\",\"nadal\"],\"articleSection\":[\"Actualidad\",\"Actualidad\",\"Actualitat\"],\"inLanguage\":\"ca\"},{\"@type\":\"WebPage\",\"@id\":\"https:\/\/xativaturismo.com\/val\/el-betlem-sacosta-a-xifres-record-en-el-seu-segon-cap-de-setmana\/\",\"url\":\"https:\/\/xativaturismo.com\/val\/el-betlem-sacosta-a-xifres-record-en-el-seu-segon-cap-de-setmana\/\",\"name\":\"El Betlem s\u2019acosta a xifres r\u00e8cord en el seu segon cap de setmana\",\"isPartOf\":{\"@id\":\"https:\/\/xativaturismo.com\/#website\"},\"primaryImageOfPage\":{\"@id\":\"https:\/\/xativaturismo.com\/val\/el-betlem-sacosta-a-xifres-record-en-el-seu-segon-cap-de-setmana\/#primaryimage\"},\"image\":{\"@id\":\"https:\/\/xativaturismo.com\/val\/el-betlem-sacosta-a-xifres-record-en-el-seu-segon-cap-de-setmana\/#primaryimage\"},\"thumbnailUrl\":\"https:\/\/xativaturismo.com\/wp-content\/uploads\/2023\/12\/betlem-2.jpg\",\"datePublished\":\"2023-12-20T06:18:56+00:00\",\"description\":\"El segon cap de setmana de funcionament del Betlem Monumental s\u2019ha saldat amb una important xifra de visites: 46.900 persones.\",\"breadcrumb\":{\"@id\":\"https:\/\/xativaturismo.com\/val\/el-betlem-sacosta-a-xifres-record-en-el-seu-segon-cap-de-setmana\/#breadcrumb\"},\"inLanguage\":\"ca\",\"potentialAction\":[{\"@type\":\"ReadAction\",\"target\":[\"https:\/\/xativaturismo.com\/val\/el-betlem-sacosta-a-xifres-record-en-el-seu-segon-cap-de-setmana\/\"]}]},{\"@type\":\"ImageObject\",\"inLanguage\":\"ca\",\"@id\":\"https:\/\/xativaturismo.com\/val\/el-betlem-sacosta-a-xifres-record-en-el-seu-segon-cap-de-setmana\/#primaryimage\",\"url\":\"https:\/\/xativaturismo.com\/wp-content\/uploads\/2023\/12\/betlem-2.jpg\",\"contentUrl\":\"https:\/\/xativaturismo.com\/wp-content\/uploads\/2023\/12\/betlem-2.jpg\",\"width\":1140,\"height\":350,\"caption\":\"betlem\"},{\"@type\":\"BreadcrumbList\",\"@id\":\"https:\/\/xativaturismo.com\/val\/el-betlem-sacosta-a-xifres-record-en-el-seu-segon-cap-de-setmana\/#breadcrumb\",\"itemListElement\":[{\"@type\":\"ListItem\",\"position\":1,\"name\":\"Portada\",\"item\":\"https:\/\/xativaturismo.com\/val\/\"},{\"@type\":\"ListItem\",\"position\":2,\"name\":\"El Betlem s\u2019acosta a xifres r\u00e8cord en el seu segon cap de setmana\"}]},{\"@type\":\"WebSite\",\"@id\":\"https:\/\/xativaturismo.com\/#website\",\"url\":\"https:\/\/xativaturismo.com\/\",\"name\":\"X\u00e0tiva Turismo\",\"description\":\"Bienvenidos a la oficina de Turismo de X\u00e0tiva\",\"publisher\":{\"@id\":\"https:\/\/xativaturismo.com\/#organization\"},\"potentialAction\":[{\"@type\":\"SearchAction\",\"target\":{\"@type\":\"EntryPoint\",\"urlTemplate\":\"https:\/\/xativaturismo.com\/?s={search_term_string}\"},\"query-input\":{\"@type\":\"PropertyValueSpecification\",\"valueRequired\":true,\"valueName\":\"search_term_string\"}}],\"inLanguage\":\"ca\"},{\"@type\":\"Organization\",\"@id\":\"https:\/\/xativaturismo.com\/#organization\",\"name\":\"X\u00e0tiva Turismo\",\"url\":\"https:\/\/xativaturismo.com\/\",\"logo\":{\"@type\":\"ImageObject\",\"inLanguage\":\"ca\",\"@id\":\"https:\/\/xativaturismo.com\/#\/schema\/logo\/image\/\",\"url\":\"https:\/\/xativaturismo.com\/wp-content\/uploads\/2020\/10\/logo-lila512-2.png\",\"contentUrl\":\"https:\/\/xativaturismo.com\/wp-content\/uploads\/2020\/10\/logo-lila512-2.png\",\"width\":445,\"height\":512,\"caption\":\"X\u00e0tiva Turismo\"},\"image\":{\"@id\":\"https:\/\/xativaturismo.com\/#\/schema\/logo\/image\/\"},\"sameAs\":[\"https:\/\/www.facebook.com\/XativaTurisme\",\"https:\/\/x.com\/XativaTurisme\"]},{\"@type\":\"Person\",\"@id\":\"https:\/\/xativaturismo.com\/#\/schema\/person\/076ef82c001ca23709c36cf13a96ee7d\",\"name\":\"Edit Orial\",\"image\":{\"@type\":\"ImageObject\",\"inLanguage\":\"ca\",\"@id\":\"https:\/\/xativaturismo.com\/#\/schema\/person\/image\/\",\"url\":\"https:\/\/secure.gravatar.com\/avatar\/8e23460bf094742a301ecd4741c5b42b22f6fd944b7a3e55260bb476eccfd123?s=96&d=mm&r=g\",\"contentUrl\":\"https:\/\/secure.gravatar.com\/avatar\/8e23460bf094742a301ecd4741c5b42b22f6fd944b7a3e55260bb476eccfd123?s=96&d=mm&r=g\",\"caption\":\"Edit Orial\"},\"url\":\"https:\/\/xativaturismo.com\/val\/author\/autoripress\/\"}]}<\/script>\n<!-- \/ Yoast SEO plugin. -->","yoast_head_json":{"title":"El Betlem s\u2019acosta a xifres r\u00e8cord en el seu segon cap de setmana","description":"El segon cap de setmana de funcionament del Betlem Monumental s\u2019ha saldat amb una important xifra de visites: 46.900 persones.","robots":{"index":"index","follow":"follow","max-snippet":"max-snippet:-1","max-image-preview":"max-image-preview:large","max-video-preview":"max-video-preview:-1"},"canonical":"https:\/\/xativaturismo.com\/val\/el-betlem-sacosta-a-xifres-record-en-el-seu-segon-cap-de-setmana\/","og_locale":"ca_ES","og_type":"article","og_title":"El Betlem s\u2019acosta a xifres r\u00e8cord en el seu segon cap de setmana","og_description":"El segon cap de setmana de funcionament del Betlem Monumental s\u2019ha saldat amb una important xifra de visites: 46.900 persones.","og_url":"https:\/\/xativaturismo.com\/val\/el-betlem-sacosta-a-xifres-record-en-el-seu-segon-cap-de-setmana\/","og_site_name":"X\u00e0tiva Turismo","article_publisher":"https:\/\/www.facebook.com\/XativaTurisme","article_published_time":"2023-12-20T06:18:56+00:00","og_image":[{"width":1140,"height":350,"url":"https:\/\/xativaturismo.com\/wp-content\/uploads\/2023\/12\/betlem-2.jpg","type":"image\/jpeg"}],"author":"Edit Orial","twitter_card":"summary_large_image","twitter_creator":"@XativaTurisme","twitter_site":"@XativaTurisme","twitter_misc":{"Written by":"Edit Orial","Est. reading time":"2 minutes"},"schema":{"@context":"https:\/\/schema.org","@graph":[{"@type":"Article","@id":"https:\/\/xativaturismo.com\/val\/el-betlem-sacosta-a-xifres-record-en-el-seu-segon-cap-de-setmana\/#article","isPartOf":{"@id":"https:\/\/xativaturismo.com\/val\/el-betlem-sacosta-a-xifres-record-en-el-seu-segon-cap-de-setmana\/"},"author":{"name":"Edit Orial","@id":"https:\/\/xativaturismo.com\/#\/schema\/person\/076ef82c001ca23709c36cf13a96ee7d"},"headline":"El Betlem s\u2019acosta a xifres r\u00e8cord en el seu segon cap de setmana","datePublished":"2023-12-20T06:18:56+00:00","mainEntityOfPage":{"@id":"https:\/\/xativaturismo.com\/val\/el-betlem-sacosta-a-xifres-record-en-el-seu-segon-cap-de-setmana\/"},"wordCount":294,"publisher":{"@id":"https:\/\/xativaturismo.com\/#organization"},"image":{"@id":"https:\/\/xativaturismo.com\/val\/el-betlem-sacosta-a-xifres-record-en-el-seu-segon-cap-de-setmana\/#primaryimage"},"thumbnailUrl":"https:\/\/xativaturismo.com\/wp-content\/uploads\/2023\/12\/betlem-2.jpg","keywords":["betlem","nadal"],"articleSection":["Actualidad","Actualidad","Actualitat"],"inLanguage":"ca"},{"@type":"WebPage","@id":"https:\/\/xativaturismo.com\/val\/el-betlem-sacosta-a-xifres-record-en-el-seu-segon-cap-de-setmana\/","url":"https:\/\/xativaturismo.com\/val\/el-betlem-sacosta-a-xifres-record-en-el-seu-segon-cap-de-setmana\/","name":"El Betlem s\u2019acosta a xifres r\u00e8cord en el seu segon cap de setmana","isPartOf":{"@id":"https:\/\/xativaturismo.com\/#website"},"primaryImageOfPage":{"@id":"https:\/\/xativaturismo.com\/val\/el-betlem-sacosta-a-xifres-record-en-el-seu-segon-cap-de-setmana\/#primaryimage"},"image":{"@id":"https:\/\/xativaturismo.com\/val\/el-betlem-sacosta-a-xifres-record-en-el-seu-segon-cap-de-setmana\/#primaryimage"},"thumbnailUrl":"https:\/\/xativaturismo.com\/wp-content\/uploads\/2023\/12\/betlem-2.jpg","datePublished":"2023-12-20T06:18:56+00:00","description":"El segon cap de setmana de funcionament del Betlem Monumental s\u2019ha saldat amb una important xifra de visites: 46.900 persones.","breadcrumb":{"@id":"https:\/\/xativaturismo.com\/val\/el-betlem-sacosta-a-xifres-record-en-el-seu-segon-cap-de-setmana\/#breadcrumb"},"inLanguage":"ca","potentialAction":[{"@type":"ReadAction","target":["https:\/\/xativaturismo.com\/val\/el-betlem-sacosta-a-xifres-record-en-el-seu-segon-cap-de-setmana\/"]}]},{"@type":"ImageObject","inLanguage":"ca","@id":"https:\/\/xativaturismo.com\/val\/el-betlem-sacosta-a-xifres-record-en-el-seu-segon-cap-de-setmana\/#primaryimage","url":"https:\/\/xativaturismo.com\/wp-content\/uploads\/2023\/12\/betlem-2.jpg","contentUrl":"https:\/\/xativaturismo.com\/wp-content\/uploads\/2023\/12\/betlem-2.jpg","width":1140,"height":350,"caption":"betlem"},{"@type":"BreadcrumbList","@id":"https:\/\/xativaturismo.com\/val\/el-betlem-sacosta-a-xifres-record-en-el-seu-segon-cap-de-setmana\/#breadcrumb","itemListElement":[{"@type":"ListItem","position":1,"name":"Portada","item":"https:\/\/xativaturismo.com\/val\/"},{"@type":"ListItem","position":2,"name":"El Betlem s\u2019acosta a xifres r\u00e8cord en el seu segon cap de setmana"}]},{"@type":"WebSite","@id":"https:\/\/xativaturismo.com\/#website","url":"https:\/\/xativaturismo.com\/","name":"X\u00e0tiva Turismo","description":"Bienvenidos a la oficina de Turismo de X\u00e0tiva","publisher":{"@id":"https:\/\/xativaturismo.com\/#organization"},"potentialAction":[{"@type":"SearchAction","target":{"@type":"EntryPoint","urlTemplate":"https:\/\/xativaturismo.com\/?s={search_term_string}"},"query-input":{"@type":"PropertyValueSpecification","valueRequired":true,"valueName":"search_term_string"}}],"inLanguage":"ca"},{"@type":"Organization","@id":"https:\/\/xativaturismo.com\/#organization","name":"X\u00e0tiva Turismo","url":"https:\/\/xativaturismo.com\/","logo":{"@type":"ImageObject","inLanguage":"ca","@id":"https:\/\/xativaturismo.com\/#\/schema\/logo\/image\/","url":"https:\/\/xativaturismo.com\/wp-content\/uploads\/2020\/10\/logo-lila512-2.png","contentUrl":"https:\/\/xativaturismo.com\/wp-content\/uploads\/2020\/10\/logo-lila512-2.png","width":445,"height":512,"caption":"X\u00e0tiva Turismo"},"image":{"@id":"https:\/\/xativaturismo.com\/#\/schema\/logo\/image\/"},"sameAs":["https:\/\/www.facebook.com\/XativaTurisme","https:\/\/x.com\/XativaTurisme"]},{"@type":"Person","@id":"https:\/\/xativaturismo.com\/#\/schema\/person\/076ef82c001ca23709c36cf13a96ee7d","name":"Edit Orial","image":{"@type":"ImageObject","inLanguage":"ca","@id":"https:\/\/xativaturismo.com\/#\/schema\/person\/image\/","url":"https:\/\/secure.gravatar.com\/avatar\/8e23460bf094742a301ecd4741c5b42b22f6fd944b7a3e55260bb476eccfd123?s=96&d=mm&r=g","contentUrl":"https:\/\/secure.gravatar.com\/avatar\/8e23460bf094742a301ecd4741c5b42b22f6fd944b7a3e55260bb476eccfd123?s=96&d=mm&r=g","caption":"Edit Orial"},"url":"https:\/\/xativaturismo.com\/val\/author\/autoripress\/"}]}},"_links":{"self":[{"href":"https:\/\/xativaturismo.com\/val\/wp-json\/wp\/v2\/posts\/427579","targetHints":{"allow":["GET"]}}],"collection":[{"href":"https:\/\/xativaturismo.com\/val\/wp-json\/wp\/v2\/posts"}],"about":[{"href":"https:\/\/xativaturismo.com\/val\/wp-json\/wp\/v2\/types\/post"}],"author":[{"embeddable":true,"href":"https:\/\/xativaturismo.com\/val\/wp-json\/wp\/v2\/users\/10"}],"replies":[{"embeddable":true,"href":"https:\/\/xativaturismo.com\/val\/wp-json\/wp\/v2\/comments?post=427579"}],"version-history":[{"count":0,"href":"https:\/\/xativaturismo.com\/val\/wp-json\/wp\/v2\/posts\/427579\/revisions"}],"wp:featuredmedia":[{"embeddable":true,"href":"https:\/\/xativaturismo.com\/val\/wp-json\/wp\/v2\/media\/427580"}],"wp:attachment":[{"href":"https:\/\/xativaturismo.com\/val\/wp-json\/wp\/v2\/media?parent=427579"}],"wp:term":[{"taxonomy":"category","embeddable":true,"href":"https:\/\/xativaturismo.com\/val\/wp-json\/wp\/v2\/categories?post=427579"},{"taxonomy":"post_tag","embeddable":true,"href":"https:\/\/xativaturismo.com\/val\/wp-json\/wp\/v2\/tags?post=427579"}],"curies":[{"name":"wp","href":"https:\/\/api.w.org\/{rel}","templated":true}]}}