{"id":414089,"date":"2023-11-24T17:10:54","date_gmt":"2023-11-24T16:10:54","guid":{"rendered":"https:\/\/xativaturismo.com\/?p=414089"},"modified":"2023-11-24T17:10:54","modified_gmt":"2023-11-24T16:10:54","slug":"xativa-avanca-el-nadal-al-pont-de-desembre","status":"publish","type":"post","link":"https:\/\/xativaturismo.com\/val\/xativa-avanca-el-nadal-al-pont-de-desembre\/","title":{"rendered":"X\u00e0tiva avan\u00e7a el Nadal al pont de desembre"},"content":{"rendered":"<blockquote><p>La inauguraci\u00f3 del Betlem i les activitats s\u2019iniciaran el dia 5, destacant una gran exposici\u00f3 de playmobils, un Mercat de Nadal i un reclam fotogr\u00e0fic<\/p><\/blockquote>\n<p>La regidora de Cultura Festiva Maria Beltr\u00e1n ha presentat aquest divendres la programaci\u00f3 del Nadal 2023-2024, en la qual les principals novetats seran l\u2019avan\u00e7 de la inauguraci\u00f3 del Betlem monumental i una gran exposici\u00f3 de playmobils que s\u2019ubicar\u00e0 a l\u2019ex convent de Sant Dom\u00e8nec.<\/p>\n<p>\u00abEl Nadal a X\u00e0tiva arriba m\u00e9s prompte que mai en aquest any 2023. Si visiteu qualsevol ciutat amb un atractiu tur\u00edstic important com \u00e9s el cas de X\u00e0tiva, podreu observar que el Nadal comen\u00e7a ja al pont de desembre. Des de l\u2019Ajuntament de X\u00e0tiva hem decidit que hav\u00edem de fer este pas per continuar impulsant el turisme a la ciutat i per augmentar el flux de visitants durant aquestes dates\u00bb, ha manifestat Maria Beltr\u00e1n.<\/p>\n<p>D\u2019aquesta manera el dimarts 5 de desembre, a les 18 hores, tindr\u00e0 lloc l\u2019acte d\u2019inauguraci\u00f3 del Betlem monumental de X\u00e0tiva, el m\u00e9s gran d\u2019Espanya a mida natural. La cita s\u2019iniciar\u00e0 a la pla\u00e7a del Mercat, amb una cavalcada amb batucada i animacions que arribar\u00e0 fins l\u2019Albereda Jaume I on, al voltant de les 19 de la vesprada, es realitzar\u00e0 la inauguraci\u00f3. A m\u00e9s a m\u00e9s a l\u2019Albereda es comptar\u00e0 amb llocs de roses i cot\u00f3 de sucre per a tots els xiquets i xiquetes, i l\u2019espectacle acabar\u00e0 amb un concert infantil i familiar a c\u00e0rrec de la Gl\u00fcps Band. Les visites guiades dels centres educatius es realitzaran entre l\u201911 i el 22 de desembre, i hi ha ja m\u00e9s de 500 alumnes inscrits per a la visita, els i les quals seran obsequiats amb un puzle de la ciutat.<\/p>\n<p>Altre gran atractiu per al Nadal a X\u00e0tiva, que tamb\u00e9 es posar\u00e0 en marxa el dia 5 de desembre, \u00e9s l\u2019obertura d\u2019una exposici\u00f3 de playmobils que s\u2019ubicar\u00e0 a l\u2019espai cultural de Sant Dom\u00e8nec fins al 10 de gener, i que es podr\u00e0 veure a la ciutat per primera vegada. Es tracta d\u2019una col\u00b7lecci\u00f3 privada que ja ha estat exposada a altres ajuntaments i entitats, i que comptar\u00e0 amb m\u00e9s de 100 metres quadrats d\u2019exposici\u00f3, destacant una mostra principalment amb tem\u00e0tica medieval per\u00f2 que tamb\u00e9 comptar\u00e0 amb diorames com a decoraci\u00f3, clics m\u00e9s grans i algun fotoreclam. L\u2019horari d\u2019obertura de la instal\u00b7laci\u00f3 ser\u00e0 l\u2019habitual (de dimecres a diumenge de 10 a 14 i de dimecres a dissabte de 16 a 19h), si b\u00e9 podria ampliar-se en cas de comptar amb una bona acceptaci\u00f3.<\/p>\n<p>Un dels espais que concentrar\u00e0 tamb\u00e9 una gran activitat a partir del 5 de desembre ser\u00e0 la Glorieta Jos\u00e9 Espejo, on es col\u00b7locar\u00e0 (fins al 31 de desembre) altre dels reclams tur\u00edstics que s\u2019han preparat per a enguany: un fotoreclam amb el llumin\u00f3s ren Rodolf en el qual els menuts i els no tan menuts podran asseure\u2019s per fer-se una foto. A m\u00e9s a m\u00e9s, a la Glorieta tamb\u00e9 s\u2019ubicar\u00e0 un Mercat de Nadal organitzat per l\u2019associaci\u00f3 Adexa amb la col\u00b7laboraci\u00f3 de l\u2019Ajuntament, el qual comptar\u00e0 amb 15 casetes de fusta que oferiran productes d\u2019alimentaci\u00f3, bijuteria artesanal, articles de decoraci\u00f3, complements i articles nadalencs. Aquest Mercat, que es podr\u00e0 visitar fins al 30 de desembre amb horari de 11 a 14 i de 17 a 20 hores comptar\u00e0 amb food trucks per a poder menjar. A m\u00e9s a m\u00e9s, Adexa realitzar\u00e0 un sorteig de 1.000 euros que es podran bescanviar al comer\u00e7 local.<\/p>\n<p>La regidora de Cultura Festiva tamb\u00e9 ha destacat altres cites com ara una exposici\u00f3 privada d\u2019un poblat nadalenc que reproduir\u00e0 elements nadalencs en miniatura i que s\u2019ubicar\u00e0 a l\u2019Avinguda Selgas n\u00ba3 del 5 de desembre al 6 de gener en horari de 10 a 14 i de 15:30 a 21 hores (preu de 1 euro per als menuts de 3 a 12 anys i 2 euros per al p\u00fablic general); i una parenoelada motera solid\u00e0ria organitzada pel Club Moto Ruta per al 23 de desembre, en la qual es realitzar\u00e0 un recorregut que tindr\u00e0 eixida des de l\u2019Albereda Jaume I a les 11h i recorrer\u00e0 tota la ciutat i les pedanies. Tot el que es recapte anir\u00e0 a benefici de la Creu Roja.<\/p>\n<p>Per \u00faltim, l\u2019Home dels Nassos es recuperar\u00e0 per al dia que correspon, l\u2019\u00faltim dia de l\u2019any, i es podr\u00e0 visitar a partir de les 11h a l\u2019Albereda Jaume I. En aquesta ubicaci\u00f3, precisament es viuran un bon grapat de cites durant les festes de Nadal, a les quals se sumaran altres espais com ara el Gran Teatre de X\u00e0tiva, la Casa de Cultura,el JOC o la Casa de la Joventut.<\/p>\n<p>\u00abCom cada any comptarem tamb\u00e9 amb l\u2019escenari situat a les portes de l\u2019Ajuntament per a que diferents associacions puguen fer \u00fas d\u2019ell i on es realitzaran concerts, actuacions i audicions\u00bb, ha indicat Maria Beltr\u00e1n, qui tamb\u00e9 ha ressaltat que \u00abcom cada any s\u2019ha incl\u00f2s tot el que s\u2019ha preparat per part de les distintes regidories com ara Gran Teatre, Joventut, Benestar Social, Cultura, Esports o Turisme\u00bb. Destaquen, entre d\u2019altres, la carrera de San Silvestre 2023 (que se celebrar\u00e0 el 28 de desembre) o el tradicional sopar de Cap d\u2019Any per a la gent gran.<\/p>\n<h3>Mercat Medieval i Reis d\u2019Orient<\/h3>\n<p>Ja de cara a l\u2019inici de 2024, tindr\u00e0 lloc el tradicional mercat medieval, el qual s\u2019inaugurar\u00e0 el dia 2 de gener a les 13 hores i es podr\u00e0 gaudir fins al dia 6 de gener a la pla\u00e7a del Mercat i els carrers del voltant.<\/p>\n<p>Per preparar la visita dels Reis d\u2019Orient, els dies 3 i 4 de gener comptarem amb la visita dels emissaris reials a l\u2019Albereda Jaume I, mentre que el dia 5 els carrers de la ciutat s\u2019ompliran de m\u00e0gia per a rebre als Reis d\u2019Orient. A les 12h arribaran a la pla\u00e7a de la Seu, on els m\u00e9s menuts podran saludar-los personalment i podran realitzar-se una foto amb ells, i a les 18:30 de la vesprada comen\u00e7ar\u00e0 la cavalcada de Reis des de l\u2019Avinguda Selgas, finalitzant a l\u2019avinguda Rep\u00fablica Argentina per a posteriorment dirigir-se al pessebre del Betlem on es disparar\u00e0 un castell de focs. Com a novetat, destacar que enguany els Reis d\u2019Orient aniran acompanyats de superherois i superhero\u00efnes.<\/p>\n<h3>Il\u00b7luminaci\u00f3 de Nadal<\/h3>\n<p>L\u2019encesa de llums tindr\u00e0 lloc el dia 5 de desembre, coincidint amb la inauguraci\u00f3 del Betlem, i a m\u00e9s a m\u00e9s tamb\u00e9, aprofitant els atractius del Rodolf i el Mercat de Nadal, la il\u00b7luminaci\u00f3 d\u2019aquest any s\u2019estendr\u00e0 tamb\u00e9 a la Glorieta Jos\u00e9 Espejo decorant tots els corredors amb llums per tal de crear un ambient idoni per a aquestes dates.<\/p>\n<p>\u00abCal destacar tamb\u00e9 que s\u2019ha adquirit un kit de 3 panells de sis metres i mig per dos d\u2019alt amb els quals es podr\u00e0 dissenyar i controlar tot el contingut que volem posar a trav\u00e9s d\u2019una aplicaci\u00f3 m\u00f2bil. La idea \u00e9s anar adquirint cada any m\u00e9s panells per a anar completant tota la fa\u00e7ana de la casa de la ciutat\u00bb, ha indicat Maria Beltr\u00e1n, qui ha assegurat que \u00abaquests panells no sols els podrem emprar en Nadal sin\u00f3 que tamb\u00e9 podrem disposar d\u2019ells en altres dates importants per a la ciutat com ara la Fira d\u2019Agost o les falles\u00bb.<\/p>\n<p>L\u2019Albereda Jaume I es tallar\u00e0 al tr\u00e0nsit del 5 al 10 de desembre, el cap de setmana del 16 i 17 de desembre, i de manera ininterrompuda entre el 22 de desembre i el 7 de gener.<\/p>\n","protected":false},"excerpt":{"rendered":"<p>X\u00e0tiva avan\u00e7a el Nadal al pont de desembre. La inauguraci\u00f3 del Betlem i les activitats s\u2019iniciaran el dia 5, destacant una gran exposici\u00f3 de playmobils, un Mercat de Nadal i un reclam fotogr\u00e0fic.<\/p>\n","protected":false},"author":10,"featured_media":414101,"comment_status":"closed","ping_status":"closed","sticky":false,"template":"","format":"standard","meta":{"_price":"","_stock":"","_tribe_ticket_header":"","_tribe_default_ticket_provider":"","_ticket_start_date":"","_ticket_end_date":"","_tribe_ticket_show_description":"","_tribe_ticket_show_not_going":false,"_tribe_ticket_use_global_stock":"","_tribe_ticket_global_stock_level":"","_global_stock_mode":"","_global_stock_cap":"","_tribe_rsvp_for_event":"","_tribe_ticket_going_count":"","_tribe_ticket_not_going_count":"","_tribe_tickets_list":"[]","_tribe_ticket_has_attendee_info_fields":false,"footnotes":""},"categories":[19,374,23],"tags":[3906],"class_list":["post-414089","post","type-post","status-publish","format-standard","has-post-thumbnail","hentry","category-actualidad","category-actualidad-en","category-actualidad-val","tag-nadal"],"yoast_head":"<!-- This site is optimized with the Yoast SEO plugin v27.0 - https:\/\/yoast.com\/product\/yoast-seo-wordpress\/ -->\n<title>X\u00e0tiva avan\u00e7a el Nadal al pont de desembre | X\u00e0tiva Turisme<\/title>\n<meta name=\"description\" content=\"X\u00e0tiva avan\u00e7a el Nadal al pont de desembre. Hi destaca el Betlem, una gran exposici\u00f3 de playmobils i el Mercat de Nadal.\" \/>\n<meta name=\"robots\" content=\"index, follow, max-snippet:-1, max-image-preview:large, max-video-preview:-1\" \/>\n<link rel=\"canonical\" href=\"https:\/\/xativaturismo.com\/val\/xativa-avanca-el-nadal-al-pont-de-desembre\/\" \/>\n<meta property=\"og:locale\" content=\"ca_ES\" \/>\n<meta property=\"og:type\" content=\"article\" \/>\n<meta property=\"og:title\" content=\"X\u00e0tiva avan\u00e7a el Nadal al pont de desembre | X\u00e0tiva Turisme\" \/>\n<meta property=\"og:description\" content=\"X\u00e0tiva avan\u00e7a el Nadal al pont de desembre. Hi destaca el Betlem, una gran exposici\u00f3 de playmobils i el Mercat de Nadal.\" \/>\n<meta property=\"og:url\" content=\"https:\/\/xativaturismo.com\/val\/xativa-avanca-el-nadal-al-pont-de-desembre\/\" \/>\n<meta property=\"og:site_name\" content=\"X\u00e0tiva Turismo\" \/>\n<meta property=\"article:publisher\" content=\"https:\/\/www.facebook.com\/XativaTurisme\" \/>\n<meta property=\"article:published_time\" content=\"2023-11-24T16:10:54+00:00\" \/>\n<meta property=\"og:image\" content=\"https:\/\/xativaturismo.com\/wp-content\/uploads\/2023\/11\/capcalera-articles-blog-xativa.jpg\" \/>\n\t<meta property=\"og:image:width\" content=\"1140\" \/>\n\t<meta property=\"og:image:height\" content=\"350\" \/>\n\t<meta property=\"og:image:type\" content=\"image\/jpeg\" \/>\n<meta name=\"author\" content=\"Edit Orial\" \/>\n<meta name=\"twitter:card\" content=\"summary_large_image\" \/>\n<meta name=\"twitter:creator\" content=\"@XativaTurisme\" \/>\n<meta name=\"twitter:site\" content=\"@XativaTurisme\" \/>\n<meta name=\"twitter:label1\" content=\"Written by\" \/>\n\t<meta name=\"twitter:data1\" content=\"Edit Orial\" \/>\n\t<meta name=\"twitter:label2\" content=\"Est. reading time\" \/>\n\t<meta name=\"twitter:data2\" content=\"6 minutes\" \/>\n<script type=\"application\/ld+json\" class=\"yoast-schema-graph\">{\"@context\":\"https:\/\/schema.org\",\"@graph\":[{\"@type\":\"Article\",\"@id\":\"https:\/\/xativaturismo.com\/val\/xativa-avanca-el-nadal-al-pont-de-desembre\/#article\",\"isPartOf\":{\"@id\":\"https:\/\/xativaturismo.com\/val\/xativa-avanca-el-nadal-al-pont-de-desembre\/\"},\"author\":{\"name\":\"Edit Orial\",\"@id\":\"https:\/\/xativaturismo.com\/#\/schema\/person\/076ef82c001ca23709c36cf13a96ee7d\"},\"headline\":\"X\u00e0tiva avan\u00e7a el Nadal al pont de desembre\",\"datePublished\":\"2023-11-24T16:10:54+00:00\",\"mainEntityOfPage\":{\"@id\":\"https:\/\/xativaturismo.com\/val\/xativa-avanca-el-nadal-al-pont-de-desembre\/\"},\"wordCount\":1300,\"publisher\":{\"@id\":\"https:\/\/xativaturismo.com\/#organization\"},\"image\":{\"@id\":\"https:\/\/xativaturismo.com\/val\/xativa-avanca-el-nadal-al-pont-de-desembre\/#primaryimage\"},\"thumbnailUrl\":\"https:\/\/xativaturismo.com\/wp-content\/uploads\/2023\/11\/capcalera-articles-blog-xativa.jpg\",\"keywords\":[\"nadal\"],\"articleSection\":[\"Actualidad\",\"Actualidad\",\"Actualitat\"],\"inLanguage\":\"ca\"},{\"@type\":\"WebPage\",\"@id\":\"https:\/\/xativaturismo.com\/val\/xativa-avanca-el-nadal-al-pont-de-desembre\/\",\"url\":\"https:\/\/xativaturismo.com\/val\/xativa-avanca-el-nadal-al-pont-de-desembre\/\",\"name\":\"X\u00e0tiva avan\u00e7a el Nadal al pont de desembre | X\u00e0tiva Turisme\",\"isPartOf\":{\"@id\":\"https:\/\/xativaturismo.com\/#website\"},\"primaryImageOfPage\":{\"@id\":\"https:\/\/xativaturismo.com\/val\/xativa-avanca-el-nadal-al-pont-de-desembre\/#primaryimage\"},\"image\":{\"@id\":\"https:\/\/xativaturismo.com\/val\/xativa-avanca-el-nadal-al-pont-de-desembre\/#primaryimage\"},\"thumbnailUrl\":\"https:\/\/xativaturismo.com\/wp-content\/uploads\/2023\/11\/capcalera-articles-blog-xativa.jpg\",\"datePublished\":\"2023-11-24T16:10:54+00:00\",\"description\":\"X\u00e0tiva avan\u00e7a el Nadal al pont de desembre. Hi destaca el Betlem, una gran exposici\u00f3 de playmobils i el Mercat de Nadal.\",\"breadcrumb\":{\"@id\":\"https:\/\/xativaturismo.com\/val\/xativa-avanca-el-nadal-al-pont-de-desembre\/#breadcrumb\"},\"inLanguage\":\"ca\",\"potentialAction\":[{\"@type\":\"ReadAction\",\"target\":[\"https:\/\/xativaturismo.com\/val\/xativa-avanca-el-nadal-al-pont-de-desembre\/\"]}]},{\"@type\":\"ImageObject\",\"inLanguage\":\"ca\",\"@id\":\"https:\/\/xativaturismo.com\/val\/xativa-avanca-el-nadal-al-pont-de-desembre\/#primaryimage\",\"url\":\"https:\/\/xativaturismo.com\/wp-content\/uploads\/2023\/11\/capcalera-articles-blog-xativa.jpg\",\"contentUrl\":\"https:\/\/xativaturismo.com\/wp-content\/uploads\/2023\/11\/capcalera-articles-blog-xativa.jpg\",\"width\":1140,\"height\":350,\"caption\":\"nadal 2023\"},{\"@type\":\"BreadcrumbList\",\"@id\":\"https:\/\/xativaturismo.com\/val\/xativa-avanca-el-nadal-al-pont-de-desembre\/#breadcrumb\",\"itemListElement\":[{\"@type\":\"ListItem\",\"position\":1,\"name\":\"Portada\",\"item\":\"https:\/\/xativaturismo.com\/val\/\"},{\"@type\":\"ListItem\",\"position\":2,\"name\":\"X\u00e0tiva avan\u00e7a el Nadal al pont de desembre\"}]},{\"@type\":\"WebSite\",\"@id\":\"https:\/\/xativaturismo.com\/#website\",\"url\":\"https:\/\/xativaturismo.com\/\",\"name\":\"X\u00e0tiva Turismo\",\"description\":\"Bienvenidos a la oficina de Turismo de X\u00e0tiva\",\"publisher\":{\"@id\":\"https:\/\/xativaturismo.com\/#organization\"},\"potentialAction\":[{\"@type\":\"SearchAction\",\"target\":{\"@type\":\"EntryPoint\",\"urlTemplate\":\"https:\/\/xativaturismo.com\/?s={search_term_string}\"},\"query-input\":{\"@type\":\"PropertyValueSpecification\",\"valueRequired\":true,\"valueName\":\"search_term_string\"}}],\"inLanguage\":\"ca\"},{\"@type\":\"Organization\",\"@id\":\"https:\/\/xativaturismo.com\/#organization\",\"name\":\"X\u00e0tiva Turismo\",\"url\":\"https:\/\/xativaturismo.com\/\",\"logo\":{\"@type\":\"ImageObject\",\"inLanguage\":\"ca\",\"@id\":\"https:\/\/xativaturismo.com\/#\/schema\/logo\/image\/\",\"url\":\"https:\/\/xativaturismo.com\/wp-content\/uploads\/2020\/10\/logo-lila512-2.png\",\"contentUrl\":\"https:\/\/xativaturismo.com\/wp-content\/uploads\/2020\/10\/logo-lila512-2.png\",\"width\":445,\"height\":512,\"caption\":\"X\u00e0tiva Turismo\"},\"image\":{\"@id\":\"https:\/\/xativaturismo.com\/#\/schema\/logo\/image\/\"},\"sameAs\":[\"https:\/\/www.facebook.com\/XativaTurisme\",\"https:\/\/x.com\/XativaTurisme\"]},{\"@type\":\"Person\",\"@id\":\"https:\/\/xativaturismo.com\/#\/schema\/person\/076ef82c001ca23709c36cf13a96ee7d\",\"name\":\"Edit Orial\",\"image\":{\"@type\":\"ImageObject\",\"inLanguage\":\"ca\",\"@id\":\"https:\/\/xativaturismo.com\/#\/schema\/person\/image\/\",\"url\":\"https:\/\/secure.gravatar.com\/avatar\/8e23460bf094742a301ecd4741c5b42b22f6fd944b7a3e55260bb476eccfd123?s=96&d=mm&r=g\",\"contentUrl\":\"https:\/\/secure.gravatar.com\/avatar\/8e23460bf094742a301ecd4741c5b42b22f6fd944b7a3e55260bb476eccfd123?s=96&d=mm&r=g\",\"caption\":\"Edit Orial\"},\"url\":\"https:\/\/xativaturismo.com\/val\/author\/autoripress\/\"}]}<\/script>\n<!-- \/ Yoast SEO plugin. -->","yoast_head_json":{"title":"X\u00e0tiva avan\u00e7a el Nadal al pont de desembre | X\u00e0tiva Turisme","description":"X\u00e0tiva avan\u00e7a el Nadal al pont de desembre. Hi destaca el Betlem, una gran exposici\u00f3 de playmobils i el Mercat de Nadal.","robots":{"index":"index","follow":"follow","max-snippet":"max-snippet:-1","max-image-preview":"max-image-preview:large","max-video-preview":"max-video-preview:-1"},"canonical":"https:\/\/xativaturismo.com\/val\/xativa-avanca-el-nadal-al-pont-de-desembre\/","og_locale":"ca_ES","og_type":"article","og_title":"X\u00e0tiva avan\u00e7a el Nadal al pont de desembre | X\u00e0tiva Turisme","og_description":"X\u00e0tiva avan\u00e7a el Nadal al pont de desembre. Hi destaca el Betlem, una gran exposici\u00f3 de playmobils i el Mercat de Nadal.","og_url":"https:\/\/xativaturismo.com\/val\/xativa-avanca-el-nadal-al-pont-de-desembre\/","og_site_name":"X\u00e0tiva Turismo","article_publisher":"https:\/\/www.facebook.com\/XativaTurisme","article_published_time":"2023-11-24T16:10:54+00:00","og_image":[{"width":1140,"height":350,"url":"https:\/\/xativaturismo.com\/wp-content\/uploads\/2023\/11\/capcalera-articles-blog-xativa.jpg","type":"image\/jpeg"}],"author":"Edit Orial","twitter_card":"summary_large_image","twitter_creator":"@XativaTurisme","twitter_site":"@XativaTurisme","twitter_misc":{"Written by":"Edit Orial","Est. reading time":"6 minutes"},"schema":{"@context":"https:\/\/schema.org","@graph":[{"@type":"Article","@id":"https:\/\/xativaturismo.com\/val\/xativa-avanca-el-nadal-al-pont-de-desembre\/#article","isPartOf":{"@id":"https:\/\/xativaturismo.com\/val\/xativa-avanca-el-nadal-al-pont-de-desembre\/"},"author":{"name":"Edit Orial","@id":"https:\/\/xativaturismo.com\/#\/schema\/person\/076ef82c001ca23709c36cf13a96ee7d"},"headline":"X\u00e0tiva avan\u00e7a el Nadal al pont de desembre","datePublished":"2023-11-24T16:10:54+00:00","mainEntityOfPage":{"@id":"https:\/\/xativaturismo.com\/val\/xativa-avanca-el-nadal-al-pont-de-desembre\/"},"wordCount":1300,"publisher":{"@id":"https:\/\/xativaturismo.com\/#organization"},"image":{"@id":"https:\/\/xativaturismo.com\/val\/xativa-avanca-el-nadal-al-pont-de-desembre\/#primaryimage"},"thumbnailUrl":"https:\/\/xativaturismo.com\/wp-content\/uploads\/2023\/11\/capcalera-articles-blog-xativa.jpg","keywords":["nadal"],"articleSection":["Actualidad","Actualidad","Actualitat"],"inLanguage":"ca"},{"@type":"WebPage","@id":"https:\/\/xativaturismo.com\/val\/xativa-avanca-el-nadal-al-pont-de-desembre\/","url":"https:\/\/xativaturismo.com\/val\/xativa-avanca-el-nadal-al-pont-de-desembre\/","name":"X\u00e0tiva avan\u00e7a el Nadal al pont de desembre | X\u00e0tiva Turisme","isPartOf":{"@id":"https:\/\/xativaturismo.com\/#website"},"primaryImageOfPage":{"@id":"https:\/\/xativaturismo.com\/val\/xativa-avanca-el-nadal-al-pont-de-desembre\/#primaryimage"},"image":{"@id":"https:\/\/xativaturismo.com\/val\/xativa-avanca-el-nadal-al-pont-de-desembre\/#primaryimage"},"thumbnailUrl":"https:\/\/xativaturismo.com\/wp-content\/uploads\/2023\/11\/capcalera-articles-blog-xativa.jpg","datePublished":"2023-11-24T16:10:54+00:00","description":"X\u00e0tiva avan\u00e7a el Nadal al pont de desembre. Hi destaca el Betlem, una gran exposici\u00f3 de playmobils i el Mercat de Nadal.","breadcrumb":{"@id":"https:\/\/xativaturismo.com\/val\/xativa-avanca-el-nadal-al-pont-de-desembre\/#breadcrumb"},"inLanguage":"ca","potentialAction":[{"@type":"ReadAction","target":["https:\/\/xativaturismo.com\/val\/xativa-avanca-el-nadal-al-pont-de-desembre\/"]}]},{"@type":"ImageObject","inLanguage":"ca","@id":"https:\/\/xativaturismo.com\/val\/xativa-avanca-el-nadal-al-pont-de-desembre\/#primaryimage","url":"https:\/\/xativaturismo.com\/wp-content\/uploads\/2023\/11\/capcalera-articles-blog-xativa.jpg","contentUrl":"https:\/\/xativaturismo.com\/wp-content\/uploads\/2023\/11\/capcalera-articles-blog-xativa.jpg","width":1140,"height":350,"caption":"nadal 2023"},{"@type":"BreadcrumbList","@id":"https:\/\/xativaturismo.com\/val\/xativa-avanca-el-nadal-al-pont-de-desembre\/#breadcrumb","itemListElement":[{"@type":"ListItem","position":1,"name":"Portada","item":"https:\/\/xativaturismo.com\/val\/"},{"@type":"ListItem","position":2,"name":"X\u00e0tiva avan\u00e7a el Nadal al pont de desembre"}]},{"@type":"WebSite","@id":"https:\/\/xativaturismo.com\/#website","url":"https:\/\/xativaturismo.com\/","name":"X\u00e0tiva Turismo","description":"Bienvenidos a la oficina de Turismo de X\u00e0tiva","publisher":{"@id":"https:\/\/xativaturismo.com\/#organization"},"potentialAction":[{"@type":"SearchAction","target":{"@type":"EntryPoint","urlTemplate":"https:\/\/xativaturismo.com\/?s={search_term_string}"},"query-input":{"@type":"PropertyValueSpecification","valueRequired":true,"valueName":"search_term_string"}}],"inLanguage":"ca"},{"@type":"Organization","@id":"https:\/\/xativaturismo.com\/#organization","name":"X\u00e0tiva Turismo","url":"https:\/\/xativaturismo.com\/","logo":{"@type":"ImageObject","inLanguage":"ca","@id":"https:\/\/xativaturismo.com\/#\/schema\/logo\/image\/","url":"https:\/\/xativaturismo.com\/wp-content\/uploads\/2020\/10\/logo-lila512-2.png","contentUrl":"https:\/\/xativaturismo.com\/wp-content\/uploads\/2020\/10\/logo-lila512-2.png","width":445,"height":512,"caption":"X\u00e0tiva Turismo"},"image":{"@id":"https:\/\/xativaturismo.com\/#\/schema\/logo\/image\/"},"sameAs":["https:\/\/www.facebook.com\/XativaTurisme","https:\/\/x.com\/XativaTurisme"]},{"@type":"Person","@id":"https:\/\/xativaturismo.com\/#\/schema\/person\/076ef82c001ca23709c36cf13a96ee7d","name":"Edit Orial","image":{"@type":"ImageObject","inLanguage":"ca","@id":"https:\/\/xativaturismo.com\/#\/schema\/person\/image\/","url":"https:\/\/secure.gravatar.com\/avatar\/8e23460bf094742a301ecd4741c5b42b22f6fd944b7a3e55260bb476eccfd123?s=96&d=mm&r=g","contentUrl":"https:\/\/secure.gravatar.com\/avatar\/8e23460bf094742a301ecd4741c5b42b22f6fd944b7a3e55260bb476eccfd123?s=96&d=mm&r=g","caption":"Edit Orial"},"url":"https:\/\/xativaturismo.com\/val\/author\/autoripress\/"}]}},"_links":{"self":[{"href":"https:\/\/xativaturismo.com\/val\/wp-json\/wp\/v2\/posts\/414089","targetHints":{"allow":["GET"]}}],"collection":[{"href":"https:\/\/xativaturismo.com\/val\/wp-json\/wp\/v2\/posts"}],"about":[{"href":"https:\/\/xativaturismo.com\/val\/wp-json\/wp\/v2\/types\/post"}],"author":[{"embeddable":true,"href":"https:\/\/xativaturismo.com\/val\/wp-json\/wp\/v2\/users\/10"}],"replies":[{"embeddable":true,"href":"https:\/\/xativaturismo.com\/val\/wp-json\/wp\/v2\/comments?post=414089"}],"version-history":[{"count":0,"href":"https:\/\/xativaturismo.com\/val\/wp-json\/wp\/v2\/posts\/414089\/revisions"}],"wp:featuredmedia":[{"embeddable":true,"href":"https:\/\/xativaturismo.com\/val\/wp-json\/wp\/v2\/media\/414101"}],"wp:attachment":[{"href":"https:\/\/xativaturismo.com\/val\/wp-json\/wp\/v2\/media?parent=414089"}],"wp:term":[{"taxonomy":"category","embeddable":true,"href":"https:\/\/xativaturismo.com\/val\/wp-json\/wp\/v2\/categories?post=414089"},{"taxonomy":"post_tag","embeddable":true,"href":"https:\/\/xativaturismo.com\/val\/wp-json\/wp\/v2\/tags?post=414089"}],"curies":[{"name":"wp","href":"https:\/\/api.w.org\/{rel}","templated":true}]}}