{"id":406735,"date":"2023-11-10T09:01:30","date_gmt":"2023-11-10T08:01:30","guid":{"rendered":"https:\/\/xativaturismo.com\/?p=406735"},"modified":"2023-11-10T09:02:15","modified_gmt":"2023-11-10T08:02:15","slug":"regina-sedis-saetabensis-al-museu-de-belles-arts","status":"publish","type":"post","link":"https:\/\/xativaturismo.com\/val\/regina-sedis-saetabensis-al-museu-de-belles-arts\/","title":{"rendered":"\u00abRegina Sedis Saetabensis\u00bb al Museu de Belles Arts"},"content":{"rendered":"<ul>\n<li><span lang=\"ca-ES-valencia\"><b>El Museu de Belles Arts acull fins al mes de gener l\u2019exposici\u00f3 \u00abRegina Sedis Setabensis\u00bb<\/b><\/span><\/li>\n<li><strong><span lang=\"ca-ES-valencia\">L<\/span><span lang=\"ca-ES-valencia\">a mostra, amb una cinquantena d\u2019obres, commemora el centenari del patronatge can\u00f2nic de la Mare de D\u00e9u de la Seu<\/span><\/strong><\/li>\n<\/ul>\n<p align=\"justify\"><span lang=\"ca-ES-valencia\">Aquest dijous 9 de novembre tindr\u00e0 lloc al Museu de Belles Arts \u2013 Casa de l\u2019Ensenyan\u00e7a la inauguraci\u00f3 de l\u2019exposici\u00f3 \u00abRegina Sedis Saetabensis\u00bb, la qual servir\u00e0 per commemorar el centenari del patronatge can\u00f2nic de la Mare de D\u00e9u de la Seu.<\/span><\/p>\n<p align=\"justify\"><span lang=\"ca-ES-valencia\">L\u2019exposici\u00f3,\u00a0<\/span><span lang=\"ca-ES-valencia\">visitable fins al 14 de gener de 2024,<\/span><span lang=\"ca-ES-valencia\">\u00a0compta amb obres d\u2019art referents a la patrona dels xativins i les xativines, posant de manifest la import\u00e0ncia que va tindre la Mare de D\u00e9u de la Seu per a la ciutat, aix\u00ed com la seua evoluci\u00f3 art\u00edstica i difusi\u00f3.\u00a0<\/span><span lang=\"ca-ES-valencia\">En total es podran tr<\/span><span lang=\"ca-ES-valencia\">obar una cinquantena d\u2019<\/span><span lang=\"ca-ES-valencia\">obres\u00a0<\/span><span lang=\"ca-ES-valencia\">entre les que es troben\u00a0<\/span><span lang=\"ca-ES-valencia\">gravats, pintures, imatges, taulelleria, medalles i objectes antics relacionat<\/span><span lang=\"ca-ES-valencia\">s<\/span><span lang=\"ca-ES-valencia\">;\u00a0<\/span><span lang=\"ca-ES-valencia\">els quals<\/span><span lang=\"ca-ES-valencia\">\u00a0ens parlen de l\u2019evoluci\u00f3 d\u2019aquesta figura a trav\u00e9s dels ulls de l\u2019art.<\/span><\/p>\n<p align=\"justify\"><span lang=\"ca-ES-valencia\">L\u2019origen de la imatge es troba en un context hist\u00f2ric i art\u00edstic concret, la X\u00e0tiva medieval, i va evolucionant des del barroc fins als nostres dies mitjan\u00e7ant artistes que han anat realitzant les seues aportacions formals a la iconografia de la Mare de D\u00e9u. \u00c9s el cas d\u2019escultors i tallistes barrocs com el xativ\u00ed Antoni Tom\u00e0s o l\u2019acad\u00e8mic i escultor de cambra de Carles IV, Jos\u00e9 Esteve Bonet; fins arribar a l\u2019escultura de postguerra d\u2019Enrique Galarza Moreno o el virtuosisme de Mariano Benlliure Gil, pintors com Basilio Yago al segle XVII o Jos\u00e9 Amor\u00f3s i el seu prol\u00edfic taller a la X\u00e0tiva del segle XVIII.<\/span><\/p>\n<p align=\"justify\"><span lang=\"ca-ES-valencia\">En 1923 el Papa Pius XI va proclamar la Mare de D\u00e9u de la Seu com a patrona de la ciutat, i eixe mateix any es va compondre el seu himne, obra del mestre Jos\u00e9 Ram\u00edrez Cameno amb lletra del canonge Hinojosa. A m\u00e9s a m\u00e9s, aquest any tamb\u00e9 se celebra el 50 aniversari de la coronaci\u00f3 can\u00f2nica de l\u2019actual imatge titular, portada a terme a l\u2019Albereda per l\u2019Arquebisbe de Val\u00e8ncia Jos\u00e9 M\u00aa Garc\u00eda Lahiguera.<\/span><\/p>\n","protected":false},"excerpt":{"rendered":"<p>La mostra, amb una cinquantena d\u2019obres, commemora el centenari del patronatge can\u00f2nic de la Mare de D\u00e9u de la Seu. Visitable fins al 14 de gener.<\/p>\n","protected":false},"author":10,"featured_media":406736,"comment_status":"closed","ping_status":"closed","sticky":false,"template":"","format":"standard","meta":{"_price":"","_stock":"","_tribe_ticket_header":"","_tribe_default_ticket_provider":"","_ticket_start_date":"","_ticket_end_date":"","_tribe_ticket_show_description":"","_tribe_ticket_show_not_going":false,"_tribe_ticket_use_global_stock":"","_tribe_ticket_global_stock_level":"","_global_stock_mode":"","_global_stock_cap":"","_tribe_rsvp_for_event":"","_tribe_ticket_going_count":"","_tribe_ticket_not_going_count":"","_tribe_tickets_list":"[]","_tribe_ticket_has_attendee_info_fields":false,"footnotes":""},"categories":[19,374,23],"tags":[3404],"class_list":["post-406735","post","type-post","status-publish","format-standard","has-post-thumbnail","hentry","category-actualidad","category-actualidad-en","category-actualidad-val","tag-exposicio"],"yoast_head":"<!-- This site is optimized with the Yoast SEO plugin v27.0 - https:\/\/yoast.com\/product\/yoast-seo-wordpress\/ -->\n<title>\u00abRegina Sedis Saetabensis\u00bb al Museu de Belles Arts<\/title>\n<meta name=\"description\" content=\"La mostra, amb una cinquantena d\u2019obres, commemora el centenari del patronatge can\u00f2nic de la Mare de D\u00e9u de la Seu.\" \/>\n<meta name=\"robots\" content=\"index, follow, max-snippet:-1, max-image-preview:large, max-video-preview:-1\" \/>\n<link rel=\"canonical\" href=\"https:\/\/xativaturismo.com\/val\/regina-sedis-saetabensis-al-museu-de-belles-arts\/\" \/>\n<meta property=\"og:locale\" content=\"ca_ES\" \/>\n<meta property=\"og:type\" content=\"article\" \/>\n<meta property=\"og:title\" content=\"\u00abRegina Sedis Saetabensis\u00bb al Museu de Belles Arts\" \/>\n<meta property=\"og:description\" content=\"La mostra, amb una cinquantena d\u2019obres, commemora el centenari del patronatge can\u00f2nic de la Mare de D\u00e9u de la Seu.\" \/>\n<meta property=\"og:url\" content=\"https:\/\/xativaturismo.com\/val\/regina-sedis-saetabensis-al-museu-de-belles-arts\/\" \/>\n<meta property=\"og:site_name\" content=\"X\u00e0tiva Turismo\" \/>\n<meta property=\"article:publisher\" content=\"https:\/\/www.facebook.com\/XativaTurisme\" \/>\n<meta property=\"article:published_time\" content=\"2023-11-10T08:01:30+00:00\" \/>\n<meta property=\"article:modified_time\" content=\"2023-11-10T08:02:15+00:00\" \/>\n<meta property=\"og:image\" content=\"https:\/\/xativaturismo.com\/wp-content\/uploads\/2023\/11\/regina-sedis-saetabensis.jpg\" \/>\n\t<meta property=\"og:image:width\" content=\"1140\" \/>\n\t<meta property=\"og:image:height\" content=\"350\" \/>\n\t<meta property=\"og:image:type\" content=\"image\/jpeg\" \/>\n<meta name=\"author\" content=\"Edit Orial\" \/>\n<meta name=\"twitter:card\" content=\"summary_large_image\" \/>\n<meta name=\"twitter:creator\" content=\"@XativaTurisme\" \/>\n<meta name=\"twitter:site\" content=\"@XativaTurisme\" \/>\n<meta name=\"twitter:label1\" content=\"Written by\" \/>\n\t<meta name=\"twitter:data1\" content=\"Edit Orial\" \/>\n\t<meta name=\"twitter:label2\" content=\"Est. reading time\" \/>\n\t<meta name=\"twitter:data2\" content=\"2 minutes\" \/>\n<script type=\"application\/ld+json\" class=\"yoast-schema-graph\">{\"@context\":\"https:\/\/schema.org\",\"@graph\":[{\"@type\":\"Article\",\"@id\":\"https:\/\/xativaturismo.com\/val\/regina-sedis-saetabensis-al-museu-de-belles-arts\/#article\",\"isPartOf\":{\"@id\":\"https:\/\/xativaturismo.com\/val\/regina-sedis-saetabensis-al-museu-de-belles-arts\/\"},\"author\":{\"name\":\"Edit Orial\",\"@id\":\"https:\/\/xativaturismo.com\/#\/schema\/person\/076ef82c001ca23709c36cf13a96ee7d\"},\"headline\":\"\u00abRegina Sedis Saetabensis\u00bb al Museu de Belles Arts\",\"datePublished\":\"2023-11-10T08:01:30+00:00\",\"dateModified\":\"2023-11-10T08:02:15+00:00\",\"mainEntityOfPage\":{\"@id\":\"https:\/\/xativaturismo.com\/val\/regina-sedis-saetabensis-al-museu-de-belles-arts\/\"},\"wordCount\":390,\"publisher\":{\"@id\":\"https:\/\/xativaturismo.com\/#organization\"},\"image\":{\"@id\":\"https:\/\/xativaturismo.com\/val\/regina-sedis-saetabensis-al-museu-de-belles-arts\/#primaryimage\"},\"thumbnailUrl\":\"https:\/\/xativaturismo.com\/wp-content\/uploads\/2023\/11\/regina-sedis-saetabensis.jpg\",\"keywords\":[\"exposici\u00f3\"],\"articleSection\":[\"Actualidad\",\"Actualidad\",\"Actualitat\"],\"inLanguage\":\"ca\"},{\"@type\":\"WebPage\",\"@id\":\"https:\/\/xativaturismo.com\/val\/regina-sedis-saetabensis-al-museu-de-belles-arts\/\",\"url\":\"https:\/\/xativaturismo.com\/val\/regina-sedis-saetabensis-al-museu-de-belles-arts\/\",\"name\":\"\u00abRegina Sedis Saetabensis\u00bb al Museu de Belles Arts\",\"isPartOf\":{\"@id\":\"https:\/\/xativaturismo.com\/#website\"},\"primaryImageOfPage\":{\"@id\":\"https:\/\/xativaturismo.com\/val\/regina-sedis-saetabensis-al-museu-de-belles-arts\/#primaryimage\"},\"image\":{\"@id\":\"https:\/\/xativaturismo.com\/val\/regina-sedis-saetabensis-al-museu-de-belles-arts\/#primaryimage\"},\"thumbnailUrl\":\"https:\/\/xativaturismo.com\/wp-content\/uploads\/2023\/11\/regina-sedis-saetabensis.jpg\",\"datePublished\":\"2023-11-10T08:01:30+00:00\",\"dateModified\":\"2023-11-10T08:02:15+00:00\",\"description\":\"La mostra, amb una cinquantena d\u2019obres, commemora el centenari del patronatge can\u00f2nic de la Mare de D\u00e9u de la Seu.\",\"breadcrumb\":{\"@id\":\"https:\/\/xativaturismo.com\/val\/regina-sedis-saetabensis-al-museu-de-belles-arts\/#breadcrumb\"},\"inLanguage\":\"ca\",\"potentialAction\":[{\"@type\":\"ReadAction\",\"target\":[\"https:\/\/xativaturismo.com\/val\/regina-sedis-saetabensis-al-museu-de-belles-arts\/\"]}]},{\"@type\":\"ImageObject\",\"inLanguage\":\"ca\",\"@id\":\"https:\/\/xativaturismo.com\/val\/regina-sedis-saetabensis-al-museu-de-belles-arts\/#primaryimage\",\"url\":\"https:\/\/xativaturismo.com\/wp-content\/uploads\/2023\/11\/regina-sedis-saetabensis.jpg\",\"contentUrl\":\"https:\/\/xativaturismo.com\/wp-content\/uploads\/2023\/11\/regina-sedis-saetabensis.jpg\",\"width\":1140,\"height\":350,\"caption\":\"Regina Sedis Saetabensis\"},{\"@type\":\"BreadcrumbList\",\"@id\":\"https:\/\/xativaturismo.com\/val\/regina-sedis-saetabensis-al-museu-de-belles-arts\/#breadcrumb\",\"itemListElement\":[{\"@type\":\"ListItem\",\"position\":1,\"name\":\"Portada\",\"item\":\"https:\/\/xativaturismo.com\/val\/inicio-copy-2\/\"},{\"@type\":\"ListItem\",\"position\":2,\"name\":\"\u00abRegina Sedis Saetabensis\u00bb al Museu de Belles Arts\"}]},{\"@type\":\"WebSite\",\"@id\":\"https:\/\/xativaturismo.com\/#website\",\"url\":\"https:\/\/xativaturismo.com\/\",\"name\":\"X\u00e0tiva Turismo\",\"description\":\"Bienvenidos a la oficina de Turismo de X\u00e0tiva\",\"publisher\":{\"@id\":\"https:\/\/xativaturismo.com\/#organization\"},\"potentialAction\":[{\"@type\":\"SearchAction\",\"target\":{\"@type\":\"EntryPoint\",\"urlTemplate\":\"https:\/\/xativaturismo.com\/?s={search_term_string}\"},\"query-input\":{\"@type\":\"PropertyValueSpecification\",\"valueRequired\":true,\"valueName\":\"search_term_string\"}}],\"inLanguage\":\"ca\"},{\"@type\":\"Organization\",\"@id\":\"https:\/\/xativaturismo.com\/#organization\",\"name\":\"X\u00e0tiva Turismo\",\"url\":\"https:\/\/xativaturismo.com\/\",\"logo\":{\"@type\":\"ImageObject\",\"inLanguage\":\"ca\",\"@id\":\"https:\/\/xativaturismo.com\/#\/schema\/logo\/image\/\",\"url\":\"https:\/\/xativaturismo.com\/wp-content\/uploads\/2020\/10\/logo-lila512-2.png\",\"contentUrl\":\"https:\/\/xativaturismo.com\/wp-content\/uploads\/2020\/10\/logo-lila512-2.png\",\"width\":445,\"height\":512,\"caption\":\"X\u00e0tiva Turismo\"},\"image\":{\"@id\":\"https:\/\/xativaturismo.com\/#\/schema\/logo\/image\/\"},\"sameAs\":[\"https:\/\/www.facebook.com\/XativaTurisme\",\"https:\/\/x.com\/XativaTurisme\"]},{\"@type\":\"Person\",\"@id\":\"https:\/\/xativaturismo.com\/#\/schema\/person\/076ef82c001ca23709c36cf13a96ee7d\",\"name\":\"Edit Orial\",\"image\":{\"@type\":\"ImageObject\",\"inLanguage\":\"ca\",\"@id\":\"https:\/\/xativaturismo.com\/#\/schema\/person\/image\/\",\"url\":\"https:\/\/secure.gravatar.com\/avatar\/8e23460bf094742a301ecd4741c5b42b22f6fd944b7a3e55260bb476eccfd123?s=96&d=mm&r=g\",\"contentUrl\":\"https:\/\/secure.gravatar.com\/avatar\/8e23460bf094742a301ecd4741c5b42b22f6fd944b7a3e55260bb476eccfd123?s=96&d=mm&r=g\",\"caption\":\"Edit Orial\"},\"url\":\"https:\/\/xativaturismo.com\/val\/author\/autoripress\/\"}]}<\/script>\n<!-- \/ Yoast SEO plugin. -->","yoast_head_json":{"title":"\u00abRegina Sedis Saetabensis\u00bb al Museu de Belles Arts","description":"La mostra, amb una cinquantena d\u2019obres, commemora el centenari del patronatge can\u00f2nic de la Mare de D\u00e9u de la Seu.","robots":{"index":"index","follow":"follow","max-snippet":"max-snippet:-1","max-image-preview":"max-image-preview:large","max-video-preview":"max-video-preview:-1"},"canonical":"https:\/\/xativaturismo.com\/val\/regina-sedis-saetabensis-al-museu-de-belles-arts\/","og_locale":"ca_ES","og_type":"article","og_title":"\u00abRegina Sedis Saetabensis\u00bb al Museu de Belles Arts","og_description":"La mostra, amb una cinquantena d\u2019obres, commemora el centenari del patronatge can\u00f2nic de la Mare de D\u00e9u de la Seu.","og_url":"https:\/\/xativaturismo.com\/val\/regina-sedis-saetabensis-al-museu-de-belles-arts\/","og_site_name":"X\u00e0tiva Turismo","article_publisher":"https:\/\/www.facebook.com\/XativaTurisme","article_published_time":"2023-11-10T08:01:30+00:00","article_modified_time":"2023-11-10T08:02:15+00:00","og_image":[{"width":1140,"height":350,"url":"https:\/\/xativaturismo.com\/wp-content\/uploads\/2023\/11\/regina-sedis-saetabensis.jpg","type":"image\/jpeg"}],"author":"Edit Orial","twitter_card":"summary_large_image","twitter_creator":"@XativaTurisme","twitter_site":"@XativaTurisme","twitter_misc":{"Written by":"Edit Orial","Est. reading time":"2 minutes"},"schema":{"@context":"https:\/\/schema.org","@graph":[{"@type":"Article","@id":"https:\/\/xativaturismo.com\/val\/regina-sedis-saetabensis-al-museu-de-belles-arts\/#article","isPartOf":{"@id":"https:\/\/xativaturismo.com\/val\/regina-sedis-saetabensis-al-museu-de-belles-arts\/"},"author":{"name":"Edit Orial","@id":"https:\/\/xativaturismo.com\/#\/schema\/person\/076ef82c001ca23709c36cf13a96ee7d"},"headline":"\u00abRegina Sedis Saetabensis\u00bb al Museu de Belles Arts","datePublished":"2023-11-10T08:01:30+00:00","dateModified":"2023-11-10T08:02:15+00:00","mainEntityOfPage":{"@id":"https:\/\/xativaturismo.com\/val\/regina-sedis-saetabensis-al-museu-de-belles-arts\/"},"wordCount":390,"publisher":{"@id":"https:\/\/xativaturismo.com\/#organization"},"image":{"@id":"https:\/\/xativaturismo.com\/val\/regina-sedis-saetabensis-al-museu-de-belles-arts\/#primaryimage"},"thumbnailUrl":"https:\/\/xativaturismo.com\/wp-content\/uploads\/2023\/11\/regina-sedis-saetabensis.jpg","keywords":["exposici\u00f3"],"articleSection":["Actualidad","Actualidad","Actualitat"],"inLanguage":"ca"},{"@type":"WebPage","@id":"https:\/\/xativaturismo.com\/val\/regina-sedis-saetabensis-al-museu-de-belles-arts\/","url":"https:\/\/xativaturismo.com\/val\/regina-sedis-saetabensis-al-museu-de-belles-arts\/","name":"\u00abRegina Sedis Saetabensis\u00bb al Museu de Belles Arts","isPartOf":{"@id":"https:\/\/xativaturismo.com\/#website"},"primaryImageOfPage":{"@id":"https:\/\/xativaturismo.com\/val\/regina-sedis-saetabensis-al-museu-de-belles-arts\/#primaryimage"},"image":{"@id":"https:\/\/xativaturismo.com\/val\/regina-sedis-saetabensis-al-museu-de-belles-arts\/#primaryimage"},"thumbnailUrl":"https:\/\/xativaturismo.com\/wp-content\/uploads\/2023\/11\/regina-sedis-saetabensis.jpg","datePublished":"2023-11-10T08:01:30+00:00","dateModified":"2023-11-10T08:02:15+00:00","description":"La mostra, amb una cinquantena d\u2019obres, commemora el centenari del patronatge can\u00f2nic de la Mare de D\u00e9u de la Seu.","breadcrumb":{"@id":"https:\/\/xativaturismo.com\/val\/regina-sedis-saetabensis-al-museu-de-belles-arts\/#breadcrumb"},"inLanguage":"ca","potentialAction":[{"@type":"ReadAction","target":["https:\/\/xativaturismo.com\/val\/regina-sedis-saetabensis-al-museu-de-belles-arts\/"]}]},{"@type":"ImageObject","inLanguage":"ca","@id":"https:\/\/xativaturismo.com\/val\/regina-sedis-saetabensis-al-museu-de-belles-arts\/#primaryimage","url":"https:\/\/xativaturismo.com\/wp-content\/uploads\/2023\/11\/regina-sedis-saetabensis.jpg","contentUrl":"https:\/\/xativaturismo.com\/wp-content\/uploads\/2023\/11\/regina-sedis-saetabensis.jpg","width":1140,"height":350,"caption":"Regina Sedis Saetabensis"},{"@type":"BreadcrumbList","@id":"https:\/\/xativaturismo.com\/val\/regina-sedis-saetabensis-al-museu-de-belles-arts\/#breadcrumb","itemListElement":[{"@type":"ListItem","position":1,"name":"Portada","item":"https:\/\/xativaturismo.com\/val\/inicio-copy-2\/"},{"@type":"ListItem","position":2,"name":"\u00abRegina Sedis Saetabensis\u00bb al Museu de Belles Arts"}]},{"@type":"WebSite","@id":"https:\/\/xativaturismo.com\/#website","url":"https:\/\/xativaturismo.com\/","name":"X\u00e0tiva Turismo","description":"Bienvenidos a la oficina de Turismo de X\u00e0tiva","publisher":{"@id":"https:\/\/xativaturismo.com\/#organization"},"potentialAction":[{"@type":"SearchAction","target":{"@type":"EntryPoint","urlTemplate":"https:\/\/xativaturismo.com\/?s={search_term_string}"},"query-input":{"@type":"PropertyValueSpecification","valueRequired":true,"valueName":"search_term_string"}}],"inLanguage":"ca"},{"@type":"Organization","@id":"https:\/\/xativaturismo.com\/#organization","name":"X\u00e0tiva Turismo","url":"https:\/\/xativaturismo.com\/","logo":{"@type":"ImageObject","inLanguage":"ca","@id":"https:\/\/xativaturismo.com\/#\/schema\/logo\/image\/","url":"https:\/\/xativaturismo.com\/wp-content\/uploads\/2020\/10\/logo-lila512-2.png","contentUrl":"https:\/\/xativaturismo.com\/wp-content\/uploads\/2020\/10\/logo-lila512-2.png","width":445,"height":512,"caption":"X\u00e0tiva Turismo"},"image":{"@id":"https:\/\/xativaturismo.com\/#\/schema\/logo\/image\/"},"sameAs":["https:\/\/www.facebook.com\/XativaTurisme","https:\/\/x.com\/XativaTurisme"]},{"@type":"Person","@id":"https:\/\/xativaturismo.com\/#\/schema\/person\/076ef82c001ca23709c36cf13a96ee7d","name":"Edit Orial","image":{"@type":"ImageObject","inLanguage":"ca","@id":"https:\/\/xativaturismo.com\/#\/schema\/person\/image\/","url":"https:\/\/secure.gravatar.com\/avatar\/8e23460bf094742a301ecd4741c5b42b22f6fd944b7a3e55260bb476eccfd123?s=96&d=mm&r=g","contentUrl":"https:\/\/secure.gravatar.com\/avatar\/8e23460bf094742a301ecd4741c5b42b22f6fd944b7a3e55260bb476eccfd123?s=96&d=mm&r=g","caption":"Edit Orial"},"url":"https:\/\/xativaturismo.com\/val\/author\/autoripress\/"}]}},"_links":{"self":[{"href":"https:\/\/xativaturismo.com\/val\/wp-json\/wp\/v2\/posts\/406735","targetHints":{"allow":["GET"]}}],"collection":[{"href":"https:\/\/xativaturismo.com\/val\/wp-json\/wp\/v2\/posts"}],"about":[{"href":"https:\/\/xativaturismo.com\/val\/wp-json\/wp\/v2\/types\/post"}],"author":[{"embeddable":true,"href":"https:\/\/xativaturismo.com\/val\/wp-json\/wp\/v2\/users\/10"}],"replies":[{"embeddable":true,"href":"https:\/\/xativaturismo.com\/val\/wp-json\/wp\/v2\/comments?post=406735"}],"version-history":[{"count":0,"href":"https:\/\/xativaturismo.com\/val\/wp-json\/wp\/v2\/posts\/406735\/revisions"}],"wp:featuredmedia":[{"embeddable":true,"href":"https:\/\/xativaturismo.com\/val\/wp-json\/wp\/v2\/media\/406736"}],"wp:attachment":[{"href":"https:\/\/xativaturismo.com\/val\/wp-json\/wp\/v2\/media?parent=406735"}],"wp:term":[{"taxonomy":"category","embeddable":true,"href":"https:\/\/xativaturismo.com\/val\/wp-json\/wp\/v2\/categories?post=406735"},{"taxonomy":"post_tag","embeddable":true,"href":"https:\/\/xativaturismo.com\/val\/wp-json\/wp\/v2\/tags?post=406735"}],"curies":[{"name":"wp","href":"https:\/\/api.w.org\/{rel}","templated":true}]}}