{"id":395703,"date":"2023-10-16T17:25:25","date_gmt":"2023-10-16T15:25:25","guid":{"rendered":"https:\/\/xativaturismo.com\/?p=395703"},"modified":"2023-10-16T17:35:34","modified_gmt":"2023-10-16T15:35:34","slug":"fira-borja-2023-en-el-pont-de-tots-sants","status":"publish","type":"post","link":"https:\/\/xativaturismo.com\/val\/fira-borja-2023-en-el-pont-de-tots-sants\/","title":{"rendered":"Fira Borja 2023 en el pont de Tots Sants"},"content":{"rendered":"<p>La regidora de Turisme Raquel Caballero ha presentat la programaci\u00f3 de l\u2019edici\u00f3 2023 de la Fira Borja, la qual es desenvolupar\u00e0 de l\u20191 al 5 del novembre i comptar\u00e0 tamb\u00e9 aquest any amb fira gastron\u00f2mica, fira de Turisme, fira d\u2019Artesania i amb un festival internacional de M\u00fasica i Hist\u00f2ria. En total es podr\u00e0 gaudir de m\u00e9s d\u2019una vintena d\u2019activitats per a tots els p\u00fablics, sent totes elles gratu\u00eftes.<\/p>\n<p>\u00abAquest any repetim el format de l\u2019any passat, amb un gran nombre d\u2019activitats que ja van ser tot un \u00e8xit en la passada edici\u00f3. La intenci\u00f3 \u00e9s impulsar la ciutat a nivell tur\u00edstic i hostaler, aprofitant els dies al voltant del pont de Tots Sants per atraure als visitants a X\u00e0tiva i posar en valor el patrimoni de la nostra ciutat, ja que les activitats es desenvolupen als llocs m\u00e9s emblem\u00e0tics i hist\u00f2rics\u00bb, ha destacat la regidora de Turisme Raquel Caballero, qui ha recordat que compten amb una subvenci\u00f3 de 80.000 euros per part de Territori Borja, \u00abdiners que s\u2019inverteixen per repercutir directament en benefici dels establiments de X\u00e0tiva\u00bb.<\/p>\n<p>Aquesta edici\u00f3 comptar\u00e0 amb set espais esc\u00e8nics diferenciats: Sant Pere, la pla\u00e7a de la Seu, el convent de Sant Dom\u00e8nec, el claustre del Museu de l\u2019Almod\u00ed, el Gran Teatre, l\u2019esgl\u00e9sia de Sant Feliu i la pla\u00e7a del Mercat.<\/p>\n<h3>Programaci\u00f3<\/h3>\n<p>La programaci\u00f3 compta amb 5 concerts. El dia 1 a les 19 hores est\u00e0 previst a l\u2019esgl\u00e9sia de Sant Feliu el concert d\u2019inauguraci\u00f3 \u00abLlum i color del teclat mediterrani\u00bb, a c\u00e0rrec de l\u2019organista i catedr\u00e0tic del Conservatori Superior de M\u00fasica de Val\u00e8ncia Arturo Barba i l\u2019organista titular de San Trovaso de Ven\u00e8cia (It\u00e0lia)Nicol\u00f2 Sari.\u00a0 A m\u00e9s a m\u00e9s, el dia 3 de novembre, al convent de Sant Dom\u00e8nec, tindr\u00e0 lloc el concert de guitarra \u00abXarxes\u00bb a c\u00e0rrec de Jonathan Ross Parkin i Jes\u00fas Navarro Rodrigo; mentre que el dia 4 a les 12 hores es realitzar\u00e0 el concert \u00abEl concierto\u00a0 secreto\u00bb amb Laia Blasco (veu), Juliette Commeaux (arpa) i Marina Ares (dansa). Tamb\u00e9 el dia 4, per\u00f2 a les 20 hores, es realitzar\u00e0 a Sant Dom\u00e8nec el concert \u00abM\u00fasica en temps del Papa Luna\u00bb a c\u00e0rrec de Capella de Ministrers, per commemorar el 600 aniversari de la seua mort; i per \u00faltim el dia 5 a les 12 hores tindr\u00e0 lloc la cita musical \u00abBatteries de tambours\u00bb amb instruments hist\u00f2rics per a expressar-se al segle XXI (Arbeau Project). Tots els concerts seran gratu\u00efts fins completar aforament.<\/p>\n<p>Els escolars tamb\u00e9 tindran el seu espai ja que els dies 2 i 3 de novembre es realitzar\u00e0 l\u2019activitat \u00abLa veu de l\u2019orgue al renaixement i ara\u00bb, a c\u00e0rrec d\u2019Arturo Barba (cal reservar pla\u00e7a a l\u2019Oficina de Turisme ja que les places s\u00f3n limitades). A m\u00e9s a m\u00e9s, el dia 2 de novembre es realitzar\u00e0 a la Casa de Cultura (19:30h) la confer\u00e8ncia \u00abDues mirades al voltant dels Borja\u00bb, impartida pel director de l\u2019Arxiu Municipal Isa\u00efes Blesa i pel t\u00e8cnic de l\u2019Arxiu Municipal Sergio Rubio; i el diumenge 5 a les 19 hores es podr\u00e0 veure al Gran Teatre de X\u00e0tiva l\u2019estrena de l\u2019espectacle familiar de m\u00fasica antiga i dansa \u00abRegina. El poder de les dones\u00bb, a c\u00e0rrec de Capella de Ministrers amb direcci\u00f3 de Carles Magraner.<\/p>\n<p>Pel que fa a les rutes i visites guiades, s\u2019han programat cites en diferents idiomes. El dia 4 a les 10:30 hores es realitzar\u00e0 una visita guiada en angl\u00e8s al voltant de X\u00e0tiva com a ciutat natal dels Borja, amb eixida des de la pla\u00e7a Sant Pere, mentre que el diumenge 5 es repetir\u00e0 la ruta en valenci\u00e0 (10h) i en castell\u00e0 (10:30h). En finalitzar es podran degustar dol\u00e7os t\u00edpics i cal apuntar que l\u2019entrada a la col\u00b7legiata i al museu de Santa Maria (la Seu) tindr\u00e0 un preu de 2 euros. L\u2019altra ruta programada ser\u00e0 \u00abLa ruta Borja\u00bb amb eixida tamb\u00e9 des de Sant Pere, per\u00f2 en aquest cas en format visita teatralitzada. Es podr\u00e0 gaudir el dissabte 4 des de les 18 hores i el diumenge 5 a partir de les 12 hores. Les reserves de totes les visites, que tenen places limitades, s\u2019han de fer a trav\u00e9s de la web <a href=\"https:\/\/xativaturismo.com\/\">www.xativaturismo.com<\/a> o de l\u2019oficina de Turisme a partir d\u2019aquest dimarts 17 d\u2019octubre a les 8 del mat\u00ed.<\/p>\n<p>La programaci\u00f3 es completa amb dues exposicions, una sobre la hist\u00f2ria de la fam\u00edlia Borja (del 18 d\u2019octubre al 19 de novembre), i altra sobre una recreaci\u00f3 del vestuari dels Borja (del 25 d\u2019octubre al 12 de novembre), totes dues al convent de Sant Dom\u00e8nec. A m\u00e9s a m\u00e9s, els dies 2, 3 i 4 de novembre es projectar\u00e0 al centre d\u2019Interpretaci\u00f3 de l\u2019Espai Borja el v\u00eddeomapatge i els t\u00f2tems interactius amb entrada gratu\u00efta i en horari de 11 a 14 i de 16 a 18 hores (els dies 1 i 5 de novembre tamb\u00e9 es podr\u00e0 visitar en horari de mat\u00ed).<\/p>\n<h3><strong>Fira d\u2019Artesania<\/strong><\/h3>\n<p>La Fira d\u2019Artesania, la qual canvia d\u2019ubicaci\u00f3 aquest any a l\u2019Albereda Jaume I, s\u2019inaugurar\u00e0 el divendres 3 de novembre a les 11 hores i es podran trobar parades de diverses especialitats com ara pedres pintades i artificials, bijuteria d\u2019esmalt, de macram\u00e9, de vidre, de paper, de metalls, de cer\u00e0mica o de cuir; sabons i cosm\u00e8tica, tela, sacs i monedes; cer\u00e0mica i terrisseria, socarrats, paper reciclat, gravats i pintures, cuir, pirogravats en fusta, roba, complements i telar; fusta i resina, amigurumis, jocs infantils, petxines i cavallets, joguines de malabars i un servei de taverna. A m\u00e9s a m\u00e9s, tamb\u00e9 es comptar\u00e0 amb animaci\u00f3, teatre de carrer per a xiquets i moltes altres propostes.<\/p>\n<p>El dia 3 de novembre, de 11:30 a 12:30 tindr\u00e0 lloc una demostraci\u00f3 d\u2019oficis a c\u00e0rrec de l\u2019agrupaci\u00f3 artesana Amata i de vesprada (de 18 a 21:30h) es realitzaran a l\u2019Albereda Jaume I i voltants diferents tallers i animacions, els quals continuaran el dia 4 i el dia 5 en horari de mat\u00ed i vesprada (de 11 a 13:30 i de 18 a 21:30h). El dissabte 4 i el diumenge 5 tamb\u00e9 es podr\u00e0 gaudir d\u2019un minigolf de fusta ubicat a l\u2019Albereda i premi a la millor instal\u00b7laci\u00f3 art\u00edstica l\u2019any 2022.<\/p>\n<h3><strong>Fira Gastron\u00f2mica<\/strong><\/h3>\n<p>Pel que fa a la Fira gastron\u00f2mica, participaran un total de 18 establiments de la ciutat amb men\u00fas disponibles entre el 1 i el 5 de novembre (consultar dies en cada establiment) i amb preus que oscil\u00b7len entre els 16 i els 38 euros.<\/p>\n<p>Participaran el restaurant Moncho, la Terrassa de Sant Josep, T\u00edpics, Montsant, El Cullerot, El rey del Tapeo, El Carmen, Portal Ca Conxa, Canela y Clavo, Meson Origen, la Borda de Lola, Els Porxes, taberna Kubaba, Il Padrino Due, Public Lounge Mercat, Ganesh Cocina Ecl\u00e9ctica, la Talaia del Castell i Ca Conxa. Els men\u00fas compten amb productes vinculats a la \u00e8poca borgiana.<\/p>\n<p>\u00abLes jornades gastron\u00f2miques tamb\u00e9 s\u00f3n un gran reclam i es podr\u00e0 gaudir de men\u00fas Borja a quasi una vintena de restaurants de la nostra ciutat, als quals vull agrair l\u2019elaboraci\u00f3 d\u2019aquestes propostes, tant dels que repeteixen com dels nous establiments que s\u2019han sumat aquest any\u00bb, ha puntualitzat Caballero.<\/p>\n","protected":false},"excerpt":{"rendered":"<p>Es podran degustar men\u00fas a vora una vintena d\u2019establiments i tamb\u00e9 repetiran la Fira d\u2019Artesania i el festival de M\u00fasica i Hist\u00f2ria.<\/p>\n","protected":false},"author":10,"featured_media":395701,"comment_status":"closed","ping_status":"closed","sticky":false,"template":"","format":"standard","meta":{"_price":"","_stock":"","_tribe_ticket_header":"","_tribe_default_ticket_provider":"","_ticket_start_date":"","_ticket_end_date":"","_tribe_ticket_show_description":"","_tribe_ticket_show_not_going":false,"_tribe_ticket_use_global_stock":"","_tribe_ticket_global_stock_level":"","_global_stock_mode":"","_global_stock_cap":"","_tribe_rsvp_for_event":"","_tribe_ticket_going_count":"","_tribe_ticket_not_going_count":"","_tribe_tickets_list":"[]","_tribe_ticket_has_attendee_info_fields":false,"footnotes":""},"categories":[19,374,23],"tags":[3841,3840],"class_list":["post-395703","post","type-post","status-publish","format-standard","has-post-thumbnail","hentry","category-actualidad","category-actualidad-en","category-actualidad-val","tag-borja","tag-fira-borja"],"yoast_head":"<!-- This site is optimized with the Yoast SEO plugin v27.0 - https:\/\/yoast.com\/product\/yoast-seo-wordpress\/ -->\n<title>Fira Borja 2023 en el pont de Tots Sants - X\u00e0tiva Turismo<\/title>\n<meta name=\"robots\" content=\"index, follow, max-snippet:-1, max-image-preview:large, max-video-preview:-1\" \/>\n<link rel=\"canonical\" href=\"https:\/\/xativaturismo.com\/val\/fira-borja-2023-en-el-pont-de-tots-sants\/\" \/>\n<meta property=\"og:locale\" content=\"ca_ES\" \/>\n<meta property=\"og:type\" content=\"article\" \/>\n<meta property=\"og:title\" content=\"Fira Borja 2023 en el pont de Tots Sants - X\u00e0tiva Turismo\" \/>\n<meta property=\"og:description\" content=\"Es podran degustar men\u00fas a vora una vintena d\u2019establiments i tamb\u00e9 repetiran la Fira d\u2019Artesania i el festival de M\u00fasica i Hist\u00f2ria.\" \/>\n<meta property=\"og:url\" content=\"https:\/\/xativaturismo.com\/val\/fira-borja-2023-en-el-pont-de-tots-sants\/\" \/>\n<meta property=\"og:site_name\" content=\"X\u00e0tiva Turismo\" \/>\n<meta property=\"article:publisher\" content=\"https:\/\/www.facebook.com\/XativaTurisme\" \/>\n<meta property=\"article:published_time\" content=\"2023-10-16T15:25:25+00:00\" \/>\n<meta property=\"article:modified_time\" content=\"2023-10-16T15:35:34+00:00\" \/>\n<meta property=\"og:image\" content=\"https:\/\/xativaturismo.com\/wp-content\/uploads\/2023\/10\/fira-borja.jpg\" \/>\n\t<meta property=\"og:image:width\" content=\"1140\" \/>\n\t<meta property=\"og:image:height\" content=\"350\" \/>\n\t<meta property=\"og:image:type\" content=\"image\/jpeg\" \/>\n<meta name=\"author\" content=\"Edit Orial\" \/>\n<meta name=\"twitter:card\" content=\"summary_large_image\" \/>\n<meta name=\"twitter:creator\" content=\"@XativaTurisme\" \/>\n<meta name=\"twitter:site\" content=\"@XativaTurisme\" \/>\n<meta name=\"twitter:label1\" content=\"Written by\" \/>\n\t<meta name=\"twitter:data1\" content=\"Edit Orial\" \/>\n\t<meta name=\"twitter:label2\" content=\"Est. reading time\" \/>\n\t<meta name=\"twitter:data2\" content=\"6 minutes\" \/>\n<script type=\"application\/ld+json\" class=\"yoast-schema-graph\">{\"@context\":\"https:\/\/schema.org\",\"@graph\":[{\"@type\":\"Article\",\"@id\":\"https:\/\/xativaturismo.com\/val\/fira-borja-2023-en-el-pont-de-tots-sants\/#article\",\"isPartOf\":{\"@id\":\"https:\/\/xativaturismo.com\/val\/fira-borja-2023-en-el-pont-de-tots-sants\/\"},\"author\":{\"name\":\"Edit Orial\",\"@id\":\"https:\/\/xativaturismo.com\/#\/schema\/person\/076ef82c001ca23709c36cf13a96ee7d\"},\"headline\":\"Fira Borja 2023 en el pont de Tots Sants\",\"datePublished\":\"2023-10-16T15:25:25+00:00\",\"dateModified\":\"2023-10-16T15:35:34+00:00\",\"mainEntityOfPage\":{\"@id\":\"https:\/\/xativaturismo.com\/val\/fira-borja-2023-en-el-pont-de-tots-sants\/\"},\"wordCount\":1236,\"publisher\":{\"@id\":\"https:\/\/xativaturismo.com\/#organization\"},\"image\":{\"@id\":\"https:\/\/xativaturismo.com\/val\/fira-borja-2023-en-el-pont-de-tots-sants\/#primaryimage\"},\"thumbnailUrl\":\"https:\/\/xativaturismo.com\/wp-content\/uploads\/2023\/10\/fira-borja.jpg\",\"keywords\":[\"borja\",\"fira borja\"],\"articleSection\":[\"Actualidad\",\"Actualidad\",\"Actualitat\"],\"inLanguage\":\"ca\"},{\"@type\":\"WebPage\",\"@id\":\"https:\/\/xativaturismo.com\/val\/fira-borja-2023-en-el-pont-de-tots-sants\/\",\"url\":\"https:\/\/xativaturismo.com\/val\/fira-borja-2023-en-el-pont-de-tots-sants\/\",\"name\":\"Fira Borja 2023 en el pont de Tots Sants - X\u00e0tiva Turismo\",\"isPartOf\":{\"@id\":\"https:\/\/xativaturismo.com\/#website\"},\"primaryImageOfPage\":{\"@id\":\"https:\/\/xativaturismo.com\/val\/fira-borja-2023-en-el-pont-de-tots-sants\/#primaryimage\"},\"image\":{\"@id\":\"https:\/\/xativaturismo.com\/val\/fira-borja-2023-en-el-pont-de-tots-sants\/#primaryimage\"},\"thumbnailUrl\":\"https:\/\/xativaturismo.com\/wp-content\/uploads\/2023\/10\/fira-borja.jpg\",\"datePublished\":\"2023-10-16T15:25:25+00:00\",\"dateModified\":\"2023-10-16T15:35:34+00:00\",\"breadcrumb\":{\"@id\":\"https:\/\/xativaturismo.com\/val\/fira-borja-2023-en-el-pont-de-tots-sants\/#breadcrumb\"},\"inLanguage\":\"ca\",\"potentialAction\":[{\"@type\":\"ReadAction\",\"target\":[\"https:\/\/xativaturismo.com\/val\/fira-borja-2023-en-el-pont-de-tots-sants\/\"]}]},{\"@type\":\"ImageObject\",\"inLanguage\":\"ca\",\"@id\":\"https:\/\/xativaturismo.com\/val\/fira-borja-2023-en-el-pont-de-tots-sants\/#primaryimage\",\"url\":\"https:\/\/xativaturismo.com\/wp-content\/uploads\/2023\/10\/fira-borja.jpg\",\"contentUrl\":\"https:\/\/xativaturismo.com\/wp-content\/uploads\/2023\/10\/fira-borja.jpg\",\"width\":1140,\"height\":350,\"caption\":\"fira borja\"},{\"@type\":\"BreadcrumbList\",\"@id\":\"https:\/\/xativaturismo.com\/val\/fira-borja-2023-en-el-pont-de-tots-sants\/#breadcrumb\",\"itemListElement\":[{\"@type\":\"ListItem\",\"position\":1,\"name\":\"Portada\",\"item\":\"https:\/\/xativaturismo.com\/val\/\"},{\"@type\":\"ListItem\",\"position\":2,\"name\":\"Fira Borja 2023 en el pont de Tots Sants\"}]},{\"@type\":\"WebSite\",\"@id\":\"https:\/\/xativaturismo.com\/#website\",\"url\":\"https:\/\/xativaturismo.com\/\",\"name\":\"X\u00e0tiva Turismo\",\"description\":\"Bienvenidos a la oficina de Turismo de X\u00e0tiva\",\"publisher\":{\"@id\":\"https:\/\/xativaturismo.com\/#organization\"},\"potentialAction\":[{\"@type\":\"SearchAction\",\"target\":{\"@type\":\"EntryPoint\",\"urlTemplate\":\"https:\/\/xativaturismo.com\/?s={search_term_string}\"},\"query-input\":{\"@type\":\"PropertyValueSpecification\",\"valueRequired\":true,\"valueName\":\"search_term_string\"}}],\"inLanguage\":\"ca\"},{\"@type\":\"Organization\",\"@id\":\"https:\/\/xativaturismo.com\/#organization\",\"name\":\"X\u00e0tiva Turismo\",\"url\":\"https:\/\/xativaturismo.com\/\",\"logo\":{\"@type\":\"ImageObject\",\"inLanguage\":\"ca\",\"@id\":\"https:\/\/xativaturismo.com\/#\/schema\/logo\/image\/\",\"url\":\"https:\/\/xativaturismo.com\/wp-content\/uploads\/2020\/10\/logo-lila512-2.png\",\"contentUrl\":\"https:\/\/xativaturismo.com\/wp-content\/uploads\/2020\/10\/logo-lila512-2.png\",\"width\":445,\"height\":512,\"caption\":\"X\u00e0tiva Turismo\"},\"image\":{\"@id\":\"https:\/\/xativaturismo.com\/#\/schema\/logo\/image\/\"},\"sameAs\":[\"https:\/\/www.facebook.com\/XativaTurisme\",\"https:\/\/x.com\/XativaTurisme\"]},{\"@type\":\"Person\",\"@id\":\"https:\/\/xativaturismo.com\/#\/schema\/person\/076ef82c001ca23709c36cf13a96ee7d\",\"name\":\"Edit Orial\",\"image\":{\"@type\":\"ImageObject\",\"inLanguage\":\"ca\",\"@id\":\"https:\/\/xativaturismo.com\/#\/schema\/person\/image\/\",\"url\":\"https:\/\/secure.gravatar.com\/avatar\/8e23460bf094742a301ecd4741c5b42b22f6fd944b7a3e55260bb476eccfd123?s=96&d=mm&r=g\",\"contentUrl\":\"https:\/\/secure.gravatar.com\/avatar\/8e23460bf094742a301ecd4741c5b42b22f6fd944b7a3e55260bb476eccfd123?s=96&d=mm&r=g\",\"caption\":\"Edit Orial\"},\"url\":\"https:\/\/xativaturismo.com\/val\/author\/autoripress\/\"}]}<\/script>\n<!-- \/ Yoast SEO plugin. -->","yoast_head_json":{"title":"Fira Borja 2023 en el pont de Tots Sants - X\u00e0tiva Turismo","robots":{"index":"index","follow":"follow","max-snippet":"max-snippet:-1","max-image-preview":"max-image-preview:large","max-video-preview":"max-video-preview:-1"},"canonical":"https:\/\/xativaturismo.com\/val\/fira-borja-2023-en-el-pont-de-tots-sants\/","og_locale":"ca_ES","og_type":"article","og_title":"Fira Borja 2023 en el pont de Tots Sants - X\u00e0tiva Turismo","og_description":"Es podran degustar men\u00fas a vora una vintena d\u2019establiments i tamb\u00e9 repetiran la Fira d\u2019Artesania i el festival de M\u00fasica i Hist\u00f2ria.","og_url":"https:\/\/xativaturismo.com\/val\/fira-borja-2023-en-el-pont-de-tots-sants\/","og_site_name":"X\u00e0tiva Turismo","article_publisher":"https:\/\/www.facebook.com\/XativaTurisme","article_published_time":"2023-10-16T15:25:25+00:00","article_modified_time":"2023-10-16T15:35:34+00:00","og_image":[{"width":1140,"height":350,"url":"https:\/\/xativaturismo.com\/wp-content\/uploads\/2023\/10\/fira-borja.jpg","type":"image\/jpeg"}],"author":"Edit Orial","twitter_card":"summary_large_image","twitter_creator":"@XativaTurisme","twitter_site":"@XativaTurisme","twitter_misc":{"Written by":"Edit Orial","Est. reading time":"6 minutes"},"schema":{"@context":"https:\/\/schema.org","@graph":[{"@type":"Article","@id":"https:\/\/xativaturismo.com\/val\/fira-borja-2023-en-el-pont-de-tots-sants\/#article","isPartOf":{"@id":"https:\/\/xativaturismo.com\/val\/fira-borja-2023-en-el-pont-de-tots-sants\/"},"author":{"name":"Edit Orial","@id":"https:\/\/xativaturismo.com\/#\/schema\/person\/076ef82c001ca23709c36cf13a96ee7d"},"headline":"Fira Borja 2023 en el pont de Tots Sants","datePublished":"2023-10-16T15:25:25+00:00","dateModified":"2023-10-16T15:35:34+00:00","mainEntityOfPage":{"@id":"https:\/\/xativaturismo.com\/val\/fira-borja-2023-en-el-pont-de-tots-sants\/"},"wordCount":1236,"publisher":{"@id":"https:\/\/xativaturismo.com\/#organization"},"image":{"@id":"https:\/\/xativaturismo.com\/val\/fira-borja-2023-en-el-pont-de-tots-sants\/#primaryimage"},"thumbnailUrl":"https:\/\/xativaturismo.com\/wp-content\/uploads\/2023\/10\/fira-borja.jpg","keywords":["borja","fira borja"],"articleSection":["Actualidad","Actualidad","Actualitat"],"inLanguage":"ca"},{"@type":"WebPage","@id":"https:\/\/xativaturismo.com\/val\/fira-borja-2023-en-el-pont-de-tots-sants\/","url":"https:\/\/xativaturismo.com\/val\/fira-borja-2023-en-el-pont-de-tots-sants\/","name":"Fira Borja 2023 en el pont de Tots Sants - X\u00e0tiva Turismo","isPartOf":{"@id":"https:\/\/xativaturismo.com\/#website"},"primaryImageOfPage":{"@id":"https:\/\/xativaturismo.com\/val\/fira-borja-2023-en-el-pont-de-tots-sants\/#primaryimage"},"image":{"@id":"https:\/\/xativaturismo.com\/val\/fira-borja-2023-en-el-pont-de-tots-sants\/#primaryimage"},"thumbnailUrl":"https:\/\/xativaturismo.com\/wp-content\/uploads\/2023\/10\/fira-borja.jpg","datePublished":"2023-10-16T15:25:25+00:00","dateModified":"2023-10-16T15:35:34+00:00","breadcrumb":{"@id":"https:\/\/xativaturismo.com\/val\/fira-borja-2023-en-el-pont-de-tots-sants\/#breadcrumb"},"inLanguage":"ca","potentialAction":[{"@type":"ReadAction","target":["https:\/\/xativaturismo.com\/val\/fira-borja-2023-en-el-pont-de-tots-sants\/"]}]},{"@type":"ImageObject","inLanguage":"ca","@id":"https:\/\/xativaturismo.com\/val\/fira-borja-2023-en-el-pont-de-tots-sants\/#primaryimage","url":"https:\/\/xativaturismo.com\/wp-content\/uploads\/2023\/10\/fira-borja.jpg","contentUrl":"https:\/\/xativaturismo.com\/wp-content\/uploads\/2023\/10\/fira-borja.jpg","width":1140,"height":350,"caption":"fira borja"},{"@type":"BreadcrumbList","@id":"https:\/\/xativaturismo.com\/val\/fira-borja-2023-en-el-pont-de-tots-sants\/#breadcrumb","itemListElement":[{"@type":"ListItem","position":1,"name":"Portada","item":"https:\/\/xativaturismo.com\/val\/"},{"@type":"ListItem","position":2,"name":"Fira Borja 2023 en el pont de Tots Sants"}]},{"@type":"WebSite","@id":"https:\/\/xativaturismo.com\/#website","url":"https:\/\/xativaturismo.com\/","name":"X\u00e0tiva Turismo","description":"Bienvenidos a la oficina de Turismo de X\u00e0tiva","publisher":{"@id":"https:\/\/xativaturismo.com\/#organization"},"potentialAction":[{"@type":"SearchAction","target":{"@type":"EntryPoint","urlTemplate":"https:\/\/xativaturismo.com\/?s={search_term_string}"},"query-input":{"@type":"PropertyValueSpecification","valueRequired":true,"valueName":"search_term_string"}}],"inLanguage":"ca"},{"@type":"Organization","@id":"https:\/\/xativaturismo.com\/#organization","name":"X\u00e0tiva Turismo","url":"https:\/\/xativaturismo.com\/","logo":{"@type":"ImageObject","inLanguage":"ca","@id":"https:\/\/xativaturismo.com\/#\/schema\/logo\/image\/","url":"https:\/\/xativaturismo.com\/wp-content\/uploads\/2020\/10\/logo-lila512-2.png","contentUrl":"https:\/\/xativaturismo.com\/wp-content\/uploads\/2020\/10\/logo-lila512-2.png","width":445,"height":512,"caption":"X\u00e0tiva Turismo"},"image":{"@id":"https:\/\/xativaturismo.com\/#\/schema\/logo\/image\/"},"sameAs":["https:\/\/www.facebook.com\/XativaTurisme","https:\/\/x.com\/XativaTurisme"]},{"@type":"Person","@id":"https:\/\/xativaturismo.com\/#\/schema\/person\/076ef82c001ca23709c36cf13a96ee7d","name":"Edit Orial","image":{"@type":"ImageObject","inLanguage":"ca","@id":"https:\/\/xativaturismo.com\/#\/schema\/person\/image\/","url":"https:\/\/secure.gravatar.com\/avatar\/8e23460bf094742a301ecd4741c5b42b22f6fd944b7a3e55260bb476eccfd123?s=96&d=mm&r=g","contentUrl":"https:\/\/secure.gravatar.com\/avatar\/8e23460bf094742a301ecd4741c5b42b22f6fd944b7a3e55260bb476eccfd123?s=96&d=mm&r=g","caption":"Edit Orial"},"url":"https:\/\/xativaturismo.com\/val\/author\/autoripress\/"}]}},"_links":{"self":[{"href":"https:\/\/xativaturismo.com\/val\/wp-json\/wp\/v2\/posts\/395703","targetHints":{"allow":["GET"]}}],"collection":[{"href":"https:\/\/xativaturismo.com\/val\/wp-json\/wp\/v2\/posts"}],"about":[{"href":"https:\/\/xativaturismo.com\/val\/wp-json\/wp\/v2\/types\/post"}],"author":[{"embeddable":true,"href":"https:\/\/xativaturismo.com\/val\/wp-json\/wp\/v2\/users\/10"}],"replies":[{"embeddable":true,"href":"https:\/\/xativaturismo.com\/val\/wp-json\/wp\/v2\/comments?post=395703"}],"version-history":[{"count":0,"href":"https:\/\/xativaturismo.com\/val\/wp-json\/wp\/v2\/posts\/395703\/revisions"}],"wp:featuredmedia":[{"embeddable":true,"href":"https:\/\/xativaturismo.com\/val\/wp-json\/wp\/v2\/media\/395701"}],"wp:attachment":[{"href":"https:\/\/xativaturismo.com\/val\/wp-json\/wp\/v2\/media?parent=395703"}],"wp:term":[{"taxonomy":"category","embeddable":true,"href":"https:\/\/xativaturismo.com\/val\/wp-json\/wp\/v2\/categories?post=395703"},{"taxonomy":"post_tag","embeddable":true,"href":"https:\/\/xativaturismo.com\/val\/wp-json\/wp\/v2\/tags?post=395703"}],"curies":[{"name":"wp","href":"https:\/\/api.w.org\/{rel}","templated":true}]}}