{"id":384724,"date":"2023-09-26T15:53:41","date_gmt":"2023-09-26T13:53:41","guid":{"rendered":"https:\/\/xativaturismo.com\/?p=384724"},"modified":"2023-09-26T15:53:41","modified_gmt":"2023-09-26T13:53:41","slug":"nova-senyalistica-al-voltant-del-nimfeu-roma-i-dels-banys-i-la-necropoli-arabs","status":"publish","type":"post","link":"https:\/\/xativaturismo.com\/val\/nova-senyalistica-al-voltant-del-nimfeu-roma-i-dels-banys-i-la-necropoli-arabs\/","title":{"rendered":"Nova senyal\u00edstica al voltant del nimfeu rom\u00e0 i dels banys i la necr\u00f2poli \u00e0rabs"},"content":{"rendered":"<p style=\"text-align: justify;\"><strong>Aquest cap de setmana hi ha programades dues rutes per commemorar el Dia Mundial del Turisme<\/strong><\/p>\n<p style=\"text-align: justify;\">L\u2019Ajuntament de X\u00e0tiva ha aprofitat la celebraci\u00f3 al voltant del Dia Mundial del Turisme per col\u00b7locar senyal\u00edstica informativa al voltant d\u2019alguns dels espais hist\u00f2rics de la nostra ciutat referents a la seua etapa romana i \u00e0rab. \u00abA X\u00e0tiva hem volgut aprofitar la celebraci\u00f3 del Dia Mundial del Turisme d\u2019aquest any per posar en valor el patrimoni ubicat al barri del Raval, concretament les restes arqueol\u00f2giques que es troben en aquesta zona de la ciutat com s\u00f3n el Nimfeu Rom\u00e0, i els Banys i la Necr\u00f2poli \u00e0rabs\u00bb, ha indicat la regidora de Turisme Raquel Caballero.<\/p>\n<p style=\"text-align: justify;\">Concretament s\u2019han col\u00b7locat dues senyals interpretatives a l\u2019entrada dels Banys \u00c0rabs (carrer Argenteria) i al Nimfeu Rom\u00e0; aix\u00ed com tamb\u00e9 dues senyals direccionals ubicades al cant\u00f3 del carrer Argenteria amb Jardins Palasiet i al cam\u00ed que d\u00f3na acc\u00e9s al Portet, just al costat de la Necr\u00f2poli.<\/p>\n<p style=\"text-align: justify;\">La regidora de Turisme ha recordat tamb\u00e9 que aquest cap de setmana hi ha programades dues visites guiades per tal de con\u00e8ixer aquests espais i la seua hist\u00f2ria. Dissabte de 10:30 a 12:30h tindr\u00e0 lloc una visita guiada al voltant de la ruta \u00e0rab i romana, amb visita al Nimfeu Rom\u00e0, els banys i la Necr\u00f2poli \u00c0rab; mentre que el diumenge de 1030 a 14h es realitzar\u00e0 una Ruta de l\u2019Aigua amb visita guiada des de l\u2019Oficina de Turisme passant per la Font dels 25 dolls, cam\u00ed de Sant Antoni, Arcadetes d\u2019Alboi, Cova Negra i Casa de la Llum. Les places estan ja exhaurides per\u00f2 per a apuntar-se a la llista de reserves es pot contactar a trav\u00e9s de l\u2019Oficina de Turisme (96 227 33 46 o oficinaturisme@xativa.es).<\/p>\n<p style=\"text-align: justify;\">A m\u00e9s a m\u00e9s, dem\u00e0 dimecres 27 de setembre, tant el Castell com els museus de l\u2019Almod\u00ed i de la Casa de l\u2019Ensenyan\u00e7a tindran l\u2019acc\u00e9s gratu\u00eft amb motiu del Dia Mundial del Turisme.<\/p>\n","protected":false},"excerpt":{"rendered":"<p>Nova senyal\u00edstica informativa al voltant d\u2019alguns dels espais hist\u00f2rics de la nostra ciutat referents a la seua etapa romana i \u00e0rab.<\/p>\n","protected":false},"author":10,"featured_media":384725,"comment_status":"closed","ping_status":"closed","sticky":false,"template":"","format":"standard","meta":{"_price":"","_stock":"","_tribe_ticket_header":"","_tribe_default_ticket_provider":"","_ticket_start_date":"","_ticket_end_date":"","_tribe_ticket_show_description":"","_tribe_ticket_show_not_going":false,"_tribe_ticket_use_global_stock":"","_tribe_ticket_global_stock_level":"","_global_stock_mode":"","_global_stock_cap":"","_tribe_rsvp_for_event":"","_tribe_ticket_going_count":"","_tribe_ticket_not_going_count":"","_tribe_tickets_list":"[]","_tribe_ticket_has_attendee_info_fields":false,"footnotes":""},"categories":[19,374,23],"tags":[],"class_list":["post-384724","post","type-post","status-publish","format-standard","has-post-thumbnail","hentry","category-actualidad","category-actualidad-en","category-actualidad-val"],"yoast_head":"<!-- This site is optimized with the Yoast SEO plugin v27.0 - https:\/\/yoast.com\/product\/yoast-seo-wordpress\/ -->\n<title>Nova senyal\u00edstica al voltant del nimfeu rom\u00e0 i dels banys i la necr\u00f2poli \u00e0rabs<\/title>\n<meta name=\"description\" content=\"Nova senyal\u00edstica informativa al voltant d\u2019alguns dels espais hist\u00f2rics de la nostra ciutat referents a la seua etapa romana i \u00e0rab.\" \/>\n<meta name=\"robots\" content=\"index, follow, max-snippet:-1, max-image-preview:large, max-video-preview:-1\" \/>\n<link rel=\"canonical\" href=\"https:\/\/xativaturismo.com\/val\/nova-senyalistica-al-voltant-del-nimfeu-roma-i-dels-banys-i-la-necropoli-arabs\/\" \/>\n<meta property=\"og:locale\" content=\"ca_ES\" \/>\n<meta property=\"og:type\" content=\"article\" \/>\n<meta property=\"og:title\" content=\"Nova senyal\u00edstica al voltant del nimfeu rom\u00e0 i dels banys i la necr\u00f2poli \u00e0rabs\" \/>\n<meta property=\"og:description\" content=\"Nova senyal\u00edstica informativa al voltant d\u2019alguns dels espais hist\u00f2rics de la nostra ciutat referents a la seua etapa romana i \u00e0rab.\" \/>\n<meta property=\"og:url\" content=\"https:\/\/xativaturismo.com\/val\/nova-senyalistica-al-voltant-del-nimfeu-roma-i-dels-banys-i-la-necropoli-arabs\/\" \/>\n<meta property=\"og:site_name\" content=\"X\u00e0tiva Turismo\" \/>\n<meta property=\"article:publisher\" content=\"https:\/\/www.facebook.com\/XativaTurisme\" \/>\n<meta property=\"article:published_time\" content=\"2023-09-26T13:53:41+00:00\" \/>\n<meta property=\"og:image\" content=\"https:\/\/xativaturismo.com\/wp-content\/uploads\/2023\/09\/capcalera-articles-blog-xativa-1.jpg\" \/>\n\t<meta property=\"og:image:width\" content=\"1140\" \/>\n\t<meta property=\"og:image:height\" content=\"350\" \/>\n\t<meta property=\"og:image:type\" content=\"image\/jpeg\" \/>\n<meta name=\"author\" content=\"Edit Orial\" \/>\n<meta name=\"twitter:card\" content=\"summary_large_image\" \/>\n<meta name=\"twitter:creator\" content=\"@XativaTurisme\" \/>\n<meta name=\"twitter:site\" content=\"@XativaTurisme\" \/>\n<meta name=\"twitter:label1\" content=\"Written by\" \/>\n\t<meta name=\"twitter:data1\" content=\"Edit Orial\" \/>\n\t<meta name=\"twitter:label2\" content=\"Est. reading time\" \/>\n\t<meta name=\"twitter:data2\" content=\"2 minutes\" \/>\n<script type=\"application\/ld+json\" class=\"yoast-schema-graph\">{\"@context\":\"https:\/\/schema.org\",\"@graph\":[{\"@type\":\"Article\",\"@id\":\"https:\/\/xativaturismo.com\/val\/nova-senyalistica-al-voltant-del-nimfeu-roma-i-dels-banys-i-la-necropoli-arabs\/#article\",\"isPartOf\":{\"@id\":\"https:\/\/xativaturismo.com\/val\/nova-senyalistica-al-voltant-del-nimfeu-roma-i-dels-banys-i-la-necropoli-arabs\/\"},\"author\":{\"name\":\"Edit Orial\",\"@id\":\"https:\/\/xativaturismo.com\/#\/schema\/person\/076ef82c001ca23709c36cf13a96ee7d\"},\"headline\":\"Nova senyal\u00edstica al voltant del nimfeu rom\u00e0 i dels banys i la necr\u00f2poli \u00e0rabs\",\"datePublished\":\"2023-09-26T13:53:41+00:00\",\"mainEntityOfPage\":{\"@id\":\"https:\/\/xativaturismo.com\/val\/nova-senyalistica-al-voltant-del-nimfeu-roma-i-dels-banys-i-la-necropoli-arabs\/\"},\"wordCount\":360,\"publisher\":{\"@id\":\"https:\/\/xativaturismo.com\/#organization\"},\"image\":{\"@id\":\"https:\/\/xativaturismo.com\/val\/nova-senyalistica-al-voltant-del-nimfeu-roma-i-dels-banys-i-la-necropoli-arabs\/#primaryimage\"},\"thumbnailUrl\":\"https:\/\/xativaturismo.com\/wp-content\/uploads\/2023\/09\/capcalera-articles-blog-xativa-1.jpg\",\"articleSection\":[\"Actualidad\",\"Actualidad\",\"Actualitat\"],\"inLanguage\":\"ca\"},{\"@type\":\"WebPage\",\"@id\":\"https:\/\/xativaturismo.com\/val\/nova-senyalistica-al-voltant-del-nimfeu-roma-i-dels-banys-i-la-necropoli-arabs\/\",\"url\":\"https:\/\/xativaturismo.com\/val\/nova-senyalistica-al-voltant-del-nimfeu-roma-i-dels-banys-i-la-necropoli-arabs\/\",\"name\":\"Nova senyal\u00edstica al voltant del nimfeu rom\u00e0 i dels banys i la necr\u00f2poli \u00e0rabs\",\"isPartOf\":{\"@id\":\"https:\/\/xativaturismo.com\/#website\"},\"primaryImageOfPage\":{\"@id\":\"https:\/\/xativaturismo.com\/val\/nova-senyalistica-al-voltant-del-nimfeu-roma-i-dels-banys-i-la-necropoli-arabs\/#primaryimage\"},\"image\":{\"@id\":\"https:\/\/xativaturismo.com\/val\/nova-senyalistica-al-voltant-del-nimfeu-roma-i-dels-banys-i-la-necropoli-arabs\/#primaryimage\"},\"thumbnailUrl\":\"https:\/\/xativaturismo.com\/wp-content\/uploads\/2023\/09\/capcalera-articles-blog-xativa-1.jpg\",\"datePublished\":\"2023-09-26T13:53:41+00:00\",\"description\":\"Nova senyal\u00edstica informativa al voltant d\u2019alguns dels espais hist\u00f2rics de la nostra ciutat referents a la seua etapa romana i \u00e0rab.\",\"breadcrumb\":{\"@id\":\"https:\/\/xativaturismo.com\/val\/nova-senyalistica-al-voltant-del-nimfeu-roma-i-dels-banys-i-la-necropoli-arabs\/#breadcrumb\"},\"inLanguage\":\"ca\",\"potentialAction\":[{\"@type\":\"ReadAction\",\"target\":[\"https:\/\/xativaturismo.com\/val\/nova-senyalistica-al-voltant-del-nimfeu-roma-i-dels-banys-i-la-necropoli-arabs\/\"]}]},{\"@type\":\"ImageObject\",\"inLanguage\":\"ca\",\"@id\":\"https:\/\/xativaturismo.com\/val\/nova-senyalistica-al-voltant-del-nimfeu-roma-i-dels-banys-i-la-necropoli-arabs\/#primaryimage\",\"url\":\"https:\/\/xativaturismo.com\/wp-content\/uploads\/2023\/09\/capcalera-articles-blog-xativa-1.jpg\",\"contentUrl\":\"https:\/\/xativaturismo.com\/wp-content\/uploads\/2023\/09\/capcalera-articles-blog-xativa-1.jpg\",\"width\":1140,\"height\":350},{\"@type\":\"BreadcrumbList\",\"@id\":\"https:\/\/xativaturismo.com\/val\/nova-senyalistica-al-voltant-del-nimfeu-roma-i-dels-banys-i-la-necropoli-arabs\/#breadcrumb\",\"itemListElement\":[{\"@type\":\"ListItem\",\"position\":1,\"name\":\"Portada\",\"item\":\"https:\/\/xativaturismo.com\/val\/\"},{\"@type\":\"ListItem\",\"position\":2,\"name\":\"Nova senyal\u00edstica al voltant del nimfeu rom\u00e0 i dels banys i la necr\u00f2poli \u00e0rabs\"}]},{\"@type\":\"WebSite\",\"@id\":\"https:\/\/xativaturismo.com\/#website\",\"url\":\"https:\/\/xativaturismo.com\/\",\"name\":\"X\u00e0tiva Turismo\",\"description\":\"Bienvenidos a la oficina de Turismo de X\u00e0tiva\",\"publisher\":{\"@id\":\"https:\/\/xativaturismo.com\/#organization\"},\"potentialAction\":[{\"@type\":\"SearchAction\",\"target\":{\"@type\":\"EntryPoint\",\"urlTemplate\":\"https:\/\/xativaturismo.com\/?s={search_term_string}\"},\"query-input\":{\"@type\":\"PropertyValueSpecification\",\"valueRequired\":true,\"valueName\":\"search_term_string\"}}],\"inLanguage\":\"ca\"},{\"@type\":\"Organization\",\"@id\":\"https:\/\/xativaturismo.com\/#organization\",\"name\":\"X\u00e0tiva Turismo\",\"url\":\"https:\/\/xativaturismo.com\/\",\"logo\":{\"@type\":\"ImageObject\",\"inLanguage\":\"ca\",\"@id\":\"https:\/\/xativaturismo.com\/#\/schema\/logo\/image\/\",\"url\":\"https:\/\/xativaturismo.com\/wp-content\/uploads\/2020\/10\/logo-lila512-2.png\",\"contentUrl\":\"https:\/\/xativaturismo.com\/wp-content\/uploads\/2020\/10\/logo-lila512-2.png\",\"width\":445,\"height\":512,\"caption\":\"X\u00e0tiva Turismo\"},\"image\":{\"@id\":\"https:\/\/xativaturismo.com\/#\/schema\/logo\/image\/\"},\"sameAs\":[\"https:\/\/www.facebook.com\/XativaTurisme\",\"https:\/\/x.com\/XativaTurisme\"]},{\"@type\":\"Person\",\"@id\":\"https:\/\/xativaturismo.com\/#\/schema\/person\/076ef82c001ca23709c36cf13a96ee7d\",\"name\":\"Edit Orial\",\"image\":{\"@type\":\"ImageObject\",\"inLanguage\":\"ca\",\"@id\":\"https:\/\/xativaturismo.com\/#\/schema\/person\/image\/\",\"url\":\"https:\/\/secure.gravatar.com\/avatar\/8e23460bf094742a301ecd4741c5b42b22f6fd944b7a3e55260bb476eccfd123?s=96&d=mm&r=g\",\"contentUrl\":\"https:\/\/secure.gravatar.com\/avatar\/8e23460bf094742a301ecd4741c5b42b22f6fd944b7a3e55260bb476eccfd123?s=96&d=mm&r=g\",\"caption\":\"Edit Orial\"},\"url\":\"https:\/\/xativaturismo.com\/val\/author\/autoripress\/\"}]}<\/script>\n<!-- \/ Yoast SEO plugin. -->","yoast_head_json":{"title":"Nova senyal\u00edstica al voltant del nimfeu rom\u00e0 i dels banys i la necr\u00f2poli \u00e0rabs","description":"Nova senyal\u00edstica informativa al voltant d\u2019alguns dels espais hist\u00f2rics de la nostra ciutat referents a la seua etapa romana i \u00e0rab.","robots":{"index":"index","follow":"follow","max-snippet":"max-snippet:-1","max-image-preview":"max-image-preview:large","max-video-preview":"max-video-preview:-1"},"canonical":"https:\/\/xativaturismo.com\/val\/nova-senyalistica-al-voltant-del-nimfeu-roma-i-dels-banys-i-la-necropoli-arabs\/","og_locale":"ca_ES","og_type":"article","og_title":"Nova senyal\u00edstica al voltant del nimfeu rom\u00e0 i dels banys i la necr\u00f2poli \u00e0rabs","og_description":"Nova senyal\u00edstica informativa al voltant d\u2019alguns dels espais hist\u00f2rics de la nostra ciutat referents a la seua etapa romana i \u00e0rab.","og_url":"https:\/\/xativaturismo.com\/val\/nova-senyalistica-al-voltant-del-nimfeu-roma-i-dels-banys-i-la-necropoli-arabs\/","og_site_name":"X\u00e0tiva Turismo","article_publisher":"https:\/\/www.facebook.com\/XativaTurisme","article_published_time":"2023-09-26T13:53:41+00:00","og_image":[{"width":1140,"height":350,"url":"https:\/\/xativaturismo.com\/wp-content\/uploads\/2023\/09\/capcalera-articles-blog-xativa-1.jpg","type":"image\/jpeg"}],"author":"Edit Orial","twitter_card":"summary_large_image","twitter_creator":"@XativaTurisme","twitter_site":"@XativaTurisme","twitter_misc":{"Written by":"Edit Orial","Est. reading time":"2 minutes"},"schema":{"@context":"https:\/\/schema.org","@graph":[{"@type":"Article","@id":"https:\/\/xativaturismo.com\/val\/nova-senyalistica-al-voltant-del-nimfeu-roma-i-dels-banys-i-la-necropoli-arabs\/#article","isPartOf":{"@id":"https:\/\/xativaturismo.com\/val\/nova-senyalistica-al-voltant-del-nimfeu-roma-i-dels-banys-i-la-necropoli-arabs\/"},"author":{"name":"Edit Orial","@id":"https:\/\/xativaturismo.com\/#\/schema\/person\/076ef82c001ca23709c36cf13a96ee7d"},"headline":"Nova senyal\u00edstica al voltant del nimfeu rom\u00e0 i dels banys i la necr\u00f2poli \u00e0rabs","datePublished":"2023-09-26T13:53:41+00:00","mainEntityOfPage":{"@id":"https:\/\/xativaturismo.com\/val\/nova-senyalistica-al-voltant-del-nimfeu-roma-i-dels-banys-i-la-necropoli-arabs\/"},"wordCount":360,"publisher":{"@id":"https:\/\/xativaturismo.com\/#organization"},"image":{"@id":"https:\/\/xativaturismo.com\/val\/nova-senyalistica-al-voltant-del-nimfeu-roma-i-dels-banys-i-la-necropoli-arabs\/#primaryimage"},"thumbnailUrl":"https:\/\/xativaturismo.com\/wp-content\/uploads\/2023\/09\/capcalera-articles-blog-xativa-1.jpg","articleSection":["Actualidad","Actualidad","Actualitat"],"inLanguage":"ca"},{"@type":"WebPage","@id":"https:\/\/xativaturismo.com\/val\/nova-senyalistica-al-voltant-del-nimfeu-roma-i-dels-banys-i-la-necropoli-arabs\/","url":"https:\/\/xativaturismo.com\/val\/nova-senyalistica-al-voltant-del-nimfeu-roma-i-dels-banys-i-la-necropoli-arabs\/","name":"Nova senyal\u00edstica al voltant del nimfeu rom\u00e0 i dels banys i la necr\u00f2poli \u00e0rabs","isPartOf":{"@id":"https:\/\/xativaturismo.com\/#website"},"primaryImageOfPage":{"@id":"https:\/\/xativaturismo.com\/val\/nova-senyalistica-al-voltant-del-nimfeu-roma-i-dels-banys-i-la-necropoli-arabs\/#primaryimage"},"image":{"@id":"https:\/\/xativaturismo.com\/val\/nova-senyalistica-al-voltant-del-nimfeu-roma-i-dels-banys-i-la-necropoli-arabs\/#primaryimage"},"thumbnailUrl":"https:\/\/xativaturismo.com\/wp-content\/uploads\/2023\/09\/capcalera-articles-blog-xativa-1.jpg","datePublished":"2023-09-26T13:53:41+00:00","description":"Nova senyal\u00edstica informativa al voltant d\u2019alguns dels espais hist\u00f2rics de la nostra ciutat referents a la seua etapa romana i \u00e0rab.","breadcrumb":{"@id":"https:\/\/xativaturismo.com\/val\/nova-senyalistica-al-voltant-del-nimfeu-roma-i-dels-banys-i-la-necropoli-arabs\/#breadcrumb"},"inLanguage":"ca","potentialAction":[{"@type":"ReadAction","target":["https:\/\/xativaturismo.com\/val\/nova-senyalistica-al-voltant-del-nimfeu-roma-i-dels-banys-i-la-necropoli-arabs\/"]}]},{"@type":"ImageObject","inLanguage":"ca","@id":"https:\/\/xativaturismo.com\/val\/nova-senyalistica-al-voltant-del-nimfeu-roma-i-dels-banys-i-la-necropoli-arabs\/#primaryimage","url":"https:\/\/xativaturismo.com\/wp-content\/uploads\/2023\/09\/capcalera-articles-blog-xativa-1.jpg","contentUrl":"https:\/\/xativaturismo.com\/wp-content\/uploads\/2023\/09\/capcalera-articles-blog-xativa-1.jpg","width":1140,"height":350},{"@type":"BreadcrumbList","@id":"https:\/\/xativaturismo.com\/val\/nova-senyalistica-al-voltant-del-nimfeu-roma-i-dels-banys-i-la-necropoli-arabs\/#breadcrumb","itemListElement":[{"@type":"ListItem","position":1,"name":"Portada","item":"https:\/\/xativaturismo.com\/val\/"},{"@type":"ListItem","position":2,"name":"Nova senyal\u00edstica al voltant del nimfeu rom\u00e0 i dels banys i la necr\u00f2poli \u00e0rabs"}]},{"@type":"WebSite","@id":"https:\/\/xativaturismo.com\/#website","url":"https:\/\/xativaturismo.com\/","name":"X\u00e0tiva Turismo","description":"Bienvenidos a la oficina de Turismo de X\u00e0tiva","publisher":{"@id":"https:\/\/xativaturismo.com\/#organization"},"potentialAction":[{"@type":"SearchAction","target":{"@type":"EntryPoint","urlTemplate":"https:\/\/xativaturismo.com\/?s={search_term_string}"},"query-input":{"@type":"PropertyValueSpecification","valueRequired":true,"valueName":"search_term_string"}}],"inLanguage":"ca"},{"@type":"Organization","@id":"https:\/\/xativaturismo.com\/#organization","name":"X\u00e0tiva Turismo","url":"https:\/\/xativaturismo.com\/","logo":{"@type":"ImageObject","inLanguage":"ca","@id":"https:\/\/xativaturismo.com\/#\/schema\/logo\/image\/","url":"https:\/\/xativaturismo.com\/wp-content\/uploads\/2020\/10\/logo-lila512-2.png","contentUrl":"https:\/\/xativaturismo.com\/wp-content\/uploads\/2020\/10\/logo-lila512-2.png","width":445,"height":512,"caption":"X\u00e0tiva Turismo"},"image":{"@id":"https:\/\/xativaturismo.com\/#\/schema\/logo\/image\/"},"sameAs":["https:\/\/www.facebook.com\/XativaTurisme","https:\/\/x.com\/XativaTurisme"]},{"@type":"Person","@id":"https:\/\/xativaturismo.com\/#\/schema\/person\/076ef82c001ca23709c36cf13a96ee7d","name":"Edit Orial","image":{"@type":"ImageObject","inLanguage":"ca","@id":"https:\/\/xativaturismo.com\/#\/schema\/person\/image\/","url":"https:\/\/secure.gravatar.com\/avatar\/8e23460bf094742a301ecd4741c5b42b22f6fd944b7a3e55260bb476eccfd123?s=96&d=mm&r=g","contentUrl":"https:\/\/secure.gravatar.com\/avatar\/8e23460bf094742a301ecd4741c5b42b22f6fd944b7a3e55260bb476eccfd123?s=96&d=mm&r=g","caption":"Edit Orial"},"url":"https:\/\/xativaturismo.com\/val\/author\/autoripress\/"}]}},"_links":{"self":[{"href":"https:\/\/xativaturismo.com\/val\/wp-json\/wp\/v2\/posts\/384724","targetHints":{"allow":["GET"]}}],"collection":[{"href":"https:\/\/xativaturismo.com\/val\/wp-json\/wp\/v2\/posts"}],"about":[{"href":"https:\/\/xativaturismo.com\/val\/wp-json\/wp\/v2\/types\/post"}],"author":[{"embeddable":true,"href":"https:\/\/xativaturismo.com\/val\/wp-json\/wp\/v2\/users\/10"}],"replies":[{"embeddable":true,"href":"https:\/\/xativaturismo.com\/val\/wp-json\/wp\/v2\/comments?post=384724"}],"version-history":[{"count":0,"href":"https:\/\/xativaturismo.com\/val\/wp-json\/wp\/v2\/posts\/384724\/revisions"}],"wp:featuredmedia":[{"embeddable":true,"href":"https:\/\/xativaturismo.com\/val\/wp-json\/wp\/v2\/media\/384725"}],"wp:attachment":[{"href":"https:\/\/xativaturismo.com\/val\/wp-json\/wp\/v2\/media?parent=384724"}],"wp:term":[{"taxonomy":"category","embeddable":true,"href":"https:\/\/xativaturismo.com\/val\/wp-json\/wp\/v2\/categories?post=384724"},{"taxonomy":"post_tag","embeddable":true,"href":"https:\/\/xativaturismo.com\/val\/wp-json\/wp\/v2\/tags?post=384724"}],"curies":[{"name":"wp","href":"https:\/\/api.w.org\/{rel}","templated":true}]}}