{"id":359370,"date":"2023-07-07T17:05:54","date_gmt":"2023-07-07T15:05:54","guid":{"rendered":"https:\/\/xativaturismo.com\/?p=359370"},"modified":"2023-07-07T17:08:51","modified_gmt":"2023-07-07T15:08:51","slug":"la-fira-dagost-2023-comptara-amb-mes-dun-centenar-dactes","status":"publish","type":"post","link":"https:\/\/xativaturismo.com\/val\/la-fira-dagost-2023-comptara-amb-mes-dun-centenar-dactes\/","title":{"rendered":"La Fira d\u2019Agost 2023 comptar\u00e0 amb m\u00e9s d\u2019un centenar d\u2019actes"},"content":{"rendered":"<ul>\n<li><strong>S\u2019estrena en aquesta edici\u00f3 la sonoritzaci\u00f3 de tot el Reial de la Fira<\/strong><\/li>\n<li><strong>Hi haur\u00e0 cinc espais diferenciats (Murta, Palasiet, Jard\u00ed de la Pau, pla\u00e7a la Seu i Mart\u00ednez Bellver), a m\u00e9s de les activitats esportives i la Fira del Bestiar<\/strong><\/li>\n<li><strong>Sarsuela amb Ainhoa Arteta i Nancy Fabiola Herrera per a l\u2019acte d\u2019inauguraci\u00f3 i un espectacle-homenatge a Mecano per a la cloenda<\/strong><\/li>\n<li><strong>L\u2019oquestra M\u00f3naco actuar\u00e0 el dia 15 i la festa de les paelles tindr\u00e0 lloc el dia 20<\/strong><\/li>\n<\/ul>\n<p>&nbsp;<\/p>\n<p>L\u2019Ajuntament de X\u00e0tiva ha presentat aquest divendres la programaci\u00f3 de la Fira d\u2019Agost 2023, la qual comptar\u00e0 amb m\u00e9s d\u2019un centenar d\u2019activitats que s\u2019iniciaran a finals de juliol i es prolongaran fins la Cloenda, el dia 20 d\u2019agost.<\/p>\n<p>\u00ab<strong>Torna la Fira m\u00e9s antiga de la Comunitat Valenciana, amb una edici\u00f3 en la que hem treballat per a que hi haja una programaci\u00f3 el m\u00e9s extensa possible i per a tots els sectors d\u2019edat<\/strong>\u00bb, ha indicat l\u2019alcalde Roger Cerd\u00e0, qui ha afegit que \u00abser\u00e0 una Fira participativa perqu\u00e8 els col\u00b7lectius socials de la nostra ciutat participen d\u2019una manera o altra en les diferents activitats que es van a dur a terme. Gr\u00e0cies a tots ells per la seua implicaci\u00f3 i col\u00b7laboraci\u00f3 perqu\u00e8 \u00e9s fonamental\u00bb.<\/p>\n<p>La regidora de Cultura Festiva Maria Beltr\u00e1n ha explicat les novetats de cara a la present edici\u00f3, entre les quals es troba la sonoritzaci\u00f3 de tot el Reial de la Fira. Es tracta d\u2019un servei de so ambiental, megafonia, avisos i comunicaci\u00f3 d\u2019alarmes de les zones de l\u2019Albereda, Avinguda Selgas, Pla\u00e7a Espanya i Avda. Juan Franc\u00e9s. La prestaci\u00f3 del servei ser\u00e0 del 12 al 20 d\u2019agost. \u00abAquest \u00e9s un sistema que s\u2019est\u00e0 implantant en totes les fires, com ara la de San Isidro de Madrid, i a X\u00e0tiva hav\u00edem ja de dur-ho a terme. Amb la implantaci\u00f3 d\u2019aquest servei, l\u2019Ajuntament de X\u00e0tiva tindr\u00e0 el control absolut del fil musical, en relaci\u00f3 a horaris, nivells d\u2019emissi\u00f3, tipus de m\u00fasica per zones&#8230;\u00bb, ha explicat Beltr\u00e1n, qui ha afegit que \u00abamb aix\u00f2 farem que cada zona s\u2019adeq\u00fce a les necessitats que t\u00e9, i sobretot, que siga l\u2019Ajuntament de X\u00e0tiva qui tinga el comandament de tota la Fira\u00bb. Les atraccions no duran fil musical.<\/p>\n<p>Les activitats comen\u00e7aran el darrer cap de setmana de juliol, amb la presentaci\u00f3 Oficial de la Reina de la Fira 2023 Reyes Camarasa Iborra i la seua Cort d\u2019Honor el dia 31 a les 20:30h, seguida del 50<sup>\u00e8<\/sup> Festival de Bandes de M\u00fasica. Els dies 1, 4 i 5 d\u2019agost tindran lloc les cites vinculades als patrons de la ciutat, amb concerts, danses i cant d\u2019albaes.<\/p>\n<p>La Murta albergar\u00e0 com \u00e9s habitual la inauguraci\u00f3 i la cloenda de la Fira d\u2019Agost. Per a la inauguraci\u00f3 (dia 14 a les 22:30h) est\u00e0 previst l\u2019espectacle de gala l\u00edrica \u00abZarzuela &amp; Grandes Emociones\u00bb, amb la soprano Ainhoa Arteta i la mezzosoprano Nancy Fabiola Herrera, junt a l\u2019Orquestra de Cambra Solistes de Val\u00e8ncia. La Fira es tancar\u00e0 el dia 20 a les 23 hores amb el comiat de la Reina de la Fira Reyes Camarasa, seguit de l\u2019espectacle homenatge a MECANO \u00abMe cuesta tanto olvidarte\u00bb. Aquest espai esc\u00e8nic ser\u00e0 l\u2019escenari d\u2019altres actuacions: el dia 15 es podr\u00e0 gaudir de la macroorquesta \u00abM\u00f3naco Party\u00bb (entrada gratu\u00efta fins completar aforament), el dia 16 ser\u00e0 el torn del sopar dels jubilats i pensionistes amb l\u2019homenatge d\u2019Emilio Solo a Bruno Lomas, el dia 17 ser\u00e0 el torn d\u2019un concert homenatge a Nino Bravo a c\u00e0rrec de Serafin Zubiri &amp; la Big Band i David Pastor (entrada gratu\u00efta) i el cap de setmana es reserva als concerts (la Nit Jove el dia 18 amb els grups Auxili, Cactus, Colomet i Iseo &amp; Dodosound i Fangoria per al dia 19).<\/p>\n<h3><strong>Espais per a tots els p\u00fablics<\/strong><\/h3>\n<p>Els jardins del Palasiet ser\u00e0 l\u2019espai que ocupen els artistes, grups i associacions culturals locals. El dia 16 actuar\u00e0 el grup Cara B, versionant can\u00e7ons de pop-rock dels anys 80, mentre que el dia 18\u00a0 tindr\u00e0 lloc el concert \u00abCanciones con coraz\u00f3n\u00bb, amb la participaci\u00f3 de Maria Jos\u00e9 Pati\u00f1o i la col\u00b7laboraci\u00f3 d\u2019Angel i Javi Pati\u00f1o i d\u2019artistes locals. Tamb\u00e9 hi haur\u00e0 un parell de nits reservades als sainets, amb la participaci\u00f3 de les falles Sant Jordi, Ferrovi\u00e0ria i Selgas (dia 17); i d\u2019Espanyoleto i Sant Feliu (dia 19).<\/p>\n<p>El teatre tornar\u00e0 a ser protagonista a les nits de la pla\u00e7a de la Seu, on el dia 16 es podr\u00e0 gaudir de l\u2019espectacle \u00abWaterloo\u00bb, d\u2019Albena Teatre, amb Carles Alberola; i el dia 17 ser\u00e0 el torn de la com\u00e8dia \u00abEls Villalonga\u00bb (L\u2019Horta Teatre) amb Luc\u00eda Poveda, Bruno Tamarit i Alfred Pic\u00f3. El dia 18 tindr\u00e0 lloc la com\u00e8dia teatral \u00abEmpoderadas, si no sufro no estoy tranquila\u00bb (Cia. Estoyrara) amb \u00c1ngela Conde i Paloma Gim\u00e9nez; i el dia 19 l\u2019espectacle escollit ser\u00e0 \u00abBaby boom. El musical del destape\u00bb, de la companyia Egos Teatre i Els Marquesets i amb la participaci\u00f3 d\u2019artistes com Alexandra Gonz\u00e1lez, Toni Sanz, M\u00f2nica Vives, Jos\u00e9 Garc\u00eda, Anna Alborch i Rub\u00e9n Monta\u00f1\u00e1. La Pla\u00e7a de la Seu ser\u00e0 tamb\u00e9 el dia 15 l\u2019escenari del Festival de la Can\u00e7\u00f3, amb la presentaci\u00f3 del disc \u00abLa mar de vides\u00bb de Musicants, nominat com a millor disc de folk.<\/p>\n<p>El col\u00b7legi Mart\u00ednez Bellver ser\u00e0 un any m\u00e9s l\u2019espai escollit per al p\u00fablic infantil i familiar. El dimarts 15 es podr\u00e0 veure l\u2019espectacle de teatre i circ \u00abMaximo Optimo\u00bb, mentre que el dia 16 ser\u00e0 el torn de l\u2019espectacle gestual \u00abVolando vengo\u00bb de la companyia Kanbahiota Troup. \u00abTartana\u00bb (Cia. Trocos Lucos) ser\u00e0 la cita del dia 17 amb circ contemporani i humor i el dia 18 arribaran les titelles amb \u00abMonstres i monstruets\u00bb de Xarop Teatre. Tancaran aquest espai el dia 19 la companyia D\u2019Clik amb l\u2019espectacle \u00abLa isla\u00bb i el dia 20 la companyia Passabarret amb \u00abRocket Carnival Clownz\u00bb. Les funcions s\u2019iniciaran a les 19:30 hores.<\/p>\n<p>A m\u00e9s a m\u00e9s, com cada any, el Jard\u00ed de la Pau ser\u00e0 l\u2019espai jove per a les nits de la Fira. Els dies 14 i 15 es podr\u00e0 gaudir de nits de Djs (Dj Ernest, Dj Kike Samit i Dj Pablo G; i Dj Jesus Ciges, Dj Fran Cabrerizo, Dj Bruno Mateu, Dj Carlos Ll\u00e1cer, Dj Mireia Herrero, Dj Carlos Vidal i Dj Cesar Herrero), mentre que el dia 16 hi haur\u00e0 nit de grups amb Pedr\u00e0 (Tributo a Extremoduro) i Tito Pontet. El dia 17 hi haur\u00e0 nit de show i animaci\u00f3 amb Space Elephants, el dia 18 ser\u00e0 el torn del grup Blackout i el dia 19 els Djs tornaran a prendre l\u2019escenari, en aquest cas amb Dj Robres, Dj Mark, Dj Ciber i Dj Patri.<\/p>\n<h3><strong>Esport<\/strong><\/h3>\n<p>L\u2019esport ser\u00e0 una vegada m\u00e9s protagonista amb m\u00faltiples proves, campionats i exhibicions. Els esports de raqueta tornaran a estar presents amb el XLIV Torneig de Tennis Orysol ciutat de X\u00e0tiva (entre el 29 de juliol i el 6 d\u2019agost) i el XXXVII Open de Frontennis (entre el 7 i el 17 d\u2019agost). Pel que fa al motor, la matinal motera del dia 6 servir\u00e0 com a tast de la 70\u00ba edici\u00f3 del Trofeu de Velocitat Fira d\u2019Agost, amb les carreres de 80 cc, GP i s\u00e8ries, cl\u00e0ssiques B i C i supermotard. El 12 i 13 d\u2019agost se celebrar\u00e0 el Trofeu Fira d\u2019Agost de Tir Ol\u00edmpic i els escacs tamb\u00e9 tindran el seu espai amb la simult\u00e0nia amb la participaci\u00f3 d\u2019una gran mestra dels escacs (dia 15 a les 10h) i un campionat auton\u00f2mic per equips (dia 19). El dia 15 es realitzar\u00e0 una exhibici\u00f3 de Fitkid i Cubb\u00e0 (20h), el 16 durant el mat\u00ed tindr\u00e0 lloc una exhibici\u00f3 de kick-boxing, el dia 17 de cross-training, i el dia 20 d\u2019esgrima (totes elles al Reial de la Fira). El dia 17 se celebrar\u00e0 el XXXIV Trofeu de Ciclisme Fira d\u2019Agost (prova nacional de la Copa Espanya en categoria elit i sub-23) i el dia 19 ser\u00e0 el torn del XII Torneig de Tennis Taula.<\/p>\n<h3><strong>Fira del Bestiar<\/strong><\/h3>\n<p>Pel que fa a la Fira del Bestiar, el diumenge 13 d\u2019agost, de 19 a 21 hores, tindr\u00e0 lloc l\u2019entrada de cavalls al Recinte. La Fira es podr\u00e0 visitar des del dia 14 fins al dia 17, des de les 9 del mat\u00ed i fins les 22:30 hores. All\u00ed tindran lloc activitats com ara el concurs social de Doma Cl\u00e0ssica (dia 14 a les 12h), exhibici\u00f3 de diferents tipus de doma en pista coberta (dia 14 a les 19 hores, dia 15 a les 12h i dia 16 a les 12h i a les 19h) o exhibicions eq\u00fcestres (dia 15 a les 19 hores). Tamb\u00e9 es realitzar\u00e0, com \u00e9s habitual, el Concurs de Tir i Arrossegament: dimarts 15, dimecres 16 i dijous 17 de 10 a 14 i de 17 a 20 hores. A m\u00e9s a m\u00e9s, el dijous 17 a les 11:30 hores tindr\u00e0 lloc una desfilada eq\u00fcestre per la ciutat amb eixida des del recinte i arribada al Reial de la Fira.<\/p>\n<h3><strong>Cultura, oci i animaci\u00f3<\/strong><\/h3>\n<p>Els m\u00e9s menuts i els adolescents disposaran d\u2019un espai a la Glorieta Jos\u00e9 Espejo, l\u2019Espai \u00abCorresponsables\u00bb, on es podr\u00e0 gaudir de tallers, titelles, gimcanes, contacontes, fotomatons o espectacles. Les activitats tindran lloc de 11 a 13:30h per als menors de 3 a 11 anys, i de 19 a 24 hores per als joves de 12 a 16 anys. A m\u00e9s a m\u00e9s, aquesta zona comptar\u00e0 amb una zona <em>chillout<\/em> i <em>food-trucks<\/em> per a tots els p\u00fablics.<\/p>\n<p>La Fira d\u2019Agost comptar\u00e0 tamb\u00e9 aquest any amb l\u2019espai de promoci\u00f3 \u00abDona\u2019t a con\u00e8ixer\u00bb, pel qual passaran entitats i associacions com ara la Mancomunitat de municipis Costera-Canal, Axatea, les campanyes \u00abEstima\u2019m b\u00e9\u00bb i \u00abNo \u00e9s No\u00bb, el Consell de la Joventut i InfoJove, Turisme La Costera o la Creu Roja.<\/p>\n<p>Pel que fa als concursos i exposicions, el dia 15 es donaran a con\u00e8ixer els premis i tindr\u00e0 lloc la inauguraci\u00f3 tant del Premi Nacional de Pintura Juan Franc\u00e9s com del 68\u00e9 Sal\u00f3 Local de Fotografia. Tamb\u00e9 s\u2019inaugurar\u00e0 la Mostra de pintors i escultors de X\u00e0tiva. El dia 16 d\u2019agost, al Jard\u00ed del Bes, tindr\u00e0 lloc el Concurs Obert de Dibuix Infantil i Juvenil a l\u2019aire lliure, que entregar\u00e0 els seus premis el dia 17 a les 13 hores a la Casa de Cultura. El concurs de bevedors d\u2019orxata i fartons es disputar\u00e0 aquest any el dia 18 d\u2019agost a les 18:30 hores.<\/p>\n<p>A m\u00e9s a m\u00e9s hi haur\u00e0 ambientaci\u00f3 musical di\u00e0ria pel Reial de la Fira amb la participaci\u00f3 de la Colla La Socarr\u00e0, la Batucada Rytmus o la Muixeranga;\u00a0 i es dispararan mascletades des del dilluns 14 fins al 20 d\u2019agost. Un dels moments m\u00e9s esperats ser\u00e0 el cant d\u2019albaes, que tindr\u00e0 lloc com \u00e9s tradicional a la pla\u00e7a Sant Pere la matinada del 14 al 15 d\u2019agost, i a l\u2019Hort de Mora la matinada del 19 al 20 d\u2019agost.<\/p>\n<p>El dia 18 ser\u00e0 el Dia de Fira sense soroll i des d\u2019Axatea es realitzaran al Reial de la Fira activitats i tallers infantils. La festa de les paelles se celebrar\u00e0 el dia 20 al p\u00e0rquing del pavell\u00f3 de voleibol, amb fi de festa a c\u00e0rrec de l\u2019Orquestra La Fiesta, i hi haur\u00e0 tamb\u00e9 cine al Barri Nord-Oest el dia 16 amb la projecci\u00f3 de la pel\u00b7l\u00edcula \u00abPadre no hay m\u00e1s que uno 3\u00bb i el dia 17 amb la pel\u00b7l\u00edcula \u00abA todo tren: destino Asturias 1\u00bb. L\u2019encesa de llums s de la Fira es realitzar\u00e0 el dia 12 d\u2019agost a les 22 hores. Tota la informaci\u00f3 es pot trobar a la web <strong><a href=\"http:\/\/www.firaxativa.com\/\">www.firaxativa.com<\/a><\/strong><\/p>\n<p>\u00abEstic molt contenta d\u2019aquesta programaci\u00f3, amb una gran varietat d\u2019activitats per a tota classe de p\u00fablic\u00bb, ha assegurat la Reina de la Fira Reyes Camarasa, qui ha afegit que \u00abl\u2019esperem amb moltes ganes i convidem a tot el m\u00f3n a visitar-la, malgrat la calor, perqu\u00e8 paga la pena anar\u00bb.<\/p>\n","protected":false},"excerpt":{"rendered":"<p>Hi haur\u00e0 cinc espais diferenciats (Murta, Palasiet, Jard\u00ed de la Pau, pla\u00e7a la Seu i Mart\u00ednez Bellver), a m\u00e9s de les activitats esportives i la Fira del Bestiar. <\/p>\n","protected":false},"author":10,"featured_media":359372,"comment_status":"closed","ping_status":"closed","sticky":false,"template":"","format":"standard","meta":{"_price":"","_stock":"","_tribe_ticket_header":"","_tribe_default_ticket_provider":"","_ticket_start_date":"","_ticket_end_date":"","_tribe_ticket_show_description":"","_tribe_ticket_show_not_going":false,"_tribe_ticket_use_global_stock":"","_tribe_ticket_global_stock_level":"","_global_stock_mode":"","_global_stock_cap":"","_tribe_rsvp_for_event":"","_tribe_ticket_going_count":"","_tribe_ticket_not_going_count":"","_tribe_tickets_list":"[]","_tribe_ticket_has_attendee_info_fields":false,"footnotes":""},"categories":[19,374,23],"tags":[3593],"class_list":["post-359370","post","type-post","status-publish","format-standard","has-post-thumbnail","hentry","category-actualidad","category-actualidad-en","category-actualidad-val","tag-fira-dagost"],"yoast_head":"<!-- This site is optimized with the Yoast SEO plugin v27.0 - https:\/\/yoast.com\/product\/yoast-seo-wordpress\/ -->\n<title>La Fira d\u2019Agost 2023 comptar\u00e0 amb m\u00e9s d\u2019un centenar d\u2019actes<\/title>\n<meta name=\"description\" content=\"Fira d&#039;Agost 2023 - Hi haur\u00e0 cinc espais diferenciats, a m\u00e9s de les activitats esportives i la Fira del Bestiar. Consulta el programa.\" \/>\n<meta name=\"robots\" content=\"index, follow, max-snippet:-1, max-image-preview:large, max-video-preview:-1\" \/>\n<link rel=\"canonical\" href=\"https:\/\/xativaturismo.com\/val\/la-fira-dagost-2023-comptara-amb-mes-dun-centenar-dactes\/\" \/>\n<meta property=\"og:locale\" content=\"ca_ES\" \/>\n<meta property=\"og:type\" content=\"article\" \/>\n<meta property=\"og:title\" content=\"La Fira d\u2019Agost 2023 comptar\u00e0 amb m\u00e9s d\u2019un centenar d\u2019actes\" \/>\n<meta property=\"og:description\" content=\"Fira d&#039;Agost 2023 - Hi haur\u00e0 cinc espais diferenciats, a m\u00e9s de les activitats esportives i la Fira del Bestiar. Consulta el programa.\" \/>\n<meta property=\"og:url\" content=\"https:\/\/xativaturismo.com\/val\/la-fira-dagost-2023-comptara-amb-mes-dun-centenar-dactes\/\" \/>\n<meta property=\"og:site_name\" content=\"X\u00e0tiva Turismo\" \/>\n<meta property=\"article:publisher\" content=\"https:\/\/www.facebook.com\/XativaTurisme\" \/>\n<meta property=\"article:published_time\" content=\"2023-07-07T15:05:54+00:00\" \/>\n<meta property=\"article:modified_time\" content=\"2023-07-07T15:08:51+00:00\" \/>\n<meta property=\"og:image\" content=\"https:\/\/xativaturismo.com\/wp-content\/uploads\/2023\/07\/fira-dagost-2023.jpg\" \/>\n\t<meta property=\"og:image:width\" content=\"1140\" \/>\n\t<meta property=\"og:image:height\" content=\"350\" \/>\n\t<meta property=\"og:image:type\" content=\"image\/jpeg\" \/>\n<meta name=\"author\" content=\"Edit Orial\" \/>\n<meta name=\"twitter:card\" content=\"summary_large_image\" \/>\n<meta name=\"twitter:creator\" content=\"@XativaTurisme\" \/>\n<meta name=\"twitter:site\" content=\"@XativaTurisme\" \/>\n<meta name=\"twitter:label1\" content=\"Written by\" \/>\n\t<meta name=\"twitter:data1\" content=\"Edit Orial\" \/>\n\t<meta name=\"twitter:label2\" content=\"Est. reading time\" \/>\n\t<meta name=\"twitter:data2\" content=\"9 minutes\" \/>\n<script type=\"application\/ld+json\" class=\"yoast-schema-graph\">{\"@context\":\"https:\/\/schema.org\",\"@graph\":[{\"@type\":\"Article\",\"@id\":\"https:\/\/xativaturismo.com\/val\/la-fira-dagost-2023-comptara-amb-mes-dun-centenar-dactes\/#article\",\"isPartOf\":{\"@id\":\"https:\/\/xativaturismo.com\/val\/la-fira-dagost-2023-comptara-amb-mes-dun-centenar-dactes\/\"},\"author\":{\"name\":\"Edit Orial\",\"@id\":\"https:\/\/xativaturismo.com\/#\/schema\/person\/076ef82c001ca23709c36cf13a96ee7d\"},\"headline\":\"La Fira d\u2019Agost 2023 comptar\u00e0 amb m\u00e9s d\u2019un centenar d\u2019actes\",\"datePublished\":\"2023-07-07T15:05:54+00:00\",\"dateModified\":\"2023-07-07T15:08:51+00:00\",\"mainEntityOfPage\":{\"@id\":\"https:\/\/xativaturismo.com\/val\/la-fira-dagost-2023-comptara-amb-mes-dun-centenar-dactes\/\"},\"wordCount\":2030,\"publisher\":{\"@id\":\"https:\/\/xativaturismo.com\/#organization\"},\"image\":{\"@id\":\"https:\/\/xativaturismo.com\/val\/la-fira-dagost-2023-comptara-amb-mes-dun-centenar-dactes\/#primaryimage\"},\"thumbnailUrl\":\"https:\/\/xativaturismo.com\/wp-content\/uploads\/2023\/07\/fira-dagost-2023.jpg\",\"keywords\":[\"Fira d'agost\"],\"articleSection\":[\"Actualidad\",\"Actualidad\",\"Actualitat\"],\"inLanguage\":\"ca\"},{\"@type\":\"WebPage\",\"@id\":\"https:\/\/xativaturismo.com\/val\/la-fira-dagost-2023-comptara-amb-mes-dun-centenar-dactes\/\",\"url\":\"https:\/\/xativaturismo.com\/val\/la-fira-dagost-2023-comptara-amb-mes-dun-centenar-dactes\/\",\"name\":\"La Fira d\u2019Agost 2023 comptar\u00e0 amb m\u00e9s d\u2019un centenar d\u2019actes\",\"isPartOf\":{\"@id\":\"https:\/\/xativaturismo.com\/#website\"},\"primaryImageOfPage\":{\"@id\":\"https:\/\/xativaturismo.com\/val\/la-fira-dagost-2023-comptara-amb-mes-dun-centenar-dactes\/#primaryimage\"},\"image\":{\"@id\":\"https:\/\/xativaturismo.com\/val\/la-fira-dagost-2023-comptara-amb-mes-dun-centenar-dactes\/#primaryimage\"},\"thumbnailUrl\":\"https:\/\/xativaturismo.com\/wp-content\/uploads\/2023\/07\/fira-dagost-2023.jpg\",\"datePublished\":\"2023-07-07T15:05:54+00:00\",\"dateModified\":\"2023-07-07T15:08:51+00:00\",\"description\":\"Fira d'Agost 2023 - Hi haur\u00e0 cinc espais diferenciats, a m\u00e9s de les activitats esportives i la Fira del Bestiar. Consulta el programa.\",\"breadcrumb\":{\"@id\":\"https:\/\/xativaturismo.com\/val\/la-fira-dagost-2023-comptara-amb-mes-dun-centenar-dactes\/#breadcrumb\"},\"inLanguage\":\"ca\",\"potentialAction\":[{\"@type\":\"ReadAction\",\"target\":[\"https:\/\/xativaturismo.com\/val\/la-fira-dagost-2023-comptara-amb-mes-dun-centenar-dactes\/\"]}]},{\"@type\":\"ImageObject\",\"inLanguage\":\"ca\",\"@id\":\"https:\/\/xativaturismo.com\/val\/la-fira-dagost-2023-comptara-amb-mes-dun-centenar-dactes\/#primaryimage\",\"url\":\"https:\/\/xativaturismo.com\/wp-content\/uploads\/2023\/07\/fira-dagost-2023.jpg\",\"contentUrl\":\"https:\/\/xativaturismo.com\/wp-content\/uploads\/2023\/07\/fira-dagost-2023.jpg\",\"width\":1140,\"height\":350},{\"@type\":\"BreadcrumbList\",\"@id\":\"https:\/\/xativaturismo.com\/val\/la-fira-dagost-2023-comptara-amb-mes-dun-centenar-dactes\/#breadcrumb\",\"itemListElement\":[{\"@type\":\"ListItem\",\"position\":1,\"name\":\"Portada\",\"item\":\"https:\/\/xativaturismo.com\/val\/\"},{\"@type\":\"ListItem\",\"position\":2,\"name\":\"La Fira d\u2019Agost 2023 comptar\u00e0 amb m\u00e9s d\u2019un centenar d\u2019actes\"}]},{\"@type\":\"WebSite\",\"@id\":\"https:\/\/xativaturismo.com\/#website\",\"url\":\"https:\/\/xativaturismo.com\/\",\"name\":\"X\u00e0tiva Turismo\",\"description\":\"Bienvenidos a la oficina de Turismo de X\u00e0tiva\",\"publisher\":{\"@id\":\"https:\/\/xativaturismo.com\/#organization\"},\"potentialAction\":[{\"@type\":\"SearchAction\",\"target\":{\"@type\":\"EntryPoint\",\"urlTemplate\":\"https:\/\/xativaturismo.com\/?s={search_term_string}\"},\"query-input\":{\"@type\":\"PropertyValueSpecification\",\"valueRequired\":true,\"valueName\":\"search_term_string\"}}],\"inLanguage\":\"ca\"},{\"@type\":\"Organization\",\"@id\":\"https:\/\/xativaturismo.com\/#organization\",\"name\":\"X\u00e0tiva Turismo\",\"url\":\"https:\/\/xativaturismo.com\/\",\"logo\":{\"@type\":\"ImageObject\",\"inLanguage\":\"ca\",\"@id\":\"https:\/\/xativaturismo.com\/#\/schema\/logo\/image\/\",\"url\":\"https:\/\/xativaturismo.com\/wp-content\/uploads\/2020\/10\/logo-lila512-2.png\",\"contentUrl\":\"https:\/\/xativaturismo.com\/wp-content\/uploads\/2020\/10\/logo-lila512-2.png\",\"width\":445,\"height\":512,\"caption\":\"X\u00e0tiva Turismo\"},\"image\":{\"@id\":\"https:\/\/xativaturismo.com\/#\/schema\/logo\/image\/\"},\"sameAs\":[\"https:\/\/www.facebook.com\/XativaTurisme\",\"https:\/\/x.com\/XativaTurisme\"]},{\"@type\":\"Person\",\"@id\":\"https:\/\/xativaturismo.com\/#\/schema\/person\/076ef82c001ca23709c36cf13a96ee7d\",\"name\":\"Edit Orial\",\"image\":{\"@type\":\"ImageObject\",\"inLanguage\":\"ca\",\"@id\":\"https:\/\/xativaturismo.com\/#\/schema\/person\/image\/\",\"url\":\"https:\/\/secure.gravatar.com\/avatar\/8e23460bf094742a301ecd4741c5b42b22f6fd944b7a3e55260bb476eccfd123?s=96&d=mm&r=g\",\"contentUrl\":\"https:\/\/secure.gravatar.com\/avatar\/8e23460bf094742a301ecd4741c5b42b22f6fd944b7a3e55260bb476eccfd123?s=96&d=mm&r=g\",\"caption\":\"Edit Orial\"},\"url\":\"https:\/\/xativaturismo.com\/val\/author\/autoripress\/\"}]}<\/script>\n<!-- \/ Yoast SEO plugin. -->","yoast_head_json":{"title":"La Fira d\u2019Agost 2023 comptar\u00e0 amb m\u00e9s d\u2019un centenar d\u2019actes","description":"Fira d'Agost 2023 - Hi haur\u00e0 cinc espais diferenciats, a m\u00e9s de les activitats esportives i la Fira del Bestiar. Consulta el programa.","robots":{"index":"index","follow":"follow","max-snippet":"max-snippet:-1","max-image-preview":"max-image-preview:large","max-video-preview":"max-video-preview:-1"},"canonical":"https:\/\/xativaturismo.com\/val\/la-fira-dagost-2023-comptara-amb-mes-dun-centenar-dactes\/","og_locale":"ca_ES","og_type":"article","og_title":"La Fira d\u2019Agost 2023 comptar\u00e0 amb m\u00e9s d\u2019un centenar d\u2019actes","og_description":"Fira d'Agost 2023 - Hi haur\u00e0 cinc espais diferenciats, a m\u00e9s de les activitats esportives i la Fira del Bestiar. Consulta el programa.","og_url":"https:\/\/xativaturismo.com\/val\/la-fira-dagost-2023-comptara-amb-mes-dun-centenar-dactes\/","og_site_name":"X\u00e0tiva Turismo","article_publisher":"https:\/\/www.facebook.com\/XativaTurisme","article_published_time":"2023-07-07T15:05:54+00:00","article_modified_time":"2023-07-07T15:08:51+00:00","og_image":[{"width":1140,"height":350,"url":"https:\/\/xativaturismo.com\/wp-content\/uploads\/2023\/07\/fira-dagost-2023.jpg","type":"image\/jpeg"}],"author":"Edit Orial","twitter_card":"summary_large_image","twitter_creator":"@XativaTurisme","twitter_site":"@XativaTurisme","twitter_misc":{"Written by":"Edit Orial","Est. reading time":"9 minutes"},"schema":{"@context":"https:\/\/schema.org","@graph":[{"@type":"Article","@id":"https:\/\/xativaturismo.com\/val\/la-fira-dagost-2023-comptara-amb-mes-dun-centenar-dactes\/#article","isPartOf":{"@id":"https:\/\/xativaturismo.com\/val\/la-fira-dagost-2023-comptara-amb-mes-dun-centenar-dactes\/"},"author":{"name":"Edit Orial","@id":"https:\/\/xativaturismo.com\/#\/schema\/person\/076ef82c001ca23709c36cf13a96ee7d"},"headline":"La Fira d\u2019Agost 2023 comptar\u00e0 amb m\u00e9s d\u2019un centenar d\u2019actes","datePublished":"2023-07-07T15:05:54+00:00","dateModified":"2023-07-07T15:08:51+00:00","mainEntityOfPage":{"@id":"https:\/\/xativaturismo.com\/val\/la-fira-dagost-2023-comptara-amb-mes-dun-centenar-dactes\/"},"wordCount":2030,"publisher":{"@id":"https:\/\/xativaturismo.com\/#organization"},"image":{"@id":"https:\/\/xativaturismo.com\/val\/la-fira-dagost-2023-comptara-amb-mes-dun-centenar-dactes\/#primaryimage"},"thumbnailUrl":"https:\/\/xativaturismo.com\/wp-content\/uploads\/2023\/07\/fira-dagost-2023.jpg","keywords":["Fira d'agost"],"articleSection":["Actualidad","Actualidad","Actualitat"],"inLanguage":"ca"},{"@type":"WebPage","@id":"https:\/\/xativaturismo.com\/val\/la-fira-dagost-2023-comptara-amb-mes-dun-centenar-dactes\/","url":"https:\/\/xativaturismo.com\/val\/la-fira-dagost-2023-comptara-amb-mes-dun-centenar-dactes\/","name":"La Fira d\u2019Agost 2023 comptar\u00e0 amb m\u00e9s d\u2019un centenar d\u2019actes","isPartOf":{"@id":"https:\/\/xativaturismo.com\/#website"},"primaryImageOfPage":{"@id":"https:\/\/xativaturismo.com\/val\/la-fira-dagost-2023-comptara-amb-mes-dun-centenar-dactes\/#primaryimage"},"image":{"@id":"https:\/\/xativaturismo.com\/val\/la-fira-dagost-2023-comptara-amb-mes-dun-centenar-dactes\/#primaryimage"},"thumbnailUrl":"https:\/\/xativaturismo.com\/wp-content\/uploads\/2023\/07\/fira-dagost-2023.jpg","datePublished":"2023-07-07T15:05:54+00:00","dateModified":"2023-07-07T15:08:51+00:00","description":"Fira d'Agost 2023 - Hi haur\u00e0 cinc espais diferenciats, a m\u00e9s de les activitats esportives i la Fira del Bestiar. Consulta el programa.","breadcrumb":{"@id":"https:\/\/xativaturismo.com\/val\/la-fira-dagost-2023-comptara-amb-mes-dun-centenar-dactes\/#breadcrumb"},"inLanguage":"ca","potentialAction":[{"@type":"ReadAction","target":["https:\/\/xativaturismo.com\/val\/la-fira-dagost-2023-comptara-amb-mes-dun-centenar-dactes\/"]}]},{"@type":"ImageObject","inLanguage":"ca","@id":"https:\/\/xativaturismo.com\/val\/la-fira-dagost-2023-comptara-amb-mes-dun-centenar-dactes\/#primaryimage","url":"https:\/\/xativaturismo.com\/wp-content\/uploads\/2023\/07\/fira-dagost-2023.jpg","contentUrl":"https:\/\/xativaturismo.com\/wp-content\/uploads\/2023\/07\/fira-dagost-2023.jpg","width":1140,"height":350},{"@type":"BreadcrumbList","@id":"https:\/\/xativaturismo.com\/val\/la-fira-dagost-2023-comptara-amb-mes-dun-centenar-dactes\/#breadcrumb","itemListElement":[{"@type":"ListItem","position":1,"name":"Portada","item":"https:\/\/xativaturismo.com\/val\/"},{"@type":"ListItem","position":2,"name":"La Fira d\u2019Agost 2023 comptar\u00e0 amb m\u00e9s d\u2019un centenar d\u2019actes"}]},{"@type":"WebSite","@id":"https:\/\/xativaturismo.com\/#website","url":"https:\/\/xativaturismo.com\/","name":"X\u00e0tiva Turismo","description":"Bienvenidos a la oficina de Turismo de X\u00e0tiva","publisher":{"@id":"https:\/\/xativaturismo.com\/#organization"},"potentialAction":[{"@type":"SearchAction","target":{"@type":"EntryPoint","urlTemplate":"https:\/\/xativaturismo.com\/?s={search_term_string}"},"query-input":{"@type":"PropertyValueSpecification","valueRequired":true,"valueName":"search_term_string"}}],"inLanguage":"ca"},{"@type":"Organization","@id":"https:\/\/xativaturismo.com\/#organization","name":"X\u00e0tiva Turismo","url":"https:\/\/xativaturismo.com\/","logo":{"@type":"ImageObject","inLanguage":"ca","@id":"https:\/\/xativaturismo.com\/#\/schema\/logo\/image\/","url":"https:\/\/xativaturismo.com\/wp-content\/uploads\/2020\/10\/logo-lila512-2.png","contentUrl":"https:\/\/xativaturismo.com\/wp-content\/uploads\/2020\/10\/logo-lila512-2.png","width":445,"height":512,"caption":"X\u00e0tiva Turismo"},"image":{"@id":"https:\/\/xativaturismo.com\/#\/schema\/logo\/image\/"},"sameAs":["https:\/\/www.facebook.com\/XativaTurisme","https:\/\/x.com\/XativaTurisme"]},{"@type":"Person","@id":"https:\/\/xativaturismo.com\/#\/schema\/person\/076ef82c001ca23709c36cf13a96ee7d","name":"Edit Orial","image":{"@type":"ImageObject","inLanguage":"ca","@id":"https:\/\/xativaturismo.com\/#\/schema\/person\/image\/","url":"https:\/\/secure.gravatar.com\/avatar\/8e23460bf094742a301ecd4741c5b42b22f6fd944b7a3e55260bb476eccfd123?s=96&d=mm&r=g","contentUrl":"https:\/\/secure.gravatar.com\/avatar\/8e23460bf094742a301ecd4741c5b42b22f6fd944b7a3e55260bb476eccfd123?s=96&d=mm&r=g","caption":"Edit Orial"},"url":"https:\/\/xativaturismo.com\/val\/author\/autoripress\/"}]}},"_links":{"self":[{"href":"https:\/\/xativaturismo.com\/val\/wp-json\/wp\/v2\/posts\/359370","targetHints":{"allow":["GET"]}}],"collection":[{"href":"https:\/\/xativaturismo.com\/val\/wp-json\/wp\/v2\/posts"}],"about":[{"href":"https:\/\/xativaturismo.com\/val\/wp-json\/wp\/v2\/types\/post"}],"author":[{"embeddable":true,"href":"https:\/\/xativaturismo.com\/val\/wp-json\/wp\/v2\/users\/10"}],"replies":[{"embeddable":true,"href":"https:\/\/xativaturismo.com\/val\/wp-json\/wp\/v2\/comments?post=359370"}],"version-history":[{"count":0,"href":"https:\/\/xativaturismo.com\/val\/wp-json\/wp\/v2\/posts\/359370\/revisions"}],"wp:featuredmedia":[{"embeddable":true,"href":"https:\/\/xativaturismo.com\/val\/wp-json\/wp\/v2\/media\/359372"}],"wp:attachment":[{"href":"https:\/\/xativaturismo.com\/val\/wp-json\/wp\/v2\/media?parent=359370"}],"wp:term":[{"taxonomy":"category","embeddable":true,"href":"https:\/\/xativaturismo.com\/val\/wp-json\/wp\/v2\/categories?post=359370"},{"taxonomy":"post_tag","embeddable":true,"href":"https:\/\/xativaturismo.com\/val\/wp-json\/wp\/v2\/tags?post=359370"}],"curies":[{"name":"wp","href":"https:\/\/api.w.org\/{rel}","templated":true}]}}