{"id":352905,"date":"2023-06-07T21:00:28","date_gmt":"2023-06-07T19:00:28","guid":{"rendered":"https:\/\/xativaturismo.com\/?p=352905"},"modified":"2023-06-09T14:05:31","modified_gmt":"2023-06-09T12:05:31","slug":"corpus-christi-2023","status":"publish","type":"post","link":"https:\/\/xativaturismo.com\/val\/corpus-christi-2023\/","title":{"rendered":"Corpus Christi 2023"},"content":{"rendered":"<p>X\u00e0tiva celebra aquesta setmana la festivitat del Corpus, amb una s\u00e8rie d\u2019activitats que culminaran diumenge amb la tradicional process\u00f3.<\/p>\n<p>Dem\u00e0 dijous 8 de juny, a les 19:30 hores tindr\u00e0 lloc a l\u2019Esgl\u00e9sia de Sant Francesc la missa del Corpus Christi. Posteriorment, a les 20:30 hores, el sal\u00f3 d\u2019actes de la Mancomunitat de l\u2019Antic Hospital albergar\u00e0 el Preg\u00f3 del Corpus a c\u00e0rrec d\u2019Alfonso Rovira, periodista i cronista oficial d\u2019Alzira. En aquest acte, a m\u00e9s, tamb\u00e9 tindr\u00e0 lloc un reconeixement p\u00fablic a la figura de les primeres cosidores i es presentaran oficialment els nous vestits dels personatges b\u00edblics, els Quatre Evangelistes.<\/p>\n<p>La resta d\u2019activitats tindran lloc el diumenge 11 de juny. A les 10:30, a l\u2019Esgl\u00e9sia Col\u00b7legial de Santa Maria La Seu, se celebrar\u00e0 la Missa Major del Corpus Christi, i a les 18h, des de l\u2019Esgl\u00e9sia de Sant Francesc, tindr\u00e0 lloc la missa del Corpus Christi. Tamb\u00e9 a les 18 hores s\u2019iniciar\u00e0 des de la pla\u00e7a de la Seu la process\u00f3 c\u00edvica i seguidament, a les 19 hores, ser\u00e0 el torn de la process\u00f3 religiosa.<\/p>\n<p>Documentada en el segle XIV, la festivitat del Corpus de X\u00e0tiva \u00e9s una de les m\u00e9s antigues de la Comunitat Valenciana, i des dels seus or\u00edgens combina una part c\u00edvica amb la religiosa. A partir de la d\u00e8cada de 1980 es va produir un proc\u00e9s de recuperaci\u00f3 de la process\u00f3, en la qual participen alumnes de les escoles que es preparen durant setmanes per a les execucions de les nombroses danses. En la part religiosa desfilen nombrosos personatges d\u2019escenes b\u00edbliques.<\/p>\n<p>El Cartell oficial del Corpus 2023 ha estat obra de l\u2019artista xativina Lola Ciges i es presentar\u00e0 oficialment en l\u2019acte del Preg\u00f3 del Corpus.<\/p>\n","protected":false},"excerpt":{"rendered":"<p>X\u00e0tiva celebra aquesta setmana la festivitat del Corpus, amb una s\u00e8rie d\u2019activitats que culminaran diumenge amb la tradicional process\u00f3.<\/p>\n","protected":false},"author":10,"featured_media":352911,"comment_status":"closed","ping_status":"closed","sticky":false,"template":"","format":"standard","meta":{"_price":"","_stock":"","_tribe_ticket_header":"","_tribe_default_ticket_provider":"","_ticket_start_date":"","_ticket_end_date":"","_tribe_ticket_show_description":"","_tribe_ticket_show_not_going":false,"_tribe_ticket_use_global_stock":"","_tribe_ticket_global_stock_level":"","_global_stock_mode":"","_global_stock_cap":"","_tribe_rsvp_for_event":"","_tribe_ticket_going_count":"","_tribe_ticket_not_going_count":"","_tribe_tickets_list":"[]","_tribe_ticket_has_attendee_info_fields":false,"footnotes":""},"categories":[19,374,23],"tags":[3592],"class_list":["post-352905","post","type-post","status-publish","format-standard","has-post-thumbnail","hentry","category-actualidad","category-actualidad-en","category-actualidad-val","tag-corpus"],"yoast_head":"<!-- This site is optimized with the Yoast SEO plugin v27.0 - https:\/\/yoast.com\/product\/yoast-seo-wordpress\/ -->\n<title>Corpus Christi 2023 - X\u00e0tiva Turismo<\/title>\n<meta name=\"description\" content=\"X\u00e0tiva celebra aquesta setmana la festivitat del Corpus Christi 2023, amb activitats que culminaran diumenge amb la tradicional process\u00f3.\" \/>\n<meta name=\"robots\" content=\"index, follow, max-snippet:-1, max-image-preview:large, max-video-preview:-1\" \/>\n<link rel=\"canonical\" href=\"https:\/\/xativaturismo.com\/val\/corpus-christi-2023\/\" \/>\n<meta property=\"og:locale\" content=\"ca_ES\" \/>\n<meta property=\"og:type\" content=\"article\" \/>\n<meta property=\"og:title\" content=\"Corpus Christi 2023 - X\u00e0tiva Turismo\" \/>\n<meta property=\"og:description\" content=\"X\u00e0tiva celebra aquesta setmana la festivitat del Corpus Christi 2023, amb activitats que culminaran diumenge amb la tradicional process\u00f3.\" \/>\n<meta property=\"og:url\" content=\"https:\/\/xativaturismo.com\/val\/corpus-christi-2023\/\" \/>\n<meta property=\"og:site_name\" content=\"X\u00e0tiva Turismo\" \/>\n<meta property=\"article:publisher\" content=\"https:\/\/www.facebook.com\/XativaTurisme\" \/>\n<meta property=\"article:published_time\" content=\"2023-06-07T19:00:28+00:00\" \/>\n<meta property=\"article:modified_time\" content=\"2023-06-09T12:05:31+00:00\" \/>\n<meta property=\"og:image\" content=\"https:\/\/xativaturismo.com\/wp-content\/uploads\/2023\/06\/capcalera-articles-blog-xativa.jpg\" \/>\n\t<meta property=\"og:image:width\" content=\"1140\" \/>\n\t<meta property=\"og:image:height\" content=\"350\" \/>\n\t<meta property=\"og:image:type\" content=\"image\/jpeg\" \/>\n<meta name=\"author\" content=\"Edit Orial\" \/>\n<meta name=\"twitter:card\" content=\"summary_large_image\" \/>\n<meta name=\"twitter:creator\" content=\"@XativaTurisme\" \/>\n<meta name=\"twitter:site\" content=\"@XativaTurisme\" \/>\n<meta name=\"twitter:label1\" content=\"Written by\" \/>\n\t<meta name=\"twitter:data1\" content=\"Edit Orial\" \/>\n\t<meta name=\"twitter:label2\" content=\"Est. reading time\" \/>\n\t<meta name=\"twitter:data2\" content=\"2 minutes\" \/>\n<script type=\"application\/ld+json\" class=\"yoast-schema-graph\">{\"@context\":\"https:\/\/schema.org\",\"@graph\":[{\"@type\":\"Article\",\"@id\":\"https:\/\/xativaturismo.com\/val\/corpus-christi-2023\/#article\",\"isPartOf\":{\"@id\":\"https:\/\/xativaturismo.com\/val\/corpus-christi-2023\/\"},\"author\":{\"name\":\"Edit Orial\",\"@id\":\"https:\/\/xativaturismo.com\/#\/schema\/person\/076ef82c001ca23709c36cf13a96ee7d\"},\"headline\":\"Corpus Christi 2023\",\"datePublished\":\"2023-06-07T19:00:28+00:00\",\"dateModified\":\"2023-06-09T12:05:31+00:00\",\"mainEntityOfPage\":{\"@id\":\"https:\/\/xativaturismo.com\/val\/corpus-christi-2023\/\"},\"wordCount\":303,\"publisher\":{\"@id\":\"https:\/\/xativaturismo.com\/#organization\"},\"image\":{\"@id\":\"https:\/\/xativaturismo.com\/val\/corpus-christi-2023\/#primaryimage\"},\"thumbnailUrl\":\"https:\/\/xativaturismo.com\/wp-content\/uploads\/2023\/06\/capcalera-articles-blog-xativa.jpg\",\"keywords\":[\"corpus\"],\"articleSection\":[\"Actualidad\",\"Actualidad\",\"Actualitat\"],\"inLanguage\":\"ca\"},{\"@type\":\"WebPage\",\"@id\":\"https:\/\/xativaturismo.com\/val\/corpus-christi-2023\/\",\"url\":\"https:\/\/xativaturismo.com\/val\/corpus-christi-2023\/\",\"name\":\"Corpus Christi 2023 - X\u00e0tiva Turismo\",\"isPartOf\":{\"@id\":\"https:\/\/xativaturismo.com\/#website\"},\"primaryImageOfPage\":{\"@id\":\"https:\/\/xativaturismo.com\/val\/corpus-christi-2023\/#primaryimage\"},\"image\":{\"@id\":\"https:\/\/xativaturismo.com\/val\/corpus-christi-2023\/#primaryimage\"},\"thumbnailUrl\":\"https:\/\/xativaturismo.com\/wp-content\/uploads\/2023\/06\/capcalera-articles-blog-xativa.jpg\",\"datePublished\":\"2023-06-07T19:00:28+00:00\",\"dateModified\":\"2023-06-09T12:05:31+00:00\",\"description\":\"X\u00e0tiva celebra aquesta setmana la festivitat del Corpus Christi 2023, amb activitats que culminaran diumenge amb la tradicional process\u00f3.\",\"breadcrumb\":{\"@id\":\"https:\/\/xativaturismo.com\/val\/corpus-christi-2023\/#breadcrumb\"},\"inLanguage\":\"ca\",\"potentialAction\":[{\"@type\":\"ReadAction\",\"target\":[\"https:\/\/xativaturismo.com\/val\/corpus-christi-2023\/\"]}]},{\"@type\":\"ImageObject\",\"inLanguage\":\"ca\",\"@id\":\"https:\/\/xativaturismo.com\/val\/corpus-christi-2023\/#primaryimage\",\"url\":\"https:\/\/xativaturismo.com\/wp-content\/uploads\/2023\/06\/capcalera-articles-blog-xativa.jpg\",\"contentUrl\":\"https:\/\/xativaturismo.com\/wp-content\/uploads\/2023\/06\/capcalera-articles-blog-xativa.jpg\",\"width\":1140,\"height\":350,\"caption\":\"Corpus Christi 2023\"},{\"@type\":\"BreadcrumbList\",\"@id\":\"https:\/\/xativaturismo.com\/val\/corpus-christi-2023\/#breadcrumb\",\"itemListElement\":[{\"@type\":\"ListItem\",\"position\":1,\"name\":\"Portada\",\"item\":\"https:\/\/xativaturismo.com\/val\/\"},{\"@type\":\"ListItem\",\"position\":2,\"name\":\"Corpus Christi 2023\"}]},{\"@type\":\"WebSite\",\"@id\":\"https:\/\/xativaturismo.com\/#website\",\"url\":\"https:\/\/xativaturismo.com\/\",\"name\":\"X\u00e0tiva Turismo\",\"description\":\"Bienvenidos a la oficina de Turismo de X\u00e0tiva\",\"publisher\":{\"@id\":\"https:\/\/xativaturismo.com\/#organization\"},\"potentialAction\":[{\"@type\":\"SearchAction\",\"target\":{\"@type\":\"EntryPoint\",\"urlTemplate\":\"https:\/\/xativaturismo.com\/?s={search_term_string}\"},\"query-input\":{\"@type\":\"PropertyValueSpecification\",\"valueRequired\":true,\"valueName\":\"search_term_string\"}}],\"inLanguage\":\"ca\"},{\"@type\":\"Organization\",\"@id\":\"https:\/\/xativaturismo.com\/#organization\",\"name\":\"X\u00e0tiva Turismo\",\"url\":\"https:\/\/xativaturismo.com\/\",\"logo\":{\"@type\":\"ImageObject\",\"inLanguage\":\"ca\",\"@id\":\"https:\/\/xativaturismo.com\/#\/schema\/logo\/image\/\",\"url\":\"https:\/\/xativaturismo.com\/wp-content\/uploads\/2020\/10\/logo-lila512-2.png\",\"contentUrl\":\"https:\/\/xativaturismo.com\/wp-content\/uploads\/2020\/10\/logo-lila512-2.png\",\"width\":445,\"height\":512,\"caption\":\"X\u00e0tiva Turismo\"},\"image\":{\"@id\":\"https:\/\/xativaturismo.com\/#\/schema\/logo\/image\/\"},\"sameAs\":[\"https:\/\/www.facebook.com\/XativaTurisme\",\"https:\/\/x.com\/XativaTurisme\"]},{\"@type\":\"Person\",\"@id\":\"https:\/\/xativaturismo.com\/#\/schema\/person\/076ef82c001ca23709c36cf13a96ee7d\",\"name\":\"Edit Orial\",\"image\":{\"@type\":\"ImageObject\",\"inLanguage\":\"ca\",\"@id\":\"https:\/\/xativaturismo.com\/#\/schema\/person\/image\/\",\"url\":\"https:\/\/secure.gravatar.com\/avatar\/8e23460bf094742a301ecd4741c5b42b22f6fd944b7a3e55260bb476eccfd123?s=96&d=mm&r=g\",\"contentUrl\":\"https:\/\/secure.gravatar.com\/avatar\/8e23460bf094742a301ecd4741c5b42b22f6fd944b7a3e55260bb476eccfd123?s=96&d=mm&r=g\",\"caption\":\"Edit Orial\"},\"url\":\"https:\/\/xativaturismo.com\/val\/author\/autoripress\/\"}]}<\/script>\n<!-- \/ Yoast SEO plugin. -->","yoast_head_json":{"title":"Corpus Christi 2023 - X\u00e0tiva Turismo","description":"X\u00e0tiva celebra aquesta setmana la festivitat del Corpus Christi 2023, amb activitats que culminaran diumenge amb la tradicional process\u00f3.","robots":{"index":"index","follow":"follow","max-snippet":"max-snippet:-1","max-image-preview":"max-image-preview:large","max-video-preview":"max-video-preview:-1"},"canonical":"https:\/\/xativaturismo.com\/val\/corpus-christi-2023\/","og_locale":"ca_ES","og_type":"article","og_title":"Corpus Christi 2023 - X\u00e0tiva Turismo","og_description":"X\u00e0tiva celebra aquesta setmana la festivitat del Corpus Christi 2023, amb activitats que culminaran diumenge amb la tradicional process\u00f3.","og_url":"https:\/\/xativaturismo.com\/val\/corpus-christi-2023\/","og_site_name":"X\u00e0tiva Turismo","article_publisher":"https:\/\/www.facebook.com\/XativaTurisme","article_published_time":"2023-06-07T19:00:28+00:00","article_modified_time":"2023-06-09T12:05:31+00:00","og_image":[{"width":1140,"height":350,"url":"https:\/\/xativaturismo.com\/wp-content\/uploads\/2023\/06\/capcalera-articles-blog-xativa.jpg","type":"image\/jpeg"}],"author":"Edit Orial","twitter_card":"summary_large_image","twitter_creator":"@XativaTurisme","twitter_site":"@XativaTurisme","twitter_misc":{"Written by":"Edit Orial","Est. reading time":"2 minutes"},"schema":{"@context":"https:\/\/schema.org","@graph":[{"@type":"Article","@id":"https:\/\/xativaturismo.com\/val\/corpus-christi-2023\/#article","isPartOf":{"@id":"https:\/\/xativaturismo.com\/val\/corpus-christi-2023\/"},"author":{"name":"Edit Orial","@id":"https:\/\/xativaturismo.com\/#\/schema\/person\/076ef82c001ca23709c36cf13a96ee7d"},"headline":"Corpus Christi 2023","datePublished":"2023-06-07T19:00:28+00:00","dateModified":"2023-06-09T12:05:31+00:00","mainEntityOfPage":{"@id":"https:\/\/xativaturismo.com\/val\/corpus-christi-2023\/"},"wordCount":303,"publisher":{"@id":"https:\/\/xativaturismo.com\/#organization"},"image":{"@id":"https:\/\/xativaturismo.com\/val\/corpus-christi-2023\/#primaryimage"},"thumbnailUrl":"https:\/\/xativaturismo.com\/wp-content\/uploads\/2023\/06\/capcalera-articles-blog-xativa.jpg","keywords":["corpus"],"articleSection":["Actualidad","Actualidad","Actualitat"],"inLanguage":"ca"},{"@type":"WebPage","@id":"https:\/\/xativaturismo.com\/val\/corpus-christi-2023\/","url":"https:\/\/xativaturismo.com\/val\/corpus-christi-2023\/","name":"Corpus Christi 2023 - X\u00e0tiva Turismo","isPartOf":{"@id":"https:\/\/xativaturismo.com\/#website"},"primaryImageOfPage":{"@id":"https:\/\/xativaturismo.com\/val\/corpus-christi-2023\/#primaryimage"},"image":{"@id":"https:\/\/xativaturismo.com\/val\/corpus-christi-2023\/#primaryimage"},"thumbnailUrl":"https:\/\/xativaturismo.com\/wp-content\/uploads\/2023\/06\/capcalera-articles-blog-xativa.jpg","datePublished":"2023-06-07T19:00:28+00:00","dateModified":"2023-06-09T12:05:31+00:00","description":"X\u00e0tiva celebra aquesta setmana la festivitat del Corpus Christi 2023, amb activitats que culminaran diumenge amb la tradicional process\u00f3.","breadcrumb":{"@id":"https:\/\/xativaturismo.com\/val\/corpus-christi-2023\/#breadcrumb"},"inLanguage":"ca","potentialAction":[{"@type":"ReadAction","target":["https:\/\/xativaturismo.com\/val\/corpus-christi-2023\/"]}]},{"@type":"ImageObject","inLanguage":"ca","@id":"https:\/\/xativaturismo.com\/val\/corpus-christi-2023\/#primaryimage","url":"https:\/\/xativaturismo.com\/wp-content\/uploads\/2023\/06\/capcalera-articles-blog-xativa.jpg","contentUrl":"https:\/\/xativaturismo.com\/wp-content\/uploads\/2023\/06\/capcalera-articles-blog-xativa.jpg","width":1140,"height":350,"caption":"Corpus Christi 2023"},{"@type":"BreadcrumbList","@id":"https:\/\/xativaturismo.com\/val\/corpus-christi-2023\/#breadcrumb","itemListElement":[{"@type":"ListItem","position":1,"name":"Portada","item":"https:\/\/xativaturismo.com\/val\/"},{"@type":"ListItem","position":2,"name":"Corpus Christi 2023"}]},{"@type":"WebSite","@id":"https:\/\/xativaturismo.com\/#website","url":"https:\/\/xativaturismo.com\/","name":"X\u00e0tiva Turismo","description":"Bienvenidos a la oficina de Turismo de X\u00e0tiva","publisher":{"@id":"https:\/\/xativaturismo.com\/#organization"},"potentialAction":[{"@type":"SearchAction","target":{"@type":"EntryPoint","urlTemplate":"https:\/\/xativaturismo.com\/?s={search_term_string}"},"query-input":{"@type":"PropertyValueSpecification","valueRequired":true,"valueName":"search_term_string"}}],"inLanguage":"ca"},{"@type":"Organization","@id":"https:\/\/xativaturismo.com\/#organization","name":"X\u00e0tiva Turismo","url":"https:\/\/xativaturismo.com\/","logo":{"@type":"ImageObject","inLanguage":"ca","@id":"https:\/\/xativaturismo.com\/#\/schema\/logo\/image\/","url":"https:\/\/xativaturismo.com\/wp-content\/uploads\/2020\/10\/logo-lila512-2.png","contentUrl":"https:\/\/xativaturismo.com\/wp-content\/uploads\/2020\/10\/logo-lila512-2.png","width":445,"height":512,"caption":"X\u00e0tiva Turismo"},"image":{"@id":"https:\/\/xativaturismo.com\/#\/schema\/logo\/image\/"},"sameAs":["https:\/\/www.facebook.com\/XativaTurisme","https:\/\/x.com\/XativaTurisme"]},{"@type":"Person","@id":"https:\/\/xativaturismo.com\/#\/schema\/person\/076ef82c001ca23709c36cf13a96ee7d","name":"Edit Orial","image":{"@type":"ImageObject","inLanguage":"ca","@id":"https:\/\/xativaturismo.com\/#\/schema\/person\/image\/","url":"https:\/\/secure.gravatar.com\/avatar\/8e23460bf094742a301ecd4741c5b42b22f6fd944b7a3e55260bb476eccfd123?s=96&d=mm&r=g","contentUrl":"https:\/\/secure.gravatar.com\/avatar\/8e23460bf094742a301ecd4741c5b42b22f6fd944b7a3e55260bb476eccfd123?s=96&d=mm&r=g","caption":"Edit Orial"},"url":"https:\/\/xativaturismo.com\/val\/author\/autoripress\/"}]}},"_links":{"self":[{"href":"https:\/\/xativaturismo.com\/val\/wp-json\/wp\/v2\/posts\/352905","targetHints":{"allow":["GET"]}}],"collection":[{"href":"https:\/\/xativaturismo.com\/val\/wp-json\/wp\/v2\/posts"}],"about":[{"href":"https:\/\/xativaturismo.com\/val\/wp-json\/wp\/v2\/types\/post"}],"author":[{"embeddable":true,"href":"https:\/\/xativaturismo.com\/val\/wp-json\/wp\/v2\/users\/10"}],"replies":[{"embeddable":true,"href":"https:\/\/xativaturismo.com\/val\/wp-json\/wp\/v2\/comments?post=352905"}],"version-history":[{"count":0,"href":"https:\/\/xativaturismo.com\/val\/wp-json\/wp\/v2\/posts\/352905\/revisions"}],"wp:featuredmedia":[{"embeddable":true,"href":"https:\/\/xativaturismo.com\/val\/wp-json\/wp\/v2\/media\/352911"}],"wp:attachment":[{"href":"https:\/\/xativaturismo.com\/val\/wp-json\/wp\/v2\/media?parent=352905"}],"wp:term":[{"taxonomy":"category","embeddable":true,"href":"https:\/\/xativaturismo.com\/val\/wp-json\/wp\/v2\/categories?post=352905"},{"taxonomy":"post_tag","embeddable":true,"href":"https:\/\/xativaturismo.com\/val\/wp-json\/wp\/v2\/tags?post=352905"}],"curies":[{"name":"wp","href":"https:\/\/api.w.org\/{rel}","templated":true}]}}