{"id":341726,"date":"2023-05-06T10:55:13","date_gmt":"2023-05-06T08:55:13","guid":{"rendered":"https:\/\/xativaturismo.com\/?p=341726"},"modified":"2023-05-08T11:01:21","modified_gmt":"2023-05-08T09:01:21","slug":"entrades-exhaurides-per-al-concert-de-luz-casal","status":"publish","type":"post","link":"https:\/\/xativaturismo.com\/val\/entrades-exhaurides-per-al-concert-de-luz-casal\/","title":{"rendered":"Entrades exhaurides per al concert de Luz Casal"},"content":{"rendered":"<blockquote>\n<p lang=\"ca-ES\" align=\"justify\">Bona aflu\u00e8ncia de venda en les primeres hores tamb\u00e9 per a concerts com ara el de Tanxugueiras i Flora de El Diluvi o Celtas Cortos<\/p>\n<\/blockquote>\n<p align=\"justify\"><span lang=\"ca-ES\">Aquest divendres a les 12 hores s\u2019han posat a la venda les entrades per a la XXIV edici\u00f3 de Nits al Castell, i en tan sols 45 minuts s\u2019han exhaurit les entrades posades a la venda per al concert de Luz Casal, que tancar\u00e0 el Festival el 29 de juliol.<\/span><\/p>\n<p align=\"justify\"><span lang=\"ca-ES\">La gran aflu\u00e8ncia de visites ha provocat durant moments la impossibilitat d\u2019accedir a la p\u00e0gina web de X\u00e0tiva Turisme. No obstant, cal recordar que les entrades es poden adquirir per altres canals com ara presencialment a les taquilles del Gran Teatre (dimarts, dijous i divendres de 12 a 14 hores) i a trav\u00e9s del perfil de l\u2019Ajuntament de X\u00e0tiva a la plataforma web d\u2019Instanticket, on est\u00e0 allotjada la passarel\u00b7la de gesti\u00f3 d\u2019entrades.<\/span><\/p>\n<p align=\"justify\"><span lang=\"ca-ES\">Tamb\u00e9 s\u2019estan venent a bon ritme durant aquestes primeres hores les entrades per als concerts de Celtas Cortos (1<\/span><span lang=\"ca-ES\">5<\/span><span lang=\"ca-ES\">\u00a0de juliol) i del concert inaugural previst per al\u00a0<\/span><span lang=\"ca-ES\">8<\/span><span lang=\"ca-ES\">\u00a0de juliol i protagonitzat pel grup gallec Tanxugueiras amb la cantant Flora, del grup valenci\u00e0 El Diluvi. L\u2019altre concert que es podr\u00e0 gaudir al Festival ser\u00e0 el que unir\u00e0 en l\u2019escenari als artistes Pedro Guerra, Conchita i Judit Nedderman (2<\/span><span lang=\"ca-ES\">2<\/span><span lang=\"ca-ES\">\u00a0de juliol).<\/span><\/p>\n<p align=\"justify\"><span lang=\"ca-ES\">Tot i que les entrades de Luz Casal s\u2019han exhaurit en q\u00fcesti\u00f3 de minuts, cal recordar que tant per a aquest com per a la resta de concerts, el mateix dia de l\u2019actuaci\u00f3, d<\/span><span lang=\"ca-ES\">es<\/span><span lang=\"ca-ES\">\u00a0<\/span><span lang=\"ca-ES\">de<\/span><span lang=\"ca-ES\">\u00a0dues hores abans de l\u2019inici, es podran adquirir a taquilla (ubicada a l\u2019espai de Turisme de la pla\u00e7a Espanyoleto) les entrades que es guarden per llei, i que corresponen al 10% del total.<\/span><\/p>\n","protected":false},"excerpt":{"rendered":"<p>Exhaurides en 45 minuts les entrades per al concert de Luz Casal al Festival Nits al Castell de X\u00e0tiva.<\/p>\n","protected":false},"author":10,"featured_media":291292,"comment_status":"closed","ping_status":"closed","sticky":false,"template":"","format":"standard","meta":{"_price":"","_stock":"","_tribe_ticket_header":"","_tribe_default_ticket_provider":"","_ticket_start_date":"","_ticket_end_date":"","_tribe_ticket_show_description":"","_tribe_ticket_show_not_going":false,"_tribe_ticket_use_global_stock":"","_tribe_ticket_global_stock_level":"","_global_stock_mode":"","_global_stock_cap":"","_tribe_rsvp_for_event":"","_tribe_ticket_going_count":"","_tribe_ticket_not_going_count":"","_tribe_tickets_list":"[]","_tribe_ticket_has_attendee_info_fields":false,"footnotes":""},"categories":[19,374,23],"tags":[3269],"class_list":["post-341726","post","type-post","status-publish","format-standard","has-post-thumbnail","hentry","category-actualidad","category-actualidad-en","category-actualidad-val","tag-nits-al-castell"],"yoast_head":"<!-- This site is optimized with the Yoast SEO plugin v27.0 - https:\/\/yoast.com\/product\/yoast-seo-wordpress\/ -->\n<title>Entrades exhaurides per al concert de Luz Casal - X\u00e0tiva Turismo<\/title>\n<meta name=\"description\" content=\"Exhaurides en 45 minuts les entrades per al concert de Luz Casal al Festival Nits al Castell de X\u00e0tiva.\" \/>\n<meta name=\"robots\" content=\"index, follow, max-snippet:-1, max-image-preview:large, max-video-preview:-1\" \/>\n<link rel=\"canonical\" href=\"https:\/\/xativaturismo.com\/val\/entrades-exhaurides-per-al-concert-de-luz-casal\/\" \/>\n<meta property=\"og:locale\" content=\"ca_ES\" \/>\n<meta property=\"og:type\" content=\"article\" \/>\n<meta property=\"og:title\" content=\"Entrades exhaurides per al concert de Luz Casal - X\u00e0tiva Turismo\" \/>\n<meta property=\"og:description\" content=\"Exhaurides en 45 minuts les entrades per al concert de Luz Casal al Festival Nits al Castell de X\u00e0tiva.\" \/>\n<meta property=\"og:url\" content=\"https:\/\/xativaturismo.com\/val\/entrades-exhaurides-per-al-concert-de-luz-casal\/\" \/>\n<meta property=\"og:site_name\" content=\"X\u00e0tiva Turismo\" \/>\n<meta property=\"article:publisher\" content=\"https:\/\/www.facebook.com\/XativaTurisme\" \/>\n<meta property=\"article:published_time\" content=\"2023-05-06T08:55:13+00:00\" \/>\n<meta property=\"article:modified_time\" content=\"2023-05-08T09:01:21+00:00\" \/>\n<meta property=\"og:image\" content=\"https:\/\/xativaturismo.com\/wp-content\/uploads\/2023\/01\/capcalera-articles-blog-xativa-2.jpg\" \/>\n\t<meta property=\"og:image:width\" content=\"1140\" \/>\n\t<meta property=\"og:image:height\" content=\"350\" \/>\n\t<meta property=\"og:image:type\" content=\"image\/jpeg\" \/>\n<meta name=\"author\" content=\"Edit Orial\" \/>\n<meta name=\"twitter:card\" content=\"summary_large_image\" \/>\n<meta name=\"twitter:creator\" content=\"@XativaTurisme\" \/>\n<meta name=\"twitter:site\" content=\"@XativaTurisme\" \/>\n<meta name=\"twitter:label1\" content=\"Written by\" \/>\n\t<meta name=\"twitter:data1\" content=\"Edit Orial\" \/>\n\t<meta name=\"twitter:label2\" content=\"Est. reading time\" \/>\n\t<meta name=\"twitter:data2\" content=\"2 minutes\" \/>\n<script type=\"application\/ld+json\" class=\"yoast-schema-graph\">{\"@context\":\"https:\/\/schema.org\",\"@graph\":[{\"@type\":\"Article\",\"@id\":\"https:\/\/xativaturismo.com\/val\/entrades-exhaurides-per-al-concert-de-luz-casal\/#article\",\"isPartOf\":{\"@id\":\"https:\/\/xativaturismo.com\/val\/entrades-exhaurides-per-al-concert-de-luz-casal\/\"},\"author\":{\"name\":\"Edit Orial\",\"@id\":\"https:\/\/xativaturismo.com\/#\/schema\/person\/076ef82c001ca23709c36cf13a96ee7d\"},\"headline\":\"Entrades exhaurides per al concert de Luz Casal\",\"datePublished\":\"2023-05-06T08:55:13+00:00\",\"dateModified\":\"2023-05-08T09:01:21+00:00\",\"mainEntityOfPage\":{\"@id\":\"https:\/\/xativaturismo.com\/val\/entrades-exhaurides-per-al-concert-de-luz-casal\/\"},\"wordCount\":308,\"publisher\":{\"@id\":\"https:\/\/xativaturismo.com\/#organization\"},\"image\":{\"@id\":\"https:\/\/xativaturismo.com\/val\/entrades-exhaurides-per-al-concert-de-luz-casal\/#primaryimage\"},\"thumbnailUrl\":\"https:\/\/xativaturismo.com\/wp-content\/uploads\/2023\/01\/capcalera-articles-blog-xativa-2.jpg\",\"keywords\":[\"nits al castell\"],\"articleSection\":[\"Actualidad\",\"Actualidad\",\"Actualitat\"],\"inLanguage\":\"ca\"},{\"@type\":\"WebPage\",\"@id\":\"https:\/\/xativaturismo.com\/val\/entrades-exhaurides-per-al-concert-de-luz-casal\/\",\"url\":\"https:\/\/xativaturismo.com\/val\/entrades-exhaurides-per-al-concert-de-luz-casal\/\",\"name\":\"Entrades exhaurides per al concert de Luz Casal - X\u00e0tiva Turismo\",\"isPartOf\":{\"@id\":\"https:\/\/xativaturismo.com\/#website\"},\"primaryImageOfPage\":{\"@id\":\"https:\/\/xativaturismo.com\/val\/entrades-exhaurides-per-al-concert-de-luz-casal\/#primaryimage\"},\"image\":{\"@id\":\"https:\/\/xativaturismo.com\/val\/entrades-exhaurides-per-al-concert-de-luz-casal\/#primaryimage\"},\"thumbnailUrl\":\"https:\/\/xativaturismo.com\/wp-content\/uploads\/2023\/01\/capcalera-articles-blog-xativa-2.jpg\",\"datePublished\":\"2023-05-06T08:55:13+00:00\",\"dateModified\":\"2023-05-08T09:01:21+00:00\",\"description\":\"Exhaurides en 45 minuts les entrades per al concert de Luz Casal al Festival Nits al Castell de X\u00e0tiva.\",\"breadcrumb\":{\"@id\":\"https:\/\/xativaturismo.com\/val\/entrades-exhaurides-per-al-concert-de-luz-casal\/#breadcrumb\"},\"inLanguage\":\"ca\",\"potentialAction\":[{\"@type\":\"ReadAction\",\"target\":[\"https:\/\/xativaturismo.com\/val\/entrades-exhaurides-per-al-concert-de-luz-casal\/\"]}]},{\"@type\":\"ImageObject\",\"inLanguage\":\"ca\",\"@id\":\"https:\/\/xativaturismo.com\/val\/entrades-exhaurides-per-al-concert-de-luz-casal\/#primaryimage\",\"url\":\"https:\/\/xativaturismo.com\/wp-content\/uploads\/2023\/01\/capcalera-articles-blog-xativa-2.jpg\",\"contentUrl\":\"https:\/\/xativaturismo.com\/wp-content\/uploads\/2023\/01\/capcalera-articles-blog-xativa-2.jpg\",\"width\":1140,\"height\":350,\"caption\":\"nits al castell 2023\"},{\"@type\":\"BreadcrumbList\",\"@id\":\"https:\/\/xativaturismo.com\/val\/entrades-exhaurides-per-al-concert-de-luz-casal\/#breadcrumb\",\"itemListElement\":[{\"@type\":\"ListItem\",\"position\":1,\"name\":\"Portada\",\"item\":\"https:\/\/xativaturismo.com\/val\/\"},{\"@type\":\"ListItem\",\"position\":2,\"name\":\"Entrades exhaurides per al concert de Luz Casal\"}]},{\"@type\":\"WebSite\",\"@id\":\"https:\/\/xativaturismo.com\/#website\",\"url\":\"https:\/\/xativaturismo.com\/\",\"name\":\"X\u00e0tiva Turismo\",\"description\":\"Bienvenidos a la oficina de Turismo de X\u00e0tiva\",\"publisher\":{\"@id\":\"https:\/\/xativaturismo.com\/#organization\"},\"potentialAction\":[{\"@type\":\"SearchAction\",\"target\":{\"@type\":\"EntryPoint\",\"urlTemplate\":\"https:\/\/xativaturismo.com\/?s={search_term_string}\"},\"query-input\":{\"@type\":\"PropertyValueSpecification\",\"valueRequired\":true,\"valueName\":\"search_term_string\"}}],\"inLanguage\":\"ca\"},{\"@type\":\"Organization\",\"@id\":\"https:\/\/xativaturismo.com\/#organization\",\"name\":\"X\u00e0tiva Turismo\",\"url\":\"https:\/\/xativaturismo.com\/\",\"logo\":{\"@type\":\"ImageObject\",\"inLanguage\":\"ca\",\"@id\":\"https:\/\/xativaturismo.com\/#\/schema\/logo\/image\/\",\"url\":\"https:\/\/xativaturismo.com\/wp-content\/uploads\/2020\/10\/logo-lila512-2.png\",\"contentUrl\":\"https:\/\/xativaturismo.com\/wp-content\/uploads\/2020\/10\/logo-lila512-2.png\",\"width\":445,\"height\":512,\"caption\":\"X\u00e0tiva Turismo\"},\"image\":{\"@id\":\"https:\/\/xativaturismo.com\/#\/schema\/logo\/image\/\"},\"sameAs\":[\"https:\/\/www.facebook.com\/XativaTurisme\",\"https:\/\/x.com\/XativaTurisme\"]},{\"@type\":\"Person\",\"@id\":\"https:\/\/xativaturismo.com\/#\/schema\/person\/076ef82c001ca23709c36cf13a96ee7d\",\"name\":\"Edit Orial\",\"image\":{\"@type\":\"ImageObject\",\"inLanguage\":\"ca\",\"@id\":\"https:\/\/xativaturismo.com\/#\/schema\/person\/image\/\",\"url\":\"https:\/\/secure.gravatar.com\/avatar\/8e23460bf094742a301ecd4741c5b42b22f6fd944b7a3e55260bb476eccfd123?s=96&d=mm&r=g\",\"contentUrl\":\"https:\/\/secure.gravatar.com\/avatar\/8e23460bf094742a301ecd4741c5b42b22f6fd944b7a3e55260bb476eccfd123?s=96&d=mm&r=g\",\"caption\":\"Edit Orial\"},\"url\":\"https:\/\/xativaturismo.com\/val\/author\/autoripress\/\"}]}<\/script>\n<!-- \/ Yoast SEO plugin. -->","yoast_head_json":{"title":"Entrades exhaurides per al concert de Luz Casal - X\u00e0tiva Turismo","description":"Exhaurides en 45 minuts les entrades per al concert de Luz Casal al Festival Nits al Castell de X\u00e0tiva.","robots":{"index":"index","follow":"follow","max-snippet":"max-snippet:-1","max-image-preview":"max-image-preview:large","max-video-preview":"max-video-preview:-1"},"canonical":"https:\/\/xativaturismo.com\/val\/entrades-exhaurides-per-al-concert-de-luz-casal\/","og_locale":"ca_ES","og_type":"article","og_title":"Entrades exhaurides per al concert de Luz Casal - X\u00e0tiva Turismo","og_description":"Exhaurides en 45 minuts les entrades per al concert de Luz Casal al Festival Nits al Castell de X\u00e0tiva.","og_url":"https:\/\/xativaturismo.com\/val\/entrades-exhaurides-per-al-concert-de-luz-casal\/","og_site_name":"X\u00e0tiva Turismo","article_publisher":"https:\/\/www.facebook.com\/XativaTurisme","article_published_time":"2023-05-06T08:55:13+00:00","article_modified_time":"2023-05-08T09:01:21+00:00","og_image":[{"width":1140,"height":350,"url":"https:\/\/xativaturismo.com\/wp-content\/uploads\/2023\/01\/capcalera-articles-blog-xativa-2.jpg","type":"image\/jpeg"}],"author":"Edit Orial","twitter_card":"summary_large_image","twitter_creator":"@XativaTurisme","twitter_site":"@XativaTurisme","twitter_misc":{"Written by":"Edit Orial","Est. reading time":"2 minutes"},"schema":{"@context":"https:\/\/schema.org","@graph":[{"@type":"Article","@id":"https:\/\/xativaturismo.com\/val\/entrades-exhaurides-per-al-concert-de-luz-casal\/#article","isPartOf":{"@id":"https:\/\/xativaturismo.com\/val\/entrades-exhaurides-per-al-concert-de-luz-casal\/"},"author":{"name":"Edit Orial","@id":"https:\/\/xativaturismo.com\/#\/schema\/person\/076ef82c001ca23709c36cf13a96ee7d"},"headline":"Entrades exhaurides per al concert de Luz Casal","datePublished":"2023-05-06T08:55:13+00:00","dateModified":"2023-05-08T09:01:21+00:00","mainEntityOfPage":{"@id":"https:\/\/xativaturismo.com\/val\/entrades-exhaurides-per-al-concert-de-luz-casal\/"},"wordCount":308,"publisher":{"@id":"https:\/\/xativaturismo.com\/#organization"},"image":{"@id":"https:\/\/xativaturismo.com\/val\/entrades-exhaurides-per-al-concert-de-luz-casal\/#primaryimage"},"thumbnailUrl":"https:\/\/xativaturismo.com\/wp-content\/uploads\/2023\/01\/capcalera-articles-blog-xativa-2.jpg","keywords":["nits al castell"],"articleSection":["Actualidad","Actualidad","Actualitat"],"inLanguage":"ca"},{"@type":"WebPage","@id":"https:\/\/xativaturismo.com\/val\/entrades-exhaurides-per-al-concert-de-luz-casal\/","url":"https:\/\/xativaturismo.com\/val\/entrades-exhaurides-per-al-concert-de-luz-casal\/","name":"Entrades exhaurides per al concert de Luz Casal - X\u00e0tiva Turismo","isPartOf":{"@id":"https:\/\/xativaturismo.com\/#website"},"primaryImageOfPage":{"@id":"https:\/\/xativaturismo.com\/val\/entrades-exhaurides-per-al-concert-de-luz-casal\/#primaryimage"},"image":{"@id":"https:\/\/xativaturismo.com\/val\/entrades-exhaurides-per-al-concert-de-luz-casal\/#primaryimage"},"thumbnailUrl":"https:\/\/xativaturismo.com\/wp-content\/uploads\/2023\/01\/capcalera-articles-blog-xativa-2.jpg","datePublished":"2023-05-06T08:55:13+00:00","dateModified":"2023-05-08T09:01:21+00:00","description":"Exhaurides en 45 minuts les entrades per al concert de Luz Casal al Festival Nits al Castell de X\u00e0tiva.","breadcrumb":{"@id":"https:\/\/xativaturismo.com\/val\/entrades-exhaurides-per-al-concert-de-luz-casal\/#breadcrumb"},"inLanguage":"ca","potentialAction":[{"@type":"ReadAction","target":["https:\/\/xativaturismo.com\/val\/entrades-exhaurides-per-al-concert-de-luz-casal\/"]}]},{"@type":"ImageObject","inLanguage":"ca","@id":"https:\/\/xativaturismo.com\/val\/entrades-exhaurides-per-al-concert-de-luz-casal\/#primaryimage","url":"https:\/\/xativaturismo.com\/wp-content\/uploads\/2023\/01\/capcalera-articles-blog-xativa-2.jpg","contentUrl":"https:\/\/xativaturismo.com\/wp-content\/uploads\/2023\/01\/capcalera-articles-blog-xativa-2.jpg","width":1140,"height":350,"caption":"nits al castell 2023"},{"@type":"BreadcrumbList","@id":"https:\/\/xativaturismo.com\/val\/entrades-exhaurides-per-al-concert-de-luz-casal\/#breadcrumb","itemListElement":[{"@type":"ListItem","position":1,"name":"Portada","item":"https:\/\/xativaturismo.com\/val\/"},{"@type":"ListItem","position":2,"name":"Entrades exhaurides per al concert de Luz Casal"}]},{"@type":"WebSite","@id":"https:\/\/xativaturismo.com\/#website","url":"https:\/\/xativaturismo.com\/","name":"X\u00e0tiva Turismo","description":"Bienvenidos a la oficina de Turismo de X\u00e0tiva","publisher":{"@id":"https:\/\/xativaturismo.com\/#organization"},"potentialAction":[{"@type":"SearchAction","target":{"@type":"EntryPoint","urlTemplate":"https:\/\/xativaturismo.com\/?s={search_term_string}"},"query-input":{"@type":"PropertyValueSpecification","valueRequired":true,"valueName":"search_term_string"}}],"inLanguage":"ca"},{"@type":"Organization","@id":"https:\/\/xativaturismo.com\/#organization","name":"X\u00e0tiva Turismo","url":"https:\/\/xativaturismo.com\/","logo":{"@type":"ImageObject","inLanguage":"ca","@id":"https:\/\/xativaturismo.com\/#\/schema\/logo\/image\/","url":"https:\/\/xativaturismo.com\/wp-content\/uploads\/2020\/10\/logo-lila512-2.png","contentUrl":"https:\/\/xativaturismo.com\/wp-content\/uploads\/2020\/10\/logo-lila512-2.png","width":445,"height":512,"caption":"X\u00e0tiva Turismo"},"image":{"@id":"https:\/\/xativaturismo.com\/#\/schema\/logo\/image\/"},"sameAs":["https:\/\/www.facebook.com\/XativaTurisme","https:\/\/x.com\/XativaTurisme"]},{"@type":"Person","@id":"https:\/\/xativaturismo.com\/#\/schema\/person\/076ef82c001ca23709c36cf13a96ee7d","name":"Edit Orial","image":{"@type":"ImageObject","inLanguage":"ca","@id":"https:\/\/xativaturismo.com\/#\/schema\/person\/image\/","url":"https:\/\/secure.gravatar.com\/avatar\/8e23460bf094742a301ecd4741c5b42b22f6fd944b7a3e55260bb476eccfd123?s=96&d=mm&r=g","contentUrl":"https:\/\/secure.gravatar.com\/avatar\/8e23460bf094742a301ecd4741c5b42b22f6fd944b7a3e55260bb476eccfd123?s=96&d=mm&r=g","caption":"Edit Orial"},"url":"https:\/\/xativaturismo.com\/val\/author\/autoripress\/"}]}},"_links":{"self":[{"href":"https:\/\/xativaturismo.com\/val\/wp-json\/wp\/v2\/posts\/341726","targetHints":{"allow":["GET"]}}],"collection":[{"href":"https:\/\/xativaturismo.com\/val\/wp-json\/wp\/v2\/posts"}],"about":[{"href":"https:\/\/xativaturismo.com\/val\/wp-json\/wp\/v2\/types\/post"}],"author":[{"embeddable":true,"href":"https:\/\/xativaturismo.com\/val\/wp-json\/wp\/v2\/users\/10"}],"replies":[{"embeddable":true,"href":"https:\/\/xativaturismo.com\/val\/wp-json\/wp\/v2\/comments?post=341726"}],"version-history":[{"count":0,"href":"https:\/\/xativaturismo.com\/val\/wp-json\/wp\/v2\/posts\/341726\/revisions"}],"wp:featuredmedia":[{"embeddable":true,"href":"https:\/\/xativaturismo.com\/val\/wp-json\/wp\/v2\/media\/291292"}],"wp:attachment":[{"href":"https:\/\/xativaturismo.com\/val\/wp-json\/wp\/v2\/media?parent=341726"}],"wp:term":[{"taxonomy":"category","embeddable":true,"href":"https:\/\/xativaturismo.com\/val\/wp-json\/wp\/v2\/categories?post=341726"},{"taxonomy":"post_tag","embeddable":true,"href":"https:\/\/xativaturismo.com\/val\/wp-json\/wp\/v2\/tags?post=341726"}],"curies":[{"name":"wp","href":"https:\/\/api.w.org\/{rel}","templated":true}]}}