{"id":338625,"date":"2023-04-06T06:00:27","date_gmt":"2023-04-06T04:00:27","guid":{"rendered":"https:\/\/xativaturismo.com\/?p=338625"},"modified":"2023-05-02T10:40:28","modified_gmt":"2023-05-02T08:40:28","slug":"el-castell-reobri-portes-el-7-dabril","status":"publish","type":"post","link":"https:\/\/xativaturismo.com\/val\/el-castell-reobri-portes-el-7-dabril\/","title":{"rendered":"El Castell reobri portes el 7 d\u2019abril"},"content":{"rendered":"<blockquote><p>L\u2019acc\u00e9s estar\u00e0 restringit als vehicles entre el divendres i el dilluns i es refor\u00e7ar\u00e0 el servei de bus llan\u00e7adora tant des de la pla\u00e7a Espanyoleto com des de l\u2019Oficina de Turisme<\/p><\/blockquote>\n<p>El Castell de X\u00e0tiva reobrir\u00e0 les seues portes aquest divendres Sant, despr\u00e9s de romandre uns dies tancat a causa d\u2019un rodatge cinematogr\u00e0fic.<\/p>\n<p>No obstant, entre el divendres 7 i el dilluns 10, l\u2019acc\u00e9s als vehicles particulars estar\u00e0 restringit al tr\u00e0fic per evitar les aglomeracions a la costa del Castell. En el seu lloc, des de l\u2019Ajuntament de X\u00e0tiva s\u2019ha refor\u00e7at el servei de bus llan\u00e7adora que s\u2019ofereix durant els diumenges i festius.<\/p>\n<p>D\u2019aquesta manera, al bus que d\u00f3na servei des del Centre d\u2019Especialitats de l\u2019Espanyoleto, se sumar\u00e0 durant aquests dies altre bus llan\u00e7adora que eixir\u00e0 des de l\u2019Oficina de Turisme situada junt a la Font del Lle\u00f3. En ambd\u00f3s casos es prestar\u00e0 servei de manera ininterrompuda des de les 10 hores fins a l\u2019hora de tancament del Castell (20h), amb una freq\u00fc\u00e8ncia de 20 minuts.<\/p>\n<p>Durant aquests quatre dies, a m\u00e9s, romandr\u00e0 obert el p\u00e0rquing del Centre d\u2019Especialitats per a poder estacionar els vehicles, aix\u00ed com tamb\u00e9 la caravana de Turisme ubicada a la pr\u00f2pia pla\u00e7a Espanyoleto com a punt d\u2019informaci\u00f3 i venda d\u2019entrades.<\/p>\n<p>\u00abA m\u00e9s del Castell, tots els nostres espais culturals estaran oberts durant els propers dies i hem preparat una programaci\u00f3 cultual per mostrar el nostre patrimoni, amb rutes com ara als banys \u00e0rabs, el nimfeu rom\u00e0 o l\u2019exposici\u00f3 de Manolo Boix, i tamb\u00e9 jocs tradicionals a l\u2019Albereda\u00bb, ha indicat la regidora de Turisme Raquel Caballero.<\/p>\n","protected":false},"excerpt":{"rendered":"<p>L\u2019acc\u00e9s estar\u00e0 restringit als vehicles entre el divendres i el dilluns i es refor\u00e7ar\u00e0 el servei de bus llan\u00e7adora tant des de la pla\u00e7a Espanyoleto com des de l\u2019Oficina de Turisme.<\/p>\n","protected":false},"author":10,"featured_media":154976,"comment_status":"closed","ping_status":"closed","sticky":false,"template":"","format":"standard","meta":{"_price":"","_stock":"","_tribe_ticket_header":"","_tribe_default_ticket_provider":"","_ticket_start_date":"","_ticket_end_date":"","_tribe_ticket_show_description":"","_tribe_ticket_show_not_going":false,"_tribe_ticket_use_global_stock":"","_tribe_ticket_global_stock_level":"","_global_stock_mode":"","_global_stock_cap":"","_tribe_rsvp_for_event":"","_tribe_ticket_going_count":"","_tribe_ticket_not_going_count":"","_tribe_tickets_list":"[]","_tribe_ticket_has_attendee_info_fields":false,"footnotes":""},"categories":[19,374,23],"tags":[],"class_list":["post-338625","post","type-post","status-publish","format-standard","has-post-thumbnail","hentry","category-actualidad","category-actualidad-en","category-actualidad-val"],"yoast_head":"<!-- This site is optimized with the Yoast SEO plugin v27.0 - https:\/\/yoast.com\/product\/yoast-seo-wordpress\/ -->\n<title>El Castell reobri portes el 7 d\u2019abril - X\u00e0tiva Turismo<\/title>\n<meta name=\"description\" content=\"L\u2019acc\u00e9s estar\u00e0 restringit als vehicles entre el divendres i el dilluns i es refor\u00e7ar\u00e0 el servei de bus llan\u00e7adora\" \/>\n<meta name=\"robots\" content=\"index, follow, max-snippet:-1, max-image-preview:large, max-video-preview:-1\" \/>\n<link rel=\"canonical\" href=\"https:\/\/xativaturismo.com\/val\/el-castell-reobri-portes-el-7-dabril\/\" \/>\n<meta property=\"og:locale\" content=\"ca_ES\" \/>\n<meta property=\"og:type\" content=\"article\" \/>\n<meta property=\"og:title\" content=\"El Castell reobri portes el 7 d\u2019abril - X\u00e0tiva Turismo\" \/>\n<meta property=\"og:description\" content=\"L\u2019acc\u00e9s estar\u00e0 restringit als vehicles entre el divendres i el dilluns i es refor\u00e7ar\u00e0 el servei de bus llan\u00e7adora\" \/>\n<meta property=\"og:url\" content=\"https:\/\/xativaturismo.com\/val\/el-castell-reobri-portes-el-7-dabril\/\" \/>\n<meta property=\"og:site_name\" content=\"X\u00e0tiva Turismo\" \/>\n<meta property=\"article:publisher\" content=\"https:\/\/www.facebook.com\/XativaTurisme\" \/>\n<meta property=\"article:published_time\" content=\"2023-04-06T04:00:27+00:00\" \/>\n<meta property=\"article:modified_time\" content=\"2023-05-02T08:40:28+00:00\" \/>\n<meta property=\"og:image\" content=\"https:\/\/xativaturismo.com\/wp-content\/uploads\/2022\/01\/castell-xativa.jpg\" \/>\n\t<meta property=\"og:image:width\" content=\"1140\" \/>\n\t<meta property=\"og:image:height\" content=\"350\" \/>\n\t<meta property=\"og:image:type\" content=\"image\/jpeg\" \/>\n<meta name=\"author\" content=\"Edit Orial\" \/>\n<meta name=\"twitter:card\" content=\"summary_large_image\" \/>\n<meta name=\"twitter:creator\" content=\"@XativaTurisme\" \/>\n<meta name=\"twitter:site\" content=\"@XativaTurisme\" \/>\n<meta name=\"twitter:label1\" content=\"Written by\" \/>\n\t<meta name=\"twitter:data1\" content=\"Edit Orial\" \/>\n\t<meta name=\"twitter:label2\" content=\"Est. reading time\" \/>\n\t<meta name=\"twitter:data2\" content=\"2 minutes\" \/>\n<script type=\"application\/ld+json\" class=\"yoast-schema-graph\">{\"@context\":\"https:\/\/schema.org\",\"@graph\":[{\"@type\":\"Article\",\"@id\":\"https:\/\/xativaturismo.com\/val\/el-castell-reobri-portes-el-7-dabril\/#article\",\"isPartOf\":{\"@id\":\"https:\/\/xativaturismo.com\/val\/el-castell-reobri-portes-el-7-dabril\/\"},\"author\":{\"name\":\"Edit Orial\",\"@id\":\"https:\/\/xativaturismo.com\/#\/schema\/person\/076ef82c001ca23709c36cf13a96ee7d\"},\"headline\":\"El Castell reobri portes el 7 d\u2019abril\",\"datePublished\":\"2023-04-06T04:00:27+00:00\",\"dateModified\":\"2023-05-02T08:40:28+00:00\",\"mainEntityOfPage\":{\"@id\":\"https:\/\/xativaturismo.com\/val\/el-castell-reobri-portes-el-7-dabril\/\"},\"wordCount\":301,\"publisher\":{\"@id\":\"https:\/\/xativaturismo.com\/#organization\"},\"image\":{\"@id\":\"https:\/\/xativaturismo.com\/val\/el-castell-reobri-portes-el-7-dabril\/#primaryimage\"},\"thumbnailUrl\":\"https:\/\/xativaturismo.com\/wp-content\/uploads\/2022\/01\/castell-xativa.jpg\",\"articleSection\":[\"Actualidad\",\"Actualidad\",\"Actualitat\"],\"inLanguage\":\"ca\"},{\"@type\":\"WebPage\",\"@id\":\"https:\/\/xativaturismo.com\/val\/el-castell-reobri-portes-el-7-dabril\/\",\"url\":\"https:\/\/xativaturismo.com\/val\/el-castell-reobri-portes-el-7-dabril\/\",\"name\":\"El Castell reobri portes el 7 d\u2019abril - X\u00e0tiva Turismo\",\"isPartOf\":{\"@id\":\"https:\/\/xativaturismo.com\/#website\"},\"primaryImageOfPage\":{\"@id\":\"https:\/\/xativaturismo.com\/val\/el-castell-reobri-portes-el-7-dabril\/#primaryimage\"},\"image\":{\"@id\":\"https:\/\/xativaturismo.com\/val\/el-castell-reobri-portes-el-7-dabril\/#primaryimage\"},\"thumbnailUrl\":\"https:\/\/xativaturismo.com\/wp-content\/uploads\/2022\/01\/castell-xativa.jpg\",\"datePublished\":\"2023-04-06T04:00:27+00:00\",\"dateModified\":\"2023-05-02T08:40:28+00:00\",\"description\":\"L\u2019acc\u00e9s estar\u00e0 restringit als vehicles entre el divendres i el dilluns i es refor\u00e7ar\u00e0 el servei de bus llan\u00e7adora\",\"breadcrumb\":{\"@id\":\"https:\/\/xativaturismo.com\/val\/el-castell-reobri-portes-el-7-dabril\/#breadcrumb\"},\"inLanguage\":\"ca\",\"potentialAction\":[{\"@type\":\"ReadAction\",\"target\":[\"https:\/\/xativaturismo.com\/val\/el-castell-reobri-portes-el-7-dabril\/\"]}]},{\"@type\":\"ImageObject\",\"inLanguage\":\"ca\",\"@id\":\"https:\/\/xativaturismo.com\/val\/el-castell-reobri-portes-el-7-dabril\/#primaryimage\",\"url\":\"https:\/\/xativaturismo.com\/wp-content\/uploads\/2022\/01\/castell-xativa.jpg\",\"contentUrl\":\"https:\/\/xativaturismo.com\/wp-content\/uploads\/2022\/01\/castell-xativa.jpg\",\"width\":1140,\"height\":350,\"caption\":\"castell de X\u00e0tiva\"},{\"@type\":\"BreadcrumbList\",\"@id\":\"https:\/\/xativaturismo.com\/val\/el-castell-reobri-portes-el-7-dabril\/#breadcrumb\",\"itemListElement\":[{\"@type\":\"ListItem\",\"position\":1,\"name\":\"Portada\",\"item\":\"https:\/\/xativaturismo.com\/val\/\"},{\"@type\":\"ListItem\",\"position\":2,\"name\":\"El Castell reobri portes el 7 d\u2019abril\"}]},{\"@type\":\"WebSite\",\"@id\":\"https:\/\/xativaturismo.com\/#website\",\"url\":\"https:\/\/xativaturismo.com\/\",\"name\":\"X\u00e0tiva Turismo\",\"description\":\"Bienvenidos a la oficina de Turismo de X\u00e0tiva\",\"publisher\":{\"@id\":\"https:\/\/xativaturismo.com\/#organization\"},\"potentialAction\":[{\"@type\":\"SearchAction\",\"target\":{\"@type\":\"EntryPoint\",\"urlTemplate\":\"https:\/\/xativaturismo.com\/?s={search_term_string}\"},\"query-input\":{\"@type\":\"PropertyValueSpecification\",\"valueRequired\":true,\"valueName\":\"search_term_string\"}}],\"inLanguage\":\"ca\"},{\"@type\":\"Organization\",\"@id\":\"https:\/\/xativaturismo.com\/#organization\",\"name\":\"X\u00e0tiva Turismo\",\"url\":\"https:\/\/xativaturismo.com\/\",\"logo\":{\"@type\":\"ImageObject\",\"inLanguage\":\"ca\",\"@id\":\"https:\/\/xativaturismo.com\/#\/schema\/logo\/image\/\",\"url\":\"https:\/\/xativaturismo.com\/wp-content\/uploads\/2020\/10\/logo-lila512-2.png\",\"contentUrl\":\"https:\/\/xativaturismo.com\/wp-content\/uploads\/2020\/10\/logo-lila512-2.png\",\"width\":445,\"height\":512,\"caption\":\"X\u00e0tiva Turismo\"},\"image\":{\"@id\":\"https:\/\/xativaturismo.com\/#\/schema\/logo\/image\/\"},\"sameAs\":[\"https:\/\/www.facebook.com\/XativaTurisme\",\"https:\/\/x.com\/XativaTurisme\"]},{\"@type\":\"Person\",\"@id\":\"https:\/\/xativaturismo.com\/#\/schema\/person\/076ef82c001ca23709c36cf13a96ee7d\",\"name\":\"Edit Orial\",\"image\":{\"@type\":\"ImageObject\",\"inLanguage\":\"ca\",\"@id\":\"https:\/\/xativaturismo.com\/#\/schema\/person\/image\/\",\"url\":\"https:\/\/secure.gravatar.com\/avatar\/8e23460bf094742a301ecd4741c5b42b22f6fd944b7a3e55260bb476eccfd123?s=96&d=mm&r=g\",\"contentUrl\":\"https:\/\/secure.gravatar.com\/avatar\/8e23460bf094742a301ecd4741c5b42b22f6fd944b7a3e55260bb476eccfd123?s=96&d=mm&r=g\",\"caption\":\"Edit Orial\"},\"url\":\"https:\/\/xativaturismo.com\/val\/author\/autoripress\/\"}]}<\/script>\n<!-- \/ Yoast SEO plugin. -->","yoast_head_json":{"title":"El Castell reobri portes el 7 d\u2019abril - X\u00e0tiva Turismo","description":"L\u2019acc\u00e9s estar\u00e0 restringit als vehicles entre el divendres i el dilluns i es refor\u00e7ar\u00e0 el servei de bus llan\u00e7adora","robots":{"index":"index","follow":"follow","max-snippet":"max-snippet:-1","max-image-preview":"max-image-preview:large","max-video-preview":"max-video-preview:-1"},"canonical":"https:\/\/xativaturismo.com\/val\/el-castell-reobri-portes-el-7-dabril\/","og_locale":"ca_ES","og_type":"article","og_title":"El Castell reobri portes el 7 d\u2019abril - X\u00e0tiva Turismo","og_description":"L\u2019acc\u00e9s estar\u00e0 restringit als vehicles entre el divendres i el dilluns i es refor\u00e7ar\u00e0 el servei de bus llan\u00e7adora","og_url":"https:\/\/xativaturismo.com\/val\/el-castell-reobri-portes-el-7-dabril\/","og_site_name":"X\u00e0tiva Turismo","article_publisher":"https:\/\/www.facebook.com\/XativaTurisme","article_published_time":"2023-04-06T04:00:27+00:00","article_modified_time":"2023-05-02T08:40:28+00:00","og_image":[{"width":1140,"height":350,"url":"https:\/\/xativaturismo.com\/wp-content\/uploads\/2022\/01\/castell-xativa.jpg","type":"image\/jpeg"}],"author":"Edit Orial","twitter_card":"summary_large_image","twitter_creator":"@XativaTurisme","twitter_site":"@XativaTurisme","twitter_misc":{"Written by":"Edit Orial","Est. reading time":"2 minutes"},"schema":{"@context":"https:\/\/schema.org","@graph":[{"@type":"Article","@id":"https:\/\/xativaturismo.com\/val\/el-castell-reobri-portes-el-7-dabril\/#article","isPartOf":{"@id":"https:\/\/xativaturismo.com\/val\/el-castell-reobri-portes-el-7-dabril\/"},"author":{"name":"Edit Orial","@id":"https:\/\/xativaturismo.com\/#\/schema\/person\/076ef82c001ca23709c36cf13a96ee7d"},"headline":"El Castell reobri portes el 7 d\u2019abril","datePublished":"2023-04-06T04:00:27+00:00","dateModified":"2023-05-02T08:40:28+00:00","mainEntityOfPage":{"@id":"https:\/\/xativaturismo.com\/val\/el-castell-reobri-portes-el-7-dabril\/"},"wordCount":301,"publisher":{"@id":"https:\/\/xativaturismo.com\/#organization"},"image":{"@id":"https:\/\/xativaturismo.com\/val\/el-castell-reobri-portes-el-7-dabril\/#primaryimage"},"thumbnailUrl":"https:\/\/xativaturismo.com\/wp-content\/uploads\/2022\/01\/castell-xativa.jpg","articleSection":["Actualidad","Actualidad","Actualitat"],"inLanguage":"ca"},{"@type":"WebPage","@id":"https:\/\/xativaturismo.com\/val\/el-castell-reobri-portes-el-7-dabril\/","url":"https:\/\/xativaturismo.com\/val\/el-castell-reobri-portes-el-7-dabril\/","name":"El Castell reobri portes el 7 d\u2019abril - X\u00e0tiva Turismo","isPartOf":{"@id":"https:\/\/xativaturismo.com\/#website"},"primaryImageOfPage":{"@id":"https:\/\/xativaturismo.com\/val\/el-castell-reobri-portes-el-7-dabril\/#primaryimage"},"image":{"@id":"https:\/\/xativaturismo.com\/val\/el-castell-reobri-portes-el-7-dabril\/#primaryimage"},"thumbnailUrl":"https:\/\/xativaturismo.com\/wp-content\/uploads\/2022\/01\/castell-xativa.jpg","datePublished":"2023-04-06T04:00:27+00:00","dateModified":"2023-05-02T08:40:28+00:00","description":"L\u2019acc\u00e9s estar\u00e0 restringit als vehicles entre el divendres i el dilluns i es refor\u00e7ar\u00e0 el servei de bus llan\u00e7adora","breadcrumb":{"@id":"https:\/\/xativaturismo.com\/val\/el-castell-reobri-portes-el-7-dabril\/#breadcrumb"},"inLanguage":"ca","potentialAction":[{"@type":"ReadAction","target":["https:\/\/xativaturismo.com\/val\/el-castell-reobri-portes-el-7-dabril\/"]}]},{"@type":"ImageObject","inLanguage":"ca","@id":"https:\/\/xativaturismo.com\/val\/el-castell-reobri-portes-el-7-dabril\/#primaryimage","url":"https:\/\/xativaturismo.com\/wp-content\/uploads\/2022\/01\/castell-xativa.jpg","contentUrl":"https:\/\/xativaturismo.com\/wp-content\/uploads\/2022\/01\/castell-xativa.jpg","width":1140,"height":350,"caption":"castell de X\u00e0tiva"},{"@type":"BreadcrumbList","@id":"https:\/\/xativaturismo.com\/val\/el-castell-reobri-portes-el-7-dabril\/#breadcrumb","itemListElement":[{"@type":"ListItem","position":1,"name":"Portada","item":"https:\/\/xativaturismo.com\/val\/"},{"@type":"ListItem","position":2,"name":"El Castell reobri portes el 7 d\u2019abril"}]},{"@type":"WebSite","@id":"https:\/\/xativaturismo.com\/#website","url":"https:\/\/xativaturismo.com\/","name":"X\u00e0tiva Turismo","description":"Bienvenidos a la oficina de Turismo de X\u00e0tiva","publisher":{"@id":"https:\/\/xativaturismo.com\/#organization"},"potentialAction":[{"@type":"SearchAction","target":{"@type":"EntryPoint","urlTemplate":"https:\/\/xativaturismo.com\/?s={search_term_string}"},"query-input":{"@type":"PropertyValueSpecification","valueRequired":true,"valueName":"search_term_string"}}],"inLanguage":"ca"},{"@type":"Organization","@id":"https:\/\/xativaturismo.com\/#organization","name":"X\u00e0tiva Turismo","url":"https:\/\/xativaturismo.com\/","logo":{"@type":"ImageObject","inLanguage":"ca","@id":"https:\/\/xativaturismo.com\/#\/schema\/logo\/image\/","url":"https:\/\/xativaturismo.com\/wp-content\/uploads\/2020\/10\/logo-lila512-2.png","contentUrl":"https:\/\/xativaturismo.com\/wp-content\/uploads\/2020\/10\/logo-lila512-2.png","width":445,"height":512,"caption":"X\u00e0tiva Turismo"},"image":{"@id":"https:\/\/xativaturismo.com\/#\/schema\/logo\/image\/"},"sameAs":["https:\/\/www.facebook.com\/XativaTurisme","https:\/\/x.com\/XativaTurisme"]},{"@type":"Person","@id":"https:\/\/xativaturismo.com\/#\/schema\/person\/076ef82c001ca23709c36cf13a96ee7d","name":"Edit Orial","image":{"@type":"ImageObject","inLanguage":"ca","@id":"https:\/\/xativaturismo.com\/#\/schema\/person\/image\/","url":"https:\/\/secure.gravatar.com\/avatar\/8e23460bf094742a301ecd4741c5b42b22f6fd944b7a3e55260bb476eccfd123?s=96&d=mm&r=g","contentUrl":"https:\/\/secure.gravatar.com\/avatar\/8e23460bf094742a301ecd4741c5b42b22f6fd944b7a3e55260bb476eccfd123?s=96&d=mm&r=g","caption":"Edit Orial"},"url":"https:\/\/xativaturismo.com\/val\/author\/autoripress\/"}]}},"_links":{"self":[{"href":"https:\/\/xativaturismo.com\/val\/wp-json\/wp\/v2\/posts\/338625","targetHints":{"allow":["GET"]}}],"collection":[{"href":"https:\/\/xativaturismo.com\/val\/wp-json\/wp\/v2\/posts"}],"about":[{"href":"https:\/\/xativaturismo.com\/val\/wp-json\/wp\/v2\/types\/post"}],"author":[{"embeddable":true,"href":"https:\/\/xativaturismo.com\/val\/wp-json\/wp\/v2\/users\/10"}],"replies":[{"embeddable":true,"href":"https:\/\/xativaturismo.com\/val\/wp-json\/wp\/v2\/comments?post=338625"}],"version-history":[{"count":0,"href":"https:\/\/xativaturismo.com\/val\/wp-json\/wp\/v2\/posts\/338625\/revisions"}],"wp:featuredmedia":[{"embeddable":true,"href":"https:\/\/xativaturismo.com\/val\/wp-json\/wp\/v2\/media\/154976"}],"wp:attachment":[{"href":"https:\/\/xativaturismo.com\/val\/wp-json\/wp\/v2\/media?parent=338625"}],"wp:term":[{"taxonomy":"category","embeddable":true,"href":"https:\/\/xativaturismo.com\/val\/wp-json\/wp\/v2\/categories?post=338625"},{"taxonomy":"post_tag","embeddable":true,"href":"https:\/\/xativaturismo.com\/val\/wp-json\/wp\/v2\/tags?post=338625"}],"curies":[{"name":"wp","href":"https:\/\/api.w.org\/{rel}","templated":true}]}}