{"id":310926,"date":"2023-03-22T04:34:27","date_gmt":"2023-03-22T03:34:27","guid":{"rendered":"https:\/\/xativaturismo.com\/?p=310926"},"modified":"2023-03-22T04:34:27","modified_gmt":"2023-03-22T03:34:27","slug":"festival-musica-i-lletra-2023","status":"publish","type":"post","link":"https:\/\/xativaturismo.com\/val\/festival-musica-i-lletra-2023\/","title":{"rendered":"Festival M\u00fasica i Lletra 2023"},"content":{"rendered":"<blockquote><p>De \u2018Botifarra\u2019 a Pau Vallv\u00e9 passant per Pi de la Serra, La Maria, Judit Neddermann o Clara Andr\u00e9s, caps de cartell del M\u00fasica i Lletra 2023<\/p>\n<p>Del cantaor al cantautor, la setena edici\u00f3 del MiL dibuixa en fil roig la can\u00e7\u00f3 d\u2019autor<\/p><\/blockquote>\n<p><strong>Pep Gimeno \u2018Botifarra\u2019, Pau Vallv\u00e9, La Maria, Quico Pi de la Serra, Clara Andr\u00e9s, Judit Neddermann, Maria Hein i Andreu Valor <\/strong>s\u00f3n els noms de la setena edici\u00f3 del Festival M\u00fasica i Lletra, X\u00e0tiva can\u00e7\u00f3 d\u2019autor 2023, que enguany creix i suma una nit de concert, i s\u2019allarga en el temps i durar\u00e0 des del 21 d\u2019abril al 11 de juny.<strong> Un cartell que uneix el cantaor i el cantautor amb el fil roig que explica els or\u00edgens del g\u00e8nere de la paraula cantada. <\/strong><\/p>\n<p>Com ja \u00e9s habitual al MiL, al cartell hi ha lloc per m\u00fasica d\u2019arrel com tamb\u00e9 per a les noves sonoritats m\u00e9s minimalistes, aix\u00ed com per a veus referents i figures emergents. A m\u00e9s, la majoria de concerts son dobles per a convidar al p\u00fablic a gaudir amb els artistes que ja coneix i a enamorar-se dels nous. El Festival M\u00fasica i Lletra est\u00e0 organitzat per Cultura de la Generalitat, mitjan\u00e7ant l\u2019Institut Valenci\u00e0 de Cultura, i l&#8217;Ajuntament de X\u00e0tiva, amb la direcci\u00f3 art\u00edstica del m\u00fasic, Feliu Ventura. Les entrades estaran a la venda a la web del Gran Teatre de X\u00e0tiva, a partir de divendres 10 de mar\u00e7, a les 12h del migdia.<\/p>\n<h3>Els artistes<\/h3>\n<p><strong>Pep Gimeno \u2018Botifarra\u2019<\/strong> \u00e9s una de les grans veus del pa\u00eds, i de X\u00e0tiva, i per aix\u00f2 no podia faltar al festival, ara que ha tret nou disc <em>Ja ve l\u2019aire!<\/em> recuperant can\u00e7ons de treball i de magatzem, sobretot de dones. El seu ser\u00e0 un concert \u00fanic, jugant a casa, mentre que la resta, seguint la formula del MiL, seran dobles.<\/p>\n<p>La segona nit ser\u00e0 de <strong>Pau Vallv\u00e9, <\/strong>el cantautor catal\u00e0 que est\u00e0 omplint un auditori rere l\u2019altre i que ens portar\u00e0 tamb\u00e9 nou treball, <em>: )<\/em>. La seua proposta m\u00e9s positiva, r\u00edtmica i de bon rotllo. Tocar\u00e0 la mateixa nit que la veu revelaci\u00f3 del cant valenci\u00e0, <strong>La Maria<\/strong>, qui presentar\u00e0 el seu brutal disc debut <em>L\u2019assumpci\u00f3<\/em> en el que proposa una evoluci\u00f3 a la m\u00fasica d\u2019arrel sense perdre\u2019n les bases.<\/p>\n<p>El tercer divendres ser\u00e0 per un gran cl\u00e0ssic, <strong>Quico Pi de la Serra<\/strong> i el seu 24\u00e8 treball <em>Can\u00e7ons de Combat<\/em>, un recull del grans himnes immortals. Tocar\u00e0 amb <strong>Clara Andr\u00e9s <\/strong>que ens presentar\u00e0 el seu multipremiat <em>Capfico.<\/em> Un treball resultat de la complicitat entre ella i Estela Tormo, cantant i compositora del grup alcoi\u00e0 J\u00falia.<\/p>\n<p>La nit m\u00e9s femenina vindr\u00e0 de la m\u00e0 de <strong>Judit Neddermann<\/strong>, que ens presentar\u00e0 en exclusiva al Pa\u00eds Valenci\u00e0 el seu nou \u00e0lbum, encara no publicat a Catalunya i del que no podem explicar res m\u00e9s que ballar\u00e0 entre la m\u00fasica brasilera i el folklore ib\u00e8ric. Ser\u00e0 la mateixa nit que <strong>Maria Hein<\/strong>, jove mallorquina que ja s\u2019ha guanyat el cor de l\u2019illa, ens presentar\u00e0 el seu debut discogr\u00e0fic, <em>Continent i contingut, <\/em>produ\u00eft per Ferran Palau.<\/p>\n<p>Tancar\u00e0 el festival un diumenge, el concert d\u2019<strong>Andreu Valor<\/strong>, que ens comparteix el seu nov\u00e9 \u00e0lbum, <em>Un nou m\u00f3n<\/em>. Un treball ecl\u00e8ctic amb una vestimenta sonora renovada de folk-indie nord-europeu i temes que ens apel\u00b7len a creure en les utopies.<\/p>\n<h3>Institucions organitzadores<\/h3>\n<p><strong>Marga Landete, directora adjunta de M\u00fasica i Cultura Popular Valenciana a l\u2019Institut Valenci\u00e0 de Cultura<\/strong>, ha destacat que: \u201cUn any m\u00e9s, X\u00e0tiva acollir\u00e0 el bo i millor de la can\u00e7\u00f3 d\u2019autor actual, amb una mirada transversal i intergeneracional, perqu\u00e8 el festival M\u00fasica i Lletra \u00e9s una bon\u00edssima mostra dels resultats positius que pot donar la col\u00b7laboraci\u00f3 entre institucions, una cita ja totalment consolidada i la gran refer\u00e8ncia de la can\u00e7\u00f3 d\u2019autor al territori valenci\u00e0\u201d.<\/p>\n<p><strong>L&#8217;alcalde de X\u00e0tiva, Roger Cerd\u00e0<\/strong>, ha afegit que: \u201cTorna M\u00fasica i Lletra i afronta el repte d&#8217;una setena edici\u00f3 omplint de can\u00e7\u00f3 d&#8217;autor els diferents espais de la nostra ciutat, despr\u00e9s del magn\u00edfic resultat de l&#8217;any passat. Tres espais emblem\u00e0tics de X\u00e0tiva acolliran els concerts, que arriben amb un magn\u00edfic cartell d&#8217;abril a juny, i \u00e9s una aposta decidida per part de les institucions p\u00fabliques valencianes per seguir potenciant la can\u00e7\u00f3 d&#8217;autor i tamb\u00e9 l&#8217;aparici\u00f3 de nous artistes, amb el MiL Descobreix. El festival \u00e9s a m\u00e9s una oportunitat bon\u00edssima per descobrir la ciutat de X\u00e0tiva. Estem segurs que ser\u00e0 una gran edici\u00f3 i ja en tenim moltes ganes\u201d.<\/p>\n<p><strong>La <\/strong><strong>regidora del Gran Teatre de X\u00e0tiva, Mar\u00eda Beltr\u00e1n<\/strong>, ha reblat que: \u201cEl festival MiL es consolida a X\u00e0tiva amb un cartell amb figures molt destacades. A m\u00e9s, de la novetat significativa de l\u2019increment de la durada del mateix en el temps. Un canvi que ser\u00e0 positiu per gaudir al m\u00e0xim de cada concert\u201d.<\/p>\n<h3>El cartell<\/h3>\n<p><strong>Helga Ambak <\/strong>ha estat la il\u00b7lustradora valenciana encarregada de donar vida al cartell d\u2019enguany que busca per una banda reivindicar la defensa dels espais naturals davant de la crisi clim\u00e0tica i per l\u2019altra explicar la cultura com un instrument per a difondre i impulsar la cura i la protecci\u00f3 de la nostra terra.<\/p>\n<p>El festival mant\u00e9 la paritat als escenaris sense renunciar a la qualitat, demostrant que \u00e9s possible a m\u00e9s de necessari, i repetir\u00e0 les noves localitzacions estrenades l\u2019any passat. Hi haur\u00e0 concerts al Gran Teatre de X\u00e0tiva, aix\u00ed com al claustre de Sant Dom\u00e8nec i al Palasiet. L\u2019edici\u00f3 tamb\u00e9 mant\u00e9 els preus populars, amb entrades anticipades a 10\u20ac, i 1\u20ac per als menors de 12 anys acompanyats, i com ja \u00e9s marca de la casa vol ser plataforma de llan\u00e7ament de nous talents<strong>. <\/strong><\/p>\n<p><strong>El MiL Descobreix: VI certamen de Joves Cantautores\/rs repartir\u00e0 2.700 euros en premis per a autors no editats.<\/strong> Algunes de les veus emergents que han guanyat el MiL Descobreix en edicions anteriors s\u00f3n Laura Esparza, Xiomara Abello, Pilar McCarthy, Prima\u00ebl Montgauz\u00ed o Lia Sampai. Les bases ja estan publicades a la web del Gran Teatre i s&#8217;accepten candidatures. L&#8217;entrega dels premis se celebrar\u00e0 pr\u00e8viament al concert d\u2019Andreu Valor.<\/p>\n<h3><strong>Un festival que creix<\/strong><\/h3>\n<p>El MiL creix cada any amb cartells aplaudits tant pel p\u00fablic com per la cr\u00edtica. Entre els noms que han passat per les seues darreres edicions hi ha veus com Maria Arnal i Marcel Bag\u00e8s, Vicent Torrent, Maria del Mar Bonet, Ferran Palau, N\u00faria Graham, Paco Iba\u00f1ez, Clara Peya o Roger Mas, entre d&#8217;altres. Els il\u00b7lustradors valencians dels cartell tamb\u00e9 formen part dels artistes del festival i les seues gr\u00e0fiques han estat en mans de Clara Iris, Carles UbeEfe, El\u00edas Ta\u00f1o, o Xavier Sell\u00e8s. En els darrers anys, el MiL s&#8217;ha consolidat com el festival de refer\u00e8ncia de la m\u00fasica d&#8217;autor a casa nostra, amb visi\u00f3 de servei p\u00fablic i propiciant un espai per al discurs cr\u00edtic propi de la cultura viva.<\/p>\n","protected":false},"excerpt":{"rendered":"<p>De \u2018Botifarra\u2019 a Pau Vallv\u00e9 passant per Pi de la Serra, La Maria, Judit Neddermann o Clara Andr\u00e9s, caps de cartell del M\u00fasica i Lletra 2023<\/p>\n","protected":false},"author":10,"featured_media":310928,"comment_status":"closed","ping_status":"closed","sticky":false,"template":"","format":"standard","meta":{"_price":"","_stock":"","_tribe_ticket_header":"","_tribe_default_ticket_provider":"","_ticket_start_date":"","_ticket_end_date":"","_tribe_ticket_show_description":"","_tribe_ticket_show_not_going":false,"_tribe_ticket_use_global_stock":"","_tribe_ticket_global_stock_level":"","_global_stock_mode":"","_global_stock_cap":"","_tribe_rsvp_for_event":"","_tribe_ticket_going_count":"","_tribe_ticket_not_going_count":"","_tribe_tickets_list":"[]","_tribe_ticket_has_attendee_info_fields":false,"footnotes":""},"categories":[19,374,23],"tags":[3400,3398,3399],"class_list":["post-310926","post","type-post","status-publish","format-standard","has-post-thumbnail","hentry","category-actualidad","category-actualidad-en","category-actualidad-val","tag-festival","tag-mil","tag-musica-i-lletra"],"yoast_head":"<!-- This site is optimized with the Yoast SEO plugin v27.0 - https:\/\/yoast.com\/product\/yoast-seo-wordpress\/ -->\n<title>Festival M\u00fasica i Lletra 2023 - X\u00e0tiva Turismo<\/title>\n<meta name=\"description\" content=\"De \u2018Botifarra\u2019 a Pau Vallv\u00e9 passant per Pi de la Serra, La Maria, Judit Neddermann o Clara Andr\u00e9s, caps de cartell del M\u00fasica i Lletra 2023\" \/>\n<meta name=\"robots\" content=\"index, follow, max-snippet:-1, max-image-preview:large, max-video-preview:-1\" \/>\n<link rel=\"canonical\" href=\"https:\/\/xativaturismo.com\/val\/festival-musica-i-lletra-2023\/\" \/>\n<meta property=\"og:locale\" content=\"ca_ES\" \/>\n<meta property=\"og:type\" content=\"article\" \/>\n<meta property=\"og:title\" content=\"Festival M\u00fasica i Lletra 2023 - X\u00e0tiva Turismo\" \/>\n<meta property=\"og:description\" content=\"De \u2018Botifarra\u2019 a Pau Vallv\u00e9 passant per Pi de la Serra, La Maria, Judit Neddermann o Clara Andr\u00e9s, caps de cartell del M\u00fasica i Lletra 2023\" \/>\n<meta property=\"og:url\" content=\"https:\/\/xativaturismo.com\/val\/festival-musica-i-lletra-2023\/\" \/>\n<meta property=\"og:site_name\" content=\"X\u00e0tiva Turismo\" \/>\n<meta property=\"article:publisher\" content=\"https:\/\/www.facebook.com\/XativaTurisme\" \/>\n<meta property=\"article:published_time\" content=\"2023-03-22T03:34:27+00:00\" \/>\n<meta property=\"og:image\" content=\"https:\/\/xativaturismo.com\/wp-content\/uploads\/2023\/03\/capcalera-articles-blog-xativa.jpg\" \/>\n\t<meta property=\"og:image:width\" content=\"1140\" \/>\n\t<meta property=\"og:image:height\" content=\"350\" \/>\n\t<meta property=\"og:image:type\" content=\"image\/jpeg\" \/>\n<meta name=\"author\" content=\"Edit Orial\" \/>\n<meta name=\"twitter:card\" content=\"summary_large_image\" \/>\n<meta name=\"twitter:creator\" content=\"@XativaTurisme\" \/>\n<meta name=\"twitter:site\" content=\"@XativaTurisme\" \/>\n<meta name=\"twitter:label1\" content=\"Written by\" \/>\n\t<meta name=\"twitter:data1\" content=\"Edit Orial\" \/>\n\t<meta name=\"twitter:label2\" content=\"Est. reading time\" \/>\n\t<meta name=\"twitter:data2\" content=\"6 minutes\" \/>\n<script type=\"application\/ld+json\" class=\"yoast-schema-graph\">{\"@context\":\"https:\/\/schema.org\",\"@graph\":[{\"@type\":\"Article\",\"@id\":\"https:\/\/xativaturismo.com\/val\/festival-musica-i-lletra-2023\/#article\",\"isPartOf\":{\"@id\":\"https:\/\/xativaturismo.com\/val\/festival-musica-i-lletra-2023\/\"},\"author\":{\"name\":\"Edit Orial\",\"@id\":\"https:\/\/xativaturismo.com\/#\/schema\/person\/076ef82c001ca23709c36cf13a96ee7d\"},\"headline\":\"Festival M\u00fasica i Lletra 2023\",\"datePublished\":\"2023-03-22T03:34:27+00:00\",\"mainEntityOfPage\":{\"@id\":\"https:\/\/xativaturismo.com\/val\/festival-musica-i-lletra-2023\/\"},\"wordCount\":1217,\"publisher\":{\"@id\":\"https:\/\/xativaturismo.com\/#organization\"},\"image\":{\"@id\":\"https:\/\/xativaturismo.com\/val\/festival-musica-i-lletra-2023\/#primaryimage\"},\"thumbnailUrl\":\"https:\/\/xativaturismo.com\/wp-content\/uploads\/2023\/03\/capcalera-articles-blog-xativa.jpg\",\"keywords\":[\"festival\",\"MiL\",\"m\u00fasica i lletra\"],\"articleSection\":[\"Actualidad\",\"Actualidad\",\"Actualitat\"],\"inLanguage\":\"ca\"},{\"@type\":\"WebPage\",\"@id\":\"https:\/\/xativaturismo.com\/val\/festival-musica-i-lletra-2023\/\",\"url\":\"https:\/\/xativaturismo.com\/val\/festival-musica-i-lletra-2023\/\",\"name\":\"Festival M\u00fasica i Lletra 2023 - X\u00e0tiva Turismo\",\"isPartOf\":{\"@id\":\"https:\/\/xativaturismo.com\/#website\"},\"primaryImageOfPage\":{\"@id\":\"https:\/\/xativaturismo.com\/val\/festival-musica-i-lletra-2023\/#primaryimage\"},\"image\":{\"@id\":\"https:\/\/xativaturismo.com\/val\/festival-musica-i-lletra-2023\/#primaryimage\"},\"thumbnailUrl\":\"https:\/\/xativaturismo.com\/wp-content\/uploads\/2023\/03\/capcalera-articles-blog-xativa.jpg\",\"datePublished\":\"2023-03-22T03:34:27+00:00\",\"description\":\"De \u2018Botifarra\u2019 a Pau Vallv\u00e9 passant per Pi de la Serra, La Maria, Judit Neddermann o Clara Andr\u00e9s, caps de cartell del M\u00fasica i Lletra 2023\",\"breadcrumb\":{\"@id\":\"https:\/\/xativaturismo.com\/val\/festival-musica-i-lletra-2023\/#breadcrumb\"},\"inLanguage\":\"ca\",\"potentialAction\":[{\"@type\":\"ReadAction\",\"target\":[\"https:\/\/xativaturismo.com\/val\/festival-musica-i-lletra-2023\/\"]}]},{\"@type\":\"ImageObject\",\"inLanguage\":\"ca\",\"@id\":\"https:\/\/xativaturismo.com\/val\/festival-musica-i-lletra-2023\/#primaryimage\",\"url\":\"https:\/\/xativaturismo.com\/wp-content\/uploads\/2023\/03\/capcalera-articles-blog-xativa.jpg\",\"contentUrl\":\"https:\/\/xativaturismo.com\/wp-content\/uploads\/2023\/03\/capcalera-articles-blog-xativa.jpg\",\"width\":1140,\"height\":350},{\"@type\":\"BreadcrumbList\",\"@id\":\"https:\/\/xativaturismo.com\/val\/festival-musica-i-lletra-2023\/#breadcrumb\",\"itemListElement\":[{\"@type\":\"ListItem\",\"position\":1,\"name\":\"Portada\",\"item\":\"https:\/\/xativaturismo.com\/val\/\"},{\"@type\":\"ListItem\",\"position\":2,\"name\":\"Festival M\u00fasica i Lletra 2023\"}]},{\"@type\":\"WebSite\",\"@id\":\"https:\/\/xativaturismo.com\/#website\",\"url\":\"https:\/\/xativaturismo.com\/\",\"name\":\"X\u00e0tiva Turismo\",\"description\":\"Bienvenidos a la oficina de Turismo de X\u00e0tiva\",\"publisher\":{\"@id\":\"https:\/\/xativaturismo.com\/#organization\"},\"potentialAction\":[{\"@type\":\"SearchAction\",\"target\":{\"@type\":\"EntryPoint\",\"urlTemplate\":\"https:\/\/xativaturismo.com\/?s={search_term_string}\"},\"query-input\":{\"@type\":\"PropertyValueSpecification\",\"valueRequired\":true,\"valueName\":\"search_term_string\"}}],\"inLanguage\":\"ca\"},{\"@type\":\"Organization\",\"@id\":\"https:\/\/xativaturismo.com\/#organization\",\"name\":\"X\u00e0tiva Turismo\",\"url\":\"https:\/\/xativaturismo.com\/\",\"logo\":{\"@type\":\"ImageObject\",\"inLanguage\":\"ca\",\"@id\":\"https:\/\/xativaturismo.com\/#\/schema\/logo\/image\/\",\"url\":\"https:\/\/xativaturismo.com\/wp-content\/uploads\/2020\/10\/logo-lila512-2.png\",\"contentUrl\":\"https:\/\/xativaturismo.com\/wp-content\/uploads\/2020\/10\/logo-lila512-2.png\",\"width\":445,\"height\":512,\"caption\":\"X\u00e0tiva Turismo\"},\"image\":{\"@id\":\"https:\/\/xativaturismo.com\/#\/schema\/logo\/image\/\"},\"sameAs\":[\"https:\/\/www.facebook.com\/XativaTurisme\",\"https:\/\/x.com\/XativaTurisme\"]},{\"@type\":\"Person\",\"@id\":\"https:\/\/xativaturismo.com\/#\/schema\/person\/076ef82c001ca23709c36cf13a96ee7d\",\"name\":\"Edit Orial\",\"image\":{\"@type\":\"ImageObject\",\"inLanguage\":\"ca\",\"@id\":\"https:\/\/xativaturismo.com\/#\/schema\/person\/image\/\",\"url\":\"https:\/\/secure.gravatar.com\/avatar\/8e23460bf094742a301ecd4741c5b42b22f6fd944b7a3e55260bb476eccfd123?s=96&d=mm&r=g\",\"contentUrl\":\"https:\/\/secure.gravatar.com\/avatar\/8e23460bf094742a301ecd4741c5b42b22f6fd944b7a3e55260bb476eccfd123?s=96&d=mm&r=g\",\"caption\":\"Edit Orial\"},\"url\":\"https:\/\/xativaturismo.com\/val\/author\/autoripress\/\"}]}<\/script>\n<!-- \/ Yoast SEO plugin. -->","yoast_head_json":{"title":"Festival M\u00fasica i Lletra 2023 - X\u00e0tiva Turismo","description":"De \u2018Botifarra\u2019 a Pau Vallv\u00e9 passant per Pi de la Serra, La Maria, Judit Neddermann o Clara Andr\u00e9s, caps de cartell del M\u00fasica i Lletra 2023","robots":{"index":"index","follow":"follow","max-snippet":"max-snippet:-1","max-image-preview":"max-image-preview:large","max-video-preview":"max-video-preview:-1"},"canonical":"https:\/\/xativaturismo.com\/val\/festival-musica-i-lletra-2023\/","og_locale":"ca_ES","og_type":"article","og_title":"Festival M\u00fasica i Lletra 2023 - X\u00e0tiva Turismo","og_description":"De \u2018Botifarra\u2019 a Pau Vallv\u00e9 passant per Pi de la Serra, La Maria, Judit Neddermann o Clara Andr\u00e9s, caps de cartell del M\u00fasica i Lletra 2023","og_url":"https:\/\/xativaturismo.com\/val\/festival-musica-i-lletra-2023\/","og_site_name":"X\u00e0tiva Turismo","article_publisher":"https:\/\/www.facebook.com\/XativaTurisme","article_published_time":"2023-03-22T03:34:27+00:00","og_image":[{"width":1140,"height":350,"url":"https:\/\/xativaturismo.com\/wp-content\/uploads\/2023\/03\/capcalera-articles-blog-xativa.jpg","type":"image\/jpeg"}],"author":"Edit Orial","twitter_card":"summary_large_image","twitter_creator":"@XativaTurisme","twitter_site":"@XativaTurisme","twitter_misc":{"Written by":"Edit Orial","Est. reading time":"6 minutes"},"schema":{"@context":"https:\/\/schema.org","@graph":[{"@type":"Article","@id":"https:\/\/xativaturismo.com\/val\/festival-musica-i-lletra-2023\/#article","isPartOf":{"@id":"https:\/\/xativaturismo.com\/val\/festival-musica-i-lletra-2023\/"},"author":{"name":"Edit Orial","@id":"https:\/\/xativaturismo.com\/#\/schema\/person\/076ef82c001ca23709c36cf13a96ee7d"},"headline":"Festival M\u00fasica i Lletra 2023","datePublished":"2023-03-22T03:34:27+00:00","mainEntityOfPage":{"@id":"https:\/\/xativaturismo.com\/val\/festival-musica-i-lletra-2023\/"},"wordCount":1217,"publisher":{"@id":"https:\/\/xativaturismo.com\/#organization"},"image":{"@id":"https:\/\/xativaturismo.com\/val\/festival-musica-i-lletra-2023\/#primaryimage"},"thumbnailUrl":"https:\/\/xativaturismo.com\/wp-content\/uploads\/2023\/03\/capcalera-articles-blog-xativa.jpg","keywords":["festival","MiL","m\u00fasica i lletra"],"articleSection":["Actualidad","Actualidad","Actualitat"],"inLanguage":"ca"},{"@type":"WebPage","@id":"https:\/\/xativaturismo.com\/val\/festival-musica-i-lletra-2023\/","url":"https:\/\/xativaturismo.com\/val\/festival-musica-i-lletra-2023\/","name":"Festival M\u00fasica i Lletra 2023 - X\u00e0tiva Turismo","isPartOf":{"@id":"https:\/\/xativaturismo.com\/#website"},"primaryImageOfPage":{"@id":"https:\/\/xativaturismo.com\/val\/festival-musica-i-lletra-2023\/#primaryimage"},"image":{"@id":"https:\/\/xativaturismo.com\/val\/festival-musica-i-lletra-2023\/#primaryimage"},"thumbnailUrl":"https:\/\/xativaturismo.com\/wp-content\/uploads\/2023\/03\/capcalera-articles-blog-xativa.jpg","datePublished":"2023-03-22T03:34:27+00:00","description":"De \u2018Botifarra\u2019 a Pau Vallv\u00e9 passant per Pi de la Serra, La Maria, Judit Neddermann o Clara Andr\u00e9s, caps de cartell del M\u00fasica i Lletra 2023","breadcrumb":{"@id":"https:\/\/xativaturismo.com\/val\/festival-musica-i-lletra-2023\/#breadcrumb"},"inLanguage":"ca","potentialAction":[{"@type":"ReadAction","target":["https:\/\/xativaturismo.com\/val\/festival-musica-i-lletra-2023\/"]}]},{"@type":"ImageObject","inLanguage":"ca","@id":"https:\/\/xativaturismo.com\/val\/festival-musica-i-lletra-2023\/#primaryimage","url":"https:\/\/xativaturismo.com\/wp-content\/uploads\/2023\/03\/capcalera-articles-blog-xativa.jpg","contentUrl":"https:\/\/xativaturismo.com\/wp-content\/uploads\/2023\/03\/capcalera-articles-blog-xativa.jpg","width":1140,"height":350},{"@type":"BreadcrumbList","@id":"https:\/\/xativaturismo.com\/val\/festival-musica-i-lletra-2023\/#breadcrumb","itemListElement":[{"@type":"ListItem","position":1,"name":"Portada","item":"https:\/\/xativaturismo.com\/val\/"},{"@type":"ListItem","position":2,"name":"Festival M\u00fasica i Lletra 2023"}]},{"@type":"WebSite","@id":"https:\/\/xativaturismo.com\/#website","url":"https:\/\/xativaturismo.com\/","name":"X\u00e0tiva Turismo","description":"Bienvenidos a la oficina de Turismo de X\u00e0tiva","publisher":{"@id":"https:\/\/xativaturismo.com\/#organization"},"potentialAction":[{"@type":"SearchAction","target":{"@type":"EntryPoint","urlTemplate":"https:\/\/xativaturismo.com\/?s={search_term_string}"},"query-input":{"@type":"PropertyValueSpecification","valueRequired":true,"valueName":"search_term_string"}}],"inLanguage":"ca"},{"@type":"Organization","@id":"https:\/\/xativaturismo.com\/#organization","name":"X\u00e0tiva Turismo","url":"https:\/\/xativaturismo.com\/","logo":{"@type":"ImageObject","inLanguage":"ca","@id":"https:\/\/xativaturismo.com\/#\/schema\/logo\/image\/","url":"https:\/\/xativaturismo.com\/wp-content\/uploads\/2020\/10\/logo-lila512-2.png","contentUrl":"https:\/\/xativaturismo.com\/wp-content\/uploads\/2020\/10\/logo-lila512-2.png","width":445,"height":512,"caption":"X\u00e0tiva Turismo"},"image":{"@id":"https:\/\/xativaturismo.com\/#\/schema\/logo\/image\/"},"sameAs":["https:\/\/www.facebook.com\/XativaTurisme","https:\/\/x.com\/XativaTurisme"]},{"@type":"Person","@id":"https:\/\/xativaturismo.com\/#\/schema\/person\/076ef82c001ca23709c36cf13a96ee7d","name":"Edit Orial","image":{"@type":"ImageObject","inLanguage":"ca","@id":"https:\/\/xativaturismo.com\/#\/schema\/person\/image\/","url":"https:\/\/secure.gravatar.com\/avatar\/8e23460bf094742a301ecd4741c5b42b22f6fd944b7a3e55260bb476eccfd123?s=96&d=mm&r=g","contentUrl":"https:\/\/secure.gravatar.com\/avatar\/8e23460bf094742a301ecd4741c5b42b22f6fd944b7a3e55260bb476eccfd123?s=96&d=mm&r=g","caption":"Edit Orial"},"url":"https:\/\/xativaturismo.com\/val\/author\/autoripress\/"}]}},"_links":{"self":[{"href":"https:\/\/xativaturismo.com\/val\/wp-json\/wp\/v2\/posts\/310926","targetHints":{"allow":["GET"]}}],"collection":[{"href":"https:\/\/xativaturismo.com\/val\/wp-json\/wp\/v2\/posts"}],"about":[{"href":"https:\/\/xativaturismo.com\/val\/wp-json\/wp\/v2\/types\/post"}],"author":[{"embeddable":true,"href":"https:\/\/xativaturismo.com\/val\/wp-json\/wp\/v2\/users\/10"}],"replies":[{"embeddable":true,"href":"https:\/\/xativaturismo.com\/val\/wp-json\/wp\/v2\/comments?post=310926"}],"version-history":[{"count":0,"href":"https:\/\/xativaturismo.com\/val\/wp-json\/wp\/v2\/posts\/310926\/revisions"}],"wp:featuredmedia":[{"embeddable":true,"href":"https:\/\/xativaturismo.com\/val\/wp-json\/wp\/v2\/media\/310928"}],"wp:attachment":[{"href":"https:\/\/xativaturismo.com\/val\/wp-json\/wp\/v2\/media?parent=310926"}],"wp:term":[{"taxonomy":"category","embeddable":true,"href":"https:\/\/xativaturismo.com\/val\/wp-json\/wp\/v2\/categories?post=310926"},{"taxonomy":"post_tag","embeddable":true,"href":"https:\/\/xativaturismo.com\/val\/wp-json\/wp\/v2\/tags?post=310926"}],"curies":[{"name":"wp","href":"https:\/\/api.w.org\/{rel}","templated":true}]}}