{"id":293827,"date":"2023-02-01T11:10:07","date_gmt":"2023-02-01T10:10:07","guid":{"rendered":"https:\/\/xativaturismo.com\/?p=293827"},"modified":"2023-02-06T11:45:23","modified_gmt":"2023-02-06T10:45:23","slug":"el-museu-faller-de-xativa-muf-en-el-metavers","status":"publish","type":"post","link":"https:\/\/xativaturismo.com\/val\/el-museu-faller-de-xativa-muf-en-el-metavers\/","title":{"rendered":"El Museu Faller de X\u00e0tiva (MUF), en el metavers"},"content":{"rendered":"<blockquote>\n<p class=\"post-title entry-title\">X\u00e0tiva comptar\u00e0 amb el primer museu faller de la hist\u00f2ria que es podr\u00e0 visitar digitalment a trav\u00e9s del metavers<\/p>\n<p class=\"subtitulo\">El consistori reinventa l\u2019espai amb un nou projecte museogr\u00e0fic i crea la marca MUF per a la galeria fallera<\/p>\n<\/blockquote>\n<p align=\"justify\"><b><\/b>L\u2019Ajuntament de X\u00e0tiva ha presentat en FITUR el projecte per al renovat Museu Faller de X\u00e0tiva, el qual s\u2019emparar\u00e0 baix la marca MUF i comptar\u00e0 amb una reestructuraci\u00f3 total de la instal\u00b7laci\u00f3 ubicada al carrer Montcada, aix\u00ed com una nova ferramenta innovadora per poder viure l\u2019experi\u00e8ncia des de qualsevol part del m\u00f3n.<\/p>\n<p align=\"justify\">La principal novetat \u00e9s la implantaci\u00f3 del MUF en el metavers, un espai virtual on podr\u00e0 accedir qualsevol persona des de qualsevol dispositiu per tal de visualitzar els ninots indultats dels \u00faltims anys, els quals s\u2019han escanejat acuradament en 3D, aix\u00ed com tamb\u00e9 les seues explicacions i altres elements vinculats al Museu Faller de X\u00e0tiva, que ser\u00e0 el primer museu faller que es podr\u00e0 visitar sense eixir de casa.<\/p>\n<p align=\"justify\">\u00abEra important fer m\u00e9s tur\u00edstic i accessible aquest espai, per a que puga arribar a tot el m\u00f3n. Hem apostat pel primer museu faller en el metavers perqu\u00e8 pensem que \u00e9s necessari reflexar tot el patrimoni que tenen les falles de X\u00e0tiva, i per a aix\u00f2 la realitat virtual \u00e9s una gran aliada per preservar, divulgar i conservar el patrimoni art\u00edstic de les falles\u00bb, ha manifestat la regidora de Falles Maria Beltr\u00e1n. \u00abAquesta eina ens permetr\u00e0 con\u00e8ixer i visualitzar els ninots indultats de X\u00e0tiva independentment de la part del m\u00f3n on estem\u00bb, ha afegit.<\/p>\n<p align=\"justify\">Per a tal fi en els darrers mesos s\u2019ha estat treballant en la generaci\u00f3 de c\u00f2pies digitals dels ninots del Museu, per tal de poder replicar-los digitalment de manera exacta. L\u2019acc\u00e9s podr\u00e0 efectuar-se a trav\u00e9s d\u2019una p\u00e0gina web (https:\/\/www.spatial.io\/s\/Museu-Faller-de-Xativa-63b6a4f5952aef00010c7f0e?share=3337088237775491874) o b\u00e9 a trav\u00e9s dels dispositius m\u00f2bils, descarregant-se l\u2019aplicaci\u00f3 Spatial. Ser\u00e0 necessari crear un compte i configurar un avatar per tal de poder accedir al metavers del Museu Faller de X\u00e0tiva.<\/p>\n<p align=\"justify\"><b>Projecte expositiu<\/b><\/p>\n<p align=\"justify\">Pel que fa al projecte expositiu f\u00edsic del Museu, es reestructurar\u00e0 tota la instal\u00b7laci\u00f3, aprofitant la major part de la planta baixa de l\u2019actual museu, amb un total de 206 dels 315 m2 existents. Les \u00faniques depend\u00e8ncies que es mantindran s\u00f3n l\u2019eixida d\u2019emerg\u00e8ncia, el magatzem, dos espais destinats a instal\u00b7lacions i els dos banys.<\/p>\n<p align=\"justify\">El projecte museogr\u00e0fic del MUF no altera l\u2019estructura de l\u2019espai preexistent i no requereix d\u2019una obra ja que tots els elements que el conformaran s\u00f3n de car\u00e0cter desmuntable i amb una materialitat que permet la seua retirada quan siga necessari.<\/p>\n<p align=\"justify\">La intenci\u00f3 del nou plantejament \u00e9s transmetre el significat de la festa fallera a aquelles persones que visiten el seu espai, el qual es subdividir\u00e0 en seccions per tal d\u2019anar abordant els aspectes claus de les falles. Les seccions que es podran trobar seran: \u00abCom es fa una falla\u00bb (creaci\u00f3 del monument i hist\u00f2ria de les falles), \u00abCom es fa un llibret\u00bb (import\u00e0ncia del llibret com a testimoni i mem\u00f2ria de la festa i parts dels volums), \u00abQu\u00e8 \u00e9s la s\u00e0tira\u00bb (llenguatge de les falles), \u00abA qu\u00e8 sonen les falles\u00bb (m\u00fasica de banda com a companya de la festa i els focs d\u2019artifici, representant la sonoritat de les falles), \u00abQu\u00e8 \u00e9s l\u2019indumentarisme\u00bb (per explicar la confecci\u00f3 de la indument\u00e0ria fallera) i \u00abCom es fa un ninot\u00bb (amb la creaci\u00f3 del representant del monument).<\/p>\n<p><iframe loading=\"lazy\" title=\"MUF X\u00e0tiva - El primer museu faller al metavers\" width=\"1140\" height=\"641\" src=\"https:\/\/www.youtube.com\/embed\/bGcTek5RoSc?feature=oembed\" frameborder=\"0\" allow=\"accelerometer; autoplay; clipboard-write; encrypted-media; gyroscope; picture-in-picture; web-share\" allowfullscreen><\/iframe><\/p>\n","protected":false},"excerpt":{"rendered":"<p>X\u00e0tiva comptar\u00e0 amb el primer museu faller de la hist\u00f2ria que es podr\u00e0 visitar digitalment a trav\u00e9s del metavers<\/p>\n","protected":false},"author":10,"featured_media":294178,"comment_status":"closed","ping_status":"closed","sticky":false,"template":"","format":"standard","meta":{"_price":"","_stock":"","_tribe_ticket_header":"","_tribe_default_ticket_provider":"","_ticket_start_date":"","_ticket_end_date":"","_tribe_ticket_show_description":"","_tribe_ticket_show_not_going":false,"_tribe_ticket_use_global_stock":"","_tribe_ticket_global_stock_level":"","_global_stock_mode":"","_global_stock_cap":"","_tribe_rsvp_for_event":"","_tribe_ticket_going_count":"","_tribe_ticket_not_going_count":"","_tribe_tickets_list":"[]","_tribe_ticket_has_attendee_info_fields":false,"footnotes":""},"categories":[19,374,23],"tags":[3335,3336],"class_list":["post-293827","post","type-post","status-publish","format-standard","has-post-thumbnail","hentry","category-actualidad","category-actualidad-en","category-actualidad-val","tag-muf","tag-museu-faller"],"yoast_head":"<!-- This site is optimized with the Yoast SEO plugin v27.0 - https:\/\/yoast.com\/product\/yoast-seo-wordpress\/ -->\n<title>El Museu Faller de X\u00e0tiva (MUF), en el metavers - X\u00e0tiva Turismo<\/title>\n<meta name=\"description\" content=\"X\u00e0tiva comptar\u00e0 amb el primer museu faller de la hist\u00f2ria que es podr\u00e0 visitar digitalment a trav\u00e9s del metavers, sota la nova marca MUF.\" \/>\n<meta name=\"robots\" content=\"index, follow, max-snippet:-1, max-image-preview:large, max-video-preview:-1\" \/>\n<link rel=\"canonical\" href=\"https:\/\/xativaturismo.com\/val\/el-museu-faller-de-xativa-muf-en-el-metavers\/\" \/>\n<meta property=\"og:locale\" content=\"ca_ES\" \/>\n<meta property=\"og:type\" content=\"article\" \/>\n<meta property=\"og:title\" content=\"El Museu Faller de X\u00e0tiva (MUF), en el metavers - X\u00e0tiva Turismo\" \/>\n<meta property=\"og:description\" content=\"X\u00e0tiva comptar\u00e0 amb el primer museu faller de la hist\u00f2ria que es podr\u00e0 visitar digitalment a trav\u00e9s del metavers, sota la nova marca MUF.\" \/>\n<meta property=\"og:url\" content=\"https:\/\/xativaturismo.com\/val\/el-museu-faller-de-xativa-muf-en-el-metavers\/\" \/>\n<meta property=\"og:site_name\" content=\"X\u00e0tiva Turismo\" \/>\n<meta property=\"article:publisher\" content=\"https:\/\/www.facebook.com\/XativaTurisme\" \/>\n<meta property=\"article:published_time\" content=\"2023-02-01T10:10:07+00:00\" \/>\n<meta property=\"article:modified_time\" content=\"2023-02-06T10:45:23+00:00\" \/>\n<meta property=\"og:image\" content=\"https:\/\/xativaturismo.com\/wp-content\/uploads\/2023\/02\/museu_faller_muf_metavers.webp\" \/>\n\t<meta property=\"og:image:width\" content=\"1140\" \/>\n\t<meta property=\"og:image:height\" content=\"350\" \/>\n\t<meta property=\"og:image:type\" content=\"image\/webp\" \/>\n<meta name=\"author\" content=\"Edit Orial\" \/>\n<meta name=\"twitter:card\" content=\"summary_large_image\" \/>\n<meta name=\"twitter:creator\" content=\"@XativaTurisme\" \/>\n<meta name=\"twitter:site\" content=\"@XativaTurisme\" \/>\n<meta name=\"twitter:label1\" content=\"Written by\" \/>\n\t<meta name=\"twitter:data1\" content=\"Edit Orial\" \/>\n\t<meta name=\"twitter:label2\" content=\"Est. reading time\" \/>\n\t<meta name=\"twitter:data2\" content=\"3 minutes\" \/>\n<script type=\"application\/ld+json\" class=\"yoast-schema-graph\">{\"@context\":\"https:\/\/schema.org\",\"@graph\":[{\"@type\":\"Article\",\"@id\":\"https:\/\/xativaturismo.com\/val\/el-museu-faller-de-xativa-muf-en-el-metavers\/#article\",\"isPartOf\":{\"@id\":\"https:\/\/xativaturismo.com\/val\/el-museu-faller-de-xativa-muf-en-el-metavers\/\"},\"author\":{\"name\":\"Edit Orial\",\"@id\":\"https:\/\/xativaturismo.com\/#\/schema\/person\/076ef82c001ca23709c36cf13a96ee7d\"},\"headline\":\"El Museu Faller de X\u00e0tiva (MUF), en el metavers\",\"datePublished\":\"2023-02-01T10:10:07+00:00\",\"dateModified\":\"2023-02-06T10:45:23+00:00\",\"mainEntityOfPage\":{\"@id\":\"https:\/\/xativaturismo.com\/val\/el-museu-faller-de-xativa-muf-en-el-metavers\/\"},\"wordCount\":642,\"publisher\":{\"@id\":\"https:\/\/xativaturismo.com\/#organization\"},\"image\":{\"@id\":\"https:\/\/xativaturismo.com\/val\/el-museu-faller-de-xativa-muf-en-el-metavers\/#primaryimage\"},\"thumbnailUrl\":\"https:\/\/xativaturismo.com\/wp-content\/uploads\/2023\/02\/museu_faller_muf_metavers.webp\",\"keywords\":[\"MUF\",\"museu faller\"],\"articleSection\":[\"Actualidad\",\"Actualidad\",\"Actualitat\"],\"inLanguage\":\"ca\"},{\"@type\":\"WebPage\",\"@id\":\"https:\/\/xativaturismo.com\/val\/el-museu-faller-de-xativa-muf-en-el-metavers\/\",\"url\":\"https:\/\/xativaturismo.com\/val\/el-museu-faller-de-xativa-muf-en-el-metavers\/\",\"name\":\"El Museu Faller de X\u00e0tiva (MUF), en el metavers - X\u00e0tiva Turismo\",\"isPartOf\":{\"@id\":\"https:\/\/xativaturismo.com\/#website\"},\"primaryImageOfPage\":{\"@id\":\"https:\/\/xativaturismo.com\/val\/el-museu-faller-de-xativa-muf-en-el-metavers\/#primaryimage\"},\"image\":{\"@id\":\"https:\/\/xativaturismo.com\/val\/el-museu-faller-de-xativa-muf-en-el-metavers\/#primaryimage\"},\"thumbnailUrl\":\"https:\/\/xativaturismo.com\/wp-content\/uploads\/2023\/02\/museu_faller_muf_metavers.webp\",\"datePublished\":\"2023-02-01T10:10:07+00:00\",\"dateModified\":\"2023-02-06T10:45:23+00:00\",\"description\":\"X\u00e0tiva comptar\u00e0 amb el primer museu faller de la hist\u00f2ria que es podr\u00e0 visitar digitalment a trav\u00e9s del metavers, sota la nova marca MUF.\",\"breadcrumb\":{\"@id\":\"https:\/\/xativaturismo.com\/val\/el-museu-faller-de-xativa-muf-en-el-metavers\/#breadcrumb\"},\"inLanguage\":\"ca\",\"potentialAction\":[{\"@type\":\"ReadAction\",\"target\":[\"https:\/\/xativaturismo.com\/val\/el-museu-faller-de-xativa-muf-en-el-metavers\/\"]}]},{\"@type\":\"ImageObject\",\"inLanguage\":\"ca\",\"@id\":\"https:\/\/xativaturismo.com\/val\/el-museu-faller-de-xativa-muf-en-el-metavers\/#primaryimage\",\"url\":\"https:\/\/xativaturismo.com\/wp-content\/uploads\/2023\/02\/museu_faller_muf_metavers.webp\",\"contentUrl\":\"https:\/\/xativaturismo.com\/wp-content\/uploads\/2023\/02\/museu_faller_muf_metavers.webp\",\"width\":1140,\"height\":350,\"caption\":\"museu_faller_muf_metavers\"},{\"@type\":\"BreadcrumbList\",\"@id\":\"https:\/\/xativaturismo.com\/val\/el-museu-faller-de-xativa-muf-en-el-metavers\/#breadcrumb\",\"itemListElement\":[{\"@type\":\"ListItem\",\"position\":1,\"name\":\"Portada\",\"item\":\"https:\/\/xativaturismo.com\/val\/\"},{\"@type\":\"ListItem\",\"position\":2,\"name\":\"El Museu Faller de X\u00e0tiva (MUF), en el metavers\"}]},{\"@type\":\"WebSite\",\"@id\":\"https:\/\/xativaturismo.com\/#website\",\"url\":\"https:\/\/xativaturismo.com\/\",\"name\":\"X\u00e0tiva Turismo\",\"description\":\"Bienvenidos a la oficina de Turismo de X\u00e0tiva\",\"publisher\":{\"@id\":\"https:\/\/xativaturismo.com\/#organization\"},\"potentialAction\":[{\"@type\":\"SearchAction\",\"target\":{\"@type\":\"EntryPoint\",\"urlTemplate\":\"https:\/\/xativaturismo.com\/?s={search_term_string}\"},\"query-input\":{\"@type\":\"PropertyValueSpecification\",\"valueRequired\":true,\"valueName\":\"search_term_string\"}}],\"inLanguage\":\"ca\"},{\"@type\":\"Organization\",\"@id\":\"https:\/\/xativaturismo.com\/#organization\",\"name\":\"X\u00e0tiva Turismo\",\"url\":\"https:\/\/xativaturismo.com\/\",\"logo\":{\"@type\":\"ImageObject\",\"inLanguage\":\"ca\",\"@id\":\"https:\/\/xativaturismo.com\/#\/schema\/logo\/image\/\",\"url\":\"https:\/\/xativaturismo.com\/wp-content\/uploads\/2020\/10\/logo-lila512-2.png\",\"contentUrl\":\"https:\/\/xativaturismo.com\/wp-content\/uploads\/2020\/10\/logo-lila512-2.png\",\"width\":445,\"height\":512,\"caption\":\"X\u00e0tiva Turismo\"},\"image\":{\"@id\":\"https:\/\/xativaturismo.com\/#\/schema\/logo\/image\/\"},\"sameAs\":[\"https:\/\/www.facebook.com\/XativaTurisme\",\"https:\/\/x.com\/XativaTurisme\"]},{\"@type\":\"Person\",\"@id\":\"https:\/\/xativaturismo.com\/#\/schema\/person\/076ef82c001ca23709c36cf13a96ee7d\",\"name\":\"Edit Orial\",\"image\":{\"@type\":\"ImageObject\",\"inLanguage\":\"ca\",\"@id\":\"https:\/\/xativaturismo.com\/#\/schema\/person\/image\/\",\"url\":\"https:\/\/secure.gravatar.com\/avatar\/8e23460bf094742a301ecd4741c5b42b22f6fd944b7a3e55260bb476eccfd123?s=96&d=mm&r=g\",\"contentUrl\":\"https:\/\/secure.gravatar.com\/avatar\/8e23460bf094742a301ecd4741c5b42b22f6fd944b7a3e55260bb476eccfd123?s=96&d=mm&r=g\",\"caption\":\"Edit Orial\"},\"url\":\"https:\/\/xativaturismo.com\/val\/author\/autoripress\/\"}]}<\/script>\n<!-- \/ Yoast SEO plugin. -->","yoast_head_json":{"title":"El Museu Faller de X\u00e0tiva (MUF), en el metavers - X\u00e0tiva Turismo","description":"X\u00e0tiva comptar\u00e0 amb el primer museu faller de la hist\u00f2ria que es podr\u00e0 visitar digitalment a trav\u00e9s del metavers, sota la nova marca MUF.","robots":{"index":"index","follow":"follow","max-snippet":"max-snippet:-1","max-image-preview":"max-image-preview:large","max-video-preview":"max-video-preview:-1"},"canonical":"https:\/\/xativaturismo.com\/val\/el-museu-faller-de-xativa-muf-en-el-metavers\/","og_locale":"ca_ES","og_type":"article","og_title":"El Museu Faller de X\u00e0tiva (MUF), en el metavers - X\u00e0tiva Turismo","og_description":"X\u00e0tiva comptar\u00e0 amb el primer museu faller de la hist\u00f2ria que es podr\u00e0 visitar digitalment a trav\u00e9s del metavers, sota la nova marca MUF.","og_url":"https:\/\/xativaturismo.com\/val\/el-museu-faller-de-xativa-muf-en-el-metavers\/","og_site_name":"X\u00e0tiva Turismo","article_publisher":"https:\/\/www.facebook.com\/XativaTurisme","article_published_time":"2023-02-01T10:10:07+00:00","article_modified_time":"2023-02-06T10:45:23+00:00","og_image":[{"width":1140,"height":350,"url":"https:\/\/xativaturismo.com\/wp-content\/uploads\/2023\/02\/museu_faller_muf_metavers.webp","type":"image\/webp"}],"author":"Edit Orial","twitter_card":"summary_large_image","twitter_creator":"@XativaTurisme","twitter_site":"@XativaTurisme","twitter_misc":{"Written by":"Edit Orial","Est. reading time":"3 minutes"},"schema":{"@context":"https:\/\/schema.org","@graph":[{"@type":"Article","@id":"https:\/\/xativaturismo.com\/val\/el-museu-faller-de-xativa-muf-en-el-metavers\/#article","isPartOf":{"@id":"https:\/\/xativaturismo.com\/val\/el-museu-faller-de-xativa-muf-en-el-metavers\/"},"author":{"name":"Edit Orial","@id":"https:\/\/xativaturismo.com\/#\/schema\/person\/076ef82c001ca23709c36cf13a96ee7d"},"headline":"El Museu Faller de X\u00e0tiva (MUF), en el metavers","datePublished":"2023-02-01T10:10:07+00:00","dateModified":"2023-02-06T10:45:23+00:00","mainEntityOfPage":{"@id":"https:\/\/xativaturismo.com\/val\/el-museu-faller-de-xativa-muf-en-el-metavers\/"},"wordCount":642,"publisher":{"@id":"https:\/\/xativaturismo.com\/#organization"},"image":{"@id":"https:\/\/xativaturismo.com\/val\/el-museu-faller-de-xativa-muf-en-el-metavers\/#primaryimage"},"thumbnailUrl":"https:\/\/xativaturismo.com\/wp-content\/uploads\/2023\/02\/museu_faller_muf_metavers.webp","keywords":["MUF","museu faller"],"articleSection":["Actualidad","Actualidad","Actualitat"],"inLanguage":"ca"},{"@type":"WebPage","@id":"https:\/\/xativaturismo.com\/val\/el-museu-faller-de-xativa-muf-en-el-metavers\/","url":"https:\/\/xativaturismo.com\/val\/el-museu-faller-de-xativa-muf-en-el-metavers\/","name":"El Museu Faller de X\u00e0tiva (MUF), en el metavers - X\u00e0tiva Turismo","isPartOf":{"@id":"https:\/\/xativaturismo.com\/#website"},"primaryImageOfPage":{"@id":"https:\/\/xativaturismo.com\/val\/el-museu-faller-de-xativa-muf-en-el-metavers\/#primaryimage"},"image":{"@id":"https:\/\/xativaturismo.com\/val\/el-museu-faller-de-xativa-muf-en-el-metavers\/#primaryimage"},"thumbnailUrl":"https:\/\/xativaturismo.com\/wp-content\/uploads\/2023\/02\/museu_faller_muf_metavers.webp","datePublished":"2023-02-01T10:10:07+00:00","dateModified":"2023-02-06T10:45:23+00:00","description":"X\u00e0tiva comptar\u00e0 amb el primer museu faller de la hist\u00f2ria que es podr\u00e0 visitar digitalment a trav\u00e9s del metavers, sota la nova marca MUF.","breadcrumb":{"@id":"https:\/\/xativaturismo.com\/val\/el-museu-faller-de-xativa-muf-en-el-metavers\/#breadcrumb"},"inLanguage":"ca","potentialAction":[{"@type":"ReadAction","target":["https:\/\/xativaturismo.com\/val\/el-museu-faller-de-xativa-muf-en-el-metavers\/"]}]},{"@type":"ImageObject","inLanguage":"ca","@id":"https:\/\/xativaturismo.com\/val\/el-museu-faller-de-xativa-muf-en-el-metavers\/#primaryimage","url":"https:\/\/xativaturismo.com\/wp-content\/uploads\/2023\/02\/museu_faller_muf_metavers.webp","contentUrl":"https:\/\/xativaturismo.com\/wp-content\/uploads\/2023\/02\/museu_faller_muf_metavers.webp","width":1140,"height":350,"caption":"museu_faller_muf_metavers"},{"@type":"BreadcrumbList","@id":"https:\/\/xativaturismo.com\/val\/el-museu-faller-de-xativa-muf-en-el-metavers\/#breadcrumb","itemListElement":[{"@type":"ListItem","position":1,"name":"Portada","item":"https:\/\/xativaturismo.com\/val\/"},{"@type":"ListItem","position":2,"name":"El Museu Faller de X\u00e0tiva (MUF), en el metavers"}]},{"@type":"WebSite","@id":"https:\/\/xativaturismo.com\/#website","url":"https:\/\/xativaturismo.com\/","name":"X\u00e0tiva Turismo","description":"Bienvenidos a la oficina de Turismo de X\u00e0tiva","publisher":{"@id":"https:\/\/xativaturismo.com\/#organization"},"potentialAction":[{"@type":"SearchAction","target":{"@type":"EntryPoint","urlTemplate":"https:\/\/xativaturismo.com\/?s={search_term_string}"},"query-input":{"@type":"PropertyValueSpecification","valueRequired":true,"valueName":"search_term_string"}}],"inLanguage":"ca"},{"@type":"Organization","@id":"https:\/\/xativaturismo.com\/#organization","name":"X\u00e0tiva Turismo","url":"https:\/\/xativaturismo.com\/","logo":{"@type":"ImageObject","inLanguage":"ca","@id":"https:\/\/xativaturismo.com\/#\/schema\/logo\/image\/","url":"https:\/\/xativaturismo.com\/wp-content\/uploads\/2020\/10\/logo-lila512-2.png","contentUrl":"https:\/\/xativaturismo.com\/wp-content\/uploads\/2020\/10\/logo-lila512-2.png","width":445,"height":512,"caption":"X\u00e0tiva Turismo"},"image":{"@id":"https:\/\/xativaturismo.com\/#\/schema\/logo\/image\/"},"sameAs":["https:\/\/www.facebook.com\/XativaTurisme","https:\/\/x.com\/XativaTurisme"]},{"@type":"Person","@id":"https:\/\/xativaturismo.com\/#\/schema\/person\/076ef82c001ca23709c36cf13a96ee7d","name":"Edit Orial","image":{"@type":"ImageObject","inLanguage":"ca","@id":"https:\/\/xativaturismo.com\/#\/schema\/person\/image\/","url":"https:\/\/secure.gravatar.com\/avatar\/8e23460bf094742a301ecd4741c5b42b22f6fd944b7a3e55260bb476eccfd123?s=96&d=mm&r=g","contentUrl":"https:\/\/secure.gravatar.com\/avatar\/8e23460bf094742a301ecd4741c5b42b22f6fd944b7a3e55260bb476eccfd123?s=96&d=mm&r=g","caption":"Edit Orial"},"url":"https:\/\/xativaturismo.com\/val\/author\/autoripress\/"}]}},"_links":{"self":[{"href":"https:\/\/xativaturismo.com\/val\/wp-json\/wp\/v2\/posts\/293827","targetHints":{"allow":["GET"]}}],"collection":[{"href":"https:\/\/xativaturismo.com\/val\/wp-json\/wp\/v2\/posts"}],"about":[{"href":"https:\/\/xativaturismo.com\/val\/wp-json\/wp\/v2\/types\/post"}],"author":[{"embeddable":true,"href":"https:\/\/xativaturismo.com\/val\/wp-json\/wp\/v2\/users\/10"}],"replies":[{"embeddable":true,"href":"https:\/\/xativaturismo.com\/val\/wp-json\/wp\/v2\/comments?post=293827"}],"version-history":[{"count":0,"href":"https:\/\/xativaturismo.com\/val\/wp-json\/wp\/v2\/posts\/293827\/revisions"}],"wp:featuredmedia":[{"embeddable":true,"href":"https:\/\/xativaturismo.com\/val\/wp-json\/wp\/v2\/media\/294178"}],"wp:attachment":[{"href":"https:\/\/xativaturismo.com\/val\/wp-json\/wp\/v2\/media?parent=293827"}],"wp:term":[{"taxonomy":"category","embeddable":true,"href":"https:\/\/xativaturismo.com\/val\/wp-json\/wp\/v2\/categories?post=293827"},{"taxonomy":"post_tag","embeddable":true,"href":"https:\/\/xativaturismo.com\/val\/wp-json\/wp\/v2\/tags?post=293827"}],"curies":[{"name":"wp","href":"https:\/\/api.w.org\/{rel}","templated":true}]}}