{"id":291284,"date":"2023-01-30T17:33:39","date_gmt":"2023-01-30T16:33:39","guid":{"rendered":"https:\/\/xativaturismo.com\/?p=291284"},"modified":"2023-05-03T12:31:44","modified_gmt":"2023-05-03T10:31:44","slug":"nits-al-castell-2023","status":"publish","type":"post","link":"https:\/\/xativaturismo.com\/val\/nits-al-castell-2023\/","title":{"rendered":"Nits al Castell 2023"},"content":{"rendered":"<p>L\u2019Ajuntament de X\u00e0tiva ha aprofitat l\u2019aparador de FITUR per tal de presentar la XXIV edici\u00f3 del Festival Internacional de M\u00fasica \u00abNits al Castell\u00bb, que tindr\u00e0 lloc a la fortalesa durant els dissabtes del mes de juliol de 2023.<\/p>\n<p>L\u2019alcalde de X\u00e0tiva Roger Cerd\u00e0 i la regidora de Turisme Raquel Caballero han presentat aquest dimecres un cartell que comptar\u00e0 amb artistes de gran recorregut com ara Celtas Cortos, Luz Casal, Pedro Guerra o Conchita, junt amb veus que s\u2019han obert pas en els darrers anys com \u00e9s el cas de Tanxugueiras, Flora (El Diluvi) o Judit Neddermann.<\/p>\n<p>El Festival s\u2019iniciar\u00e0 el 8 de juliol amb l\u2019actuaci\u00f3 del grup gallec \u00abTanxugueiras\u00bb, conformat per Sabela Maneiro, Aida Tarr\u00edo i Olaia Maneuro, tres \u00abcantareiras\u00bb que reinterpreten els sons d\u2019una tradici\u00f3 mil\u00b7len\u00e0ria com la m\u00fasica celta, fusionant-la amb ritmes urbans m\u00e9s propers al trap o a l\u2019electr\u00f2nica. El trio recull el legat de les \u00abpandeireteiras\u00bb, les dones que van treballar per mantindre viva la m\u00fasica tradicional gallega. Malgrat que porten alguns anys en la m\u00fasica, el seu reconeixement a nivell nacional va aplegar el passat any, amb el Festival \u00abBenidorm Fest\u00bb per triar la can\u00e7\u00f3 representant d\u2019Espanya a Eurovisi\u00f3, i on van causar furor amb el tema \u00abTerra\u00bb convertint-se en les favorites del p\u00fablic. En 2022 van llan\u00e7ar el seu disc \u00abDiluvio\u00bb. Per\u00f2 les galegues no estaran soles a l\u2019escenari, ja que les acompanyar\u00e0 Flora Sempere, la l\u00edder del grup valenci\u00e0 \u00abEl Diluvi\u00bb, el qual tamb\u00e9 aposta per la identitat pr\u00f2pia amb can\u00e7ons reivindicatives en valenci\u00e0 i que va estar present al cartell de la Fira d\u2019Agost 2022.<\/p>\n<p>El segon concert del festival, que tindr\u00e0 lloc el dissabte 15 de juliol, estar\u00e0 protagonitzat pel m\u00edtic grup Celtas Cortos, vigent al panorama musical des de la d\u00e8cada dels 80. La banda va gravar el seu primer disc en 1989 i des d\u2019aleshores es van anar forjant un nom amb \u00e8xits com ara \u00ab20 de abril\u00bb o \u00abCu\u00e9ntame un cuento\u00bb. El grup va celebrar fa poc el seu 30 aniversari i el passat any 2022 van realitzar una gira amb m\u00e9s de 50 dates.<\/p>\n<p>Per al 22 de juliol hi haur\u00e0 triple concert a \u00abNits al Castell\u00bb, ja que coincidiran a l\u2019escenari de la fortalesa Pedro Guerra, Conchita i Judit Neddermann. L\u2019artista canari Pedro Guerra, en actiu des de 1985, visitar\u00e0 X\u00e0tiva per presentar el seu darrer treball, \u00abEl viaje de vuelta\u00bb, on es pot trobar l\u2019ess\u00e8ncia de les seues can\u00e7ons amb la diversitat r\u00edtmica sonora, el fluir constant entre Am\u00e8rica, \u00c0frica i Europa, i les Illes Can\u00e0ries coma tel\u00f3 de fons. A Pedro l\u2019acompanyar\u00e0 Conchita, una de les veus m\u00e9s reconeixibles de la m\u00fasica espanyola, qui va gravar les seues primeres maquetes principis de segle i ha sigut autora de temes tan escoltats com \u00abLas ocho y diez\u00bb, \u00abLo hicimos\u00bb, o \u00abEl viaje\u00bb. La tercera protagonista de la vetllada ser\u00e0 la catalana Judit Neddermann, cantant i compositora amb quatre discs publicats en solitari i un disc conjunt amb la seua germana. Ha col\u00b7laborat amb artistes com Joan Manuel Serrat, Alejandro Sanz, Andr\u00e9s Su\u00e1rez, Rozal\u00e9n, i tamb\u00e9 amb Pedro Guerra amb qui tornar\u00e0 a compartir escenari.<\/p>\n<p>El Festival el clour\u00e0 una de les artistes m\u00e9s reconegudes del panorama nacional, Luz Casal, qui ja va brillar en aquest mateix escenari en 2014. Nou anys despr\u00e9s torna per presentar nova gira i nou \u00e0lbum, un disc molt esperat on mescla can\u00e7ons noves amb grans \u00e8xits de la seua carrera, per\u00f2 totes elles amb la seua personalitat\u00a0 i la seua veu inconfusible.<\/p>\n<p>Les entrades per al Festival \u00abNits al Castell\u00bb 2023 es posaran a la venda a partir del dia 5 de maig, a les 12 hores, a trav\u00e9s de la p\u00e0gina web de X\u00e0tiva Turisme.<\/p>\n","protected":false},"excerpt":{"rendered":"<p>Tanxugueiras, Celtas Cortos, Pedro Guerra, Conchita i Luz Casal entre els artistes de \u00abNits al Castell\u00bb 2023. La XXIV edici\u00f3 del Festival de X\u00e0tiva comptar\u00e0 tamb\u00e9 amb la pres\u00e8ncia de la l\u00edder del grup valenci\u00e0 \u00abEl Diluvi\u00bb, Flora Sempere, i de Judit Neddermann.<\/p>\n","protected":false},"author":10,"featured_media":291285,"comment_status":"closed","ping_status":"closed","sticky":false,"template":"","format":"standard","meta":{"_price":"","_stock":"","_tribe_ticket_header":"","_tribe_default_ticket_provider":"","_ticket_start_date":"","_ticket_end_date":"","_tribe_ticket_show_description":"","_tribe_ticket_show_not_going":false,"_tribe_ticket_use_global_stock":"","_tribe_ticket_global_stock_level":"","_global_stock_mode":"","_global_stock_cap":"","_tribe_rsvp_for_event":"","_tribe_ticket_going_count":"","_tribe_ticket_not_going_count":"","_tribe_tickets_list":"[]","_tribe_ticket_has_attendee_info_fields":false,"footnotes":""},"categories":[19,374,23],"tags":[3269],"class_list":["post-291284","post","type-post","status-publish","format-standard","has-post-thumbnail","hentry","category-actualidad","category-actualidad-en","category-actualidad-val","tag-nits-al-castell"],"yoast_head":"<!-- This site is optimized with the Yoast SEO plugin v27.0 - https:\/\/yoast.com\/product\/yoast-seo-wordpress\/ -->\n<title>Nits al Castell 2023 - X\u00e0tiva Turismo<\/title>\n<meta name=\"description\" content=\"Tanxugueiras, Celtas Cortos, Pedro Guerra, Conchita i Luz Casal entre els artistes de \u00abNits al Castell\u00bb 2023.\" \/>\n<meta name=\"robots\" content=\"index, follow, max-snippet:-1, max-image-preview:large, max-video-preview:-1\" \/>\n<link rel=\"canonical\" href=\"https:\/\/xativaturismo.com\/val\/nits-al-castell-2023\/\" \/>\n<meta property=\"og:locale\" content=\"ca_ES\" \/>\n<meta property=\"og:type\" content=\"article\" \/>\n<meta property=\"og:title\" content=\"Nits al Castell 2023 - X\u00e0tiva Turismo\" \/>\n<meta property=\"og:description\" content=\"Tanxugueiras, Celtas Cortos, Pedro Guerra, Conchita i Luz Casal entre els artistes de \u00abNits al Castell\u00bb 2023.\" \/>\n<meta property=\"og:url\" content=\"https:\/\/xativaturismo.com\/val\/nits-al-castell-2023\/\" \/>\n<meta property=\"og:site_name\" content=\"X\u00e0tiva Turismo\" \/>\n<meta property=\"article:publisher\" content=\"https:\/\/www.facebook.com\/XativaTurisme\" \/>\n<meta property=\"article:published_time\" content=\"2023-01-30T16:33:39+00:00\" \/>\n<meta property=\"article:modified_time\" content=\"2023-05-03T10:31:44+00:00\" \/>\n<meta property=\"og:image\" content=\"https:\/\/xativaturismo.com\/wp-content\/uploads\/2023\/01\/capcalera-articles-blog-xativa-1.jpg\" \/>\n\t<meta property=\"og:image:width\" content=\"1140\" \/>\n\t<meta property=\"og:image:height\" content=\"350\" \/>\n\t<meta property=\"og:image:type\" content=\"image\/jpeg\" \/>\n<meta name=\"author\" content=\"Edit Orial\" \/>\n<meta name=\"twitter:card\" content=\"summary_large_image\" \/>\n<meta name=\"twitter:creator\" content=\"@XativaTurisme\" \/>\n<meta name=\"twitter:site\" content=\"@XativaTurisme\" \/>\n<meta name=\"twitter:label1\" content=\"Written by\" \/>\n\t<meta name=\"twitter:data1\" content=\"Edit Orial\" \/>\n\t<meta name=\"twitter:label2\" content=\"Est. reading time\" \/>\n\t<meta name=\"twitter:data2\" content=\"3 minutes\" \/>\n<script type=\"application\/ld+json\" class=\"yoast-schema-graph\">{\"@context\":\"https:\/\/schema.org\",\"@graph\":[{\"@type\":\"Article\",\"@id\":\"https:\/\/xativaturismo.com\/val\/nits-al-castell-2023\/#article\",\"isPartOf\":{\"@id\":\"https:\/\/xativaturismo.com\/val\/nits-al-castell-2023\/\"},\"author\":{\"name\":\"Edit Orial\",\"@id\":\"https:\/\/xativaturismo.com\/#\/schema\/person\/076ef82c001ca23709c36cf13a96ee7d\"},\"headline\":\"Nits al Castell 2023\",\"datePublished\":\"2023-01-30T16:33:39+00:00\",\"dateModified\":\"2023-05-03T10:31:44+00:00\",\"mainEntityOfPage\":{\"@id\":\"https:\/\/xativaturismo.com\/val\/nits-al-castell-2023\/\"},\"wordCount\":656,\"publisher\":{\"@id\":\"https:\/\/xativaturismo.com\/#organization\"},\"image\":{\"@id\":\"https:\/\/xativaturismo.com\/val\/nits-al-castell-2023\/#primaryimage\"},\"thumbnailUrl\":\"https:\/\/xativaturismo.com\/wp-content\/uploads\/2023\/01\/capcalera-articles-blog-xativa-1.jpg\",\"keywords\":[\"nits al castell\"],\"articleSection\":[\"Actualidad\",\"Actualidad\",\"Actualitat\"],\"inLanguage\":\"ca\"},{\"@type\":\"WebPage\",\"@id\":\"https:\/\/xativaturismo.com\/val\/nits-al-castell-2023\/\",\"url\":\"https:\/\/xativaturismo.com\/val\/nits-al-castell-2023\/\",\"name\":\"Nits al Castell 2023 - X\u00e0tiva Turismo\",\"isPartOf\":{\"@id\":\"https:\/\/xativaturismo.com\/#website\"},\"primaryImageOfPage\":{\"@id\":\"https:\/\/xativaturismo.com\/val\/nits-al-castell-2023\/#primaryimage\"},\"image\":{\"@id\":\"https:\/\/xativaturismo.com\/val\/nits-al-castell-2023\/#primaryimage\"},\"thumbnailUrl\":\"https:\/\/xativaturismo.com\/wp-content\/uploads\/2023\/01\/capcalera-articles-blog-xativa-1.jpg\",\"datePublished\":\"2023-01-30T16:33:39+00:00\",\"dateModified\":\"2023-05-03T10:31:44+00:00\",\"description\":\"Tanxugueiras, Celtas Cortos, Pedro Guerra, Conchita i Luz Casal entre els artistes de \u00abNits al Castell\u00bb 2023.\",\"breadcrumb\":{\"@id\":\"https:\/\/xativaturismo.com\/val\/nits-al-castell-2023\/#breadcrumb\"},\"inLanguage\":\"ca\",\"potentialAction\":[{\"@type\":\"ReadAction\",\"target\":[\"https:\/\/xativaturismo.com\/val\/nits-al-castell-2023\/\"]}]},{\"@type\":\"ImageObject\",\"inLanguage\":\"ca\",\"@id\":\"https:\/\/xativaturismo.com\/val\/nits-al-castell-2023\/#primaryimage\",\"url\":\"https:\/\/xativaturismo.com\/wp-content\/uploads\/2023\/01\/capcalera-articles-blog-xativa-1.jpg\",\"contentUrl\":\"https:\/\/xativaturismo.com\/wp-content\/uploads\/2023\/01\/capcalera-articles-blog-xativa-1.jpg\",\"width\":1140,\"height\":350,\"caption\":\"Nits al Castell 2023\"},{\"@type\":\"BreadcrumbList\",\"@id\":\"https:\/\/xativaturismo.com\/val\/nits-al-castell-2023\/#breadcrumb\",\"itemListElement\":[{\"@type\":\"ListItem\",\"position\":1,\"name\":\"Portada\",\"item\":\"https:\/\/xativaturismo.com\/val\/\"},{\"@type\":\"ListItem\",\"position\":2,\"name\":\"Nits al Castell 2023\"}]},{\"@type\":\"WebSite\",\"@id\":\"https:\/\/xativaturismo.com\/#website\",\"url\":\"https:\/\/xativaturismo.com\/\",\"name\":\"X\u00e0tiva Turismo\",\"description\":\"Bienvenidos a la oficina de Turismo de X\u00e0tiva\",\"publisher\":{\"@id\":\"https:\/\/xativaturismo.com\/#organization\"},\"potentialAction\":[{\"@type\":\"SearchAction\",\"target\":{\"@type\":\"EntryPoint\",\"urlTemplate\":\"https:\/\/xativaturismo.com\/?s={search_term_string}\"},\"query-input\":{\"@type\":\"PropertyValueSpecification\",\"valueRequired\":true,\"valueName\":\"search_term_string\"}}],\"inLanguage\":\"ca\"},{\"@type\":\"Organization\",\"@id\":\"https:\/\/xativaturismo.com\/#organization\",\"name\":\"X\u00e0tiva Turismo\",\"url\":\"https:\/\/xativaturismo.com\/\",\"logo\":{\"@type\":\"ImageObject\",\"inLanguage\":\"ca\",\"@id\":\"https:\/\/xativaturismo.com\/#\/schema\/logo\/image\/\",\"url\":\"https:\/\/xativaturismo.com\/wp-content\/uploads\/2020\/10\/logo-lila512-2.png\",\"contentUrl\":\"https:\/\/xativaturismo.com\/wp-content\/uploads\/2020\/10\/logo-lila512-2.png\",\"width\":445,\"height\":512,\"caption\":\"X\u00e0tiva Turismo\"},\"image\":{\"@id\":\"https:\/\/xativaturismo.com\/#\/schema\/logo\/image\/\"},\"sameAs\":[\"https:\/\/www.facebook.com\/XativaTurisme\",\"https:\/\/x.com\/XativaTurisme\"]},{\"@type\":\"Person\",\"@id\":\"https:\/\/xativaturismo.com\/#\/schema\/person\/076ef82c001ca23709c36cf13a96ee7d\",\"name\":\"Edit Orial\",\"image\":{\"@type\":\"ImageObject\",\"inLanguage\":\"ca\",\"@id\":\"https:\/\/xativaturismo.com\/#\/schema\/person\/image\/\",\"url\":\"https:\/\/secure.gravatar.com\/avatar\/8e23460bf094742a301ecd4741c5b42b22f6fd944b7a3e55260bb476eccfd123?s=96&d=mm&r=g\",\"contentUrl\":\"https:\/\/secure.gravatar.com\/avatar\/8e23460bf094742a301ecd4741c5b42b22f6fd944b7a3e55260bb476eccfd123?s=96&d=mm&r=g\",\"caption\":\"Edit Orial\"},\"url\":\"https:\/\/xativaturismo.com\/val\/author\/autoripress\/\"}]}<\/script>\n<!-- \/ Yoast SEO plugin. -->","yoast_head_json":{"title":"Nits al Castell 2023 - X\u00e0tiva Turismo","description":"Tanxugueiras, Celtas Cortos, Pedro Guerra, Conchita i Luz Casal entre els artistes de \u00abNits al Castell\u00bb 2023.","robots":{"index":"index","follow":"follow","max-snippet":"max-snippet:-1","max-image-preview":"max-image-preview:large","max-video-preview":"max-video-preview:-1"},"canonical":"https:\/\/xativaturismo.com\/val\/nits-al-castell-2023\/","og_locale":"ca_ES","og_type":"article","og_title":"Nits al Castell 2023 - X\u00e0tiva Turismo","og_description":"Tanxugueiras, Celtas Cortos, Pedro Guerra, Conchita i Luz Casal entre els artistes de \u00abNits al Castell\u00bb 2023.","og_url":"https:\/\/xativaturismo.com\/val\/nits-al-castell-2023\/","og_site_name":"X\u00e0tiva Turismo","article_publisher":"https:\/\/www.facebook.com\/XativaTurisme","article_published_time":"2023-01-30T16:33:39+00:00","article_modified_time":"2023-05-03T10:31:44+00:00","og_image":[{"width":1140,"height":350,"url":"https:\/\/xativaturismo.com\/wp-content\/uploads\/2023\/01\/capcalera-articles-blog-xativa-1.jpg","type":"image\/jpeg"}],"author":"Edit Orial","twitter_card":"summary_large_image","twitter_creator":"@XativaTurisme","twitter_site":"@XativaTurisme","twitter_misc":{"Written by":"Edit Orial","Est. reading time":"3 minutes"},"schema":{"@context":"https:\/\/schema.org","@graph":[{"@type":"Article","@id":"https:\/\/xativaturismo.com\/val\/nits-al-castell-2023\/#article","isPartOf":{"@id":"https:\/\/xativaturismo.com\/val\/nits-al-castell-2023\/"},"author":{"name":"Edit Orial","@id":"https:\/\/xativaturismo.com\/#\/schema\/person\/076ef82c001ca23709c36cf13a96ee7d"},"headline":"Nits al Castell 2023","datePublished":"2023-01-30T16:33:39+00:00","dateModified":"2023-05-03T10:31:44+00:00","mainEntityOfPage":{"@id":"https:\/\/xativaturismo.com\/val\/nits-al-castell-2023\/"},"wordCount":656,"publisher":{"@id":"https:\/\/xativaturismo.com\/#organization"},"image":{"@id":"https:\/\/xativaturismo.com\/val\/nits-al-castell-2023\/#primaryimage"},"thumbnailUrl":"https:\/\/xativaturismo.com\/wp-content\/uploads\/2023\/01\/capcalera-articles-blog-xativa-1.jpg","keywords":["nits al castell"],"articleSection":["Actualidad","Actualidad","Actualitat"],"inLanguage":"ca"},{"@type":"WebPage","@id":"https:\/\/xativaturismo.com\/val\/nits-al-castell-2023\/","url":"https:\/\/xativaturismo.com\/val\/nits-al-castell-2023\/","name":"Nits al Castell 2023 - X\u00e0tiva Turismo","isPartOf":{"@id":"https:\/\/xativaturismo.com\/#website"},"primaryImageOfPage":{"@id":"https:\/\/xativaturismo.com\/val\/nits-al-castell-2023\/#primaryimage"},"image":{"@id":"https:\/\/xativaturismo.com\/val\/nits-al-castell-2023\/#primaryimage"},"thumbnailUrl":"https:\/\/xativaturismo.com\/wp-content\/uploads\/2023\/01\/capcalera-articles-blog-xativa-1.jpg","datePublished":"2023-01-30T16:33:39+00:00","dateModified":"2023-05-03T10:31:44+00:00","description":"Tanxugueiras, Celtas Cortos, Pedro Guerra, Conchita i Luz Casal entre els artistes de \u00abNits al Castell\u00bb 2023.","breadcrumb":{"@id":"https:\/\/xativaturismo.com\/val\/nits-al-castell-2023\/#breadcrumb"},"inLanguage":"ca","potentialAction":[{"@type":"ReadAction","target":["https:\/\/xativaturismo.com\/val\/nits-al-castell-2023\/"]}]},{"@type":"ImageObject","inLanguage":"ca","@id":"https:\/\/xativaturismo.com\/val\/nits-al-castell-2023\/#primaryimage","url":"https:\/\/xativaturismo.com\/wp-content\/uploads\/2023\/01\/capcalera-articles-blog-xativa-1.jpg","contentUrl":"https:\/\/xativaturismo.com\/wp-content\/uploads\/2023\/01\/capcalera-articles-blog-xativa-1.jpg","width":1140,"height":350,"caption":"Nits al Castell 2023"},{"@type":"BreadcrumbList","@id":"https:\/\/xativaturismo.com\/val\/nits-al-castell-2023\/#breadcrumb","itemListElement":[{"@type":"ListItem","position":1,"name":"Portada","item":"https:\/\/xativaturismo.com\/val\/"},{"@type":"ListItem","position":2,"name":"Nits al Castell 2023"}]},{"@type":"WebSite","@id":"https:\/\/xativaturismo.com\/#website","url":"https:\/\/xativaturismo.com\/","name":"X\u00e0tiva Turismo","description":"Bienvenidos a la oficina de Turismo de X\u00e0tiva","publisher":{"@id":"https:\/\/xativaturismo.com\/#organization"},"potentialAction":[{"@type":"SearchAction","target":{"@type":"EntryPoint","urlTemplate":"https:\/\/xativaturismo.com\/?s={search_term_string}"},"query-input":{"@type":"PropertyValueSpecification","valueRequired":true,"valueName":"search_term_string"}}],"inLanguage":"ca"},{"@type":"Organization","@id":"https:\/\/xativaturismo.com\/#organization","name":"X\u00e0tiva Turismo","url":"https:\/\/xativaturismo.com\/","logo":{"@type":"ImageObject","inLanguage":"ca","@id":"https:\/\/xativaturismo.com\/#\/schema\/logo\/image\/","url":"https:\/\/xativaturismo.com\/wp-content\/uploads\/2020\/10\/logo-lila512-2.png","contentUrl":"https:\/\/xativaturismo.com\/wp-content\/uploads\/2020\/10\/logo-lila512-2.png","width":445,"height":512,"caption":"X\u00e0tiva Turismo"},"image":{"@id":"https:\/\/xativaturismo.com\/#\/schema\/logo\/image\/"},"sameAs":["https:\/\/www.facebook.com\/XativaTurisme","https:\/\/x.com\/XativaTurisme"]},{"@type":"Person","@id":"https:\/\/xativaturismo.com\/#\/schema\/person\/076ef82c001ca23709c36cf13a96ee7d","name":"Edit Orial","image":{"@type":"ImageObject","inLanguage":"ca","@id":"https:\/\/xativaturismo.com\/#\/schema\/person\/image\/","url":"https:\/\/secure.gravatar.com\/avatar\/8e23460bf094742a301ecd4741c5b42b22f6fd944b7a3e55260bb476eccfd123?s=96&d=mm&r=g","contentUrl":"https:\/\/secure.gravatar.com\/avatar\/8e23460bf094742a301ecd4741c5b42b22f6fd944b7a3e55260bb476eccfd123?s=96&d=mm&r=g","caption":"Edit Orial"},"url":"https:\/\/xativaturismo.com\/val\/author\/autoripress\/"}]}},"_links":{"self":[{"href":"https:\/\/xativaturismo.com\/val\/wp-json\/wp\/v2\/posts\/291284","targetHints":{"allow":["GET"]}}],"collection":[{"href":"https:\/\/xativaturismo.com\/val\/wp-json\/wp\/v2\/posts"}],"about":[{"href":"https:\/\/xativaturismo.com\/val\/wp-json\/wp\/v2\/types\/post"}],"author":[{"embeddable":true,"href":"https:\/\/xativaturismo.com\/val\/wp-json\/wp\/v2\/users\/10"}],"replies":[{"embeddable":true,"href":"https:\/\/xativaturismo.com\/val\/wp-json\/wp\/v2\/comments?post=291284"}],"version-history":[{"count":0,"href":"https:\/\/xativaturismo.com\/val\/wp-json\/wp\/v2\/posts\/291284\/revisions"}],"wp:featuredmedia":[{"embeddable":true,"href":"https:\/\/xativaturismo.com\/val\/wp-json\/wp\/v2\/media\/291285"}],"wp:attachment":[{"href":"https:\/\/xativaturismo.com\/val\/wp-json\/wp\/v2\/media?parent=291284"}],"wp:term":[{"taxonomy":"category","embeddable":true,"href":"https:\/\/xativaturismo.com\/val\/wp-json\/wp\/v2\/categories?post=291284"},{"taxonomy":"post_tag","embeddable":true,"href":"https:\/\/xativaturismo.com\/val\/wp-json\/wp\/v2\/tags?post=291284"}],"curies":[{"name":"wp","href":"https:\/\/api.w.org\/{rel}","templated":true}]}}