{"id":264670,"date":"2022-11-25T10:49:45","date_gmt":"2022-11-25T09:49:45","guid":{"rendered":"https:\/\/xativaturismo.com\/?p=264670"},"modified":"2022-11-25T11:14:37","modified_gmt":"2022-11-25T10:14:37","slug":"bicentenari-de-la-provincia-de-xativa","status":"publish","type":"post","link":"https:\/\/xativaturismo.com\/val\/bicentenari-de-la-provincia-de-xativa\/","title":{"rendered":"Bicentenari de la Prov\u00edncia de X\u00e0tiva"},"content":{"rendered":"<div class=\"wpb-content-wrapper\">[vc_row][vc_column][vc_column_text css=&#8221;.vc_custom_1669371267159{margin-bottom: 0px !important;}&#8221;]\n<blockquote><p>Un acte institucional, un cicle de confer\u00e8ncies i una exposici\u00f3 centren els actes programats a la Casa de l\u2019Ensenyan\u00e7a, antiga seu de la diputaci\u00f3 provincial<\/p><\/blockquote>\n<p>El 27 de gener de 1822 va cobrar vida la Prov\u00edncia de X\u00e0tiva.<\/p>\n<p>Ara, 200 anys despr\u00e9s, l\u2019Ajuntament de X\u00e0tiva i l\u2019Associaci\u00f3 d\u2019Amics de La Costera presenten una s\u00e8rie d\u2019actes commemoratius que no nom\u00e9s se centren en senyalar aquesta efem\u00e8ride, sin\u00f3 que reivindiquen la important figura hist\u00f2rica que la va impulsar: el diputat Joaqu\u00edn Lorenzo Villanueva. La presentaci\u00f3 dels actes ha tingut lloc aquest mat\u00ed a la sala de premsa de l\u2019Ajuntament, per part de l\u2019alcalde Roger Cerd\u00e0, del president d\u2019Amics de La Costera, Vicent Torregrosa i de l\u2019historiador i t\u00e8cnic de l\u2019Arxiu Municipal de X\u00e0tiva (AMX), Sergio Rubio, amb la pres\u00e8ncia del director d\u2019aquesta instituci\u00f3, Isa\u00efes Blesa.<\/p>\n<p>Els actes programats s\u2019iniciaran el proper 1 de desembre, a les 12 hores, amb un acte institucional a la Casa de l\u2019Ensenyan\u00e7a, que comptar\u00e0 amb les intervencions de l\u2019alcalde i d\u2019Isa\u00efes Blesa i en el transcurs del qual s\u2019inaugurar\u00e0 una placa commemorativa. Acte seguit, s\u2019obrir\u00e0 l\u2019exposici\u00f3 de documents hist\u00f2rics que albergar\u00e0 el mateix Museu de Belles Arts de la Casa de l\u2019Ensenyan\u00e7a i que podr\u00e0 visitar-se fins el 23 de desembre; una exposici\u00f3 confeccionada pels t\u00e8cnics municipals partint dels rics fons documentals i bibliogr\u00e0fics que es conserven a l\u2019AMX.<\/p>\n<p>D\u2019altra banda, organitzat per Amics de La Costera, se celebrar\u00e0 un cicle de confer\u00e8ncies que, com la resta de la programaci\u00f3, tindran com a escenari la Casa de l\u2019Ensenyan\u00e7a, antiga seu de la Diputaci\u00f3 de la Prov\u00edncia de X\u00e0tiva. Aquestes confer\u00e8ncies, que comen\u00e7aran totes a les 19 hores, arrancaran el mateix dia 1, amb una pon\u00e8ncia del director de l\u2019Arxiu del Regne de Val\u00e8ncia, Francesc Torres Faus, sobre les divisions territorials liberals i la prov\u00edncia de X\u00e0tiva. Les sessions continuaran el 15 de desembre, amb la intervenci\u00f3 de l\u2019historiador xativ\u00ed Robert Mart\u00ednez Canet, qui dissertar\u00e0 sobre el tema \u00abX\u00e0tiva, entre la prov\u00edncia i la comarca\u00bb. El cicle conclour\u00e0 el dia 22 de desembre, amb la intervenci\u00f3 del professor Germ\u00e1n Ram\u00edrez Aled\u00f3n, qui dedicar\u00e0 la seua pon\u00e8ncia al Trienni Liberal i el naixement de la pol\u00edtica moderna a Espanya.<\/p>\n<p>L\u2019alcalde Roger Cerd\u00e0 ha volgut destacar que \u00abgr\u00e0cies a la intervenci\u00f3 del diputat Villanueva, la nostra ciutat va ser cap\u00e7alera d\u2019una quarta prov\u00edncia al territori valenci\u00e0\u00bb. Cerd\u00e0, qui ha exposat el programa d\u2019actes previst, ha assenyalat que \u00abvolem commemorar una efem\u00e8ride molt important per a la ciutat\u00bb, agraint a Amics de La Costera i als t\u00e8cnics de l\u2019AMX \u00abla bona acollida de la iniciativa, la participaci\u00f3 i el bon treball que s\u2019ha fet\u00bb. Finalment, l\u2019alcalde ha llan\u00e7at una invitaci\u00f3 a la ciutadania per a participar dels actes, afirmant que \u00abcon\u00e8ixer i posar en valor la nostra hist\u00f2ria \u00e9s una d\u2019aquelles q\u00fcestions que s\u00f3n importants per al present i per al futur de la ciutat\u00bb, segons la valoraci\u00f3 de Cerd\u00e0.<\/p>\n<p>Per la seua banda, el president d\u2019Amics de La Costera, Vicent Torregrosa, ha esmentat al seu predecessor en el c\u00e0rrec, Ximo Corts, aprofitant per a recordar anteriors treballs de l\u2019associaci\u00f3 sobre la recuperaci\u00f3 del nom de X\u00e0tiva i sobre el diputat Villanueva, \u00aba qui mai ens cansarem de reivindicar\u00bb, ha proclamat. Torregrosa ha explicat l\u2019elecci\u00f3 de la tem\u00e0tica de les confer\u00e8ncies, al\u00b7ludint a la necessitat d\u2019una aproximaci\u00f3 al context pol\u00edtic del moment, que correr\u00e0 a c\u00e0rrec de Germ\u00e1n Ram\u00edrez. Segons Torregrosa, no debades \u00abparlem de les Corts de Cad\u00eds, el naixement de la democr\u00e0cia moderna a Espanya\u00bb. El president de l\u2019associaci\u00f3 cultural ha comentat que Francesc Torres, autor del l\u2019assaig premiat \u00abLa Prov\u00edncia de X\u00e0tiva\u00bb, aportar\u00e0 una visi\u00f3 de la realitat hist\u00f2rica d\u2019aquells fets, mentre que Robert Mart\u00ednez aprofundir\u00e0 en les conseq\u00fc\u00e8ncies que l\u2019abolici\u00f3 de la prov\u00edncia van tenir en l\u2019evoluci\u00f3 futura de la ciutat.<\/p>\n<p>Finalment, Sergio Rubio ha explicat que l\u2019exposici\u00f3 de documents de l\u2019arxiu s\u2019ha dividit en funci\u00f3 de tres periodes hist\u00f2rics. En primer lloc, hi ha una part que contextualitza els canvis pol\u00edtics que donaren lloc a la nova divisi\u00f3 territorial. Despr\u00e9s, hi ha una secci\u00f3 que parla de les pr\u00f2pies Prov\u00edncia i Diputaci\u00f3 de X\u00e0tiva, aix\u00ed com dels efectes que aquest fet hist\u00f2ric tingu\u00e9 a la ciutat i a la seua \u00e0rea d\u2019influ\u00e8ncia. La tercera part de l\u2019exposici\u00f3 es reserva para Joaqu\u00edn Lorenzo Villanueva, centrant-se en aprofundir en la import\u00e0ncia de la seua figura hist\u00f2rica, com a un dels prohoms m\u00e9s brillants de la X\u00e0tiva del segle XIX, protagonista d\u2019alguns dels esdeveniments hist\u00f2rics m\u00e9s rellevants del moment, com ara la restituci\u00f3 del nom de X\u00e0tiva, la creaci\u00f3 de la Prov\u00edncia i Diputaci\u00f3 xativines o de la petici\u00f3 de la catedralitat.[\/vc_column_text][\/vc_column][\/vc_row]\n<\/div>","protected":false},"excerpt":{"rendered":"<p>Un acte institucional, un cicle de confer\u00e8ncies i una exposici\u00f3 centren els actes programats a la Casa de l\u2019Ensenyan\u00e7a, antiga seu de la diputaci\u00f3 provincial<\/p>\n","protected":false},"author":10,"featured_media":264681,"comment_status":"closed","ping_status":"closed","sticky":false,"template":"","format":"standard","meta":{"_price":"","_stock":"","_tribe_ticket_header":"","_tribe_default_ticket_provider":"","_ticket_start_date":"","_ticket_end_date":"","_tribe_ticket_show_description":"","_tribe_ticket_show_not_going":false,"_tribe_ticket_use_global_stock":"","_tribe_ticket_global_stock_level":"","_global_stock_mode":"","_global_stock_cap":"","_tribe_rsvp_for_event":"","_tribe_ticket_going_count":"","_tribe_ticket_not_going_count":"","_tribe_tickets_list":"[]","_tribe_ticket_has_attendee_info_fields":false,"footnotes":""},"categories":[19,374,23],"tags":[3027],"class_list":["post-264670","post","type-post","status-publish","format-standard","has-post-thumbnail","hentry","category-actualidad","category-actualidad-en","category-actualidad-val","tag-bicentenari-provincia-de-xativa"],"yoast_head":"<!-- This site is optimized with the Yoast SEO plugin v27.0 - https:\/\/yoast.com\/product\/yoast-seo-wordpress\/ -->\n<title>Bicentenari de la Prov\u00edncia de X\u00e0tiva<\/title>\n<meta name=\"description\" content=\"Un acte institucional, confer\u00e8ncies i una exposici\u00f3 centren els actes a la Casa de l\u2019Ensenyan\u00e7a, antiga seu de la diputaci\u00f3 provincial.\" \/>\n<meta name=\"robots\" content=\"index, follow, max-snippet:-1, max-image-preview:large, max-video-preview:-1\" \/>\n<link rel=\"canonical\" href=\"https:\/\/xativaturismo.com\/val\/bicentenari-de-la-provincia-de-xativa\/\" \/>\n<meta property=\"og:locale\" content=\"ca_ES\" \/>\n<meta property=\"og:type\" content=\"article\" \/>\n<meta property=\"og:title\" content=\"Bicentenari de la Prov\u00edncia de X\u00e0tiva\" \/>\n<meta property=\"og:description\" content=\"Un acte institucional, confer\u00e8ncies i una exposici\u00f3 centren els actes a la Casa de l\u2019Ensenyan\u00e7a, antiga seu de la diputaci\u00f3 provincial.\" \/>\n<meta property=\"og:url\" content=\"https:\/\/xativaturismo.com\/val\/bicentenari-de-la-provincia-de-xativa\/\" \/>\n<meta property=\"og:site_name\" content=\"X\u00e0tiva Turismo\" \/>\n<meta property=\"article:publisher\" content=\"https:\/\/www.facebook.com\/XativaTurisme\" \/>\n<meta property=\"article:published_time\" content=\"2022-11-25T09:49:45+00:00\" \/>\n<meta property=\"article:modified_time\" content=\"2022-11-25T10:14:37+00:00\" \/>\n<meta property=\"og:image\" content=\"https:\/\/xativaturismo.com\/wp-content\/uploads\/2022\/11\/bicentenari-de-la-provincia-de-xativa.webp\" \/>\n\t<meta property=\"og:image:width\" content=\"1140\" \/>\n\t<meta property=\"og:image:height\" content=\"350\" \/>\n\t<meta property=\"og:image:type\" content=\"image\/webp\" \/>\n<meta name=\"author\" content=\"Edit Orial\" \/>\n<meta name=\"twitter:card\" content=\"summary_large_image\" \/>\n<meta name=\"twitter:creator\" content=\"@XativaTurisme\" \/>\n<meta name=\"twitter:site\" content=\"@XativaTurisme\" \/>\n<meta name=\"twitter:label1\" content=\"Written by\" \/>\n\t<meta name=\"twitter:data1\" content=\"Edit Orial\" \/>\n\t<meta name=\"twitter:label2\" content=\"Est. reading time\" \/>\n\t<meta name=\"twitter:data2\" content=\"4 minutes\" \/>\n<script type=\"application\/ld+json\" class=\"yoast-schema-graph\">{\"@context\":\"https:\/\/schema.org\",\"@graph\":[{\"@type\":\"Article\",\"@id\":\"https:\/\/xativaturismo.com\/val\/bicentenari-de-la-provincia-de-xativa\/#article\",\"isPartOf\":{\"@id\":\"https:\/\/xativaturismo.com\/val\/bicentenari-de-la-provincia-de-xativa\/\"},\"author\":{\"name\":\"Edit Orial\",\"@id\":\"https:\/\/xativaturismo.com\/#\/schema\/person\/076ef82c001ca23709c36cf13a96ee7d\"},\"headline\":\"Bicentenari de la Prov\u00edncia de X\u00e0tiva\",\"datePublished\":\"2022-11-25T09:49:45+00:00\",\"dateModified\":\"2022-11-25T10:14:37+00:00\",\"mainEntityOfPage\":{\"@id\":\"https:\/\/xativaturismo.com\/val\/bicentenari-de-la-provincia-de-xativa\/\"},\"wordCount\":910,\"publisher\":{\"@id\":\"https:\/\/xativaturismo.com\/#organization\"},\"image\":{\"@id\":\"https:\/\/xativaturismo.com\/val\/bicentenari-de-la-provincia-de-xativa\/#primaryimage\"},\"thumbnailUrl\":\"https:\/\/xativaturismo.com\/wp-content\/uploads\/2022\/11\/bicentenari-de-la-provincia-de-xativa.webp\",\"keywords\":[\"Bicentenari Prov\u00edncia de X\u00e0tiva\"],\"articleSection\":[\"Actualidad\",\"Actualidad\",\"Actualitat\"],\"inLanguage\":\"ca\"},{\"@type\":\"WebPage\",\"@id\":\"https:\/\/xativaturismo.com\/val\/bicentenari-de-la-provincia-de-xativa\/\",\"url\":\"https:\/\/xativaturismo.com\/val\/bicentenari-de-la-provincia-de-xativa\/\",\"name\":\"Bicentenari de la Prov\u00edncia de X\u00e0tiva\",\"isPartOf\":{\"@id\":\"https:\/\/xativaturismo.com\/#website\"},\"primaryImageOfPage\":{\"@id\":\"https:\/\/xativaturismo.com\/val\/bicentenari-de-la-provincia-de-xativa\/#primaryimage\"},\"image\":{\"@id\":\"https:\/\/xativaturismo.com\/val\/bicentenari-de-la-provincia-de-xativa\/#primaryimage\"},\"thumbnailUrl\":\"https:\/\/xativaturismo.com\/wp-content\/uploads\/2022\/11\/bicentenari-de-la-provincia-de-xativa.webp\",\"datePublished\":\"2022-11-25T09:49:45+00:00\",\"dateModified\":\"2022-11-25T10:14:37+00:00\",\"description\":\"Un acte institucional, confer\u00e8ncies i una exposici\u00f3 centren els actes a la Casa de l\u2019Ensenyan\u00e7a, antiga seu de la diputaci\u00f3 provincial.\",\"breadcrumb\":{\"@id\":\"https:\/\/xativaturismo.com\/val\/bicentenari-de-la-provincia-de-xativa\/#breadcrumb\"},\"inLanguage\":\"ca\",\"potentialAction\":[{\"@type\":\"ReadAction\",\"target\":[\"https:\/\/xativaturismo.com\/val\/bicentenari-de-la-provincia-de-xativa\/\"]}]},{\"@type\":\"ImageObject\",\"inLanguage\":\"ca\",\"@id\":\"https:\/\/xativaturismo.com\/val\/bicentenari-de-la-provincia-de-xativa\/#primaryimage\",\"url\":\"https:\/\/xativaturismo.com\/wp-content\/uploads\/2022\/11\/bicentenari-de-la-provincia-de-xativa.webp\",\"contentUrl\":\"https:\/\/xativaturismo.com\/wp-content\/uploads\/2022\/11\/bicentenari-de-la-provincia-de-xativa.webp\",\"width\":1140,\"height\":350,\"caption\":\"Bicentenari de la Prov\u00edncia de X\u00e0tiva\"},{\"@type\":\"BreadcrumbList\",\"@id\":\"https:\/\/xativaturismo.com\/val\/bicentenari-de-la-provincia-de-xativa\/#breadcrumb\",\"itemListElement\":[{\"@type\":\"ListItem\",\"position\":1,\"name\":\"Portada\",\"item\":\"https:\/\/xativaturismo.com\/val\/\"},{\"@type\":\"ListItem\",\"position\":2,\"name\":\"Bicentenari de la Prov\u00edncia de X\u00e0tiva\"}]},{\"@type\":\"WebSite\",\"@id\":\"https:\/\/xativaturismo.com\/#website\",\"url\":\"https:\/\/xativaturismo.com\/\",\"name\":\"X\u00e0tiva Turismo\",\"description\":\"Bienvenidos a la oficina de Turismo de X\u00e0tiva\",\"publisher\":{\"@id\":\"https:\/\/xativaturismo.com\/#organization\"},\"potentialAction\":[{\"@type\":\"SearchAction\",\"target\":{\"@type\":\"EntryPoint\",\"urlTemplate\":\"https:\/\/xativaturismo.com\/?s={search_term_string}\"},\"query-input\":{\"@type\":\"PropertyValueSpecification\",\"valueRequired\":true,\"valueName\":\"search_term_string\"}}],\"inLanguage\":\"ca\"},{\"@type\":\"Organization\",\"@id\":\"https:\/\/xativaturismo.com\/#organization\",\"name\":\"X\u00e0tiva Turismo\",\"url\":\"https:\/\/xativaturismo.com\/\",\"logo\":{\"@type\":\"ImageObject\",\"inLanguage\":\"ca\",\"@id\":\"https:\/\/xativaturismo.com\/#\/schema\/logo\/image\/\",\"url\":\"https:\/\/xativaturismo.com\/wp-content\/uploads\/2020\/10\/logo-lila512-2.png\",\"contentUrl\":\"https:\/\/xativaturismo.com\/wp-content\/uploads\/2020\/10\/logo-lila512-2.png\",\"width\":445,\"height\":512,\"caption\":\"X\u00e0tiva Turismo\"},\"image\":{\"@id\":\"https:\/\/xativaturismo.com\/#\/schema\/logo\/image\/\"},\"sameAs\":[\"https:\/\/www.facebook.com\/XativaTurisme\",\"https:\/\/x.com\/XativaTurisme\"]},{\"@type\":\"Person\",\"@id\":\"https:\/\/xativaturismo.com\/#\/schema\/person\/076ef82c001ca23709c36cf13a96ee7d\",\"name\":\"Edit Orial\",\"image\":{\"@type\":\"ImageObject\",\"inLanguage\":\"ca\",\"@id\":\"https:\/\/xativaturismo.com\/#\/schema\/person\/image\/\",\"url\":\"https:\/\/secure.gravatar.com\/avatar\/8e23460bf094742a301ecd4741c5b42b22f6fd944b7a3e55260bb476eccfd123?s=96&d=mm&r=g\",\"contentUrl\":\"https:\/\/secure.gravatar.com\/avatar\/8e23460bf094742a301ecd4741c5b42b22f6fd944b7a3e55260bb476eccfd123?s=96&d=mm&r=g\",\"caption\":\"Edit Orial\"},\"url\":\"https:\/\/xativaturismo.com\/val\/author\/autoripress\/\"}]}<\/script>\n<!-- \/ Yoast SEO plugin. -->","yoast_head_json":{"title":"Bicentenari de la Prov\u00edncia de X\u00e0tiva","description":"Un acte institucional, confer\u00e8ncies i una exposici\u00f3 centren els actes a la Casa de l\u2019Ensenyan\u00e7a, antiga seu de la diputaci\u00f3 provincial.","robots":{"index":"index","follow":"follow","max-snippet":"max-snippet:-1","max-image-preview":"max-image-preview:large","max-video-preview":"max-video-preview:-1"},"canonical":"https:\/\/xativaturismo.com\/val\/bicentenari-de-la-provincia-de-xativa\/","og_locale":"ca_ES","og_type":"article","og_title":"Bicentenari de la Prov\u00edncia de X\u00e0tiva","og_description":"Un acte institucional, confer\u00e8ncies i una exposici\u00f3 centren els actes a la Casa de l\u2019Ensenyan\u00e7a, antiga seu de la diputaci\u00f3 provincial.","og_url":"https:\/\/xativaturismo.com\/val\/bicentenari-de-la-provincia-de-xativa\/","og_site_name":"X\u00e0tiva Turismo","article_publisher":"https:\/\/www.facebook.com\/XativaTurisme","article_published_time":"2022-11-25T09:49:45+00:00","article_modified_time":"2022-11-25T10:14:37+00:00","og_image":[{"width":1140,"height":350,"url":"https:\/\/xativaturismo.com\/wp-content\/uploads\/2022\/11\/bicentenari-de-la-provincia-de-xativa.webp","type":"image\/webp"}],"author":"Edit Orial","twitter_card":"summary_large_image","twitter_creator":"@XativaTurisme","twitter_site":"@XativaTurisme","twitter_misc":{"Written by":"Edit Orial","Est. reading time":"4 minutes"},"schema":{"@context":"https:\/\/schema.org","@graph":[{"@type":"Article","@id":"https:\/\/xativaturismo.com\/val\/bicentenari-de-la-provincia-de-xativa\/#article","isPartOf":{"@id":"https:\/\/xativaturismo.com\/val\/bicentenari-de-la-provincia-de-xativa\/"},"author":{"name":"Edit Orial","@id":"https:\/\/xativaturismo.com\/#\/schema\/person\/076ef82c001ca23709c36cf13a96ee7d"},"headline":"Bicentenari de la Prov\u00edncia de X\u00e0tiva","datePublished":"2022-11-25T09:49:45+00:00","dateModified":"2022-11-25T10:14:37+00:00","mainEntityOfPage":{"@id":"https:\/\/xativaturismo.com\/val\/bicentenari-de-la-provincia-de-xativa\/"},"wordCount":910,"publisher":{"@id":"https:\/\/xativaturismo.com\/#organization"},"image":{"@id":"https:\/\/xativaturismo.com\/val\/bicentenari-de-la-provincia-de-xativa\/#primaryimage"},"thumbnailUrl":"https:\/\/xativaturismo.com\/wp-content\/uploads\/2022\/11\/bicentenari-de-la-provincia-de-xativa.webp","keywords":["Bicentenari Prov\u00edncia de X\u00e0tiva"],"articleSection":["Actualidad","Actualidad","Actualitat"],"inLanguage":"ca"},{"@type":"WebPage","@id":"https:\/\/xativaturismo.com\/val\/bicentenari-de-la-provincia-de-xativa\/","url":"https:\/\/xativaturismo.com\/val\/bicentenari-de-la-provincia-de-xativa\/","name":"Bicentenari de la Prov\u00edncia de X\u00e0tiva","isPartOf":{"@id":"https:\/\/xativaturismo.com\/#website"},"primaryImageOfPage":{"@id":"https:\/\/xativaturismo.com\/val\/bicentenari-de-la-provincia-de-xativa\/#primaryimage"},"image":{"@id":"https:\/\/xativaturismo.com\/val\/bicentenari-de-la-provincia-de-xativa\/#primaryimage"},"thumbnailUrl":"https:\/\/xativaturismo.com\/wp-content\/uploads\/2022\/11\/bicentenari-de-la-provincia-de-xativa.webp","datePublished":"2022-11-25T09:49:45+00:00","dateModified":"2022-11-25T10:14:37+00:00","description":"Un acte institucional, confer\u00e8ncies i una exposici\u00f3 centren els actes a la Casa de l\u2019Ensenyan\u00e7a, antiga seu de la diputaci\u00f3 provincial.","breadcrumb":{"@id":"https:\/\/xativaturismo.com\/val\/bicentenari-de-la-provincia-de-xativa\/#breadcrumb"},"inLanguage":"ca","potentialAction":[{"@type":"ReadAction","target":["https:\/\/xativaturismo.com\/val\/bicentenari-de-la-provincia-de-xativa\/"]}]},{"@type":"ImageObject","inLanguage":"ca","@id":"https:\/\/xativaturismo.com\/val\/bicentenari-de-la-provincia-de-xativa\/#primaryimage","url":"https:\/\/xativaturismo.com\/wp-content\/uploads\/2022\/11\/bicentenari-de-la-provincia-de-xativa.webp","contentUrl":"https:\/\/xativaturismo.com\/wp-content\/uploads\/2022\/11\/bicentenari-de-la-provincia-de-xativa.webp","width":1140,"height":350,"caption":"Bicentenari de la Prov\u00edncia de X\u00e0tiva"},{"@type":"BreadcrumbList","@id":"https:\/\/xativaturismo.com\/val\/bicentenari-de-la-provincia-de-xativa\/#breadcrumb","itemListElement":[{"@type":"ListItem","position":1,"name":"Portada","item":"https:\/\/xativaturismo.com\/val\/"},{"@type":"ListItem","position":2,"name":"Bicentenari de la Prov\u00edncia de X\u00e0tiva"}]},{"@type":"WebSite","@id":"https:\/\/xativaturismo.com\/#website","url":"https:\/\/xativaturismo.com\/","name":"X\u00e0tiva Turismo","description":"Bienvenidos a la oficina de Turismo de X\u00e0tiva","publisher":{"@id":"https:\/\/xativaturismo.com\/#organization"},"potentialAction":[{"@type":"SearchAction","target":{"@type":"EntryPoint","urlTemplate":"https:\/\/xativaturismo.com\/?s={search_term_string}"},"query-input":{"@type":"PropertyValueSpecification","valueRequired":true,"valueName":"search_term_string"}}],"inLanguage":"ca"},{"@type":"Organization","@id":"https:\/\/xativaturismo.com\/#organization","name":"X\u00e0tiva Turismo","url":"https:\/\/xativaturismo.com\/","logo":{"@type":"ImageObject","inLanguage":"ca","@id":"https:\/\/xativaturismo.com\/#\/schema\/logo\/image\/","url":"https:\/\/xativaturismo.com\/wp-content\/uploads\/2020\/10\/logo-lila512-2.png","contentUrl":"https:\/\/xativaturismo.com\/wp-content\/uploads\/2020\/10\/logo-lila512-2.png","width":445,"height":512,"caption":"X\u00e0tiva Turismo"},"image":{"@id":"https:\/\/xativaturismo.com\/#\/schema\/logo\/image\/"},"sameAs":["https:\/\/www.facebook.com\/XativaTurisme","https:\/\/x.com\/XativaTurisme"]},{"@type":"Person","@id":"https:\/\/xativaturismo.com\/#\/schema\/person\/076ef82c001ca23709c36cf13a96ee7d","name":"Edit Orial","image":{"@type":"ImageObject","inLanguage":"ca","@id":"https:\/\/xativaturismo.com\/#\/schema\/person\/image\/","url":"https:\/\/secure.gravatar.com\/avatar\/8e23460bf094742a301ecd4741c5b42b22f6fd944b7a3e55260bb476eccfd123?s=96&d=mm&r=g","contentUrl":"https:\/\/secure.gravatar.com\/avatar\/8e23460bf094742a301ecd4741c5b42b22f6fd944b7a3e55260bb476eccfd123?s=96&d=mm&r=g","caption":"Edit Orial"},"url":"https:\/\/xativaturismo.com\/val\/author\/autoripress\/"}]}},"_links":{"self":[{"href":"https:\/\/xativaturismo.com\/val\/wp-json\/wp\/v2\/posts\/264670","targetHints":{"allow":["GET"]}}],"collection":[{"href":"https:\/\/xativaturismo.com\/val\/wp-json\/wp\/v2\/posts"}],"about":[{"href":"https:\/\/xativaturismo.com\/val\/wp-json\/wp\/v2\/types\/post"}],"author":[{"embeddable":true,"href":"https:\/\/xativaturismo.com\/val\/wp-json\/wp\/v2\/users\/10"}],"replies":[{"embeddable":true,"href":"https:\/\/xativaturismo.com\/val\/wp-json\/wp\/v2\/comments?post=264670"}],"version-history":[{"count":0,"href":"https:\/\/xativaturismo.com\/val\/wp-json\/wp\/v2\/posts\/264670\/revisions"}],"wp:featuredmedia":[{"embeddable":true,"href":"https:\/\/xativaturismo.com\/val\/wp-json\/wp\/v2\/media\/264681"}],"wp:attachment":[{"href":"https:\/\/xativaturismo.com\/val\/wp-json\/wp\/v2\/media?parent=264670"}],"wp:term":[{"taxonomy":"category","embeddable":true,"href":"https:\/\/xativaturismo.com\/val\/wp-json\/wp\/v2\/categories?post=264670"},{"taxonomy":"post_tag","embeddable":true,"href":"https:\/\/xativaturismo.com\/val\/wp-json\/wp\/v2\/tags?post=264670"}],"curies":[{"name":"wp","href":"https:\/\/api.w.org\/{rel}","templated":true}]}}