{"id":242600,"date":"2022-10-12T17:01:39","date_gmt":"2022-10-12T15:01:39","guid":{"rendered":"https:\/\/xativaturismo.com\/?p=242600"},"modified":"2022-10-17T07:37:11","modified_gmt":"2022-10-17T05:37:11","slug":"festival-jazz-cooking","status":"publish","type":"post","link":"https:\/\/xativaturismo.com\/val\/festival-jazz-cooking\/","title":{"rendered":"Festival Jazz &#038; Cooking"},"content":{"rendered":"<div class=\"wpb-content-wrapper\">[vc_row][vc_column][vc_column_text css=&#8221;.vc_custom_1665985022399{margin-bottom: 0px !important;}&#8221;]El Castell de X\u00e0tiva ser\u00e0 protagonista el proper dissabte <strong>22 d\u2019octubre<\/strong> del Festival \u00ab<strong>Jazz and cooking Fest<\/strong>\u00bb que unir\u00e0 a la fortalesa la millor m\u00fasica amb la gastronomia m\u00e9s innovadora.<\/p>\n<p>Aquest festival pret\u00e9n donar a con\u00e8ixer el territori valenci\u00e0 a trav\u00e9s dels seus municipis tur\u00edstics, per\u00f2 al mateix temps tamb\u00e9 la m\u00fasica que realitzen els professionals i les agrupacions musicals valencianes i els productes gastron\u00f2mics locals. El format considera artistes tant a m\u00fasics com a cuiners, amb un fil que connecta ambdues experi\u00e8ncies al llarg de tota la jornada.\u00a0X\u00e0tiva \u00e9s un dels primers municipis que acull aquest festival i que compta amb m\u00fasics de renom i una bona oferta gastron\u00f2mica per dinamitzar el Castell, emblema de la ciutat.<\/p>\n<p>La jornada, que se celebrar\u00e0 al <strong>pati d\u2019armes del Castell de X\u00e0tiva<\/strong> i tindr\u00e0 <strong>entrada gratu\u00efta<\/strong>, s\u2019iniciar\u00e0 a les 12 hores i es celebrar\u00e0 <strong>ininterrompudament durant un total de dotze hores<\/strong>.<\/p>\n<p>Hi haur\u00e0 servei de <strong>BUS LLAN\u00c7ADORA<\/strong>, des de la pla\u00e7a Espanyoleto fins al Castell, amb el seg\u00fcent horari: d&#8217;11.30 a 15 h i de 16.30 a la 1 de la matinada. El preu del bus ser\u00e0 d&#8217;1\u20ac per persona i trajecte, i caldr\u00e0 portar mascareta.<\/p>\n<p>Tamb\u00e9 s&#8217;habilitar\u00e0 la zona d&#8217;<strong>aparcament gratu\u00eft<\/strong> a l&#8217;exterior del centre de salut de l&#8217;Espanyoleto.<\/p>\n<p>Pel que fa als <strong>esdeveniments musicals<\/strong>, a les 12:30h actuar\u00e0 la banda local ACDX Dixie Band mentre que a les 17:30h ser\u00e0 el torn de Pau Ortol\u00e1 Hammond Trio i tancar\u00e0 la cita Javier Vercher Grupo (22h). A m\u00e9s a m\u00e9s tamb\u00e9 es comptar\u00e0 amb Djs com Giorgio Bonetti (15h) i Falomir Trio (19h).<\/p>\n<p>Respecte a les <strong>cites culin\u00e0ries<\/strong>, Francisco Perucho, del restaurant La Talaia del Castell, realitzar\u00e0 un show cooking a les 12:30 hores mentre que a les 19 hores ser\u00e0 el torn del chef Miguel \u00c1ngel Ruiz. Tamb\u00e9 es podran degustar productes locals a les 14:30 i les 20:30 hores.<\/p>\n<p>Cal destacar que degut a l\u2019aflu\u00e8ncia de gent que s\u2019espera, <strong>la carretera del Castell romandr\u00e0 tancada per als vehicles particulars<\/strong>, pel que s\u2019habilitar\u00e0 un bus-llan\u00e7adora amb eixida des del Centre d\u2019Especialitats de l\u2019Espanyoleto, que obrir\u00e0 el seu p\u00e0rquing per a facilitar l\u2019estacionament dels visitants. L\u2019oferta de transport ser\u00e0 ininterrompuda durant tota la jornada per poder gaudir del festival.<\/p>\n<p>El Jazz &amp; Cooking Fest compta amb la col\u00b7laboraci\u00f3 de la Diputaci\u00f3 de Val\u00e8ncia i tamb\u00e9 far\u00e0 parada a Requena aquest dissabte 15 i a l\u2019edifici Veles e Vents de la Marina de Val\u00e8ncia el 29 d\u2019octubre, on es far\u00e0 l\u2019acte de tancament del festival.[\/vc_column_text][\/vc_column][\/vc_row]\n<\/div>","protected":false},"excerpt":{"rendered":"<p>El Castell de X\u00e0tiva albergar\u00e0 el Festival Jazz &#038; Cooking el proper dissabte 22 d\u2019octubre.<\/p>\n","protected":false},"author":10,"featured_media":242602,"comment_status":"closed","ping_status":"closed","sticky":false,"template":"","format":"standard","meta":{"_price":"","_stock":"","_tribe_ticket_header":"","_tribe_default_ticket_provider":"","_ticket_start_date":"","_ticket_end_date":"","_tribe_ticket_show_description":"","_tribe_ticket_show_not_going":false,"_tribe_ticket_use_global_stock":"","_tribe_ticket_global_stock_level":"","_global_stock_mode":"","_global_stock_cap":"","_tribe_rsvp_for_event":"","_tribe_ticket_going_count":"","_tribe_ticket_not_going_count":"","_tribe_tickets_list":"[]","_tribe_ticket_has_attendee_info_fields":false,"footnotes":""},"categories":[19,374,23],"tags":[],"class_list":["post-242600","post","type-post","status-publish","format-standard","has-post-thumbnail","hentry","category-actualidad","category-actualidad-en","category-actualidad-val"],"yoast_head":"<!-- This site is optimized with the Yoast SEO plugin v27.0 - https:\/\/yoast.com\/product\/yoast-seo-wordpress\/ -->\n<title>Festival Jazz &amp; Cooking - X\u00e0tiva Turismo<\/title>\n<meta name=\"description\" content=\"Festival Jazz &amp; Cooking - Amb entrada gratu\u00efta, dotze hores ininterrompudes de concerts i actuacions musicals amb gastronomia.\" \/>\n<meta name=\"robots\" content=\"index, follow, max-snippet:-1, max-image-preview:large, max-video-preview:-1\" \/>\n<link rel=\"canonical\" href=\"https:\/\/xativaturismo.com\/val\/festival-jazz-cooking\/\" \/>\n<meta property=\"og:locale\" content=\"ca_ES\" \/>\n<meta property=\"og:type\" content=\"article\" \/>\n<meta property=\"og:title\" content=\"Festival Jazz &amp; Cooking - X\u00e0tiva Turismo\" \/>\n<meta property=\"og:description\" content=\"Festival Jazz &amp; Cooking - Amb entrada gratu\u00efta, dotze hores ininterrompudes de concerts i actuacions musicals amb gastronomia.\" \/>\n<meta property=\"og:url\" content=\"https:\/\/xativaturismo.com\/val\/festival-jazz-cooking\/\" \/>\n<meta property=\"og:site_name\" content=\"X\u00e0tiva Turismo\" \/>\n<meta property=\"article:publisher\" content=\"https:\/\/www.facebook.com\/XativaTurisme\" \/>\n<meta property=\"article:published_time\" content=\"2022-10-12T15:01:39+00:00\" \/>\n<meta property=\"article:modified_time\" content=\"2022-10-17T05:37:11+00:00\" \/>\n<meta property=\"og:image\" content=\"https:\/\/xativaturismo.com\/wp-content\/uploads\/2022\/10\/capcalera-articles-blog-xativa-1.jpg\" \/>\n\t<meta property=\"og:image:width\" content=\"1140\" \/>\n\t<meta property=\"og:image:height\" content=\"350\" \/>\n\t<meta property=\"og:image:type\" content=\"image\/jpeg\" \/>\n<meta name=\"author\" content=\"Edit Orial\" \/>\n<meta name=\"twitter:card\" content=\"summary_large_image\" \/>\n<meta name=\"twitter:creator\" content=\"@XativaTurisme\" \/>\n<meta name=\"twitter:site\" content=\"@XativaTurisme\" \/>\n<meta name=\"twitter:label1\" content=\"Written by\" \/>\n\t<meta name=\"twitter:data1\" content=\"Edit Orial\" \/>\n\t<meta name=\"twitter:label2\" content=\"Est. reading time\" \/>\n\t<meta name=\"twitter:data2\" content=\"2 minutes\" \/>\n<script type=\"application\/ld+json\" class=\"yoast-schema-graph\">{\"@context\":\"https:\/\/schema.org\",\"@graph\":[{\"@type\":\"Article\",\"@id\":\"https:\/\/xativaturismo.com\/val\/festival-jazz-cooking\/#article\",\"isPartOf\":{\"@id\":\"https:\/\/xativaturismo.com\/val\/festival-jazz-cooking\/\"},\"author\":{\"name\":\"Edit Orial\",\"@id\":\"https:\/\/xativaturismo.com\/#\/schema\/person\/076ef82c001ca23709c36cf13a96ee7d\"},\"headline\":\"Festival Jazz &#038; Cooking\",\"datePublished\":\"2022-10-12T15:01:39+00:00\",\"dateModified\":\"2022-10-17T05:37:11+00:00\",\"mainEntityOfPage\":{\"@id\":\"https:\/\/xativaturismo.com\/val\/festival-jazz-cooking\/\"},\"wordCount\":468,\"publisher\":{\"@id\":\"https:\/\/xativaturismo.com\/#organization\"},\"image\":{\"@id\":\"https:\/\/xativaturismo.com\/val\/festival-jazz-cooking\/#primaryimage\"},\"thumbnailUrl\":\"https:\/\/xativaturismo.com\/wp-content\/uploads\/2022\/10\/capcalera-articles-blog-xativa-1.jpg\",\"articleSection\":[\"Actualidad\",\"Actualidad\",\"Actualitat\"],\"inLanguage\":\"ca\"},{\"@type\":\"WebPage\",\"@id\":\"https:\/\/xativaturismo.com\/val\/festival-jazz-cooking\/\",\"url\":\"https:\/\/xativaturismo.com\/val\/festival-jazz-cooking\/\",\"name\":\"Festival Jazz & Cooking - X\u00e0tiva Turismo\",\"isPartOf\":{\"@id\":\"https:\/\/xativaturismo.com\/#website\"},\"primaryImageOfPage\":{\"@id\":\"https:\/\/xativaturismo.com\/val\/festival-jazz-cooking\/#primaryimage\"},\"image\":{\"@id\":\"https:\/\/xativaturismo.com\/val\/festival-jazz-cooking\/#primaryimage\"},\"thumbnailUrl\":\"https:\/\/xativaturismo.com\/wp-content\/uploads\/2022\/10\/capcalera-articles-blog-xativa-1.jpg\",\"datePublished\":\"2022-10-12T15:01:39+00:00\",\"dateModified\":\"2022-10-17T05:37:11+00:00\",\"description\":\"Festival Jazz & Cooking - Amb entrada gratu\u00efta, dotze hores ininterrompudes de concerts i actuacions musicals amb gastronomia.\",\"breadcrumb\":{\"@id\":\"https:\/\/xativaturismo.com\/val\/festival-jazz-cooking\/#breadcrumb\"},\"inLanguage\":\"ca\",\"potentialAction\":[{\"@type\":\"ReadAction\",\"target\":[\"https:\/\/xativaturismo.com\/val\/festival-jazz-cooking\/\"]}]},{\"@type\":\"ImageObject\",\"inLanguage\":\"ca\",\"@id\":\"https:\/\/xativaturismo.com\/val\/festival-jazz-cooking\/#primaryimage\",\"url\":\"https:\/\/xativaturismo.com\/wp-content\/uploads\/2022\/10\/capcalera-articles-blog-xativa-1.jpg\",\"contentUrl\":\"https:\/\/xativaturismo.com\/wp-content\/uploads\/2022\/10\/capcalera-articles-blog-xativa-1.jpg\",\"width\":1140,\"height\":350,\"caption\":\"Festival Jazz & Cooking\"},{\"@type\":\"BreadcrumbList\",\"@id\":\"https:\/\/xativaturismo.com\/val\/festival-jazz-cooking\/#breadcrumb\",\"itemListElement\":[{\"@type\":\"ListItem\",\"position\":1,\"name\":\"Portada\",\"item\":\"https:\/\/xativaturismo.com\/val\/\"},{\"@type\":\"ListItem\",\"position\":2,\"name\":\"Festival Jazz &#038; Cooking\"}]},{\"@type\":\"WebSite\",\"@id\":\"https:\/\/xativaturismo.com\/#website\",\"url\":\"https:\/\/xativaturismo.com\/\",\"name\":\"X\u00e0tiva Turismo\",\"description\":\"Bienvenidos a la oficina de Turismo de X\u00e0tiva\",\"publisher\":{\"@id\":\"https:\/\/xativaturismo.com\/#organization\"},\"potentialAction\":[{\"@type\":\"SearchAction\",\"target\":{\"@type\":\"EntryPoint\",\"urlTemplate\":\"https:\/\/xativaturismo.com\/?s={search_term_string}\"},\"query-input\":{\"@type\":\"PropertyValueSpecification\",\"valueRequired\":true,\"valueName\":\"search_term_string\"}}],\"inLanguage\":\"ca\"},{\"@type\":\"Organization\",\"@id\":\"https:\/\/xativaturismo.com\/#organization\",\"name\":\"X\u00e0tiva Turismo\",\"url\":\"https:\/\/xativaturismo.com\/\",\"logo\":{\"@type\":\"ImageObject\",\"inLanguage\":\"ca\",\"@id\":\"https:\/\/xativaturismo.com\/#\/schema\/logo\/image\/\",\"url\":\"https:\/\/xativaturismo.com\/wp-content\/uploads\/2020\/10\/logo-lila512-2.png\",\"contentUrl\":\"https:\/\/xativaturismo.com\/wp-content\/uploads\/2020\/10\/logo-lila512-2.png\",\"width\":445,\"height\":512,\"caption\":\"X\u00e0tiva Turismo\"},\"image\":{\"@id\":\"https:\/\/xativaturismo.com\/#\/schema\/logo\/image\/\"},\"sameAs\":[\"https:\/\/www.facebook.com\/XativaTurisme\",\"https:\/\/x.com\/XativaTurisme\"]},{\"@type\":\"Person\",\"@id\":\"https:\/\/xativaturismo.com\/#\/schema\/person\/076ef82c001ca23709c36cf13a96ee7d\",\"name\":\"Edit Orial\",\"image\":{\"@type\":\"ImageObject\",\"inLanguage\":\"ca\",\"@id\":\"https:\/\/xativaturismo.com\/#\/schema\/person\/image\/\",\"url\":\"https:\/\/secure.gravatar.com\/avatar\/8e23460bf094742a301ecd4741c5b42b22f6fd944b7a3e55260bb476eccfd123?s=96&d=mm&r=g\",\"contentUrl\":\"https:\/\/secure.gravatar.com\/avatar\/8e23460bf094742a301ecd4741c5b42b22f6fd944b7a3e55260bb476eccfd123?s=96&d=mm&r=g\",\"caption\":\"Edit Orial\"},\"url\":\"https:\/\/xativaturismo.com\/val\/author\/autoripress\/\"}]}<\/script>\n<!-- \/ Yoast SEO plugin. -->","yoast_head_json":{"title":"Festival Jazz & Cooking - X\u00e0tiva Turismo","description":"Festival Jazz & Cooking - Amb entrada gratu\u00efta, dotze hores ininterrompudes de concerts i actuacions musicals amb gastronomia.","robots":{"index":"index","follow":"follow","max-snippet":"max-snippet:-1","max-image-preview":"max-image-preview:large","max-video-preview":"max-video-preview:-1"},"canonical":"https:\/\/xativaturismo.com\/val\/festival-jazz-cooking\/","og_locale":"ca_ES","og_type":"article","og_title":"Festival Jazz & Cooking - X\u00e0tiva Turismo","og_description":"Festival Jazz & Cooking - Amb entrada gratu\u00efta, dotze hores ininterrompudes de concerts i actuacions musicals amb gastronomia.","og_url":"https:\/\/xativaturismo.com\/val\/festival-jazz-cooking\/","og_site_name":"X\u00e0tiva Turismo","article_publisher":"https:\/\/www.facebook.com\/XativaTurisme","article_published_time":"2022-10-12T15:01:39+00:00","article_modified_time":"2022-10-17T05:37:11+00:00","og_image":[{"width":1140,"height":350,"url":"https:\/\/xativaturismo.com\/wp-content\/uploads\/2022\/10\/capcalera-articles-blog-xativa-1.jpg","type":"image\/jpeg"}],"author":"Edit Orial","twitter_card":"summary_large_image","twitter_creator":"@XativaTurisme","twitter_site":"@XativaTurisme","twitter_misc":{"Written by":"Edit Orial","Est. reading time":"2 minutes"},"schema":{"@context":"https:\/\/schema.org","@graph":[{"@type":"Article","@id":"https:\/\/xativaturismo.com\/val\/festival-jazz-cooking\/#article","isPartOf":{"@id":"https:\/\/xativaturismo.com\/val\/festival-jazz-cooking\/"},"author":{"name":"Edit Orial","@id":"https:\/\/xativaturismo.com\/#\/schema\/person\/076ef82c001ca23709c36cf13a96ee7d"},"headline":"Festival Jazz &#038; Cooking","datePublished":"2022-10-12T15:01:39+00:00","dateModified":"2022-10-17T05:37:11+00:00","mainEntityOfPage":{"@id":"https:\/\/xativaturismo.com\/val\/festival-jazz-cooking\/"},"wordCount":468,"publisher":{"@id":"https:\/\/xativaturismo.com\/#organization"},"image":{"@id":"https:\/\/xativaturismo.com\/val\/festival-jazz-cooking\/#primaryimage"},"thumbnailUrl":"https:\/\/xativaturismo.com\/wp-content\/uploads\/2022\/10\/capcalera-articles-blog-xativa-1.jpg","articleSection":["Actualidad","Actualidad","Actualitat"],"inLanguage":"ca"},{"@type":"WebPage","@id":"https:\/\/xativaturismo.com\/val\/festival-jazz-cooking\/","url":"https:\/\/xativaturismo.com\/val\/festival-jazz-cooking\/","name":"Festival Jazz & Cooking - X\u00e0tiva Turismo","isPartOf":{"@id":"https:\/\/xativaturismo.com\/#website"},"primaryImageOfPage":{"@id":"https:\/\/xativaturismo.com\/val\/festival-jazz-cooking\/#primaryimage"},"image":{"@id":"https:\/\/xativaturismo.com\/val\/festival-jazz-cooking\/#primaryimage"},"thumbnailUrl":"https:\/\/xativaturismo.com\/wp-content\/uploads\/2022\/10\/capcalera-articles-blog-xativa-1.jpg","datePublished":"2022-10-12T15:01:39+00:00","dateModified":"2022-10-17T05:37:11+00:00","description":"Festival Jazz & Cooking - Amb entrada gratu\u00efta, dotze hores ininterrompudes de concerts i actuacions musicals amb gastronomia.","breadcrumb":{"@id":"https:\/\/xativaturismo.com\/val\/festival-jazz-cooking\/#breadcrumb"},"inLanguage":"ca","potentialAction":[{"@type":"ReadAction","target":["https:\/\/xativaturismo.com\/val\/festival-jazz-cooking\/"]}]},{"@type":"ImageObject","inLanguage":"ca","@id":"https:\/\/xativaturismo.com\/val\/festival-jazz-cooking\/#primaryimage","url":"https:\/\/xativaturismo.com\/wp-content\/uploads\/2022\/10\/capcalera-articles-blog-xativa-1.jpg","contentUrl":"https:\/\/xativaturismo.com\/wp-content\/uploads\/2022\/10\/capcalera-articles-blog-xativa-1.jpg","width":1140,"height":350,"caption":"Festival Jazz & Cooking"},{"@type":"BreadcrumbList","@id":"https:\/\/xativaturismo.com\/val\/festival-jazz-cooking\/#breadcrumb","itemListElement":[{"@type":"ListItem","position":1,"name":"Portada","item":"https:\/\/xativaturismo.com\/val\/"},{"@type":"ListItem","position":2,"name":"Festival Jazz &#038; Cooking"}]},{"@type":"WebSite","@id":"https:\/\/xativaturismo.com\/#website","url":"https:\/\/xativaturismo.com\/","name":"X\u00e0tiva Turismo","description":"Bienvenidos a la oficina de Turismo de X\u00e0tiva","publisher":{"@id":"https:\/\/xativaturismo.com\/#organization"},"potentialAction":[{"@type":"SearchAction","target":{"@type":"EntryPoint","urlTemplate":"https:\/\/xativaturismo.com\/?s={search_term_string}"},"query-input":{"@type":"PropertyValueSpecification","valueRequired":true,"valueName":"search_term_string"}}],"inLanguage":"ca"},{"@type":"Organization","@id":"https:\/\/xativaturismo.com\/#organization","name":"X\u00e0tiva Turismo","url":"https:\/\/xativaturismo.com\/","logo":{"@type":"ImageObject","inLanguage":"ca","@id":"https:\/\/xativaturismo.com\/#\/schema\/logo\/image\/","url":"https:\/\/xativaturismo.com\/wp-content\/uploads\/2020\/10\/logo-lila512-2.png","contentUrl":"https:\/\/xativaturismo.com\/wp-content\/uploads\/2020\/10\/logo-lila512-2.png","width":445,"height":512,"caption":"X\u00e0tiva Turismo"},"image":{"@id":"https:\/\/xativaturismo.com\/#\/schema\/logo\/image\/"},"sameAs":["https:\/\/www.facebook.com\/XativaTurisme","https:\/\/x.com\/XativaTurisme"]},{"@type":"Person","@id":"https:\/\/xativaturismo.com\/#\/schema\/person\/076ef82c001ca23709c36cf13a96ee7d","name":"Edit Orial","image":{"@type":"ImageObject","inLanguage":"ca","@id":"https:\/\/xativaturismo.com\/#\/schema\/person\/image\/","url":"https:\/\/secure.gravatar.com\/avatar\/8e23460bf094742a301ecd4741c5b42b22f6fd944b7a3e55260bb476eccfd123?s=96&d=mm&r=g","contentUrl":"https:\/\/secure.gravatar.com\/avatar\/8e23460bf094742a301ecd4741c5b42b22f6fd944b7a3e55260bb476eccfd123?s=96&d=mm&r=g","caption":"Edit Orial"},"url":"https:\/\/xativaturismo.com\/val\/author\/autoripress\/"}]}},"_links":{"self":[{"href":"https:\/\/xativaturismo.com\/val\/wp-json\/wp\/v2\/posts\/242600","targetHints":{"allow":["GET"]}}],"collection":[{"href":"https:\/\/xativaturismo.com\/val\/wp-json\/wp\/v2\/posts"}],"about":[{"href":"https:\/\/xativaturismo.com\/val\/wp-json\/wp\/v2\/types\/post"}],"author":[{"embeddable":true,"href":"https:\/\/xativaturismo.com\/val\/wp-json\/wp\/v2\/users\/10"}],"replies":[{"embeddable":true,"href":"https:\/\/xativaturismo.com\/val\/wp-json\/wp\/v2\/comments?post=242600"}],"version-history":[{"count":0,"href":"https:\/\/xativaturismo.com\/val\/wp-json\/wp\/v2\/posts\/242600\/revisions"}],"wp:featuredmedia":[{"embeddable":true,"href":"https:\/\/xativaturismo.com\/val\/wp-json\/wp\/v2\/media\/242602"}],"wp:attachment":[{"href":"https:\/\/xativaturismo.com\/val\/wp-json\/wp\/v2\/media?parent=242600"}],"wp:term":[{"taxonomy":"category","embeddable":true,"href":"https:\/\/xativaturismo.com\/val\/wp-json\/wp\/v2\/categories?post=242600"},{"taxonomy":"post_tag","embeddable":true,"href":"https:\/\/xativaturismo.com\/val\/wp-json\/wp\/v2\/tags?post=242600"}],"curies":[{"name":"wp","href":"https:\/\/api.w.org\/{rel}","templated":true}]}}