{"id":23427,"date":"2020-09-30T18:30:43","date_gmt":"2020-09-30T16:30:43","guid":{"rendered":"https:\/\/xativaturismo.com\/?p=23427"},"modified":"2020-09-30T18:30:46","modified_gmt":"2020-09-30T16:30:46","slug":"castell-xativa-visites-dia-mundial-turisme","status":"publish","type":"post","link":"https:\/\/xativaturismo.com\/val\/castell-xativa-visites-dia-mundial-turisme\/","title":{"rendered":"El Castell de X\u00e0tiva rep un total de 1.100 visites en el Dia Mundial del Turisme"},"content":{"rendered":"\n<p>Els Museus de X\u00e0tiva i l\u2019exposici\u00f3 d\u2019Andreu Alfaro tamb\u00e9 van superar les 300 visites durant el cap de setmana.<\/p>\n\n\n\n<blockquote class=\"wp-block-quote is-layout-flow wp-block-quote-is-layout-flow\"><p>La jornada de portes obertes dels principals atractius tur\u00edstics de la ciutat aquest passat diumenge, 27 de setembre, amb motiu del Dia Mundial del Turisme, es va saldar amb xifres de visitants molt positives.<\/p><\/blockquote>\n\n\n\n<h4 class=\"wp-block-heading\">Castell de X\u00e0tiva<\/h4>\n\n\n\n<p>Al Castell de X\u00e0tiva van accedir al llarg del dia d\u2019ahir un total de 1.100 visitants, molts dels quals havien realitzar la compra de l\u2019entrada a trav\u00e9s de la web de Turisme.<\/p>\n\n\n\n<h4 class=\"wp-block-heading\">Museus<\/h4>\n\n\n\n<p>Per la seua part, els museus municipals de l\u2019Almodi i de Belles Arts \u2013 Casa de l\u2019Ensenyan\u00e7a, tot i amb menor mesura, tamb\u00e9 van assolir xifres interessants. El dissabte van accedir un total de 54 persones, mentre que el diumenge -Dia Mundial del Turisme-, l\u2019aflu\u00e8ncia va ser d\u2019un total de 275 persones. Pel que fa a l\u2019exposici\u00f3 d\u2019Andreu Alfaro, dissabte va ser visitada per 200 persones mentre que diumenge van rec\u00f3rrer els diferents espais un total de 170 visitants.<\/p>\n\n\n\n<p>\u00abEstem molt contents per l\u2019acollida que han tingut les activitats organitzades aquest cap de setmana tant per la gent de X\u00e0tiva com de la resta de la Comunitat Valenciana. Aix\u00f2 ens dona un motiu per seguir treballant en millorar un dels sectors m\u00e9s importants del teixit econ\u00f2mic de la ciutat, com \u00e9s el sector tur\u00edstic\u00bb, ha destacat la regidora de Turisme, Raquel Caballero.<\/p>\n\n\n\n<h4 class=\"wp-block-heading\">Activitats de tardor<\/h4>\n\n\n\n<p>D\u2019altra banda, cal recordar que aquest cap de setmana comen\u00e7aren les <a href=\"\/?page_id=20493\">activitats gratu\u00eftes de la tardor<\/a>. Concretament, dues rutes en la jornada del dissabte -una sobre Estell\u00e9s i altra nocturna pel Castell-, a m\u00e9s d\u2019estar actives ja les visites a l\u2019exposici\u00f3 de l\u2019escultor Andreu Alfaro.<\/p>\n\n\n\n<p>De fet, les entrades per a les diferents rutes tem\u00e0tiques fins a desembre s\u2019han exhaurit ja, pel que Caballero ha informat de que s\u2019est\u00e0 estudiant l\u2019ampliaci\u00f3 d\u2019aquestes rutes i activitats, a m\u00e9s de millorar l\u2019accessibilitat al castell de cara al pont d\u2019octubre, en el que tamb\u00e9 s\u2019espera una gran aflu\u00e8ncia de visitants.<\/p>\n","protected":false},"excerpt":{"rendered":"<p>La jornada de portes obertes dels principals atractius tur\u00edstics de la ciutat aquest passat diumenge, 27 de setembre, amb motiu del Dia Mundial del Turisme, es va saldar amb xifres de visitants molt positives.<\/p>\n","protected":false},"author":10,"featured_media":0,"comment_status":"closed","ping_status":"closed","sticky":false,"template":"","format":"standard","meta":{"_price":"","_stock":"","_tribe_ticket_header":"","_tribe_default_ticket_provider":"","_ticket_start_date":"","_ticket_end_date":"","_tribe_ticket_show_description":"","_tribe_ticket_show_not_going":false,"_tribe_ticket_use_global_stock":"","_tribe_ticket_global_stock_level":"","_global_stock_mode":"","_global_stock_cap":"","_tribe_rsvp_for_event":"","_tribe_ticket_going_count":"","_tribe_ticket_not_going_count":"","_tribe_tickets_list":"[]","_tribe_ticket_has_attendee_info_fields":false,"footnotes":""},"categories":[23],"tags":[],"class_list":["post-23427","post","type-post","status-publish","format-standard","hentry","category-actualidad-val"],"yoast_head":"<!-- This site is optimized with the Yoast SEO plugin v27.0 - https:\/\/yoast.com\/product\/yoast-seo-wordpress\/ -->\n<title>X\u00e0tiva Turismo - El Castell rep 1100 visitants en el Dia Mundial del Turisme<\/title>\n<meta name=\"description\" content=\"Dia Mundial del Turisme 2020. Visites gratu\u00eftes al Castell de X\u00e0tiva i als Museus municipals. Agenda i activitats de tardor.\" \/>\n<meta name=\"robots\" content=\"index, follow, max-snippet:-1, max-image-preview:large, max-video-preview:-1\" \/>\n<link rel=\"canonical\" href=\"https:\/\/xativaturismo.com\/val\/castell-xativa-visites-dia-mundial-turisme\/\" \/>\n<meta property=\"og:locale\" content=\"ca_ES\" \/>\n<meta property=\"og:type\" content=\"article\" \/>\n<meta property=\"og:title\" content=\"X\u00e0tiva Turismo - El Castell rep 1100 visitants en el Dia Mundial del Turisme\" \/>\n<meta property=\"og:description\" content=\"Dia Mundial del Turisme 2020. Visites gratu\u00eftes al Castell de X\u00e0tiva i als Museus municipals. Agenda i activitats de tardor.\" \/>\n<meta property=\"og:url\" content=\"https:\/\/xativaturismo.com\/val\/castell-xativa-visites-dia-mundial-turisme\/\" \/>\n<meta property=\"og:site_name\" content=\"X\u00e0tiva Turismo\" \/>\n<meta property=\"article:publisher\" content=\"https:\/\/www.facebook.com\/XativaTurisme\" \/>\n<meta property=\"article:published_time\" content=\"2020-09-30T16:30:43+00:00\" \/>\n<meta property=\"article:modified_time\" content=\"2020-09-30T16:30:46+00:00\" \/>\n<meta property=\"og:image\" content=\"https:\/\/xativaturismo.com\/wp-content\/uploads\/2016\/01\/castell-menor-8.jpg\" \/>\n\t<meta property=\"og:image:width\" content=\"846\" \/>\n\t<meta property=\"og:image:height\" content=\"480\" \/>\n\t<meta property=\"og:image:type\" content=\"image\/jpeg\" \/>\n<meta name=\"author\" content=\"Edit Orial\" \/>\n<meta name=\"twitter:card\" content=\"summary_large_image\" \/>\n<meta name=\"twitter:creator\" content=\"@XativaTurisme\" \/>\n<meta name=\"twitter:site\" content=\"@XativaTurisme\" \/>\n<meta name=\"twitter:label1\" content=\"Written by\" \/>\n\t<meta name=\"twitter:data1\" content=\"Edit Orial\" \/>\n\t<meta name=\"twitter:label2\" content=\"Est. reading time\" \/>\n\t<meta name=\"twitter:data2\" content=\"2 minutes\" \/>\n<script type=\"application\/ld+json\" class=\"yoast-schema-graph\">{\"@context\":\"https:\/\/schema.org\",\"@graph\":[{\"@type\":\"Article\",\"@id\":\"https:\/\/xativaturismo.com\/val\/castell-xativa-visites-dia-mundial-turisme\/#article\",\"isPartOf\":{\"@id\":\"https:\/\/xativaturismo.com\/val\/castell-xativa-visites-dia-mundial-turisme\/\"},\"author\":{\"name\":\"Edit Orial\",\"@id\":\"https:\/\/xativaturismo.com\/#\/schema\/person\/076ef82c001ca23709c36cf13a96ee7d\"},\"headline\":\"El Castell de X\u00e0tiva rep un total de 1.100 visites en el Dia Mundial del Turisme\",\"datePublished\":\"2020-09-30T16:30:43+00:00\",\"dateModified\":\"2020-09-30T16:30:46+00:00\",\"mainEntityOfPage\":{\"@id\":\"https:\/\/xativaturismo.com\/val\/castell-xativa-visites-dia-mundial-turisme\/\"},\"wordCount\":380,\"publisher\":{\"@id\":\"https:\/\/xativaturismo.com\/#organization\"},\"articleSection\":[\"Actualitat\"],\"inLanguage\":\"ca\"},{\"@type\":\"WebPage\",\"@id\":\"https:\/\/xativaturismo.com\/val\/castell-xativa-visites-dia-mundial-turisme\/\",\"url\":\"https:\/\/xativaturismo.com\/val\/castell-xativa-visites-dia-mundial-turisme\/\",\"name\":\"X\u00e0tiva Turismo - El Castell rep 1100 visitants en el Dia Mundial del Turisme\",\"isPartOf\":{\"@id\":\"https:\/\/xativaturismo.com\/#website\"},\"datePublished\":\"2020-09-30T16:30:43+00:00\",\"dateModified\":\"2020-09-30T16:30:46+00:00\",\"description\":\"Dia Mundial del Turisme 2020. Visites gratu\u00eftes al Castell de X\u00e0tiva i als Museus municipals. Agenda i activitats de tardor.\",\"breadcrumb\":{\"@id\":\"https:\/\/xativaturismo.com\/val\/castell-xativa-visites-dia-mundial-turisme\/#breadcrumb\"},\"inLanguage\":\"ca\",\"potentialAction\":[{\"@type\":\"ReadAction\",\"target\":[\"https:\/\/xativaturismo.com\/val\/castell-xativa-visites-dia-mundial-turisme\/\"]}]},{\"@type\":\"BreadcrumbList\",\"@id\":\"https:\/\/xativaturismo.com\/val\/castell-xativa-visites-dia-mundial-turisme\/#breadcrumb\",\"itemListElement\":[{\"@type\":\"ListItem\",\"position\":1,\"name\":\"Portada\",\"item\":\"https:\/\/xativaturismo.com\/val\/\"},{\"@type\":\"ListItem\",\"position\":2,\"name\":\"El Castell de X\u00e0tiva rep un total de 1.100 visites en el Dia Mundial del Turisme\"}]},{\"@type\":\"WebSite\",\"@id\":\"https:\/\/xativaturismo.com\/#website\",\"url\":\"https:\/\/xativaturismo.com\/\",\"name\":\"X\u00e0tiva Turismo\",\"description\":\"Bienvenidos a la oficina de Turismo de X\u00e0tiva\",\"publisher\":{\"@id\":\"https:\/\/xativaturismo.com\/#organization\"},\"potentialAction\":[{\"@type\":\"SearchAction\",\"target\":{\"@type\":\"EntryPoint\",\"urlTemplate\":\"https:\/\/xativaturismo.com\/?s={search_term_string}\"},\"query-input\":{\"@type\":\"PropertyValueSpecification\",\"valueRequired\":true,\"valueName\":\"search_term_string\"}}],\"inLanguage\":\"ca\"},{\"@type\":\"Organization\",\"@id\":\"https:\/\/xativaturismo.com\/#organization\",\"name\":\"X\u00e0tiva Turismo\",\"url\":\"https:\/\/xativaturismo.com\/\",\"logo\":{\"@type\":\"ImageObject\",\"inLanguage\":\"ca\",\"@id\":\"https:\/\/xativaturismo.com\/#\/schema\/logo\/image\/\",\"url\":\"https:\/\/xativaturismo.com\/wp-content\/uploads\/2020\/10\/logo-lila512-2.png\",\"contentUrl\":\"https:\/\/xativaturismo.com\/wp-content\/uploads\/2020\/10\/logo-lila512-2.png\",\"width\":445,\"height\":512,\"caption\":\"X\u00e0tiva Turismo\"},\"image\":{\"@id\":\"https:\/\/xativaturismo.com\/#\/schema\/logo\/image\/\"},\"sameAs\":[\"https:\/\/www.facebook.com\/XativaTurisme\",\"https:\/\/x.com\/XativaTurisme\"]},{\"@type\":\"Person\",\"@id\":\"https:\/\/xativaturismo.com\/#\/schema\/person\/076ef82c001ca23709c36cf13a96ee7d\",\"name\":\"Edit Orial\",\"image\":{\"@type\":\"ImageObject\",\"inLanguage\":\"ca\",\"@id\":\"https:\/\/xativaturismo.com\/#\/schema\/person\/image\/\",\"url\":\"https:\/\/secure.gravatar.com\/avatar\/8e23460bf094742a301ecd4741c5b42b22f6fd944b7a3e55260bb476eccfd123?s=96&d=mm&r=g\",\"contentUrl\":\"https:\/\/secure.gravatar.com\/avatar\/8e23460bf094742a301ecd4741c5b42b22f6fd944b7a3e55260bb476eccfd123?s=96&d=mm&r=g\",\"caption\":\"Edit Orial\"},\"url\":\"https:\/\/xativaturismo.com\/val\/author\/autoripress\/\"}]}<\/script>\n<!-- \/ Yoast SEO plugin. -->","yoast_head_json":{"title":"X\u00e0tiva Turismo - El Castell rep 1100 visitants en el Dia Mundial del Turisme","description":"Dia Mundial del Turisme 2020. Visites gratu\u00eftes al Castell de X\u00e0tiva i als Museus municipals. Agenda i activitats de tardor.","robots":{"index":"index","follow":"follow","max-snippet":"max-snippet:-1","max-image-preview":"max-image-preview:large","max-video-preview":"max-video-preview:-1"},"canonical":"https:\/\/xativaturismo.com\/val\/castell-xativa-visites-dia-mundial-turisme\/","og_locale":"ca_ES","og_type":"article","og_title":"X\u00e0tiva Turismo - El Castell rep 1100 visitants en el Dia Mundial del Turisme","og_description":"Dia Mundial del Turisme 2020. Visites gratu\u00eftes al Castell de X\u00e0tiva i als Museus municipals. Agenda i activitats de tardor.","og_url":"https:\/\/xativaturismo.com\/val\/castell-xativa-visites-dia-mundial-turisme\/","og_site_name":"X\u00e0tiva Turismo","article_publisher":"https:\/\/www.facebook.com\/XativaTurisme","article_published_time":"2020-09-30T16:30:43+00:00","article_modified_time":"2020-09-30T16:30:46+00:00","og_image":[{"width":846,"height":480,"url":"https:\/\/xativaturismo.com\/wp-content\/uploads\/2016\/01\/castell-menor-8.jpg","type":"image\/jpeg"}],"author":"Edit Orial","twitter_card":"summary_large_image","twitter_creator":"@XativaTurisme","twitter_site":"@XativaTurisme","twitter_misc":{"Written by":"Edit Orial","Est. reading time":"2 minutes"},"schema":{"@context":"https:\/\/schema.org","@graph":[{"@type":"Article","@id":"https:\/\/xativaturismo.com\/val\/castell-xativa-visites-dia-mundial-turisme\/#article","isPartOf":{"@id":"https:\/\/xativaturismo.com\/val\/castell-xativa-visites-dia-mundial-turisme\/"},"author":{"name":"Edit Orial","@id":"https:\/\/xativaturismo.com\/#\/schema\/person\/076ef82c001ca23709c36cf13a96ee7d"},"headline":"El Castell de X\u00e0tiva rep un total de 1.100 visites en el Dia Mundial del Turisme","datePublished":"2020-09-30T16:30:43+00:00","dateModified":"2020-09-30T16:30:46+00:00","mainEntityOfPage":{"@id":"https:\/\/xativaturismo.com\/val\/castell-xativa-visites-dia-mundial-turisme\/"},"wordCount":380,"publisher":{"@id":"https:\/\/xativaturismo.com\/#organization"},"articleSection":["Actualitat"],"inLanguage":"ca"},{"@type":"WebPage","@id":"https:\/\/xativaturismo.com\/val\/castell-xativa-visites-dia-mundial-turisme\/","url":"https:\/\/xativaturismo.com\/val\/castell-xativa-visites-dia-mundial-turisme\/","name":"X\u00e0tiva Turismo - El Castell rep 1100 visitants en el Dia Mundial del Turisme","isPartOf":{"@id":"https:\/\/xativaturismo.com\/#website"},"datePublished":"2020-09-30T16:30:43+00:00","dateModified":"2020-09-30T16:30:46+00:00","description":"Dia Mundial del Turisme 2020. Visites gratu\u00eftes al Castell de X\u00e0tiva i als Museus municipals. Agenda i activitats de tardor.","breadcrumb":{"@id":"https:\/\/xativaturismo.com\/val\/castell-xativa-visites-dia-mundial-turisme\/#breadcrumb"},"inLanguage":"ca","potentialAction":[{"@type":"ReadAction","target":["https:\/\/xativaturismo.com\/val\/castell-xativa-visites-dia-mundial-turisme\/"]}]},{"@type":"BreadcrumbList","@id":"https:\/\/xativaturismo.com\/val\/castell-xativa-visites-dia-mundial-turisme\/#breadcrumb","itemListElement":[{"@type":"ListItem","position":1,"name":"Portada","item":"https:\/\/xativaturismo.com\/val\/"},{"@type":"ListItem","position":2,"name":"El Castell de X\u00e0tiva rep un total de 1.100 visites en el Dia Mundial del Turisme"}]},{"@type":"WebSite","@id":"https:\/\/xativaturismo.com\/#website","url":"https:\/\/xativaturismo.com\/","name":"X\u00e0tiva Turismo","description":"Bienvenidos a la oficina de Turismo de X\u00e0tiva","publisher":{"@id":"https:\/\/xativaturismo.com\/#organization"},"potentialAction":[{"@type":"SearchAction","target":{"@type":"EntryPoint","urlTemplate":"https:\/\/xativaturismo.com\/?s={search_term_string}"},"query-input":{"@type":"PropertyValueSpecification","valueRequired":true,"valueName":"search_term_string"}}],"inLanguage":"ca"},{"@type":"Organization","@id":"https:\/\/xativaturismo.com\/#organization","name":"X\u00e0tiva Turismo","url":"https:\/\/xativaturismo.com\/","logo":{"@type":"ImageObject","inLanguage":"ca","@id":"https:\/\/xativaturismo.com\/#\/schema\/logo\/image\/","url":"https:\/\/xativaturismo.com\/wp-content\/uploads\/2020\/10\/logo-lila512-2.png","contentUrl":"https:\/\/xativaturismo.com\/wp-content\/uploads\/2020\/10\/logo-lila512-2.png","width":445,"height":512,"caption":"X\u00e0tiva Turismo"},"image":{"@id":"https:\/\/xativaturismo.com\/#\/schema\/logo\/image\/"},"sameAs":["https:\/\/www.facebook.com\/XativaTurisme","https:\/\/x.com\/XativaTurisme"]},{"@type":"Person","@id":"https:\/\/xativaturismo.com\/#\/schema\/person\/076ef82c001ca23709c36cf13a96ee7d","name":"Edit Orial","image":{"@type":"ImageObject","inLanguage":"ca","@id":"https:\/\/xativaturismo.com\/#\/schema\/person\/image\/","url":"https:\/\/secure.gravatar.com\/avatar\/8e23460bf094742a301ecd4741c5b42b22f6fd944b7a3e55260bb476eccfd123?s=96&d=mm&r=g","contentUrl":"https:\/\/secure.gravatar.com\/avatar\/8e23460bf094742a301ecd4741c5b42b22f6fd944b7a3e55260bb476eccfd123?s=96&d=mm&r=g","caption":"Edit Orial"},"url":"https:\/\/xativaturismo.com\/val\/author\/autoripress\/"}]}},"_links":{"self":[{"href":"https:\/\/xativaturismo.com\/val\/wp-json\/wp\/v2\/posts\/23427","targetHints":{"allow":["GET"]}}],"collection":[{"href":"https:\/\/xativaturismo.com\/val\/wp-json\/wp\/v2\/posts"}],"about":[{"href":"https:\/\/xativaturismo.com\/val\/wp-json\/wp\/v2\/types\/post"}],"author":[{"embeddable":true,"href":"https:\/\/xativaturismo.com\/val\/wp-json\/wp\/v2\/users\/10"}],"replies":[{"embeddable":true,"href":"https:\/\/xativaturismo.com\/val\/wp-json\/wp\/v2\/comments?post=23427"}],"version-history":[{"count":0,"href":"https:\/\/xativaturismo.com\/val\/wp-json\/wp\/v2\/posts\/23427\/revisions"}],"wp:attachment":[{"href":"https:\/\/xativaturismo.com\/val\/wp-json\/wp\/v2\/media?parent=23427"}],"wp:term":[{"taxonomy":"category","embeddable":true,"href":"https:\/\/xativaturismo.com\/val\/wp-json\/wp\/v2\/categories?post=23427"},{"taxonomy":"post_tag","embeddable":true,"href":"https:\/\/xativaturismo.com\/val\/wp-json\/wp\/v2\/tags?post=23427"}],"curies":[{"name":"wp","href":"https:\/\/api.w.org\/{rel}","templated":true}]}}