{"id":231814,"date":"2022-09-10T17:50:28","date_gmt":"2022-09-10T15:50:28","guid":{"rendered":"https:\/\/xativaturismo.com\/?p=231814"},"modified":"2022-09-10T17:52:28","modified_gmt":"2022-09-10T15:52:28","slug":"noves-rutes-turistiques","status":"publish","type":"post","link":"https:\/\/xativaturismo.com\/val\/noves-rutes-turistiques\/","title":{"rendered":"Noves rutes tur\u00edstiques"},"content":{"rendered":"<div class=\"wpb-content-wrapper\">[vc_row][vc_column][vc_column_text css=&#8221;.vc_custom_1662824942349{margin-bottom: 0px !important;}&#8221;]\n<blockquote><p><strong>Rutes al voltant de la X\u00e0tiva \u00e0rab i de l\u2019obra \u00abEl collar de la Coloma\u00bb protagonitzen les cites tur\u00edstiques de la tardor.<\/strong><\/p>\n<p><strong>\u00abLa lluna i la coloma\u00bb comptar\u00e0 amb m\u00fasica, poesia i gastronomia; mentre que tamb\u00e9 se celebraran rutes \u00e0rabs durant els mesos de setembre i octubre.<\/strong><\/p><\/blockquote>\n<p align=\"justify\">L\u2019Ajuntament de X\u00e0tiva ha presentat les rutes que tindran lloc durant els mesos de <strong>setembre i octubre, al voltant de les celebracions del Dia Mundial del Turisme<\/strong>, i que aquest any se centren en commemorar el <strong>mil\u00b7lenari de \u00abEl collar de la coloma\u00bb<\/strong>, obra d\u2019Ibn Hazm escrita a la ciutat l\u2019any 1022.<\/p>\n<p align=\"justify\">\u00abAquest any les activitats tur\u00edstiques estan marcades amb la celebraci\u00f3 de l\u2019aniversari del Collar de la Coloma, seguint la l\u00ednia de les edicions anteriors en les quals sempre intentem posar en valor el nostre patrimoni, dinamitzar els espais culturals i fer turisme de qualitat, sostenible i accessible\u00bb, ha manifestat la regidora de Turisme Raquel Caballero.<\/p>\n<p align=\"justify\">D\u2019una banda s\u2019ha presentat la <strong>ruta \u00abLa lluna i la coloma\u00bb<\/strong>, relacionada amb el propi llibre d\u2019Ibn Hazm, que tindr\u00e0 lloc els divendres 30 de setembre i 7 d\u2019octubre i els dissabtes 1 i 8 d\u2019octubre. Aquesta experi\u00e8ncia unir\u00e0 m\u00fasica, poesia i gastronomia a trav\u00e9s de la visita als espais m\u00e0gics de la Costa del Castell, incloent l\u2019Aljub del Mont Sant, on es podr\u00e0 gaudir de m\u00fasica en directe a c\u00e0rrec d\u2019Ahmed Touzani i de Miquel P\u00e9rez entre d\u2019altres. A la finalitzaci\u00f3 de la ruta es podran degustar dol\u00e7os \u00e0rabs. L\u2019hora d\u2019eixida d\u2019aquestes rutes ser\u00e0 les 22 hores des de la pla\u00e7a del Collar de la Coloma, i el preu \u00e9s de 25 euros per persona.<\/p>\n<p align=\"justify\">\u00ab\u00c9s la primera vegada que fem una ruta amb l\u2019aljub del Mont Sant, pel que estem molt agra\u00efts de poder portar-la a terme\u00bb, ha indicat Caballero, qui tamb\u00e9 ha explicat que la ruta correr\u00e0 a c\u00e0rrec de Rafa Sunyer, amb guio literari d\u2019Antoni Mart\u00ednez. Hi haur\u00e0 cinc espais expositius al voltant de la Medina Sateba i de la vida del poeta Ibn Hazm, que seran: la pla\u00e7a del Collar de la Coloma, la porta de l\u2019Aljama, Mont Sant, la Nevera i la Torre de Sol.<\/p>\n<p align=\"justify\">D\u2019altra banda, els <strong>diumenges 2, 9, 16 i 23 d\u2019octubre es realitzaran visites guiades al voltant de la ruta \u00e0rab<\/strong>, amb les restes arqueol\u00f2giques de la Medina Sateba, del Palau Isl\u00e0mic, la visita a l\u2019Almod\u00ed i els banys \u00e0rabs. El preu \u00e9s de 3 euros i l\u2019eixida tindr\u00e0 lloc a les 11 hores. Un dels dies es comptar\u00e0, a m\u00e9s, amb int\u00e8rpret de signes per tal de poder realitzar una jornada accessible.<\/p>\n<p align=\"justify\">La <strong>reserva de places<\/strong> per a aquestes rutes (limitades a 40 persones) es podr\u00e0 fer a trav\u00e9s de la web www.xativaturisme.com, a l\u2019oficina de Turisme de X\u00e0tiva o al tel\u00e8fon 96 227 33 46 a partir del proper 15 de setembre.<\/p>\n<p align=\"justify\">A m\u00e9s a m\u00e9s, la regidora de Turisme Raquel Caballero ha anunciat que el <strong>Dia del Turisme (27 de setembre)<\/strong> ser\u00e0 una <strong>jornada de portes obertes<\/strong> tant al Castell de X\u00e0tiva com als museus de la ciutat, i que est\u00e0 prevista la realitzaci\u00f3 d\u2019una campanya tur\u00edstica a trav\u00e9s de les xarxes socials que comptar\u00e0 amb sortejos i premis.<\/p>\n<p align=\"justify\"><a href=\"https:\/\/blog.xativa.es\/\" target=\"_blank\" rel=\"noopener\">Not\u00edcies &#8211; Ajuntament de X\u00e0tiva<\/a><\/p>\n[\/vc_column_text][\/vc_column][\/vc_row]\n<\/div>","protected":false},"excerpt":{"rendered":"<p>Rutes al voltant de la X\u00e0tiva \u00e0rab i de l\u2019obra \u00abEl collar de la Coloma\u00bb protagonitzen les cites tur\u00edstiques de la tardor.<\/p>\n","protected":false},"author":10,"featured_media":231819,"comment_status":"closed","ping_status":"closed","sticky":false,"template":"","format":"standard","meta":{"_price":"","_stock":"","_tribe_ticket_header":"","_tribe_default_ticket_provider":"","_ticket_start_date":"","_ticket_end_date":"","_tribe_ticket_show_description":"","_tribe_ticket_show_not_going":false,"_tribe_ticket_use_global_stock":"","_tribe_ticket_global_stock_level":"","_global_stock_mode":"","_global_stock_cap":"","_tribe_rsvp_for_event":"","_tribe_ticket_going_count":"","_tribe_ticket_not_going_count":"","_tribe_tickets_list":"[]","_tribe_ticket_has_attendee_info_fields":false,"footnotes":""},"categories":[19,374,23],"tags":[],"class_list":["post-231814","post","type-post","status-publish","format-standard","has-post-thumbnail","hentry","category-actualidad","category-actualidad-en","category-actualidad-val"],"yoast_head":"<!-- This site is optimized with the Yoast SEO plugin v27.0 - https:\/\/yoast.com\/product\/yoast-seo-wordpress\/ -->\n<title>Noves rutes tur\u00edstiques - X\u00e0tiva Turismo<\/title>\n<meta name=\"description\" content=\"\u00abLa lluna i la coloma\u00bb comptar\u00e0 amb m\u00fasica, poesia i gastronomia; mentre que tamb\u00e9 se celebraran rutes \u00e0rabs durant els mesos de setembre i octubre\" \/>\n<meta name=\"robots\" content=\"index, follow, max-snippet:-1, max-image-preview:large, max-video-preview:-1\" \/>\n<link rel=\"canonical\" href=\"https:\/\/xativaturismo.com\/val\/noves-rutes-turistiques\/\" \/>\n<meta property=\"og:locale\" content=\"ca_ES\" \/>\n<meta property=\"og:type\" content=\"article\" \/>\n<meta property=\"og:title\" content=\"Noves rutes tur\u00edstiques - X\u00e0tiva Turismo\" \/>\n<meta property=\"og:description\" content=\"\u00abLa lluna i la coloma\u00bb comptar\u00e0 amb m\u00fasica, poesia i gastronomia; mentre que tamb\u00e9 se celebraran rutes \u00e0rabs durant els mesos de setembre i octubre\" \/>\n<meta property=\"og:url\" content=\"https:\/\/xativaturismo.com\/val\/noves-rutes-turistiques\/\" \/>\n<meta property=\"og:site_name\" content=\"X\u00e0tiva Turismo\" \/>\n<meta property=\"article:publisher\" content=\"https:\/\/www.facebook.com\/XativaTurisme\" \/>\n<meta property=\"article:published_time\" content=\"2022-09-10T15:50:28+00:00\" \/>\n<meta property=\"article:modified_time\" content=\"2022-09-10T15:52:28+00:00\" \/>\n<meta property=\"og:image\" content=\"https:\/\/xativaturismo.com\/wp-content\/uploads\/2022\/09\/capcalera-articles-blog-xativa-1.jpg\" \/>\n\t<meta property=\"og:image:width\" content=\"1140\" \/>\n\t<meta property=\"og:image:height\" content=\"350\" \/>\n\t<meta property=\"og:image:type\" content=\"image\/jpeg\" \/>\n<meta name=\"author\" content=\"Edit Orial\" \/>\n<meta name=\"twitter:card\" content=\"summary_large_image\" \/>\n<meta name=\"twitter:creator\" content=\"@XativaTurisme\" \/>\n<meta name=\"twitter:site\" content=\"@XativaTurisme\" \/>\n<meta name=\"twitter:label1\" content=\"Written by\" \/>\n\t<meta name=\"twitter:data1\" content=\"Edit Orial\" \/>\n\t<meta name=\"twitter:label2\" content=\"Est. reading time\" \/>\n\t<meta name=\"twitter:data2\" content=\"3 minutes\" \/>\n<script type=\"application\/ld+json\" class=\"yoast-schema-graph\">{\"@context\":\"https:\/\/schema.org\",\"@graph\":[{\"@type\":\"Article\",\"@id\":\"https:\/\/xativaturismo.com\/val\/noves-rutes-turistiques\/#article\",\"isPartOf\":{\"@id\":\"https:\/\/xativaturismo.com\/val\/noves-rutes-turistiques\/\"},\"author\":{\"name\":\"Edit Orial\",\"@id\":\"https:\/\/xativaturismo.com\/#\/schema\/person\/076ef82c001ca23709c36cf13a96ee7d\"},\"headline\":\"Noves rutes tur\u00edstiques\",\"datePublished\":\"2022-09-10T15:50:28+00:00\",\"dateModified\":\"2022-09-10T15:52:28+00:00\",\"mainEntityOfPage\":{\"@id\":\"https:\/\/xativaturismo.com\/val\/noves-rutes-turistiques\/\"},\"wordCount\":596,\"publisher\":{\"@id\":\"https:\/\/xativaturismo.com\/#organization\"},\"image\":{\"@id\":\"https:\/\/xativaturismo.com\/val\/noves-rutes-turistiques\/#primaryimage\"},\"thumbnailUrl\":\"https:\/\/xativaturismo.com\/wp-content\/uploads\/2022\/09\/capcalera-articles-blog-xativa-1.jpg\",\"articleSection\":[\"Actualidad\",\"Actualidad\",\"Actualitat\"],\"inLanguage\":\"ca\"},{\"@type\":\"WebPage\",\"@id\":\"https:\/\/xativaturismo.com\/val\/noves-rutes-turistiques\/\",\"url\":\"https:\/\/xativaturismo.com\/val\/noves-rutes-turistiques\/\",\"name\":\"Noves rutes tur\u00edstiques - X\u00e0tiva Turismo\",\"isPartOf\":{\"@id\":\"https:\/\/xativaturismo.com\/#website\"},\"primaryImageOfPage\":{\"@id\":\"https:\/\/xativaturismo.com\/val\/noves-rutes-turistiques\/#primaryimage\"},\"image\":{\"@id\":\"https:\/\/xativaturismo.com\/val\/noves-rutes-turistiques\/#primaryimage\"},\"thumbnailUrl\":\"https:\/\/xativaturismo.com\/wp-content\/uploads\/2022\/09\/capcalera-articles-blog-xativa-1.jpg\",\"datePublished\":\"2022-09-10T15:50:28+00:00\",\"dateModified\":\"2022-09-10T15:52:28+00:00\",\"description\":\"\u00abLa lluna i la coloma\u00bb comptar\u00e0 amb m\u00fasica, poesia i gastronomia; mentre que tamb\u00e9 se celebraran rutes \u00e0rabs durant els mesos de setembre i octubre\",\"breadcrumb\":{\"@id\":\"https:\/\/xativaturismo.com\/val\/noves-rutes-turistiques\/#breadcrumb\"},\"inLanguage\":\"ca\",\"potentialAction\":[{\"@type\":\"ReadAction\",\"target\":[\"https:\/\/xativaturismo.com\/val\/noves-rutes-turistiques\/\"]}]},{\"@type\":\"ImageObject\",\"inLanguage\":\"ca\",\"@id\":\"https:\/\/xativaturismo.com\/val\/noves-rutes-turistiques\/#primaryimage\",\"url\":\"https:\/\/xativaturismo.com\/wp-content\/uploads\/2022\/09\/capcalera-articles-blog-xativa-1.jpg\",\"contentUrl\":\"https:\/\/xativaturismo.com\/wp-content\/uploads\/2022\/09\/capcalera-articles-blog-xativa-1.jpg\",\"width\":1140,\"height\":350,\"caption\":\"rutes\"},{\"@type\":\"BreadcrumbList\",\"@id\":\"https:\/\/xativaturismo.com\/val\/noves-rutes-turistiques\/#breadcrumb\",\"itemListElement\":[{\"@type\":\"ListItem\",\"position\":1,\"name\":\"Portada\",\"item\":\"https:\/\/xativaturismo.com\/val\/\"},{\"@type\":\"ListItem\",\"position\":2,\"name\":\"Noves rutes tur\u00edstiques\"}]},{\"@type\":\"WebSite\",\"@id\":\"https:\/\/xativaturismo.com\/#website\",\"url\":\"https:\/\/xativaturismo.com\/\",\"name\":\"X\u00e0tiva Turismo\",\"description\":\"Bienvenidos a la oficina de Turismo de X\u00e0tiva\",\"publisher\":{\"@id\":\"https:\/\/xativaturismo.com\/#organization\"},\"potentialAction\":[{\"@type\":\"SearchAction\",\"target\":{\"@type\":\"EntryPoint\",\"urlTemplate\":\"https:\/\/xativaturismo.com\/?s={search_term_string}\"},\"query-input\":{\"@type\":\"PropertyValueSpecification\",\"valueRequired\":true,\"valueName\":\"search_term_string\"}}],\"inLanguage\":\"ca\"},{\"@type\":\"Organization\",\"@id\":\"https:\/\/xativaturismo.com\/#organization\",\"name\":\"X\u00e0tiva Turismo\",\"url\":\"https:\/\/xativaturismo.com\/\",\"logo\":{\"@type\":\"ImageObject\",\"inLanguage\":\"ca\",\"@id\":\"https:\/\/xativaturismo.com\/#\/schema\/logo\/image\/\",\"url\":\"https:\/\/xativaturismo.com\/wp-content\/uploads\/2020\/10\/logo-lila512-2.png\",\"contentUrl\":\"https:\/\/xativaturismo.com\/wp-content\/uploads\/2020\/10\/logo-lila512-2.png\",\"width\":445,\"height\":512,\"caption\":\"X\u00e0tiva Turismo\"},\"image\":{\"@id\":\"https:\/\/xativaturismo.com\/#\/schema\/logo\/image\/\"},\"sameAs\":[\"https:\/\/www.facebook.com\/XativaTurisme\",\"https:\/\/x.com\/XativaTurisme\"]},{\"@type\":\"Person\",\"@id\":\"https:\/\/xativaturismo.com\/#\/schema\/person\/076ef82c001ca23709c36cf13a96ee7d\",\"name\":\"Edit Orial\",\"image\":{\"@type\":\"ImageObject\",\"inLanguage\":\"ca\",\"@id\":\"https:\/\/xativaturismo.com\/#\/schema\/person\/image\/\",\"url\":\"https:\/\/secure.gravatar.com\/avatar\/8e23460bf094742a301ecd4741c5b42b22f6fd944b7a3e55260bb476eccfd123?s=96&d=mm&r=g\",\"contentUrl\":\"https:\/\/secure.gravatar.com\/avatar\/8e23460bf094742a301ecd4741c5b42b22f6fd944b7a3e55260bb476eccfd123?s=96&d=mm&r=g\",\"caption\":\"Edit Orial\"},\"url\":\"https:\/\/xativaturismo.com\/val\/author\/autoripress\/\"}]}<\/script>\n<!-- \/ Yoast SEO plugin. -->","yoast_head_json":{"title":"Noves rutes tur\u00edstiques - X\u00e0tiva Turismo","description":"\u00abLa lluna i la coloma\u00bb comptar\u00e0 amb m\u00fasica, poesia i gastronomia; mentre que tamb\u00e9 se celebraran rutes \u00e0rabs durant els mesos de setembre i octubre","robots":{"index":"index","follow":"follow","max-snippet":"max-snippet:-1","max-image-preview":"max-image-preview:large","max-video-preview":"max-video-preview:-1"},"canonical":"https:\/\/xativaturismo.com\/val\/noves-rutes-turistiques\/","og_locale":"ca_ES","og_type":"article","og_title":"Noves rutes tur\u00edstiques - X\u00e0tiva Turismo","og_description":"\u00abLa lluna i la coloma\u00bb comptar\u00e0 amb m\u00fasica, poesia i gastronomia; mentre que tamb\u00e9 se celebraran rutes \u00e0rabs durant els mesos de setembre i octubre","og_url":"https:\/\/xativaturismo.com\/val\/noves-rutes-turistiques\/","og_site_name":"X\u00e0tiva Turismo","article_publisher":"https:\/\/www.facebook.com\/XativaTurisme","article_published_time":"2022-09-10T15:50:28+00:00","article_modified_time":"2022-09-10T15:52:28+00:00","og_image":[{"width":1140,"height":350,"url":"https:\/\/xativaturismo.com\/wp-content\/uploads\/2022\/09\/capcalera-articles-blog-xativa-1.jpg","type":"image\/jpeg"}],"author":"Edit Orial","twitter_card":"summary_large_image","twitter_creator":"@XativaTurisme","twitter_site":"@XativaTurisme","twitter_misc":{"Written by":"Edit Orial","Est. reading time":"3 minutes"},"schema":{"@context":"https:\/\/schema.org","@graph":[{"@type":"Article","@id":"https:\/\/xativaturismo.com\/val\/noves-rutes-turistiques\/#article","isPartOf":{"@id":"https:\/\/xativaturismo.com\/val\/noves-rutes-turistiques\/"},"author":{"name":"Edit Orial","@id":"https:\/\/xativaturismo.com\/#\/schema\/person\/076ef82c001ca23709c36cf13a96ee7d"},"headline":"Noves rutes tur\u00edstiques","datePublished":"2022-09-10T15:50:28+00:00","dateModified":"2022-09-10T15:52:28+00:00","mainEntityOfPage":{"@id":"https:\/\/xativaturismo.com\/val\/noves-rutes-turistiques\/"},"wordCount":596,"publisher":{"@id":"https:\/\/xativaturismo.com\/#organization"},"image":{"@id":"https:\/\/xativaturismo.com\/val\/noves-rutes-turistiques\/#primaryimage"},"thumbnailUrl":"https:\/\/xativaturismo.com\/wp-content\/uploads\/2022\/09\/capcalera-articles-blog-xativa-1.jpg","articleSection":["Actualidad","Actualidad","Actualitat"],"inLanguage":"ca"},{"@type":"WebPage","@id":"https:\/\/xativaturismo.com\/val\/noves-rutes-turistiques\/","url":"https:\/\/xativaturismo.com\/val\/noves-rutes-turistiques\/","name":"Noves rutes tur\u00edstiques - X\u00e0tiva Turismo","isPartOf":{"@id":"https:\/\/xativaturismo.com\/#website"},"primaryImageOfPage":{"@id":"https:\/\/xativaturismo.com\/val\/noves-rutes-turistiques\/#primaryimage"},"image":{"@id":"https:\/\/xativaturismo.com\/val\/noves-rutes-turistiques\/#primaryimage"},"thumbnailUrl":"https:\/\/xativaturismo.com\/wp-content\/uploads\/2022\/09\/capcalera-articles-blog-xativa-1.jpg","datePublished":"2022-09-10T15:50:28+00:00","dateModified":"2022-09-10T15:52:28+00:00","description":"\u00abLa lluna i la coloma\u00bb comptar\u00e0 amb m\u00fasica, poesia i gastronomia; mentre que tamb\u00e9 se celebraran rutes \u00e0rabs durant els mesos de setembre i octubre","breadcrumb":{"@id":"https:\/\/xativaturismo.com\/val\/noves-rutes-turistiques\/#breadcrumb"},"inLanguage":"ca","potentialAction":[{"@type":"ReadAction","target":["https:\/\/xativaturismo.com\/val\/noves-rutes-turistiques\/"]}]},{"@type":"ImageObject","inLanguage":"ca","@id":"https:\/\/xativaturismo.com\/val\/noves-rutes-turistiques\/#primaryimage","url":"https:\/\/xativaturismo.com\/wp-content\/uploads\/2022\/09\/capcalera-articles-blog-xativa-1.jpg","contentUrl":"https:\/\/xativaturismo.com\/wp-content\/uploads\/2022\/09\/capcalera-articles-blog-xativa-1.jpg","width":1140,"height":350,"caption":"rutes"},{"@type":"BreadcrumbList","@id":"https:\/\/xativaturismo.com\/val\/noves-rutes-turistiques\/#breadcrumb","itemListElement":[{"@type":"ListItem","position":1,"name":"Portada","item":"https:\/\/xativaturismo.com\/val\/"},{"@type":"ListItem","position":2,"name":"Noves rutes tur\u00edstiques"}]},{"@type":"WebSite","@id":"https:\/\/xativaturismo.com\/#website","url":"https:\/\/xativaturismo.com\/","name":"X\u00e0tiva Turismo","description":"Bienvenidos a la oficina de Turismo de X\u00e0tiva","publisher":{"@id":"https:\/\/xativaturismo.com\/#organization"},"potentialAction":[{"@type":"SearchAction","target":{"@type":"EntryPoint","urlTemplate":"https:\/\/xativaturismo.com\/?s={search_term_string}"},"query-input":{"@type":"PropertyValueSpecification","valueRequired":true,"valueName":"search_term_string"}}],"inLanguage":"ca"},{"@type":"Organization","@id":"https:\/\/xativaturismo.com\/#organization","name":"X\u00e0tiva Turismo","url":"https:\/\/xativaturismo.com\/","logo":{"@type":"ImageObject","inLanguage":"ca","@id":"https:\/\/xativaturismo.com\/#\/schema\/logo\/image\/","url":"https:\/\/xativaturismo.com\/wp-content\/uploads\/2020\/10\/logo-lila512-2.png","contentUrl":"https:\/\/xativaturismo.com\/wp-content\/uploads\/2020\/10\/logo-lila512-2.png","width":445,"height":512,"caption":"X\u00e0tiva Turismo"},"image":{"@id":"https:\/\/xativaturismo.com\/#\/schema\/logo\/image\/"},"sameAs":["https:\/\/www.facebook.com\/XativaTurisme","https:\/\/x.com\/XativaTurisme"]},{"@type":"Person","@id":"https:\/\/xativaturismo.com\/#\/schema\/person\/076ef82c001ca23709c36cf13a96ee7d","name":"Edit Orial","image":{"@type":"ImageObject","inLanguage":"ca","@id":"https:\/\/xativaturismo.com\/#\/schema\/person\/image\/","url":"https:\/\/secure.gravatar.com\/avatar\/8e23460bf094742a301ecd4741c5b42b22f6fd944b7a3e55260bb476eccfd123?s=96&d=mm&r=g","contentUrl":"https:\/\/secure.gravatar.com\/avatar\/8e23460bf094742a301ecd4741c5b42b22f6fd944b7a3e55260bb476eccfd123?s=96&d=mm&r=g","caption":"Edit Orial"},"url":"https:\/\/xativaturismo.com\/val\/author\/autoripress\/"}]}},"_links":{"self":[{"href":"https:\/\/xativaturismo.com\/val\/wp-json\/wp\/v2\/posts\/231814","targetHints":{"allow":["GET"]}}],"collection":[{"href":"https:\/\/xativaturismo.com\/val\/wp-json\/wp\/v2\/posts"}],"about":[{"href":"https:\/\/xativaturismo.com\/val\/wp-json\/wp\/v2\/types\/post"}],"author":[{"embeddable":true,"href":"https:\/\/xativaturismo.com\/val\/wp-json\/wp\/v2\/users\/10"}],"replies":[{"embeddable":true,"href":"https:\/\/xativaturismo.com\/val\/wp-json\/wp\/v2\/comments?post=231814"}],"version-history":[{"count":0,"href":"https:\/\/xativaturismo.com\/val\/wp-json\/wp\/v2\/posts\/231814\/revisions"}],"wp:featuredmedia":[{"embeddable":true,"href":"https:\/\/xativaturismo.com\/val\/wp-json\/wp\/v2\/media\/231819"}],"wp:attachment":[{"href":"https:\/\/xativaturismo.com\/val\/wp-json\/wp\/v2\/media?parent=231814"}],"wp:term":[{"taxonomy":"category","embeddable":true,"href":"https:\/\/xativaturismo.com\/val\/wp-json\/wp\/v2\/categories?post=231814"},{"taxonomy":"post_tag","embeddable":true,"href":"https:\/\/xativaturismo.com\/val\/wp-json\/wp\/v2\/tags?post=231814"}],"curies":[{"name":"wp","href":"https:\/\/api.w.org\/{rel}","templated":true}]}}