{"id":207270,"date":"2022-06-01T20:16:17","date_gmt":"2022-06-01T18:16:17","guid":{"rendered":"https:\/\/xativaturismo.com\/?p=207270"},"modified":"2022-06-01T20:17:09","modified_gmt":"2022-06-01T18:17:09","slug":"nits-al-castell-2022","status":"publish","type":"post","link":"https:\/\/xativaturismo.com\/val\/nits-al-castell-2022\/","title":{"rendered":"Nits al Castell 2022"},"content":{"rendered":"<div class=\"wpb-content-wrapper\">[vc_row][vc_column][vc_column_text css=&#8221;.vc_custom_1654107416363{margin-bottom: 0px !important;}&#8221;]\n<blockquote>\n<p class=\"post-title entry-title\">Nits al Castell comptar\u00e0 amb 5 actuacions i homenatjar\u00e0 \u00abEl collar de la coloma\u00bb amb les actuacions de El Brujo i Pep Botifarra.<\/p>\n<p class=\"subtitulo\">Les entrades eixiran a la venda el proper dimarts 7 de juny a trav\u00e9s de la web de X\u00e0tiva Turisme i de forma presencial a l\u2019Oficina de Turisme.<\/p>\n<\/blockquote>\n<p align=\"justify\">L\u2019alcalde de X\u00e0tiva Roger Cerd\u00e0 i la regidora de Turisme Raquel Caballero han presentat aquest dimecres el cartell definitiu de la XXIII edici\u00f3 del Festival Nits al Castell, que tindr\u00e0 lloc durant el mes de juliol a la fortalesa xativina.<\/p>\n<p align=\"justify\">\u00abDurant el mes de gener ja es van donar a la Fira Internacional del Turisme de Madrid les principals pinzellades del que ser\u00e0 la present edici\u00f3, amb V\u00edctor Manuel, Depedro, Sandra Monfort i Pep Gimeno Botifarra, per\u00f2 ara per fi podem anunciar el cartell definitiu amb dos actuacions m\u00e9s que completen el cartell en un any tan especial com aquest, en el qual celebrem el mil\u00b7lenari de l\u2019obra \u2018El Collar de la Coloma\u2019\u00bb, ha destacat la regidora de Turisme Raquel Caballero.<\/p>\n<p align=\"justify\">Una de les principals novetats ser\u00e0 la celebraci\u00f3 de l\u2019espectacle \u00abMester de Algarab\u00eda. El collar de la paloma: historias de ayer y de siempre\u00bb a c\u00e0rrec de Rafael \u00c1lvarez \u00abEl Brujo\u00bb, el qual tindr\u00e0 lloc el divendres 8 de juliol i que inaugurar\u00e0 la present edici\u00f3 del festival. No \u00e9s la primera vegada que l\u2019artista xafa la fortalesa xativina, ja que en 2015 ja va actuar a \u00abNits al Castell\u00bb amb \u2018Mujeres de Shakespeare\u2019\u00bb.<\/p>\n<p align=\"justify\">L\u2019altra novetat ser\u00e0 el concert de Dulce Pontes, que ja formava part del cartell de 2020 que no es va poder dur a terme a causa de la pand\u00e8mia, i que est\u00e0 previst per al 16 de juliol. En aquesta ocasi\u00f3 la portuguesa, amb m\u00e9s de 30 anys de traject\u00f2ria a les esquenes, actuar\u00e0 en solitari al castell de X\u00e0tiva.<\/p>\n<p align=\"justify\">Pel que fa a la resta d\u2019actuacions del Festival, el dissabte 9 de juliol actuar\u00e0 V\u00edctor Manuel amb el tour del seu 75\u00ba aniversari i tots els seus \u00e8xits, mentre que el concert de Depedro i Sandra Monfort est\u00e0 previst per al dissabte 23 de juliol. El xativ\u00ed Pep Gimeno Botifarra tancar\u00e0 la present edici\u00f3 el dissabte 30 amb l\u2019espectacle \u00abEl collar de la mediterr\u00e0nia\u00bb, un concert col\u00b7laboratiu amb m\u00fasics de diferents proced\u00e8ncies que tenen com a nexe com\u00fa el Mediterrani, i que comptar\u00e0 amb la participaci\u00f3 d\u2019artistes com ara Ahmed Touzani, Fraskito o Vangelis.<\/p>\n<p align=\"justify\">\u00abPer fi tornen les Nits al Castell despr\u00e9s de no poder dur-les a terme en 2020 i 2021, i ho fan amb m\u00e9s for\u00e7a que mai, amb un total de cinc actuacions i amb la ferma voluntat de que siga un certamen de dinamitzaci\u00f3 tur\u00edstica de X\u00e0tiva. Per a la nostra ciutat \u00e9s important que en el mes de juliol hi hagen activitats culturals de m\u00e0xim nivell i aquest certamen est\u00e0 plenament consolidat com una de les fites m\u00e9s importants de l\u2019estiu a les nostres comarques\u00bb, ha manifestat l\u2019alcalde Roger Cerd\u00e0, qui ha destacat que \u00abaquest any hem volgut aprofitar per a aquest festival la celebraci\u00f3 d\u2019un fet hist\u00f2ric per a la nostra ciutat com \u00e9s el mil\u00b7lenari de la publicaci\u00f3 de \u2018El Collar de la Coloma\u2019, per aix\u00f2 els espectacles de la inauguraci\u00f3 i de la cloenda estan vinculats a aquesta efem\u00e8ride\u00bb.<\/p>\n<p align=\"justify\">Tots els concerts s\u2019iniciaran a les 23 hores i com ve sent habitual es donar\u00e0 servei de bus llan\u00e7adora des de la pla\u00e7a de l\u2019Espanyoleto, amb eixides des de les 20:45 fins a les 10:15, hora de l\u2019\u00faltima pujada. El disseny del cartell \u00e9s obra d\u2019Elena Ortol\u00e0 (Ortogr\u00e0fic).<\/p>\n<h3 align=\"justify\">Entrades<\/h3>\n<p align=\"justify\">Les entrades tindran un preu de 20 euros per a cadascun dels concerts i es podran adquirir a partir del proper dimarts 7 de juny a les 12 hores a trav\u00e9s de la p\u00e0gina web de l\u2019Oficina de Turisme, on s\u2019habilitar\u00e0 un enlla\u00e7, o acudint presencialment a l\u2019Oficina de Turisme tamb\u00e9 a partir d\u2019aquesta data.<\/p>\n[\/vc_column_text][\/vc_column][\/vc_row]\n<\/div>","protected":false},"excerpt":{"rendered":"<p>[vc_row][vc_column][vc_column_text css=&#8221;.vc_custom_1654107416363{margin-bottom: 0px !important;}&#8221;] Nits al Castell comptar\u00e0 amb 5 actuacions i homenatjar\u00e0 \u00abEl collar de la coloma\u00bb amb les actuacions de El Brujo i Pep Botifarra. Les entrades eixiran [&hellip;]<\/p>\n","protected":false},"author":10,"featured_media":207271,"comment_status":"closed","ping_status":"closed","sticky":false,"template":"","format":"standard","meta":{"_price":"","_stock":"","_tribe_ticket_header":"","_tribe_default_ticket_provider":"","_ticket_start_date":"","_ticket_end_date":"","_tribe_ticket_show_description":"","_tribe_ticket_show_not_going":false,"_tribe_ticket_use_global_stock":"","_tribe_ticket_global_stock_level":"","_global_stock_mode":"","_global_stock_cap":"","_tribe_rsvp_for_event":"","_tribe_ticket_going_count":"","_tribe_ticket_not_going_count":"","_tribe_tickets_list":"[]","_tribe_ticket_has_attendee_info_fields":false,"footnotes":""},"categories":[19,374,23],"tags":[],"class_list":["post-207270","post","type-post","status-publish","format-standard","has-post-thumbnail","hentry","category-actualidad","category-actualidad-en","category-actualidad-val"],"yoast_head":"<!-- This site is optimized with the Yoast SEO plugin v27.0 - https:\/\/yoast.com\/product\/yoast-seo-wordpress\/ -->\n<title>Nits al Castell 2022 - X\u00e0tiva Turismo<\/title>\n<meta name=\"description\" content=\"Nits al Castell comptar\u00e0 amb 5 actuacions i homenatjar\u00e0 \u00abEl collar de la coloma\u00bb amb les actuacions de El Brujo i Pep Botifarra.\" \/>\n<meta name=\"robots\" content=\"index, follow, max-snippet:-1, max-image-preview:large, max-video-preview:-1\" \/>\n<link rel=\"canonical\" href=\"https:\/\/xativaturismo.com\/val\/nits-al-castell-2022\/\" \/>\n<meta property=\"og:locale\" content=\"ca_ES\" \/>\n<meta property=\"og:type\" content=\"article\" \/>\n<meta property=\"og:title\" content=\"Nits al Castell 2022 - X\u00e0tiva Turismo\" \/>\n<meta property=\"og:description\" content=\"Nits al Castell comptar\u00e0 amb 5 actuacions i homenatjar\u00e0 \u00abEl collar de la coloma\u00bb amb les actuacions de El Brujo i Pep Botifarra.\" \/>\n<meta property=\"og:url\" content=\"https:\/\/xativaturismo.com\/val\/nits-al-castell-2022\/\" \/>\n<meta property=\"og:site_name\" content=\"X\u00e0tiva Turismo\" \/>\n<meta property=\"article:publisher\" content=\"https:\/\/www.facebook.com\/XativaTurisme\" \/>\n<meta property=\"article:published_time\" content=\"2022-06-01T18:16:17+00:00\" \/>\n<meta property=\"article:modified_time\" content=\"2022-06-01T18:17:09+00:00\" \/>\n<meta property=\"og:image\" content=\"https:\/\/xativaturismo.com\/wp-content\/uploads\/2022\/06\/nits-al-castell.webp\" \/>\n\t<meta property=\"og:image:width\" content=\"1140\" \/>\n\t<meta property=\"og:image:height\" content=\"350\" \/>\n\t<meta property=\"og:image:type\" content=\"image\/webp\" \/>\n<meta name=\"author\" content=\"Edit Orial\" \/>\n<meta name=\"twitter:card\" content=\"summary_large_image\" \/>\n<meta name=\"twitter:creator\" content=\"@XativaTurisme\" \/>\n<meta name=\"twitter:site\" content=\"@XativaTurisme\" \/>\n<meta name=\"twitter:label1\" content=\"Written by\" \/>\n\t<meta name=\"twitter:data1\" content=\"Edit Orial\" \/>\n\t<meta name=\"twitter:label2\" content=\"Est. reading time\" \/>\n\t<meta name=\"twitter:data2\" content=\"3 minutes\" \/>\n<script type=\"application\/ld+json\" class=\"yoast-schema-graph\">{\"@context\":\"https:\/\/schema.org\",\"@graph\":[{\"@type\":\"Article\",\"@id\":\"https:\/\/xativaturismo.com\/val\/nits-al-castell-2022\/#article\",\"isPartOf\":{\"@id\":\"https:\/\/xativaturismo.com\/val\/nits-al-castell-2022\/\"},\"author\":{\"name\":\"Edit Orial\",\"@id\":\"https:\/\/xativaturismo.com\/#\/schema\/person\/076ef82c001ca23709c36cf13a96ee7d\"},\"headline\":\"Nits al Castell 2022\",\"datePublished\":\"2022-06-01T18:16:17+00:00\",\"dateModified\":\"2022-06-01T18:17:09+00:00\",\"mainEntityOfPage\":{\"@id\":\"https:\/\/xativaturismo.com\/val\/nits-al-castell-2022\/\"},\"wordCount\":704,\"publisher\":{\"@id\":\"https:\/\/xativaturismo.com\/#organization\"},\"image\":{\"@id\":\"https:\/\/xativaturismo.com\/val\/nits-al-castell-2022\/#primaryimage\"},\"thumbnailUrl\":\"https:\/\/xativaturismo.com\/wp-content\/uploads\/2022\/06\/nits-al-castell.webp\",\"articleSection\":[\"Actualidad\",\"Actualidad\",\"Actualitat\"],\"inLanguage\":\"ca\"},{\"@type\":\"WebPage\",\"@id\":\"https:\/\/xativaturismo.com\/val\/nits-al-castell-2022\/\",\"url\":\"https:\/\/xativaturismo.com\/val\/nits-al-castell-2022\/\",\"name\":\"Nits al Castell 2022 - X\u00e0tiva Turismo\",\"isPartOf\":{\"@id\":\"https:\/\/xativaturismo.com\/#website\"},\"primaryImageOfPage\":{\"@id\":\"https:\/\/xativaturismo.com\/val\/nits-al-castell-2022\/#primaryimage\"},\"image\":{\"@id\":\"https:\/\/xativaturismo.com\/val\/nits-al-castell-2022\/#primaryimage\"},\"thumbnailUrl\":\"https:\/\/xativaturismo.com\/wp-content\/uploads\/2022\/06\/nits-al-castell.webp\",\"datePublished\":\"2022-06-01T18:16:17+00:00\",\"dateModified\":\"2022-06-01T18:17:09+00:00\",\"description\":\"Nits al Castell comptar\u00e0 amb 5 actuacions i homenatjar\u00e0 \u00abEl collar de la coloma\u00bb amb les actuacions de El Brujo i Pep Botifarra.\",\"breadcrumb\":{\"@id\":\"https:\/\/xativaturismo.com\/val\/nits-al-castell-2022\/#breadcrumb\"},\"inLanguage\":\"ca\",\"potentialAction\":[{\"@type\":\"ReadAction\",\"target\":[\"https:\/\/xativaturismo.com\/val\/nits-al-castell-2022\/\"]}]},{\"@type\":\"ImageObject\",\"inLanguage\":\"ca\",\"@id\":\"https:\/\/xativaturismo.com\/val\/nits-al-castell-2022\/#primaryimage\",\"url\":\"https:\/\/xativaturismo.com\/wp-content\/uploads\/2022\/06\/nits-al-castell.webp\",\"contentUrl\":\"https:\/\/xativaturismo.com\/wp-content\/uploads\/2022\/06\/nits-al-castell.webp\",\"width\":1140,\"height\":350,\"caption\":\"nits al castell\"},{\"@type\":\"BreadcrumbList\",\"@id\":\"https:\/\/xativaturismo.com\/val\/nits-al-castell-2022\/#breadcrumb\",\"itemListElement\":[{\"@type\":\"ListItem\",\"position\":1,\"name\":\"Portada\",\"item\":\"https:\/\/xativaturismo.com\/val\/inicio-copy-2\/\"},{\"@type\":\"ListItem\",\"position\":2,\"name\":\"Nits al Castell 2022\"}]},{\"@type\":\"WebSite\",\"@id\":\"https:\/\/xativaturismo.com\/#website\",\"url\":\"https:\/\/xativaturismo.com\/\",\"name\":\"X\u00e0tiva Turismo\",\"description\":\"Bienvenidos a la oficina de Turismo de X\u00e0tiva\",\"publisher\":{\"@id\":\"https:\/\/xativaturismo.com\/#organization\"},\"potentialAction\":[{\"@type\":\"SearchAction\",\"target\":{\"@type\":\"EntryPoint\",\"urlTemplate\":\"https:\/\/xativaturismo.com\/?s={search_term_string}\"},\"query-input\":{\"@type\":\"PropertyValueSpecification\",\"valueRequired\":true,\"valueName\":\"search_term_string\"}}],\"inLanguage\":\"ca\"},{\"@type\":\"Organization\",\"@id\":\"https:\/\/xativaturismo.com\/#organization\",\"name\":\"X\u00e0tiva Turismo\",\"url\":\"https:\/\/xativaturismo.com\/\",\"logo\":{\"@type\":\"ImageObject\",\"inLanguage\":\"ca\",\"@id\":\"https:\/\/xativaturismo.com\/#\/schema\/logo\/image\/\",\"url\":\"https:\/\/xativaturismo.com\/wp-content\/uploads\/2020\/10\/logo-lila512-2.png\",\"contentUrl\":\"https:\/\/xativaturismo.com\/wp-content\/uploads\/2020\/10\/logo-lila512-2.png\",\"width\":445,\"height\":512,\"caption\":\"X\u00e0tiva Turismo\"},\"image\":{\"@id\":\"https:\/\/xativaturismo.com\/#\/schema\/logo\/image\/\"},\"sameAs\":[\"https:\/\/www.facebook.com\/XativaTurisme\",\"https:\/\/x.com\/XativaTurisme\"]},{\"@type\":\"Person\",\"@id\":\"https:\/\/xativaturismo.com\/#\/schema\/person\/076ef82c001ca23709c36cf13a96ee7d\",\"name\":\"Edit Orial\",\"image\":{\"@type\":\"ImageObject\",\"inLanguage\":\"ca\",\"@id\":\"https:\/\/xativaturismo.com\/#\/schema\/person\/image\/\",\"url\":\"https:\/\/secure.gravatar.com\/avatar\/8e23460bf094742a301ecd4741c5b42b22f6fd944b7a3e55260bb476eccfd123?s=96&d=mm&r=g\",\"contentUrl\":\"https:\/\/secure.gravatar.com\/avatar\/8e23460bf094742a301ecd4741c5b42b22f6fd944b7a3e55260bb476eccfd123?s=96&d=mm&r=g\",\"caption\":\"Edit Orial\"},\"url\":\"https:\/\/xativaturismo.com\/val\/author\/autoripress\/\"}]}<\/script>\n<!-- \/ Yoast SEO plugin. -->","yoast_head_json":{"title":"Nits al Castell 2022 - X\u00e0tiva Turismo","description":"Nits al Castell comptar\u00e0 amb 5 actuacions i homenatjar\u00e0 \u00abEl collar de la coloma\u00bb amb les actuacions de El Brujo i Pep Botifarra.","robots":{"index":"index","follow":"follow","max-snippet":"max-snippet:-1","max-image-preview":"max-image-preview:large","max-video-preview":"max-video-preview:-1"},"canonical":"https:\/\/xativaturismo.com\/val\/nits-al-castell-2022\/","og_locale":"ca_ES","og_type":"article","og_title":"Nits al Castell 2022 - X\u00e0tiva Turismo","og_description":"Nits al Castell comptar\u00e0 amb 5 actuacions i homenatjar\u00e0 \u00abEl collar de la coloma\u00bb amb les actuacions de El Brujo i Pep Botifarra.","og_url":"https:\/\/xativaturismo.com\/val\/nits-al-castell-2022\/","og_site_name":"X\u00e0tiva Turismo","article_publisher":"https:\/\/www.facebook.com\/XativaTurisme","article_published_time":"2022-06-01T18:16:17+00:00","article_modified_time":"2022-06-01T18:17:09+00:00","og_image":[{"width":1140,"height":350,"url":"https:\/\/xativaturismo.com\/wp-content\/uploads\/2022\/06\/nits-al-castell.webp","type":"image\/webp"}],"author":"Edit Orial","twitter_card":"summary_large_image","twitter_creator":"@XativaTurisme","twitter_site":"@XativaTurisme","twitter_misc":{"Written by":"Edit Orial","Est. reading time":"3 minutes"},"schema":{"@context":"https:\/\/schema.org","@graph":[{"@type":"Article","@id":"https:\/\/xativaturismo.com\/val\/nits-al-castell-2022\/#article","isPartOf":{"@id":"https:\/\/xativaturismo.com\/val\/nits-al-castell-2022\/"},"author":{"name":"Edit Orial","@id":"https:\/\/xativaturismo.com\/#\/schema\/person\/076ef82c001ca23709c36cf13a96ee7d"},"headline":"Nits al Castell 2022","datePublished":"2022-06-01T18:16:17+00:00","dateModified":"2022-06-01T18:17:09+00:00","mainEntityOfPage":{"@id":"https:\/\/xativaturismo.com\/val\/nits-al-castell-2022\/"},"wordCount":704,"publisher":{"@id":"https:\/\/xativaturismo.com\/#organization"},"image":{"@id":"https:\/\/xativaturismo.com\/val\/nits-al-castell-2022\/#primaryimage"},"thumbnailUrl":"https:\/\/xativaturismo.com\/wp-content\/uploads\/2022\/06\/nits-al-castell.webp","articleSection":["Actualidad","Actualidad","Actualitat"],"inLanguage":"ca"},{"@type":"WebPage","@id":"https:\/\/xativaturismo.com\/val\/nits-al-castell-2022\/","url":"https:\/\/xativaturismo.com\/val\/nits-al-castell-2022\/","name":"Nits al Castell 2022 - X\u00e0tiva Turismo","isPartOf":{"@id":"https:\/\/xativaturismo.com\/#website"},"primaryImageOfPage":{"@id":"https:\/\/xativaturismo.com\/val\/nits-al-castell-2022\/#primaryimage"},"image":{"@id":"https:\/\/xativaturismo.com\/val\/nits-al-castell-2022\/#primaryimage"},"thumbnailUrl":"https:\/\/xativaturismo.com\/wp-content\/uploads\/2022\/06\/nits-al-castell.webp","datePublished":"2022-06-01T18:16:17+00:00","dateModified":"2022-06-01T18:17:09+00:00","description":"Nits al Castell comptar\u00e0 amb 5 actuacions i homenatjar\u00e0 \u00abEl collar de la coloma\u00bb amb les actuacions de El Brujo i Pep Botifarra.","breadcrumb":{"@id":"https:\/\/xativaturismo.com\/val\/nits-al-castell-2022\/#breadcrumb"},"inLanguage":"ca","potentialAction":[{"@type":"ReadAction","target":["https:\/\/xativaturismo.com\/val\/nits-al-castell-2022\/"]}]},{"@type":"ImageObject","inLanguage":"ca","@id":"https:\/\/xativaturismo.com\/val\/nits-al-castell-2022\/#primaryimage","url":"https:\/\/xativaturismo.com\/wp-content\/uploads\/2022\/06\/nits-al-castell.webp","contentUrl":"https:\/\/xativaturismo.com\/wp-content\/uploads\/2022\/06\/nits-al-castell.webp","width":1140,"height":350,"caption":"nits al castell"},{"@type":"BreadcrumbList","@id":"https:\/\/xativaturismo.com\/val\/nits-al-castell-2022\/#breadcrumb","itemListElement":[{"@type":"ListItem","position":1,"name":"Portada","item":"https:\/\/xativaturismo.com\/val\/inicio-copy-2\/"},{"@type":"ListItem","position":2,"name":"Nits al Castell 2022"}]},{"@type":"WebSite","@id":"https:\/\/xativaturismo.com\/#website","url":"https:\/\/xativaturismo.com\/","name":"X\u00e0tiva Turismo","description":"Bienvenidos a la oficina de Turismo de X\u00e0tiva","publisher":{"@id":"https:\/\/xativaturismo.com\/#organization"},"potentialAction":[{"@type":"SearchAction","target":{"@type":"EntryPoint","urlTemplate":"https:\/\/xativaturismo.com\/?s={search_term_string}"},"query-input":{"@type":"PropertyValueSpecification","valueRequired":true,"valueName":"search_term_string"}}],"inLanguage":"ca"},{"@type":"Organization","@id":"https:\/\/xativaturismo.com\/#organization","name":"X\u00e0tiva Turismo","url":"https:\/\/xativaturismo.com\/","logo":{"@type":"ImageObject","inLanguage":"ca","@id":"https:\/\/xativaturismo.com\/#\/schema\/logo\/image\/","url":"https:\/\/xativaturismo.com\/wp-content\/uploads\/2020\/10\/logo-lila512-2.png","contentUrl":"https:\/\/xativaturismo.com\/wp-content\/uploads\/2020\/10\/logo-lila512-2.png","width":445,"height":512,"caption":"X\u00e0tiva Turismo"},"image":{"@id":"https:\/\/xativaturismo.com\/#\/schema\/logo\/image\/"},"sameAs":["https:\/\/www.facebook.com\/XativaTurisme","https:\/\/x.com\/XativaTurisme"]},{"@type":"Person","@id":"https:\/\/xativaturismo.com\/#\/schema\/person\/076ef82c001ca23709c36cf13a96ee7d","name":"Edit Orial","image":{"@type":"ImageObject","inLanguage":"ca","@id":"https:\/\/xativaturismo.com\/#\/schema\/person\/image\/","url":"https:\/\/secure.gravatar.com\/avatar\/8e23460bf094742a301ecd4741c5b42b22f6fd944b7a3e55260bb476eccfd123?s=96&d=mm&r=g","contentUrl":"https:\/\/secure.gravatar.com\/avatar\/8e23460bf094742a301ecd4741c5b42b22f6fd944b7a3e55260bb476eccfd123?s=96&d=mm&r=g","caption":"Edit Orial"},"url":"https:\/\/xativaturismo.com\/val\/author\/autoripress\/"}]}},"_links":{"self":[{"href":"https:\/\/xativaturismo.com\/val\/wp-json\/wp\/v2\/posts\/207270","targetHints":{"allow":["GET"]}}],"collection":[{"href":"https:\/\/xativaturismo.com\/val\/wp-json\/wp\/v2\/posts"}],"about":[{"href":"https:\/\/xativaturismo.com\/val\/wp-json\/wp\/v2\/types\/post"}],"author":[{"embeddable":true,"href":"https:\/\/xativaturismo.com\/val\/wp-json\/wp\/v2\/users\/10"}],"replies":[{"embeddable":true,"href":"https:\/\/xativaturismo.com\/val\/wp-json\/wp\/v2\/comments?post=207270"}],"version-history":[{"count":0,"href":"https:\/\/xativaturismo.com\/val\/wp-json\/wp\/v2\/posts\/207270\/revisions"}],"wp:featuredmedia":[{"embeddable":true,"href":"https:\/\/xativaturismo.com\/val\/wp-json\/wp\/v2\/media\/207271"}],"wp:attachment":[{"href":"https:\/\/xativaturismo.com\/val\/wp-json\/wp\/v2\/media?parent=207270"}],"wp:term":[{"taxonomy":"category","embeddable":true,"href":"https:\/\/xativaturismo.com\/val\/wp-json\/wp\/v2\/categories?post=207270"},{"taxonomy":"post_tag","embeddable":true,"href":"https:\/\/xativaturismo.com\/val\/wp-json\/wp\/v2\/tags?post=207270"}],"curies":[{"name":"wp","href":"https:\/\/api.w.org\/{rel}","templated":true}]}}