{"id":19789,"date":"2019-12-11T08:00:58","date_gmt":"2019-12-11T08:00:58","guid":{"rendered":"https:\/\/xativaturismo.com\/?p=19789"},"modified":"2019-12-10T12:18:41","modified_gmt":"2019-12-10T12:18:41","slug":"activitats-de-nadal-a-xativa","status":"publish","type":"post","link":"https:\/\/xativaturismo.com\/val\/activitats-de-nadal-a-xativa\/","title":{"rendered":"Activitats de Nadal a X\u00e0tiva"},"content":{"rendered":"\n<h2 class=\"wp-block-heading\">M\u00e9s de mig centenar d&#8217;activitats ompliran els carrers de X\u00e0tiva durant aquest Nadal<\/h2>\n\n\n\n<p>El dissabte <strong>14 de desembre<\/strong> ser\u00e0 un dels dies m\u00e9s esperats del Nadal xativ\u00ed, amb la <strong>inauguraci\u00f3 del Betlem<\/strong> a grand\u00e0ria natural m\u00e9s gran d\u2019Espanya. L\u2019activitat comen\u00e7ar\u00e0 a les 18h amb una cercavila que anir\u00e0 des de la Pla\u00e7a la Bassa fins la l\u2019Ajuntament. Hi participaran la batucada de Rytmus i animaci\u00f3 de Teatre de la Lluna amb la participaci\u00f3 de l\u2019Home dels Nassos. A m\u00e9s, hi haur\u00e0 un photocall, ambientaci\u00f3 musical, roses gratu\u00eftes per a tothom i alguna sorpresa.<\/p>\n\n\n\n<p>Moltes de les activitats giraran al voltant d\u2019aquest atractiu tur\u00edstic de la ciutat, com l\u2019organitzaci\u00f3 d\u2019un <strong>Mercat de Nadal<\/strong> a c\u00e0rrec d\u2019Adexa, <strong>des del<\/strong> mateix <strong>14 de desembre<\/strong> fins al mes de gener. Tamb\u00e9 hi haur\u00e0 visites guiades al Betlem del 16 al 20 de desembre, destinades als escolars de la ciutat. Altrament hi haur\u00e0 visites amb monitors i animaci\u00f3 els dies 21, 24 i 25 de desembre i els dies 1 i 6 de gener. <\/p>\n\n\n\n<p>El dia 21 de mat\u00ed l\u2019Escola de Danses oferir\u00e0 <strong>Nadales Valencianes<\/strong>, i el diumenge 22 hi haur\u00e0 un concert de nadales a c\u00e0rrec dels alumnes del M\u00e8tode Suzuki. El dimarts 24 tamb\u00e9 hi haur\u00e0 un <strong>concert de Nadal<\/strong> a c\u00e0rrec de la Banda de Formaci\u00f3 de la Primitiva Setabense, i el dissabte 28 el Coro Gospel de X\u00e0tiva oferir\u00e0 tamb\u00e9 un <strong>concert<\/strong>.<\/p>\n\n\n\n<h3 class=\"wp-block-heading\"><strong>La Casa de Cultura albergar\u00e0 un mercat de llibres antics editats per l\u2019Ajuntament<\/strong><\/h3>\n\n\n\n<p>Una de les principals novetats ser\u00e0 la posada en marxa d\u2019un <strong>mercat d\u2019exemplars antics<\/strong> editats per l\u2019Ajuntament de X\u00e0tiva, que es podr\u00e0 trobar del 16 de desembre al 5 de gener a la Casa de Cultura. Els llibres es podran adquirir a preus populars, i els beneficis aniran a parar a les organitzacions i associacions ben\u00e8fiques de X\u00e0tiva. <\/p>\n\n\n\n<p>Una altra de les principals novetats ser\u00e0 l\u2019avan\u00e7ament del <strong>Concurs Nacional de composici\u00f3 de pasdobles fallers<\/strong>, organitzat per la Junta Local Fallera i la Societat Musical La Primitiva Setabense. Es realitzar\u00e0 el diumenge 15 de desembre a les 18h al Gran Teatre de X\u00e0tiva, amb entrades al preu de 5 euros.<\/p>\n\n\n\n<p>La programaci\u00f3 nadalenca tamb\u00e9 inclour\u00e0 actuacions teatrals, concerts, activitats culturals, danses i activitats esportives. El diumenge 29 de desembre tindr\u00e0 lloc la <strong>San Silvestre<\/strong>, i un dia abans, el 28 de desembre, hi ha programada una <strong>eixida a<\/strong> la neu per a visitar <strong>Javalambre<\/strong>. <\/p>\n\n\n\n<h3 class=\"wp-block-heading\"><strong>Activitats al <a rel=\"noreferrer noopener\" aria-label=\"Gran Teatre (abre en una nueva pesta\u00f1a)\" href=\"https:\/\/granteatre.com\/\" target=\"_blank\">Gran Teatre<\/a><\/strong><\/h3>\n\n\n\n<p>El  Gran Teatre de X\u00e0tiva concentrar\u00e0 part important de l\u2019activitat nadalenca. Dissabte 14 de desembre podreu gaudir de l\u2019obra \u00ab<strong>Inestable<\/strong>\u00bb de la companyia Sutottos, amb entrades a 10 euros (8 euros amb descomptes). Divendres 20 es realitzar\u00e0 el<strong> Concert extraordinari de Nadal<\/strong> del Conservatori Professional Llu\u00eds Mil\u00e0 (al preu de 5 euros) i dissabte 21 hi haur\u00e0 un <strong>festival de Nadal<\/strong> a c\u00e0rrec de la Banda Juvenil i alumnes de l\u2019Escola de M\u00fasica de la Primitiva Setabense. <\/p>\n\n\n\n<p>El  dia 22 de desembre no us perdeu l&#8217;<strong>encontre coral <\/strong>de Nadal , aix\u00ed com teatre-musical familiar el dia 26 amb l\u2019obra \u00ab<strong>Pinocho: un musical para so\u00f1ar<\/strong>\u00bb. Dissabte 28 tindr\u00e0 lloc el <strong>concert de valsos, marxes i polques<\/strong>, i el divendres 3 de gener es representar\u00e0 teatre familiar i musical amb \u00ab<strong>Al\u00edcia al musical de les meravelles<\/strong>\u00bb.<\/p>\n\n\n\n<p>Tamb\u00e9 es realitzaran activitats i es podran visitar exposicions a la Biblioteca, Sant Dom\u00e8nec, als museus de la ciutat i a la Casa de Cultura, on a m\u00e9s hi haur\u00e0 concerts i audicions. El <strong>sopar de Cap d\u2019Any<\/strong> tindr\u00e0 lloc al pavell\u00f3 Francisco Ballester.<\/p>\n\n\n\n<h3 class=\"wp-block-heading\"><strong>Mercat medieval i Reis<\/strong><\/h3>\n\n\n\n<p>La Pla\u00e7a del Mercat i els carrers adjacents albergaran el tradicional <strong>Mercat Medieval<\/strong>, que tindr\u00e0 lloc del 2 al 6 de gener, i que comptar\u00e0 amb artesans, llocs de menjar, decoraci\u00f3 i animacions.<\/p>\n\n\n\n<p>La <strong>Gran Cavalcada dels Reis Mags<\/strong> discorrer\u00e0 per l\u2019Avinguda de Selgas i l\u2019Albereda Jaume I, el dia 5 de gener a partir de les 19:30h. Abans, a les 16 hores, els Reis Mags d\u2019Orient arribaran a la Pla\u00e7a de la Seu, on hi ha programada una festa de benvinguda.<\/p>\n\n\n\n<p>A m\u00e9s a m\u00e9s, els dies 3 i 4 de gener de 12 a 14 i de 17:30 a 19:30 hores, els emissaris Reials atendran a tots els xiquets i xiquetes junt al Betlem Monumental X\u00e0tiva.<\/p>\n\n\n\n<p>Gaudiu de les activitats de Nadal a X\u00e0tiva!  <strong><a href=\"http:\/\/blog.xativa.es\/\">Consulteu l&#8217;agenda ac<\/a><\/strong><a href=\"http:\/\/blog.xativa.es\/\"><strong>\u00ed<\/strong><\/a><\/p>\n","protected":false},"excerpt":{"rendered":"<p>M\u00e9s de mig centenar d&#8217;activitats ompliran els carrers de X\u00e0tiva durant aquest Nadal.<\/p>\n","protected":false},"author":10,"featured_media":0,"comment_status":"closed","ping_status":"closed","sticky":false,"template":"","format":"standard","meta":{"_price":"","_stock":"","_tribe_ticket_header":"","_tribe_default_ticket_provider":"","_ticket_start_date":"","_ticket_end_date":"","_tribe_ticket_show_description":"","_tribe_ticket_show_not_going":false,"_tribe_ticket_use_global_stock":"","_tribe_ticket_global_stock_level":"","_global_stock_mode":"","_global_stock_cap":"","_tribe_rsvp_for_event":"","_tribe_ticket_going_count":"","_tribe_ticket_not_going_count":"","_tribe_tickets_list":"[]","_tribe_ticket_has_attendee_info_fields":false,"footnotes":""},"categories":[19,23,12,24,71,61],"tags":[],"class_list":["post-19789","post","type-post","status-publish","format-standard","hentry","category-actualidad","category-actualidad-val","category-cultura","category-cultura-val","category-fiestas-val","category-fiestas"],"yoast_head":"<!-- This site is optimized with the Yoast SEO plugin v27.0 - https:\/\/yoast.com\/product\/yoast-seo-wordpress\/ -->\n<title>Activitats de Nadal a X\u00e0tiva - X\u00e0tiva Turismo<\/title>\n<meta name=\"description\" content=\"M\u00e9s de mig centenar d&#039;activitats ompliran els carrers de X\u00e0tiva durant aquest Nadal.\" \/>\n<meta name=\"robots\" content=\"index, follow, max-snippet:-1, max-image-preview:large, max-video-preview:-1\" \/>\n<link rel=\"canonical\" href=\"https:\/\/xativaturismo.com\/val\/activitats-de-nadal-a-xativa\/\" \/>\n<meta property=\"og:locale\" content=\"ca_ES\" \/>\n<meta property=\"og:type\" content=\"article\" \/>\n<meta property=\"og:title\" content=\"Activitats de Nadal a X\u00e0tiva - X\u00e0tiva Turismo\" \/>\n<meta property=\"og:description\" content=\"M\u00e9s de mig centenar d&#039;activitats ompliran els carrers de X\u00e0tiva durant aquest Nadal.\" \/>\n<meta property=\"og:url\" content=\"https:\/\/xativaturismo.com\/val\/activitats-de-nadal-a-xativa\/\" \/>\n<meta property=\"og:site_name\" content=\"X\u00e0tiva Turismo\" \/>\n<meta property=\"article:publisher\" content=\"https:\/\/www.facebook.com\/XativaTurisme\" \/>\n<meta property=\"article:published_time\" content=\"2019-12-11T08:00:58+00:00\" \/>\n<meta property=\"og:image\" content=\"https:\/\/xativaturismo.com\/wp-content\/uploads\/2016\/01\/castell-menor-8.jpg\" \/>\n\t<meta property=\"og:image:width\" content=\"846\" \/>\n\t<meta property=\"og:image:height\" content=\"480\" \/>\n\t<meta property=\"og:image:type\" content=\"image\/jpeg\" \/>\n<meta name=\"author\" content=\"Edit Orial\" \/>\n<meta name=\"twitter:card\" content=\"summary_large_image\" \/>\n<meta name=\"twitter:creator\" content=\"@XativaTurisme\" \/>\n<meta name=\"twitter:site\" content=\"@XativaTurisme\" \/>\n<meta name=\"twitter:label1\" content=\"Written by\" \/>\n\t<meta name=\"twitter:data1\" content=\"Edit Orial\" \/>\n\t<meta name=\"twitter:label2\" content=\"Est. reading time\" \/>\n\t<meta name=\"twitter:data2\" content=\"4 minutes\" \/>\n<script type=\"application\/ld+json\" class=\"yoast-schema-graph\">{\"@context\":\"https:\/\/schema.org\",\"@graph\":[{\"@type\":\"Article\",\"@id\":\"https:\/\/xativaturismo.com\/val\/activitats-de-nadal-a-xativa\/#article\",\"isPartOf\":{\"@id\":\"https:\/\/xativaturismo.com\/val\/activitats-de-nadal-a-xativa\/\"},\"author\":{\"name\":\"Edit Orial\",\"@id\":\"https:\/\/xativaturismo.com\/#\/schema\/person\/076ef82c001ca23709c36cf13a96ee7d\"},\"headline\":\"Activitats de Nadal a X\u00e0tiva\",\"datePublished\":\"2019-12-11T08:00:58+00:00\",\"mainEntityOfPage\":{\"@id\":\"https:\/\/xativaturismo.com\/val\/activitats-de-nadal-a-xativa\/\"},\"wordCount\":734,\"publisher\":{\"@id\":\"https:\/\/xativaturismo.com\/#organization\"},\"articleSection\":[\"Actualidad\",\"Actualitat\",\"Cultura\",\"Cultura\",\"Festes\",\"Fiestas\"],\"inLanguage\":\"ca\"},{\"@type\":\"WebPage\",\"@id\":\"https:\/\/xativaturismo.com\/val\/activitats-de-nadal-a-xativa\/\",\"url\":\"https:\/\/xativaturismo.com\/val\/activitats-de-nadal-a-xativa\/\",\"name\":\"Activitats de Nadal a X\u00e0tiva - X\u00e0tiva Turismo\",\"isPartOf\":{\"@id\":\"https:\/\/xativaturismo.com\/#website\"},\"datePublished\":\"2019-12-11T08:00:58+00:00\",\"description\":\"M\u00e9s de mig centenar d'activitats ompliran els carrers de X\u00e0tiva durant aquest Nadal.\",\"breadcrumb\":{\"@id\":\"https:\/\/xativaturismo.com\/val\/activitats-de-nadal-a-xativa\/#breadcrumb\"},\"inLanguage\":\"ca\",\"potentialAction\":[{\"@type\":\"ReadAction\",\"target\":[\"https:\/\/xativaturismo.com\/val\/activitats-de-nadal-a-xativa\/\"]}]},{\"@type\":\"BreadcrumbList\",\"@id\":\"https:\/\/xativaturismo.com\/val\/activitats-de-nadal-a-xativa\/#breadcrumb\",\"itemListElement\":[{\"@type\":\"ListItem\",\"position\":1,\"name\":\"Portada\",\"item\":\"https:\/\/xativaturismo.com\/val\/inicio-copy-2\/\"},{\"@type\":\"ListItem\",\"position\":2,\"name\":\"Activitats de Nadal a X\u00e0tiva\"}]},{\"@type\":\"WebSite\",\"@id\":\"https:\/\/xativaturismo.com\/#website\",\"url\":\"https:\/\/xativaturismo.com\/\",\"name\":\"X\u00e0tiva Turismo\",\"description\":\"Bienvenidos a la oficina de Turismo de X\u00e0tiva\",\"publisher\":{\"@id\":\"https:\/\/xativaturismo.com\/#organization\"},\"potentialAction\":[{\"@type\":\"SearchAction\",\"target\":{\"@type\":\"EntryPoint\",\"urlTemplate\":\"https:\/\/xativaturismo.com\/?s={search_term_string}\"},\"query-input\":{\"@type\":\"PropertyValueSpecification\",\"valueRequired\":true,\"valueName\":\"search_term_string\"}}],\"inLanguage\":\"ca\"},{\"@type\":\"Organization\",\"@id\":\"https:\/\/xativaturismo.com\/#organization\",\"name\":\"X\u00e0tiva Turismo\",\"url\":\"https:\/\/xativaturismo.com\/\",\"logo\":{\"@type\":\"ImageObject\",\"inLanguage\":\"ca\",\"@id\":\"https:\/\/xativaturismo.com\/#\/schema\/logo\/image\/\",\"url\":\"https:\/\/xativaturismo.com\/wp-content\/uploads\/2020\/10\/logo-lila512-2.png\",\"contentUrl\":\"https:\/\/xativaturismo.com\/wp-content\/uploads\/2020\/10\/logo-lila512-2.png\",\"width\":445,\"height\":512,\"caption\":\"X\u00e0tiva Turismo\"},\"image\":{\"@id\":\"https:\/\/xativaturismo.com\/#\/schema\/logo\/image\/\"},\"sameAs\":[\"https:\/\/www.facebook.com\/XativaTurisme\",\"https:\/\/x.com\/XativaTurisme\"]},{\"@type\":\"Person\",\"@id\":\"https:\/\/xativaturismo.com\/#\/schema\/person\/076ef82c001ca23709c36cf13a96ee7d\",\"name\":\"Edit Orial\",\"image\":{\"@type\":\"ImageObject\",\"inLanguage\":\"ca\",\"@id\":\"https:\/\/xativaturismo.com\/#\/schema\/person\/image\/\",\"url\":\"https:\/\/secure.gravatar.com\/avatar\/8e23460bf094742a301ecd4741c5b42b22f6fd944b7a3e55260bb476eccfd123?s=96&d=mm&r=g\",\"contentUrl\":\"https:\/\/secure.gravatar.com\/avatar\/8e23460bf094742a301ecd4741c5b42b22f6fd944b7a3e55260bb476eccfd123?s=96&d=mm&r=g\",\"caption\":\"Edit Orial\"},\"url\":\"https:\/\/xativaturismo.com\/val\/author\/autoripress\/\"}]}<\/script>\n<!-- \/ Yoast SEO plugin. -->","yoast_head_json":{"title":"Activitats de Nadal a X\u00e0tiva - X\u00e0tiva Turismo","description":"M\u00e9s de mig centenar d'activitats ompliran els carrers de X\u00e0tiva durant aquest Nadal.","robots":{"index":"index","follow":"follow","max-snippet":"max-snippet:-1","max-image-preview":"max-image-preview:large","max-video-preview":"max-video-preview:-1"},"canonical":"https:\/\/xativaturismo.com\/val\/activitats-de-nadal-a-xativa\/","og_locale":"ca_ES","og_type":"article","og_title":"Activitats de Nadal a X\u00e0tiva - X\u00e0tiva Turismo","og_description":"M\u00e9s de mig centenar d'activitats ompliran els carrers de X\u00e0tiva durant aquest Nadal.","og_url":"https:\/\/xativaturismo.com\/val\/activitats-de-nadal-a-xativa\/","og_site_name":"X\u00e0tiva Turismo","article_publisher":"https:\/\/www.facebook.com\/XativaTurisme","article_published_time":"2019-12-11T08:00:58+00:00","og_image":[{"width":846,"height":480,"url":"https:\/\/xativaturismo.com\/wp-content\/uploads\/2016\/01\/castell-menor-8.jpg","type":"image\/jpeg"}],"author":"Edit Orial","twitter_card":"summary_large_image","twitter_creator":"@XativaTurisme","twitter_site":"@XativaTurisme","twitter_misc":{"Written by":"Edit Orial","Est. reading time":"4 minutes"},"schema":{"@context":"https:\/\/schema.org","@graph":[{"@type":"Article","@id":"https:\/\/xativaturismo.com\/val\/activitats-de-nadal-a-xativa\/#article","isPartOf":{"@id":"https:\/\/xativaturismo.com\/val\/activitats-de-nadal-a-xativa\/"},"author":{"name":"Edit Orial","@id":"https:\/\/xativaturismo.com\/#\/schema\/person\/076ef82c001ca23709c36cf13a96ee7d"},"headline":"Activitats de Nadal a X\u00e0tiva","datePublished":"2019-12-11T08:00:58+00:00","mainEntityOfPage":{"@id":"https:\/\/xativaturismo.com\/val\/activitats-de-nadal-a-xativa\/"},"wordCount":734,"publisher":{"@id":"https:\/\/xativaturismo.com\/#organization"},"articleSection":["Actualidad","Actualitat","Cultura","Cultura","Festes","Fiestas"],"inLanguage":"ca"},{"@type":"WebPage","@id":"https:\/\/xativaturismo.com\/val\/activitats-de-nadal-a-xativa\/","url":"https:\/\/xativaturismo.com\/val\/activitats-de-nadal-a-xativa\/","name":"Activitats de Nadal a X\u00e0tiva - X\u00e0tiva Turismo","isPartOf":{"@id":"https:\/\/xativaturismo.com\/#website"},"datePublished":"2019-12-11T08:00:58+00:00","description":"M\u00e9s de mig centenar d'activitats ompliran els carrers de X\u00e0tiva durant aquest Nadal.","breadcrumb":{"@id":"https:\/\/xativaturismo.com\/val\/activitats-de-nadal-a-xativa\/#breadcrumb"},"inLanguage":"ca","potentialAction":[{"@type":"ReadAction","target":["https:\/\/xativaturismo.com\/val\/activitats-de-nadal-a-xativa\/"]}]},{"@type":"BreadcrumbList","@id":"https:\/\/xativaturismo.com\/val\/activitats-de-nadal-a-xativa\/#breadcrumb","itemListElement":[{"@type":"ListItem","position":1,"name":"Portada","item":"https:\/\/xativaturismo.com\/val\/inicio-copy-2\/"},{"@type":"ListItem","position":2,"name":"Activitats de Nadal a X\u00e0tiva"}]},{"@type":"WebSite","@id":"https:\/\/xativaturismo.com\/#website","url":"https:\/\/xativaturismo.com\/","name":"X\u00e0tiva Turismo","description":"Bienvenidos a la oficina de Turismo de X\u00e0tiva","publisher":{"@id":"https:\/\/xativaturismo.com\/#organization"},"potentialAction":[{"@type":"SearchAction","target":{"@type":"EntryPoint","urlTemplate":"https:\/\/xativaturismo.com\/?s={search_term_string}"},"query-input":{"@type":"PropertyValueSpecification","valueRequired":true,"valueName":"search_term_string"}}],"inLanguage":"ca"},{"@type":"Organization","@id":"https:\/\/xativaturismo.com\/#organization","name":"X\u00e0tiva Turismo","url":"https:\/\/xativaturismo.com\/","logo":{"@type":"ImageObject","inLanguage":"ca","@id":"https:\/\/xativaturismo.com\/#\/schema\/logo\/image\/","url":"https:\/\/xativaturismo.com\/wp-content\/uploads\/2020\/10\/logo-lila512-2.png","contentUrl":"https:\/\/xativaturismo.com\/wp-content\/uploads\/2020\/10\/logo-lila512-2.png","width":445,"height":512,"caption":"X\u00e0tiva Turismo"},"image":{"@id":"https:\/\/xativaturismo.com\/#\/schema\/logo\/image\/"},"sameAs":["https:\/\/www.facebook.com\/XativaTurisme","https:\/\/x.com\/XativaTurisme"]},{"@type":"Person","@id":"https:\/\/xativaturismo.com\/#\/schema\/person\/076ef82c001ca23709c36cf13a96ee7d","name":"Edit Orial","image":{"@type":"ImageObject","inLanguage":"ca","@id":"https:\/\/xativaturismo.com\/#\/schema\/person\/image\/","url":"https:\/\/secure.gravatar.com\/avatar\/8e23460bf094742a301ecd4741c5b42b22f6fd944b7a3e55260bb476eccfd123?s=96&d=mm&r=g","contentUrl":"https:\/\/secure.gravatar.com\/avatar\/8e23460bf094742a301ecd4741c5b42b22f6fd944b7a3e55260bb476eccfd123?s=96&d=mm&r=g","caption":"Edit Orial"},"url":"https:\/\/xativaturismo.com\/val\/author\/autoripress\/"}]}},"_links":{"self":[{"href":"https:\/\/xativaturismo.com\/val\/wp-json\/wp\/v2\/posts\/19789","targetHints":{"allow":["GET"]}}],"collection":[{"href":"https:\/\/xativaturismo.com\/val\/wp-json\/wp\/v2\/posts"}],"about":[{"href":"https:\/\/xativaturismo.com\/val\/wp-json\/wp\/v2\/types\/post"}],"author":[{"embeddable":true,"href":"https:\/\/xativaturismo.com\/val\/wp-json\/wp\/v2\/users\/10"}],"replies":[{"embeddable":true,"href":"https:\/\/xativaturismo.com\/val\/wp-json\/wp\/v2\/comments?post=19789"}],"version-history":[{"count":0,"href":"https:\/\/xativaturismo.com\/val\/wp-json\/wp\/v2\/posts\/19789\/revisions"}],"wp:attachment":[{"href":"https:\/\/xativaturismo.com\/val\/wp-json\/wp\/v2\/media?parent=19789"}],"wp:term":[{"taxonomy":"category","embeddable":true,"href":"https:\/\/xativaturismo.com\/val\/wp-json\/wp\/v2\/categories?post=19789"},{"taxonomy":"post_tag","embeddable":true,"href":"https:\/\/xativaturismo.com\/val\/wp-json\/wp\/v2\/tags?post=19789"}],"curies":[{"name":"wp","href":"https:\/\/api.w.org\/{rel}","templated":true}]}}