{"id":19726,"date":"2019-07-01T11:49:49","date_gmt":"2019-07-01T11:49:49","guid":{"rendered":"https:\/\/xativaturismo.com\/?p=19726"},"modified":"2019-07-01T15:32:27","modified_gmt":"2019-07-01T15:32:27","slug":"xativa-a-la-fresca-porta-el-cinema-i-la-musica-a-diferents-espais-de-la-ciutat","status":"publish","type":"post","link":"https:\/\/xativaturismo.com\/val\/xativa-a-la-fresca-porta-el-cinema-i-la-musica-a-diferents-espais-de-la-ciutat\/","title":{"rendered":"X\u00e0tiva a la Fresca porta el cinema i la m\u00fasica a diferents espais de la ciutat"},"content":{"rendered":"<p>El cicle de cinema d\u2019estiu i m\u00fasica al carrer <strong>X\u00e0tiva a la Fresca<\/strong> centra l\u2019agenda cultural del mes de juliol a X\u00e0tiva, amb perm\u00eds del <a href=\"\/?p=19631\">22\u00e8 Festival Nits al Castell<\/a>, l\u2019esdeveniment per antonom\u00e0sia de les nits d\u2019estiu xativines. El cicle l\u2019organitza la regidoria de Cultura, amb el suport de col\u00b7lectius dels barris on es realitza; com \u00e9s habitual, l\u2019<strong>acc\u00e9s \u00e9s gratu\u00eft<\/strong> fins completar l\u2019aforament. Totes les activitats s\u00f3n a les 22:30.<\/p>\n<ul>\n<li>X\u00e0tiva a la Fresca comen\u00e7a el 5 de juliol, al barri Hort de Mora, amb la projecci\u00f3 de <em>La Llamada<\/em>, pel\u00b7l\u00edcula musical espanyola.<\/li>\n<li>L\u2019endem\u00e0 dissabte 6 de juliol, a la pedania d\u2019Annauir, es far\u00e0 un concert de banda simf\u00f2nica de la Societat Musical la Primitiva Setabense.<\/li>\n<li>El divendres 12 de juliol, al pati de la Casa de la Cultura, concert de cambra a c\u00e0rrec de l\u2019Orquestra M\u00fasica Jove.<\/li>\n<li>El dissabte 13 de juliol, a la pedania la Torre d\u2019en Lloris, hi haur\u00e0 un concert de banda simf\u00f2nica de la Societat Musical la Nova.<\/li>\n<li>El divendres 19 de juliol, al carrer Sant Josep, concert de cambra a c\u00e0rrec de l\u2019Orquestra Jove la Primitiva Setabense.<\/li>\n<li>El divendres 25 de juliol arriba el torn del film d\u2019\u00e8xit <em>Campeones<\/em>, com\u00e8dia espanyola que es projectar\u00e0 a la pla\u00e7a de Sant Pere.<\/li>\n<\/ul>\n<p>Fora del cicle, el darrer dia del mes, dimecres 31 de juliol, tindr\u00e0 lloc el tradicional <strong>Festival de Bandes de M\u00fasica<\/strong>. Enguany arriba a la 53a edici\u00f3. Participaran al Gran Teatre la Societat Musical La Nova i la Societat Musical La Primitiva Setabense.<\/p>\n","protected":false},"excerpt":{"rendered":"<p>El cicle de cinema d\u2019estiu i m\u00fasica al carrer X\u00e0tiva a la Fresca centra l\u2019agenda cultural del mes de juliol, en diferentes espacios de la ciudad.<\/p>\n","protected":false},"author":10,"featured_media":0,"comment_status":"closed","ping_status":"closed","sticky":false,"template":"","format":"standard","meta":{"_price":"","_stock":"","_tribe_ticket_header":"","_tribe_default_ticket_provider":"","_ticket_start_date":"","_ticket_end_date":"","_tribe_ticket_show_description":"","_tribe_ticket_show_not_going":false,"_tribe_ticket_use_global_stock":"","_tribe_ticket_global_stock_level":"","_global_stock_mode":"","_global_stock_cap":"","_tribe_rsvp_for_event":"","_tribe_ticket_going_count":"","_tribe_ticket_not_going_count":"","_tribe_tickets_list":"[]","_tribe_ticket_has_attendee_info_fields":false,"footnotes":""},"categories":[23,24],"tags":[],"class_list":["post-19726","post","type-post","status-publish","format-standard","hentry","category-actualidad-val","category-cultura-val"],"yoast_head":"<!-- This site is optimized with the Yoast SEO plugin v27.0 - https:\/\/yoast.com\/product\/yoast-seo-wordpress\/ -->\n<title>X\u00e0tiva a la Fresca porta el cinema i la m\u00fasica a diferents espais de la ciutat - X\u00e0tiva Turismo<\/title>\n<meta name=\"description\" content=\"El cicle de cinema d\u2019estiu i m\u00fasica al carrer X\u00e0tiva a la Fresca centra l\u2019agenda cultural del mes de juliol, en diferentes espacios de la ciudad.\" \/>\n<meta name=\"robots\" content=\"index, follow, max-snippet:-1, max-image-preview:large, max-video-preview:-1\" \/>\n<link rel=\"canonical\" href=\"https:\/\/xativaturismo.com\/val\/xativa-a-la-fresca-porta-el-cinema-i-la-musica-a-diferents-espais-de-la-ciutat\/\" \/>\n<meta property=\"og:locale\" content=\"ca_ES\" \/>\n<meta property=\"og:type\" content=\"article\" \/>\n<meta property=\"og:title\" content=\"X\u00e0tiva a la Fresca porta el cinema i la m\u00fasica a diferents espais de la ciutat\" \/>\n<meta property=\"og:description\" content=\"El cicle de cinema d\u2019estiu i m\u00fasica al carrer X\u00e0tiva a la Fresca centra l\u2019agenda cultural del mes de juliol, en diferentes espacios de la ciudad.\" \/>\n<meta property=\"og:url\" content=\"https:\/\/xativaturismo.com\/val\/xativa-a-la-fresca-porta-el-cinema-i-la-musica-a-diferents-espais-de-la-ciutat\/\" \/>\n<meta property=\"og:site_name\" content=\"X\u00e0tiva Turismo\" \/>\n<meta property=\"article:publisher\" content=\"https:\/\/www.facebook.com\/XativaTurisme\" \/>\n<meta property=\"article:published_time\" content=\"2019-07-01T11:49:49+00:00\" \/>\n<meta property=\"article:modified_time\" content=\"2019-07-01T15:32:27+00:00\" \/>\n<meta property=\"og:image\" content=\"https:\/\/xativaturismo.com\/wp-content\/uploads\/2016\/01\/castell-menor-8.jpg\" \/>\n\t<meta property=\"og:image:width\" content=\"846\" \/>\n\t<meta property=\"og:image:height\" content=\"480\" \/>\n\t<meta property=\"og:image:type\" content=\"image\/jpeg\" \/>\n<meta name=\"author\" content=\"Edit Orial\" \/>\n<meta name=\"twitter:card\" content=\"summary_large_image\" \/>\n<meta name=\"twitter:title\" content=\"X\u00e0tiva a la Fresca porta el cinema i la m\u00fasica a diferents espais de la ciutat\" \/>\n<meta name=\"twitter:description\" content=\"El cicle de cinema d\u2019estiu i m\u00fasica al carrer X\u00e0tiva a la Fresca centra l\u2019agenda cultural del mes de juliol, en diferentes espacios de la ciudad.\" \/>\n<meta name=\"twitter:creator\" content=\"@XativaTurisme\" \/>\n<meta name=\"twitter:site\" content=\"@XativaTurisme\" \/>\n<meta name=\"twitter:label1\" content=\"Written by\" \/>\n\t<meta name=\"twitter:data1\" content=\"Edit Orial\" \/>\n\t<meta name=\"twitter:label2\" content=\"Est. reading time\" \/>\n\t<meta name=\"twitter:data2\" content=\"1 minute\" \/>\n<script type=\"application\/ld+json\" class=\"yoast-schema-graph\">{\"@context\":\"https:\/\/schema.org\",\"@graph\":[{\"@type\":\"Article\",\"@id\":\"https:\/\/xativaturismo.com\/val\/xativa-a-la-fresca-porta-el-cinema-i-la-musica-a-diferents-espais-de-la-ciutat\/#article\",\"isPartOf\":{\"@id\":\"https:\/\/xativaturismo.com\/val\/xativa-a-la-fresca-porta-el-cinema-i-la-musica-a-diferents-espais-de-la-ciutat\/\"},\"author\":{\"name\":\"Edit Orial\",\"@id\":\"https:\/\/xativaturismo.com\/#\/schema\/person\/076ef82c001ca23709c36cf13a96ee7d\"},\"headline\":\"X\u00e0tiva a la Fresca porta el cinema i la m\u00fasica a diferents espais de la ciutat\",\"datePublished\":\"2019-07-01T11:49:49+00:00\",\"dateModified\":\"2019-07-01T15:32:27+00:00\",\"mainEntityOfPage\":{\"@id\":\"https:\/\/xativaturismo.com\/val\/xativa-a-la-fresca-porta-el-cinema-i-la-musica-a-diferents-espais-de-la-ciutat\/\"},\"wordCount\":293,\"publisher\":{\"@id\":\"https:\/\/xativaturismo.com\/#organization\"},\"articleSection\":[\"Actualitat\",\"Cultura\"],\"inLanguage\":\"ca\"},{\"@type\":\"WebPage\",\"@id\":\"https:\/\/xativaturismo.com\/val\/xativa-a-la-fresca-porta-el-cinema-i-la-musica-a-diferents-espais-de-la-ciutat\/\",\"url\":\"https:\/\/xativaturismo.com\/val\/xativa-a-la-fresca-porta-el-cinema-i-la-musica-a-diferents-espais-de-la-ciutat\/\",\"name\":\"X\u00e0tiva a la Fresca porta el cinema i la m\u00fasica a diferents espais de la ciutat - X\u00e0tiva Turismo\",\"isPartOf\":{\"@id\":\"https:\/\/xativaturismo.com\/#website\"},\"datePublished\":\"2019-07-01T11:49:49+00:00\",\"dateModified\":\"2019-07-01T15:32:27+00:00\",\"description\":\"El cicle de cinema d\u2019estiu i m\u00fasica al carrer X\u00e0tiva a la Fresca centra l\u2019agenda cultural del mes de juliol, en diferentes espacios de la ciudad.\",\"breadcrumb\":{\"@id\":\"https:\/\/xativaturismo.com\/val\/xativa-a-la-fresca-porta-el-cinema-i-la-musica-a-diferents-espais-de-la-ciutat\/#breadcrumb\"},\"inLanguage\":\"ca\",\"potentialAction\":[{\"@type\":\"ReadAction\",\"target\":[\"https:\/\/xativaturismo.com\/val\/xativa-a-la-fresca-porta-el-cinema-i-la-musica-a-diferents-espais-de-la-ciutat\/\"]}]},{\"@type\":\"BreadcrumbList\",\"@id\":\"https:\/\/xativaturismo.com\/val\/xativa-a-la-fresca-porta-el-cinema-i-la-musica-a-diferents-espais-de-la-ciutat\/#breadcrumb\",\"itemListElement\":[{\"@type\":\"ListItem\",\"position\":1,\"name\":\"Portada\",\"item\":\"https:\/\/xativaturismo.com\/val\/inicio-copy-2\/\"},{\"@type\":\"ListItem\",\"position\":2,\"name\":\"X\u00e0tiva a la Fresca porta el cinema i la m\u00fasica a diferents espais de la ciutat\"}]},{\"@type\":\"WebSite\",\"@id\":\"https:\/\/xativaturismo.com\/#website\",\"url\":\"https:\/\/xativaturismo.com\/\",\"name\":\"X\u00e0tiva Turismo\",\"description\":\"Bienvenidos a la oficina de Turismo de X\u00e0tiva\",\"publisher\":{\"@id\":\"https:\/\/xativaturismo.com\/#organization\"},\"potentialAction\":[{\"@type\":\"SearchAction\",\"target\":{\"@type\":\"EntryPoint\",\"urlTemplate\":\"https:\/\/xativaturismo.com\/?s={search_term_string}\"},\"query-input\":{\"@type\":\"PropertyValueSpecification\",\"valueRequired\":true,\"valueName\":\"search_term_string\"}}],\"inLanguage\":\"ca\"},{\"@type\":\"Organization\",\"@id\":\"https:\/\/xativaturismo.com\/#organization\",\"name\":\"X\u00e0tiva Turismo\",\"url\":\"https:\/\/xativaturismo.com\/\",\"logo\":{\"@type\":\"ImageObject\",\"inLanguage\":\"ca\",\"@id\":\"https:\/\/xativaturismo.com\/#\/schema\/logo\/image\/\",\"url\":\"https:\/\/xativaturismo.com\/wp-content\/uploads\/2020\/10\/logo-lila512-2.png\",\"contentUrl\":\"https:\/\/xativaturismo.com\/wp-content\/uploads\/2020\/10\/logo-lila512-2.png\",\"width\":445,\"height\":512,\"caption\":\"X\u00e0tiva Turismo\"},\"image\":{\"@id\":\"https:\/\/xativaturismo.com\/#\/schema\/logo\/image\/\"},\"sameAs\":[\"https:\/\/www.facebook.com\/XativaTurisme\",\"https:\/\/x.com\/XativaTurisme\"]},{\"@type\":\"Person\",\"@id\":\"https:\/\/xativaturismo.com\/#\/schema\/person\/076ef82c001ca23709c36cf13a96ee7d\",\"name\":\"Edit Orial\",\"image\":{\"@type\":\"ImageObject\",\"inLanguage\":\"ca\",\"@id\":\"https:\/\/xativaturismo.com\/#\/schema\/person\/image\/\",\"url\":\"https:\/\/secure.gravatar.com\/avatar\/8e23460bf094742a301ecd4741c5b42b22f6fd944b7a3e55260bb476eccfd123?s=96&d=mm&r=g\",\"contentUrl\":\"https:\/\/secure.gravatar.com\/avatar\/8e23460bf094742a301ecd4741c5b42b22f6fd944b7a3e55260bb476eccfd123?s=96&d=mm&r=g\",\"caption\":\"Edit Orial\"},\"url\":\"https:\/\/xativaturismo.com\/val\/author\/autoripress\/\"}]}<\/script>\n<!-- \/ Yoast SEO plugin. -->","yoast_head_json":{"title":"X\u00e0tiva a la Fresca porta el cinema i la m\u00fasica a diferents espais de la ciutat - X\u00e0tiva Turismo","description":"El cicle de cinema d\u2019estiu i m\u00fasica al carrer X\u00e0tiva a la Fresca centra l\u2019agenda cultural del mes de juliol, en diferentes espacios de la ciudad.","robots":{"index":"index","follow":"follow","max-snippet":"max-snippet:-1","max-image-preview":"max-image-preview:large","max-video-preview":"max-video-preview:-1"},"canonical":"https:\/\/xativaturismo.com\/val\/xativa-a-la-fresca-porta-el-cinema-i-la-musica-a-diferents-espais-de-la-ciutat\/","og_locale":"ca_ES","og_type":"article","og_title":"X\u00e0tiva a la Fresca porta el cinema i la m\u00fasica a diferents espais de la ciutat","og_description":"El cicle de cinema d\u2019estiu i m\u00fasica al carrer X\u00e0tiva a la Fresca centra l\u2019agenda cultural del mes de juliol, en diferentes espacios de la ciudad.","og_url":"https:\/\/xativaturismo.com\/val\/xativa-a-la-fresca-porta-el-cinema-i-la-musica-a-diferents-espais-de-la-ciutat\/","og_site_name":"X\u00e0tiva Turismo","article_publisher":"https:\/\/www.facebook.com\/XativaTurisme","article_published_time":"2019-07-01T11:49:49+00:00","article_modified_time":"2019-07-01T15:32:27+00:00","og_image":[{"width":846,"height":480,"url":"https:\/\/xativaturismo.com\/wp-content\/uploads\/2016\/01\/castell-menor-8.jpg","type":"image\/jpeg"}],"author":"Edit Orial","twitter_card":"summary_large_image","twitter_title":"X\u00e0tiva a la Fresca porta el cinema i la m\u00fasica a diferents espais de la ciutat","twitter_description":"El cicle de cinema d\u2019estiu i m\u00fasica al carrer X\u00e0tiva a la Fresca centra l\u2019agenda cultural del mes de juliol, en diferentes espacios de la ciudad.","twitter_creator":"@XativaTurisme","twitter_site":"@XativaTurisme","twitter_misc":{"Written by":"Edit Orial","Est. reading time":"1 minute"},"schema":{"@context":"https:\/\/schema.org","@graph":[{"@type":"Article","@id":"https:\/\/xativaturismo.com\/val\/xativa-a-la-fresca-porta-el-cinema-i-la-musica-a-diferents-espais-de-la-ciutat\/#article","isPartOf":{"@id":"https:\/\/xativaturismo.com\/val\/xativa-a-la-fresca-porta-el-cinema-i-la-musica-a-diferents-espais-de-la-ciutat\/"},"author":{"name":"Edit Orial","@id":"https:\/\/xativaturismo.com\/#\/schema\/person\/076ef82c001ca23709c36cf13a96ee7d"},"headline":"X\u00e0tiva a la Fresca porta el cinema i la m\u00fasica a diferents espais de la ciutat","datePublished":"2019-07-01T11:49:49+00:00","dateModified":"2019-07-01T15:32:27+00:00","mainEntityOfPage":{"@id":"https:\/\/xativaturismo.com\/val\/xativa-a-la-fresca-porta-el-cinema-i-la-musica-a-diferents-espais-de-la-ciutat\/"},"wordCount":293,"publisher":{"@id":"https:\/\/xativaturismo.com\/#organization"},"articleSection":["Actualitat","Cultura"],"inLanguage":"ca"},{"@type":"WebPage","@id":"https:\/\/xativaturismo.com\/val\/xativa-a-la-fresca-porta-el-cinema-i-la-musica-a-diferents-espais-de-la-ciutat\/","url":"https:\/\/xativaturismo.com\/val\/xativa-a-la-fresca-porta-el-cinema-i-la-musica-a-diferents-espais-de-la-ciutat\/","name":"X\u00e0tiva a la Fresca porta el cinema i la m\u00fasica a diferents espais de la ciutat - X\u00e0tiva Turismo","isPartOf":{"@id":"https:\/\/xativaturismo.com\/#website"},"datePublished":"2019-07-01T11:49:49+00:00","dateModified":"2019-07-01T15:32:27+00:00","description":"El cicle de cinema d\u2019estiu i m\u00fasica al carrer X\u00e0tiva a la Fresca centra l\u2019agenda cultural del mes de juliol, en diferentes espacios de la ciudad.","breadcrumb":{"@id":"https:\/\/xativaturismo.com\/val\/xativa-a-la-fresca-porta-el-cinema-i-la-musica-a-diferents-espais-de-la-ciutat\/#breadcrumb"},"inLanguage":"ca","potentialAction":[{"@type":"ReadAction","target":["https:\/\/xativaturismo.com\/val\/xativa-a-la-fresca-porta-el-cinema-i-la-musica-a-diferents-espais-de-la-ciutat\/"]}]},{"@type":"BreadcrumbList","@id":"https:\/\/xativaturismo.com\/val\/xativa-a-la-fresca-porta-el-cinema-i-la-musica-a-diferents-espais-de-la-ciutat\/#breadcrumb","itemListElement":[{"@type":"ListItem","position":1,"name":"Portada","item":"https:\/\/xativaturismo.com\/val\/inicio-copy-2\/"},{"@type":"ListItem","position":2,"name":"X\u00e0tiva a la Fresca porta el cinema i la m\u00fasica a diferents espais de la ciutat"}]},{"@type":"WebSite","@id":"https:\/\/xativaturismo.com\/#website","url":"https:\/\/xativaturismo.com\/","name":"X\u00e0tiva Turismo","description":"Bienvenidos a la oficina de Turismo de X\u00e0tiva","publisher":{"@id":"https:\/\/xativaturismo.com\/#organization"},"potentialAction":[{"@type":"SearchAction","target":{"@type":"EntryPoint","urlTemplate":"https:\/\/xativaturismo.com\/?s={search_term_string}"},"query-input":{"@type":"PropertyValueSpecification","valueRequired":true,"valueName":"search_term_string"}}],"inLanguage":"ca"},{"@type":"Organization","@id":"https:\/\/xativaturismo.com\/#organization","name":"X\u00e0tiva Turismo","url":"https:\/\/xativaturismo.com\/","logo":{"@type":"ImageObject","inLanguage":"ca","@id":"https:\/\/xativaturismo.com\/#\/schema\/logo\/image\/","url":"https:\/\/xativaturismo.com\/wp-content\/uploads\/2020\/10\/logo-lila512-2.png","contentUrl":"https:\/\/xativaturismo.com\/wp-content\/uploads\/2020\/10\/logo-lila512-2.png","width":445,"height":512,"caption":"X\u00e0tiva Turismo"},"image":{"@id":"https:\/\/xativaturismo.com\/#\/schema\/logo\/image\/"},"sameAs":["https:\/\/www.facebook.com\/XativaTurisme","https:\/\/x.com\/XativaTurisme"]},{"@type":"Person","@id":"https:\/\/xativaturismo.com\/#\/schema\/person\/076ef82c001ca23709c36cf13a96ee7d","name":"Edit Orial","image":{"@type":"ImageObject","inLanguage":"ca","@id":"https:\/\/xativaturismo.com\/#\/schema\/person\/image\/","url":"https:\/\/secure.gravatar.com\/avatar\/8e23460bf094742a301ecd4741c5b42b22f6fd944b7a3e55260bb476eccfd123?s=96&d=mm&r=g","contentUrl":"https:\/\/secure.gravatar.com\/avatar\/8e23460bf094742a301ecd4741c5b42b22f6fd944b7a3e55260bb476eccfd123?s=96&d=mm&r=g","caption":"Edit Orial"},"url":"https:\/\/xativaturismo.com\/val\/author\/autoripress\/"}]}},"_links":{"self":[{"href":"https:\/\/xativaturismo.com\/val\/wp-json\/wp\/v2\/posts\/19726","targetHints":{"allow":["GET"]}}],"collection":[{"href":"https:\/\/xativaturismo.com\/val\/wp-json\/wp\/v2\/posts"}],"about":[{"href":"https:\/\/xativaturismo.com\/val\/wp-json\/wp\/v2\/types\/post"}],"author":[{"embeddable":true,"href":"https:\/\/xativaturismo.com\/val\/wp-json\/wp\/v2\/users\/10"}],"replies":[{"embeddable":true,"href":"https:\/\/xativaturismo.com\/val\/wp-json\/wp\/v2\/comments?post=19726"}],"version-history":[{"count":0,"href":"https:\/\/xativaturismo.com\/val\/wp-json\/wp\/v2\/posts\/19726\/revisions"}],"wp:attachment":[{"href":"https:\/\/xativaturismo.com\/val\/wp-json\/wp\/v2\/media?parent=19726"}],"wp:term":[{"taxonomy":"category","embeddable":true,"href":"https:\/\/xativaturismo.com\/val\/wp-json\/wp\/v2\/categories?post=19726"},{"taxonomy":"post_tag","embeddable":true,"href":"https:\/\/xativaturismo.com\/val\/wp-json\/wp\/v2\/tags?post=19726"}],"curies":[{"name":"wp","href":"https:\/\/api.w.org\/{rel}","templated":true}]}}