{"id":19593,"date":"2019-05-14T07:36:36","date_gmt":"2019-05-14T07:36:36","guid":{"rendered":"https:\/\/xativaturismo.com\/segona-edicio-de-la-universitat-de-primavera-a-xativa-copy\/"},"modified":"2019-05-14T08:15:32","modified_gmt":"2019-05-14T08:15:32","slug":"visites-guiades-gratuites-per-a-celebrar-el-dia-dels-museus","status":"publish","type":"post","link":"https:\/\/xativaturismo.com\/val\/visites-guiades-gratuites-per-a-celebrar-el-dia-dels-museus\/","title":{"rendered":"Visites guiades gratu\u00eftes per a celebrar El Dia dels Museus"},"content":{"rendered":"<div class=\"wpb-content-wrapper\">[vc_row][vc_column][vc_column_text css=&#8221;.vc_custom_1557821693545{margin-bottom: 0px !important;}&#8221;]Amb motiu de la commemoraci\u00f3 del <em>Dia Internacional dels Museus<\/em>, el cap de setmana del <strong>18 al 19 de maig,<\/strong> l&#8217;entrada als Museus de X\u00e0tiva ser\u00e0 gratu\u00efta. Al mateix temps el dissabte i diumenge,\u00a0 a les 10 i les 12 hores,\u00a0 s&#8217;oferiran <strong>visites guiades<\/strong> al museu de la Casa de l&#8217;Ensenyan\u00e7a, tamb\u00e9 de <strong>car\u00e0cter gratu\u00eft<\/strong>.<\/p>\n<p>El <strong>Museu de Belles Arts<\/strong> de la Casa de l&#8217;Ensenyan\u00e7a compta amb una de les col\u00b7leccions pict\u00f2riques p\u00fabliques m\u00e9s importants de la Comunitat Valenciana, amb obres de Ribera, Goya, Vicente L\u00f3pez, Santiago Rusi\u00f1ol, Benlliure i Antoni Mir\u00f3, entre molts altres autors. Exposa tamb\u00e9 destacades peces escult\u00f2riques i de picapedrer. Cal destacar l\u2019ic\u00f2nic retrat de Felip V, invertit cap per avall, en venjan\u00e7a per haver ordenat l\u2019incendi de X\u00e0tiva el 1707.<\/p>\n<p>A m\u00e9s de la seua col\u00b7lecci\u00f3 permanent, aquest museu \u00e9s un dels quatre espais expositius de l&#8217;exposici\u00f3 &#8220;<a href=\"\/?p=19245\"><em>Sura com el desig i el dest\u00ed en la mem\u00f2ria<\/em><\/a>&#8220;, que recull 50 anys de producci\u00f3 art\u00edstica del pintor xativ\u00ed Artur Heras, mostrant algunes peces in\u00e8dites en qu\u00e8 l&#8217;artista ha estat treballant durant els \u00faltims 15 mesos. A m\u00e9s, la mostra es pot veure al convent de <strong>Sant Dom\u00e8nec<\/strong>, al <strong>Palau de l&#8217;Ardiaca<\/strong> i a la <strong>Capella de l&#8217;Assumpci\u00f3<\/strong> a l&#8217;Hospital. Es troba oberta de dimarts a diumenge, de 10 a 14 hores i els dissabtes de 16 a 19 hores.<\/p>\n<p><strong>El Museu de l&#8217;Almod\u00ed<\/strong> es un modern espai expositiu dedicat a conservar, investigar i difondre el ric patrimoni arqueol\u00f2gic de X\u00e0tiva. Compta amb reproduccions de les primeres restes trobades en la Cova Negra, peces ib\u00e8riques, romanes, visigodes i musulmanes. La pe\u00e7a senyera de la col\u00b7lecci\u00f3 \u00e9s la <strong>pica isl\u00e0mica<\/strong> del segle XI, obra excepcional de l\u2019art musulm\u00e0 que ha estat prestada a les exposicions internacionals m\u00e9s importants d\u2019art isl\u00e0mic que s\u2019han fet en els darrers anys.<br \/>\nEl museu es troba situat en el valu\u00f3s edifici del mateix nom, antiga llotja del blat constru\u00efda a mitjans del segle XVI, en qu\u00e8 destaca la fa\u00e7ana g\u00f2tica original i un excepcional pati renaixentista amb columnes j\u00f2niques.[\/vc_column_text][\/vc_column][\/vc_row]\n<\/div>","protected":false},"excerpt":{"rendered":"<p>L&#8217;entrada als Museus de X\u00e0tiva ser\u00e0 gratu\u00efta el 18 i el 19 de maig amb motiu de la commemoraci\u00f3 del Dia Internacional dels Museus. Al mateix temps el dissabte i diumenge, a les 10 i les 12 hores, s&#8217;oferiran visites guiades al museu de la Casa de l&#8217;Ensenyan\u00e7a, tamb\u00e9 de car\u00e0cter gratu\u00eft.<\/p>\n","protected":false},"author":10,"featured_media":0,"comment_status":"closed","ping_status":"closed","sticky":false,"template":"","format":"standard","meta":{"_price":"","_stock":"","_tribe_ticket_header":"","_tribe_default_ticket_provider":"","_ticket_start_date":"","_ticket_end_date":"","_tribe_ticket_show_description":"","_tribe_ticket_show_not_going":false,"_tribe_ticket_use_global_stock":"","_tribe_ticket_global_stock_level":"","_global_stock_mode":"","_global_stock_cap":"","_tribe_rsvp_for_event":"","_tribe_ticket_going_count":"","_tribe_ticket_not_going_count":"","_tribe_tickets_list":"[]","_tribe_ticket_has_attendee_info_fields":false,"footnotes":""},"categories":[23,24],"tags":[],"class_list":["post-19593","post","type-post","status-publish","format-standard","hentry","category-actualidad-val","category-cultura-val"],"yoast_head":"<!-- This site is optimized with the Yoast SEO plugin v27.0 - https:\/\/yoast.com\/product\/yoast-seo-wordpress\/ -->\n<title>Visites guiades gratu\u00eftes per a celebrar El Dia dels Museus - X\u00e0tiva Turismo<\/title>\n<meta name=\"description\" content=\"L&#039;entrada als Museus de X\u00e0tiva ser\u00e0 gratu\u00efta el 18 i el 19 de maig amb motiu de la commemoraci\u00f3 del Dia Internacional dels Museus.\" \/>\n<meta name=\"robots\" content=\"index, follow, max-snippet:-1, max-image-preview:large, max-video-preview:-1\" \/>\n<link rel=\"canonical\" href=\"https:\/\/xativaturismo.com\/val\/visites-guiades-gratuites-per-a-celebrar-el-dia-dels-museus\/\" \/>\n<meta property=\"og:locale\" content=\"ca_ES\" \/>\n<meta property=\"og:type\" content=\"article\" \/>\n<meta property=\"og:title\" content=\"El Dia dels Museus es celebra a X\u00e0tiva\" \/>\n<meta property=\"og:description\" content=\"L&#039;entrada als Museus de X\u00e0tiva ser\u00e0 gratu\u00efta el 18 i el 19 de maig amb motiu de la commemoraci\u00f3 del Dia Internacional dels Museus. Al mateix temps el dissabte i diumenge, a les 10 i les 12 hores, s&#039;oferiran visites guiades al museu de la Casa de l&#039;Ensenyan\u00e7a, tamb\u00e9 de car\u00e0cter gratu\u00eft.\" \/>\n<meta property=\"og:url\" content=\"https:\/\/xativaturismo.com\/val\/visites-guiades-gratuites-per-a-celebrar-el-dia-dels-museus\/\" \/>\n<meta property=\"og:site_name\" content=\"X\u00e0tiva Turismo\" \/>\n<meta property=\"article:publisher\" content=\"https:\/\/www.facebook.com\/XativaTurisme\" \/>\n<meta property=\"article:published_time\" content=\"2019-05-14T07:36:36+00:00\" \/>\n<meta property=\"article:modified_time\" content=\"2019-05-14T08:15:32+00:00\" \/>\n<meta property=\"og:image\" content=\"https:\/\/xativaturismo.com\/wp-content\/uploads\/2019\/05\/museus-facebook.jpg\" \/>\n\t<meta property=\"og:image:width\" content=\"1200\" \/>\n\t<meta property=\"og:image:height\" content=\"630\" \/>\n\t<meta property=\"og:image:type\" content=\"image\/jpeg\" \/>\n<meta name=\"author\" content=\"Edit Orial\" \/>\n<meta name=\"twitter:card\" content=\"summary_large_image\" \/>\n<meta name=\"twitter:title\" content=\"El Dia dels Museus es celebra a X\u00e0tiva\" \/>\n<meta name=\"twitter:description\" content=\"L&#039;entrada als Museus de X\u00e0tiva ser\u00e0 gratu\u00efta el 18 i el 19 de maig amb motiu de la commemoraci\u00f3 del Dia Internacional dels Museus. Al mateix temps el dissabte i diumenge, a les 10 i les 12 hores, s&#039;oferiran visites guiades al museu de la Casa de l&#039;Ensenyan\u00e7a, tamb\u00e9 de car\u00e0cter gratu\u00eft.\" \/>\n<meta name=\"twitter:image\" content=\"https:\/\/xativaturismo.com\/wp-content\/uploads\/2019\/05\/museus-facebook.jpg\" \/>\n<meta name=\"twitter:creator\" content=\"@XativaTurisme\" \/>\n<meta name=\"twitter:site\" content=\"@XativaTurisme\" \/>\n<meta name=\"twitter:label1\" content=\"Written by\" \/>\n\t<meta name=\"twitter:data1\" content=\"Edit Orial\" \/>\n\t<meta name=\"twitter:label2\" content=\"Est. reading time\" \/>\n\t<meta name=\"twitter:data2\" content=\"2 minutes\" \/>\n<script type=\"application\/ld+json\" class=\"yoast-schema-graph\">{\"@context\":\"https:\/\/schema.org\",\"@graph\":[{\"@type\":\"Article\",\"@id\":\"https:\/\/xativaturismo.com\/val\/visites-guiades-gratuites-per-a-celebrar-el-dia-dels-museus\/#article\",\"isPartOf\":{\"@id\":\"https:\/\/xativaturismo.com\/val\/visites-guiades-gratuites-per-a-celebrar-el-dia-dels-museus\/\"},\"author\":{\"name\":\"Edit Orial\",\"@id\":\"https:\/\/xativaturismo.com\/#\/schema\/person\/076ef82c001ca23709c36cf13a96ee7d\"},\"headline\":\"Visites guiades gratu\u00eftes per a celebrar El Dia dels Museus\",\"datePublished\":\"2019-05-14T07:36:36+00:00\",\"dateModified\":\"2019-05-14T08:15:32+00:00\",\"mainEntityOfPage\":{\"@id\":\"https:\/\/xativaturismo.com\/val\/visites-guiades-gratuites-per-a-celebrar-el-dia-dels-museus\/\"},\"wordCount\":397,\"publisher\":{\"@id\":\"https:\/\/xativaturismo.com\/#organization\"},\"articleSection\":[\"Actualitat\",\"Cultura\"],\"inLanguage\":\"ca\"},{\"@type\":\"WebPage\",\"@id\":\"https:\/\/xativaturismo.com\/val\/visites-guiades-gratuites-per-a-celebrar-el-dia-dels-museus\/\",\"url\":\"https:\/\/xativaturismo.com\/val\/visites-guiades-gratuites-per-a-celebrar-el-dia-dels-museus\/\",\"name\":\"Visites guiades gratu\u00eftes per a celebrar El Dia dels Museus - X\u00e0tiva Turismo\",\"isPartOf\":{\"@id\":\"https:\/\/xativaturismo.com\/#website\"},\"datePublished\":\"2019-05-14T07:36:36+00:00\",\"dateModified\":\"2019-05-14T08:15:32+00:00\",\"description\":\"L'entrada als Museus de X\u00e0tiva ser\u00e0 gratu\u00efta el 18 i el 19 de maig amb motiu de la commemoraci\u00f3 del Dia Internacional dels Museus.\",\"breadcrumb\":{\"@id\":\"https:\/\/xativaturismo.com\/val\/visites-guiades-gratuites-per-a-celebrar-el-dia-dels-museus\/#breadcrumb\"},\"inLanguage\":\"ca\",\"potentialAction\":[{\"@type\":\"ReadAction\",\"target\":[\"https:\/\/xativaturismo.com\/val\/visites-guiades-gratuites-per-a-celebrar-el-dia-dels-museus\/\"]}]},{\"@type\":\"BreadcrumbList\",\"@id\":\"https:\/\/xativaturismo.com\/val\/visites-guiades-gratuites-per-a-celebrar-el-dia-dels-museus\/#breadcrumb\",\"itemListElement\":[{\"@type\":\"ListItem\",\"position\":1,\"name\":\"Portada\",\"item\":\"https:\/\/xativaturismo.com\/val\/\"},{\"@type\":\"ListItem\",\"position\":2,\"name\":\"Visites guiades gratu\u00eftes per a celebrar El Dia dels Museus\"}]},{\"@type\":\"WebSite\",\"@id\":\"https:\/\/xativaturismo.com\/#website\",\"url\":\"https:\/\/xativaturismo.com\/\",\"name\":\"X\u00e0tiva Turismo\",\"description\":\"Bienvenidos a la oficina de Turismo de X\u00e0tiva\",\"publisher\":{\"@id\":\"https:\/\/xativaturismo.com\/#organization\"},\"potentialAction\":[{\"@type\":\"SearchAction\",\"target\":{\"@type\":\"EntryPoint\",\"urlTemplate\":\"https:\/\/xativaturismo.com\/?s={search_term_string}\"},\"query-input\":{\"@type\":\"PropertyValueSpecification\",\"valueRequired\":true,\"valueName\":\"search_term_string\"}}],\"inLanguage\":\"ca\"},{\"@type\":\"Organization\",\"@id\":\"https:\/\/xativaturismo.com\/#organization\",\"name\":\"X\u00e0tiva Turismo\",\"url\":\"https:\/\/xativaturismo.com\/\",\"logo\":{\"@type\":\"ImageObject\",\"inLanguage\":\"ca\",\"@id\":\"https:\/\/xativaturismo.com\/#\/schema\/logo\/image\/\",\"url\":\"https:\/\/xativaturismo.com\/wp-content\/uploads\/2020\/10\/logo-lila512-2.png\",\"contentUrl\":\"https:\/\/xativaturismo.com\/wp-content\/uploads\/2020\/10\/logo-lila512-2.png\",\"width\":445,\"height\":512,\"caption\":\"X\u00e0tiva Turismo\"},\"image\":{\"@id\":\"https:\/\/xativaturismo.com\/#\/schema\/logo\/image\/\"},\"sameAs\":[\"https:\/\/www.facebook.com\/XativaTurisme\",\"https:\/\/x.com\/XativaTurisme\"]},{\"@type\":\"Person\",\"@id\":\"https:\/\/xativaturismo.com\/#\/schema\/person\/076ef82c001ca23709c36cf13a96ee7d\",\"name\":\"Edit Orial\",\"image\":{\"@type\":\"ImageObject\",\"inLanguage\":\"ca\",\"@id\":\"https:\/\/xativaturismo.com\/#\/schema\/person\/image\/\",\"url\":\"https:\/\/secure.gravatar.com\/avatar\/8e23460bf094742a301ecd4741c5b42b22f6fd944b7a3e55260bb476eccfd123?s=96&d=mm&r=g\",\"contentUrl\":\"https:\/\/secure.gravatar.com\/avatar\/8e23460bf094742a301ecd4741c5b42b22f6fd944b7a3e55260bb476eccfd123?s=96&d=mm&r=g\",\"caption\":\"Edit Orial\"},\"url\":\"https:\/\/xativaturismo.com\/val\/author\/autoripress\/\"}]}<\/script>\n<!-- \/ Yoast SEO plugin. -->","yoast_head_json":{"title":"Visites guiades gratu\u00eftes per a celebrar El Dia dels Museus - X\u00e0tiva Turismo","description":"L'entrada als Museus de X\u00e0tiva ser\u00e0 gratu\u00efta el 18 i el 19 de maig amb motiu de la commemoraci\u00f3 del Dia Internacional dels Museus.","robots":{"index":"index","follow":"follow","max-snippet":"max-snippet:-1","max-image-preview":"max-image-preview:large","max-video-preview":"max-video-preview:-1"},"canonical":"https:\/\/xativaturismo.com\/val\/visites-guiades-gratuites-per-a-celebrar-el-dia-dels-museus\/","og_locale":"ca_ES","og_type":"article","og_title":"El Dia dels Museus es celebra a X\u00e0tiva","og_description":"L'entrada als Museus de X\u00e0tiva ser\u00e0 gratu\u00efta el 18 i el 19 de maig amb motiu de la commemoraci\u00f3 del Dia Internacional dels Museus. Al mateix temps el dissabte i diumenge, a les 10 i les 12 hores, s'oferiran visites guiades al museu de la Casa de l'Ensenyan\u00e7a, tamb\u00e9 de car\u00e0cter gratu\u00eft.","og_url":"https:\/\/xativaturismo.com\/val\/visites-guiades-gratuites-per-a-celebrar-el-dia-dels-museus\/","og_site_name":"X\u00e0tiva Turismo","article_publisher":"https:\/\/www.facebook.com\/XativaTurisme","article_published_time":"2019-05-14T07:36:36+00:00","article_modified_time":"2019-05-14T08:15:32+00:00","og_image":[{"width":1200,"height":630,"url":"https:\/\/xativaturismo.com\/wp-content\/uploads\/2019\/05\/museus-facebook.jpg","type":"image\/jpeg"}],"author":"Edit Orial","twitter_card":"summary_large_image","twitter_title":"El Dia dels Museus es celebra a X\u00e0tiva","twitter_description":"L'entrada als Museus de X\u00e0tiva ser\u00e0 gratu\u00efta el 18 i el 19 de maig amb motiu de la commemoraci\u00f3 del Dia Internacional dels Museus. Al mateix temps el dissabte i diumenge, a les 10 i les 12 hores, s'oferiran visites guiades al museu de la Casa de l'Ensenyan\u00e7a, tamb\u00e9 de car\u00e0cter gratu\u00eft.","twitter_image":"https:\/\/xativaturismo.com\/wp-content\/uploads\/2019\/05\/museus-facebook.jpg","twitter_creator":"@XativaTurisme","twitter_site":"@XativaTurisme","twitter_misc":{"Written by":"Edit Orial","Est. reading time":"2 minutes"},"schema":{"@context":"https:\/\/schema.org","@graph":[{"@type":"Article","@id":"https:\/\/xativaturismo.com\/val\/visites-guiades-gratuites-per-a-celebrar-el-dia-dels-museus\/#article","isPartOf":{"@id":"https:\/\/xativaturismo.com\/val\/visites-guiades-gratuites-per-a-celebrar-el-dia-dels-museus\/"},"author":{"name":"Edit Orial","@id":"https:\/\/xativaturismo.com\/#\/schema\/person\/076ef82c001ca23709c36cf13a96ee7d"},"headline":"Visites guiades gratu\u00eftes per a celebrar El Dia dels Museus","datePublished":"2019-05-14T07:36:36+00:00","dateModified":"2019-05-14T08:15:32+00:00","mainEntityOfPage":{"@id":"https:\/\/xativaturismo.com\/val\/visites-guiades-gratuites-per-a-celebrar-el-dia-dels-museus\/"},"wordCount":397,"publisher":{"@id":"https:\/\/xativaturismo.com\/#organization"},"articleSection":["Actualitat","Cultura"],"inLanguage":"ca"},{"@type":"WebPage","@id":"https:\/\/xativaturismo.com\/val\/visites-guiades-gratuites-per-a-celebrar-el-dia-dels-museus\/","url":"https:\/\/xativaturismo.com\/val\/visites-guiades-gratuites-per-a-celebrar-el-dia-dels-museus\/","name":"Visites guiades gratu\u00eftes per a celebrar El Dia dels Museus - X\u00e0tiva Turismo","isPartOf":{"@id":"https:\/\/xativaturismo.com\/#website"},"datePublished":"2019-05-14T07:36:36+00:00","dateModified":"2019-05-14T08:15:32+00:00","description":"L'entrada als Museus de X\u00e0tiva ser\u00e0 gratu\u00efta el 18 i el 19 de maig amb motiu de la commemoraci\u00f3 del Dia Internacional dels Museus.","breadcrumb":{"@id":"https:\/\/xativaturismo.com\/val\/visites-guiades-gratuites-per-a-celebrar-el-dia-dels-museus\/#breadcrumb"},"inLanguage":"ca","potentialAction":[{"@type":"ReadAction","target":["https:\/\/xativaturismo.com\/val\/visites-guiades-gratuites-per-a-celebrar-el-dia-dels-museus\/"]}]},{"@type":"BreadcrumbList","@id":"https:\/\/xativaturismo.com\/val\/visites-guiades-gratuites-per-a-celebrar-el-dia-dels-museus\/#breadcrumb","itemListElement":[{"@type":"ListItem","position":1,"name":"Portada","item":"https:\/\/xativaturismo.com\/val\/"},{"@type":"ListItem","position":2,"name":"Visites guiades gratu\u00eftes per a celebrar El Dia dels Museus"}]},{"@type":"WebSite","@id":"https:\/\/xativaturismo.com\/#website","url":"https:\/\/xativaturismo.com\/","name":"X\u00e0tiva Turismo","description":"Bienvenidos a la oficina de Turismo de X\u00e0tiva","publisher":{"@id":"https:\/\/xativaturismo.com\/#organization"},"potentialAction":[{"@type":"SearchAction","target":{"@type":"EntryPoint","urlTemplate":"https:\/\/xativaturismo.com\/?s={search_term_string}"},"query-input":{"@type":"PropertyValueSpecification","valueRequired":true,"valueName":"search_term_string"}}],"inLanguage":"ca"},{"@type":"Organization","@id":"https:\/\/xativaturismo.com\/#organization","name":"X\u00e0tiva Turismo","url":"https:\/\/xativaturismo.com\/","logo":{"@type":"ImageObject","inLanguage":"ca","@id":"https:\/\/xativaturismo.com\/#\/schema\/logo\/image\/","url":"https:\/\/xativaturismo.com\/wp-content\/uploads\/2020\/10\/logo-lila512-2.png","contentUrl":"https:\/\/xativaturismo.com\/wp-content\/uploads\/2020\/10\/logo-lila512-2.png","width":445,"height":512,"caption":"X\u00e0tiva Turismo"},"image":{"@id":"https:\/\/xativaturismo.com\/#\/schema\/logo\/image\/"},"sameAs":["https:\/\/www.facebook.com\/XativaTurisme","https:\/\/x.com\/XativaTurisme"]},{"@type":"Person","@id":"https:\/\/xativaturismo.com\/#\/schema\/person\/076ef82c001ca23709c36cf13a96ee7d","name":"Edit Orial","image":{"@type":"ImageObject","inLanguage":"ca","@id":"https:\/\/xativaturismo.com\/#\/schema\/person\/image\/","url":"https:\/\/secure.gravatar.com\/avatar\/8e23460bf094742a301ecd4741c5b42b22f6fd944b7a3e55260bb476eccfd123?s=96&d=mm&r=g","contentUrl":"https:\/\/secure.gravatar.com\/avatar\/8e23460bf094742a301ecd4741c5b42b22f6fd944b7a3e55260bb476eccfd123?s=96&d=mm&r=g","caption":"Edit Orial"},"url":"https:\/\/xativaturismo.com\/val\/author\/autoripress\/"}]}},"_links":{"self":[{"href":"https:\/\/xativaturismo.com\/val\/wp-json\/wp\/v2\/posts\/19593","targetHints":{"allow":["GET"]}}],"collection":[{"href":"https:\/\/xativaturismo.com\/val\/wp-json\/wp\/v2\/posts"}],"about":[{"href":"https:\/\/xativaturismo.com\/val\/wp-json\/wp\/v2\/types\/post"}],"author":[{"embeddable":true,"href":"https:\/\/xativaturismo.com\/val\/wp-json\/wp\/v2\/users\/10"}],"replies":[{"embeddable":true,"href":"https:\/\/xativaturismo.com\/val\/wp-json\/wp\/v2\/comments?post=19593"}],"version-history":[{"count":0,"href":"https:\/\/xativaturismo.com\/val\/wp-json\/wp\/v2\/posts\/19593\/revisions"}],"wp:attachment":[{"href":"https:\/\/xativaturismo.com\/val\/wp-json\/wp\/v2\/media?parent=19593"}],"wp:term":[{"taxonomy":"category","embeddable":true,"href":"https:\/\/xativaturismo.com\/val\/wp-json\/wp\/v2\/categories?post=19593"},{"taxonomy":"post_tag","embeddable":true,"href":"https:\/\/xativaturismo.com\/val\/wp-json\/wp\/v2\/tags?post=19593"}],"curies":[{"name":"wp","href":"https:\/\/api.w.org\/{rel}","templated":true}]}}