{"id":19245,"date":"2019-03-26T08:56:17","date_gmt":"2019-03-26T08:56:17","guid":{"rendered":"https:\/\/xativaturismo.com\/?p=19245"},"modified":"2019-04-17T13:37:25","modified_gmt":"2019-04-17T13:37:25","slug":"gran-exposicio-antologica-dartur-heras","status":"publish","type":"post","link":"https:\/\/xativaturismo.com\/val\/gran-exposicio-antologica-dartur-heras\/","title":{"rendered":"Gran exposici\u00f3 antol\u00f2gica d\u2019Artur Heras"},"content":{"rendered":"<div class=\"wpb-content-wrapper\">[vc_row][vc_column][vc_column_text css=&#8221;.vc_custom_1555508144290{margin-bottom: 0px !important;}&#8221;]<em>Sura com el desig i el dest\u00ed en la mem\u00f2ria<\/em> \u00e9s el t\u00edtol de la gran <strong>exposici\u00f3 antol\u00f2gica d\u2019Artur Heras<\/strong>, que recollir\u00e0 50 anys de producci\u00f3 art\u00edstica del pintor xativ\u00ed. Es tracta, sens dubte, d\u2019una de les exposicions m\u00e9s destacades de les que s\u2019han presentant a X\u00e0tiva els darrers anys. Tota una fita cultural que ocupar\u00e0 el Museu de Belles Arts de la Casa de l\u2019Ensenyan\u00e7a, la capella de l\u2019Hospital Reial, el convent de Sant Dom\u00e8nec i el Palau de l\u2019Ardiaca, del 29 de mar\u00e7 al 29 de maig de 2019.<\/p>\n<p>Algun d\u2019aquests espais, com ara el Palau de l\u2019Ardiaca i la Capella de l\u2019Assumpci\u00f3 a l\u2019Hospital, <strong>s\u2019estrenen com a espais expositius<\/strong> per a l\u2019ocasi\u00f3. La mostra, en qu\u00e8 l\u2019artista ha treballat durant 15 mesos, presentar\u00e0 unes quantes peces in\u00e8dites i representar\u00e0 d\u2019alguna manera un homenatge de la ciutat al seu artista.<\/p>\n<p>Cadascun dels espais, tots ells ben representatius del patrimoni cultural xativ\u00ed, recollir\u00e0 una conjunt d\u2019obres agrupades sota una tem\u00e0tica. La<strong> <a href=\"\/?page_id=9425\" target=\"_blank\" rel=\"noopener noreferrer\">Casa de l\u2019Ensenyan\u00e7a<\/a> <\/strong>acollir\u00e0 <em>Origen<\/em>, amb peces al\u00b7lusives al paisatge i paisanatge d\u2019aquella ciutat de fa 50 anys, on s\u2019inclouen refer\u00e8ncies als inicis del pintor pels voltants del carrer de les \u00c0nimes, on va n\u00e0ixer el 1945. Al convent de <strong><a href=\"\/?page_id=9339\" target=\"_blank\" rel=\"noopener noreferrer\">Sant Dom\u00e8nec<\/a><\/strong> es mostrar\u00e0 <em>Mem\u00f2ria<\/em>, un recull d\u2019obres de gran format que repassen imatges recurrents de la seua llarga traject\u00f2ria. La <strong>capella de l\u2019Assumpci\u00f3<\/strong> es transformar\u00e0 en un homenatge a Alfons Roig, mestre i amic de l\u2019artista, amb la mostra <em>l&#8217;Amic<\/em>. Per \u00faltim el <strong>Palau de l\u2019Ardiaca<\/strong>, definit per Heras com <em>un budell de la ciutat que ning\u00fa sap que hi est\u00e0<\/em>, albergar\u00e0 la mostra <em>RibHeras<\/em>, un tribut d\u2019un artista xativ\u00ed a un altre com \u00e9s Josep de Ribera <em>l\u2019Espanyoleto.<\/em><\/p>\n<p>La mostra antol\u00f2gica d\u2019Artur Heras ha comptat amb el suport de la presid\u00e8ncia de la Generalitat. El comissari n\u2019\u00e9s <strong>Toni Mart\u00ednez<\/strong> i cat\u00e0leg de l\u2019exposici\u00f3 compta amb un text de l\u2019escriptor socarrat <strong>Toni Cucarella<\/strong>.<\/p>\n<p><em><strong>HORARI:<\/strong> De dimarts a diumenge, de 10.00 a 14.00 hores. Tamb\u00e9 dissabte vesprada, de 16.00 a 18.00 hores.<\/em><\/p>\n<p><em><strong>HORARI ESPECIAL SETMANA SANTA:<\/strong><\/em> Els dies 19, 20, 21, 22, 26, 27, 28 i 29 d&#8217;abril, tindran un horari d&#8217;apertura de 10.00 a 14.00 hores i de 16.00 a 19.00 hores.[\/vc_column_text][\/vc_column][\/vc_row][vc_row css=&#8221;.vc_custom_1553859423274{padding-top: 30px !important;}&#8221;][vc_column][vc_media_grid element_width=&#8221;3&#8243; grid_id=&#8221;vc_gid:1555508114376-b21701aa-8676-6&#8243; include=&#8221;19366,19338,19342,19346,19350,19354,19358,19362&#8243;][\/vc_column][\/vc_row]\n<\/div>","protected":false},"excerpt":{"rendered":"<p>Sura com el desig i el dest\u00ed en la mem\u00f2ria \u00e9s el t\u00edtol de la gran exposici\u00f3 antol\u00f2gica d\u2019Artur Heras, que recollir\u00e0 50 anys de producci\u00f3 art\u00edstica del pintor xativ\u00ed. Es tracta, sens dubte, d\u2019una de les exposicions m\u00e9s destacades de les que s\u2019han presentant a X\u00e0tiva els darrers anys. <\/p>\n","protected":false},"author":10,"featured_media":0,"comment_status":"closed","ping_status":"closed","sticky":false,"template":"","format":"standard","meta":{"_price":"","_stock":"","_tribe_ticket_header":"","_tribe_default_ticket_provider":"","_ticket_start_date":"","_ticket_end_date":"","_tribe_ticket_show_description":"","_tribe_ticket_show_not_going":false,"_tribe_ticket_use_global_stock":"","_tribe_ticket_global_stock_level":"","_global_stock_mode":"","_global_stock_cap":"","_tribe_rsvp_for_event":"","_tribe_ticket_going_count":"","_tribe_ticket_not_going_count":"","_tribe_tickets_list":"[]","_tribe_ticket_has_attendee_info_fields":false,"footnotes":""},"categories":[23,24],"tags":[],"class_list":["post-19245","post","type-post","status-publish","format-standard","hentry","category-actualidad-val","category-cultura-val"],"yoast_head":"<!-- This site is optimized with the Yoast SEO plugin v27.0 - https:\/\/yoast.com\/product\/yoast-seo-wordpress\/ -->\n<title>Gran exposici\u00f3 antol\u00f2gica d\u2019Artur Heras - X\u00e0tiva Turismo<\/title>\n<meta name=\"description\" content=\"Sura com el desig i el dest\u00ed en la mem\u00f2ria \u00e9s el t\u00edtol de la gran exposici\u00f3 antol\u00f2gica d\u2019Artur Heras, que recollir\u00e0 50 anys de producci\u00f3 art\u00edstica del pintor xativ\u00ed.\" \/>\n<meta name=\"robots\" content=\"index, follow, max-snippet:-1, max-image-preview:large, max-video-preview:-1\" \/>\n<link rel=\"canonical\" href=\"https:\/\/xativaturismo.com\/val\/gran-exposicio-antologica-dartur-heras\/\" \/>\n<meta property=\"og:locale\" content=\"ca_ES\" \/>\n<meta property=\"og:type\" content=\"article\" \/>\n<meta property=\"og:title\" content=\"Gran exposici\u00f3 antol\u00f2gica d\u2019Artur Heras\" \/>\n<meta property=\"og:description\" content=\"Sura com el desig i el dest\u00ed en la mem\u00f2ria \u00e9s el t\u00edtol de la gran exposici\u00f3 antol\u00f2gica d\u2019Artur Heras, que recollir\u00e0 50 anys de producci\u00f3 art\u00edstica del pintor xativ\u00ed.\" \/>\n<meta property=\"og:url\" content=\"https:\/\/xativaturismo.com\/val\/gran-exposicio-antologica-dartur-heras\/\" \/>\n<meta property=\"og:site_name\" content=\"X\u00e0tiva Turismo\" \/>\n<meta property=\"article:publisher\" content=\"https:\/\/www.facebook.com\/XativaTurisme\" \/>\n<meta property=\"article:published_time\" content=\"2019-03-26T08:56:17+00:00\" \/>\n<meta property=\"article:modified_time\" content=\"2019-04-17T13:37:25+00:00\" \/>\n<meta property=\"og:image\" content=\"https:\/\/xativaturismo.com\/wp-content\/uploads\/2016\/01\/castell-menor-8.jpg\" \/>\n\t<meta property=\"og:image:width\" content=\"846\" \/>\n\t<meta property=\"og:image:height\" content=\"480\" \/>\n\t<meta property=\"og:image:type\" content=\"image\/jpeg\" \/>\n<meta name=\"author\" content=\"Edit Orial\" \/>\n<meta name=\"twitter:card\" content=\"summary_large_image\" \/>\n<meta name=\"twitter:title\" content=\"Gran exposici\u00f3 antol\u00f2gica d\u2019Artur Heras\" \/>\n<meta name=\"twitter:description\" content=\"Sura com el desig i el dest\u00ed en la mem\u00f2ria \u00e9s el t\u00edtol de la gran exposici\u00f3 antol\u00f2gica d\u2019Artur Heras, que recollir\u00e0 50 anys de producci\u00f3 art\u00edstica del pintor xativ\u00ed.\" \/>\n<meta name=\"twitter:creator\" content=\"@XativaTurisme\" \/>\n<meta name=\"twitter:site\" content=\"@XativaTurisme\" \/>\n<meta name=\"twitter:label1\" content=\"Written by\" \/>\n\t<meta name=\"twitter:data1\" content=\"Edit Orial\" \/>\n\t<meta name=\"twitter:label2\" content=\"Est. reading time\" \/>\n\t<meta name=\"twitter:data2\" content=\"2 minutes\" \/>\n<script type=\"application\/ld+json\" class=\"yoast-schema-graph\">{\"@context\":\"https:\/\/schema.org\",\"@graph\":[{\"@type\":\"Article\",\"@id\":\"https:\/\/xativaturismo.com\/val\/gran-exposicio-antologica-dartur-heras\/#article\",\"isPartOf\":{\"@id\":\"https:\/\/xativaturismo.com\/val\/gran-exposicio-antologica-dartur-heras\/\"},\"author\":{\"name\":\"Edit Orial\",\"@id\":\"https:\/\/xativaturismo.com\/#\/schema\/person\/076ef82c001ca23709c36cf13a96ee7d\"},\"headline\":\"Gran exposici\u00f3 antol\u00f2gica d\u2019Artur Heras\",\"datePublished\":\"2019-03-26T08:56:17+00:00\",\"dateModified\":\"2019-04-17T13:37:25+00:00\",\"mainEntityOfPage\":{\"@id\":\"https:\/\/xativaturismo.com\/val\/gran-exposicio-antologica-dartur-heras\/\"},\"wordCount\":445,\"publisher\":{\"@id\":\"https:\/\/xativaturismo.com\/#organization\"},\"articleSection\":[\"Actualitat\",\"Cultura\"],\"inLanguage\":\"ca\"},{\"@type\":\"WebPage\",\"@id\":\"https:\/\/xativaturismo.com\/val\/gran-exposicio-antologica-dartur-heras\/\",\"url\":\"https:\/\/xativaturismo.com\/val\/gran-exposicio-antologica-dartur-heras\/\",\"name\":\"Gran exposici\u00f3 antol\u00f2gica d\u2019Artur Heras - X\u00e0tiva Turismo\",\"isPartOf\":{\"@id\":\"https:\/\/xativaturismo.com\/#website\"},\"datePublished\":\"2019-03-26T08:56:17+00:00\",\"dateModified\":\"2019-04-17T13:37:25+00:00\",\"description\":\"Sura com el desig i el dest\u00ed en la mem\u00f2ria \u00e9s el t\u00edtol de la gran exposici\u00f3 antol\u00f2gica d\u2019Artur Heras, que recollir\u00e0 50 anys de producci\u00f3 art\u00edstica del pintor xativ\u00ed.\",\"breadcrumb\":{\"@id\":\"https:\/\/xativaturismo.com\/val\/gran-exposicio-antologica-dartur-heras\/#breadcrumb\"},\"inLanguage\":\"ca\",\"potentialAction\":[{\"@type\":\"ReadAction\",\"target\":[\"https:\/\/xativaturismo.com\/val\/gran-exposicio-antologica-dartur-heras\/\"]}]},{\"@type\":\"BreadcrumbList\",\"@id\":\"https:\/\/xativaturismo.com\/val\/gran-exposicio-antologica-dartur-heras\/#breadcrumb\",\"itemListElement\":[{\"@type\":\"ListItem\",\"position\":1,\"name\":\"Portada\",\"item\":\"https:\/\/xativaturismo.com\/val\/inicio-copy-2\/\"},{\"@type\":\"ListItem\",\"position\":2,\"name\":\"Gran exposici\u00f3 antol\u00f2gica d\u2019Artur Heras\"}]},{\"@type\":\"WebSite\",\"@id\":\"https:\/\/xativaturismo.com\/#website\",\"url\":\"https:\/\/xativaturismo.com\/\",\"name\":\"X\u00e0tiva Turismo\",\"description\":\"Bienvenidos a la oficina de Turismo de X\u00e0tiva\",\"publisher\":{\"@id\":\"https:\/\/xativaturismo.com\/#organization\"},\"potentialAction\":[{\"@type\":\"SearchAction\",\"target\":{\"@type\":\"EntryPoint\",\"urlTemplate\":\"https:\/\/xativaturismo.com\/?s={search_term_string}\"},\"query-input\":{\"@type\":\"PropertyValueSpecification\",\"valueRequired\":true,\"valueName\":\"search_term_string\"}}],\"inLanguage\":\"ca\"},{\"@type\":\"Organization\",\"@id\":\"https:\/\/xativaturismo.com\/#organization\",\"name\":\"X\u00e0tiva Turismo\",\"url\":\"https:\/\/xativaturismo.com\/\",\"logo\":{\"@type\":\"ImageObject\",\"inLanguage\":\"ca\",\"@id\":\"https:\/\/xativaturismo.com\/#\/schema\/logo\/image\/\",\"url\":\"https:\/\/xativaturismo.com\/wp-content\/uploads\/2020\/10\/logo-lila512-2.png\",\"contentUrl\":\"https:\/\/xativaturismo.com\/wp-content\/uploads\/2020\/10\/logo-lila512-2.png\",\"width\":445,\"height\":512,\"caption\":\"X\u00e0tiva Turismo\"},\"image\":{\"@id\":\"https:\/\/xativaturismo.com\/#\/schema\/logo\/image\/\"},\"sameAs\":[\"https:\/\/www.facebook.com\/XativaTurisme\",\"https:\/\/x.com\/XativaTurisme\"]},{\"@type\":\"Person\",\"@id\":\"https:\/\/xativaturismo.com\/#\/schema\/person\/076ef82c001ca23709c36cf13a96ee7d\",\"name\":\"Edit Orial\",\"image\":{\"@type\":\"ImageObject\",\"inLanguage\":\"ca\",\"@id\":\"https:\/\/xativaturismo.com\/#\/schema\/person\/image\/\",\"url\":\"https:\/\/secure.gravatar.com\/avatar\/8e23460bf094742a301ecd4741c5b42b22f6fd944b7a3e55260bb476eccfd123?s=96&d=mm&r=g\",\"contentUrl\":\"https:\/\/secure.gravatar.com\/avatar\/8e23460bf094742a301ecd4741c5b42b22f6fd944b7a3e55260bb476eccfd123?s=96&d=mm&r=g\",\"caption\":\"Edit Orial\"},\"url\":\"https:\/\/xativaturismo.com\/val\/author\/autoripress\/\"}]}<\/script>\n<!-- \/ Yoast SEO plugin. -->","yoast_head_json":{"title":"Gran exposici\u00f3 antol\u00f2gica d\u2019Artur Heras - X\u00e0tiva Turismo","description":"Sura com el desig i el dest\u00ed en la mem\u00f2ria \u00e9s el t\u00edtol de la gran exposici\u00f3 antol\u00f2gica d\u2019Artur Heras, que recollir\u00e0 50 anys de producci\u00f3 art\u00edstica del pintor xativ\u00ed.","robots":{"index":"index","follow":"follow","max-snippet":"max-snippet:-1","max-image-preview":"max-image-preview:large","max-video-preview":"max-video-preview:-1"},"canonical":"https:\/\/xativaturismo.com\/val\/gran-exposicio-antologica-dartur-heras\/","og_locale":"ca_ES","og_type":"article","og_title":"Gran exposici\u00f3 antol\u00f2gica d\u2019Artur Heras","og_description":"Sura com el desig i el dest\u00ed en la mem\u00f2ria \u00e9s el t\u00edtol de la gran exposici\u00f3 antol\u00f2gica d\u2019Artur Heras, que recollir\u00e0 50 anys de producci\u00f3 art\u00edstica del pintor xativ\u00ed.","og_url":"https:\/\/xativaturismo.com\/val\/gran-exposicio-antologica-dartur-heras\/","og_site_name":"X\u00e0tiva Turismo","article_publisher":"https:\/\/www.facebook.com\/XativaTurisme","article_published_time":"2019-03-26T08:56:17+00:00","article_modified_time":"2019-04-17T13:37:25+00:00","og_image":[{"width":846,"height":480,"url":"https:\/\/xativaturismo.com\/wp-content\/uploads\/2016\/01\/castell-menor-8.jpg","type":"image\/jpeg"}],"author":"Edit Orial","twitter_card":"summary_large_image","twitter_title":"Gran exposici\u00f3 antol\u00f2gica d\u2019Artur Heras","twitter_description":"Sura com el desig i el dest\u00ed en la mem\u00f2ria \u00e9s el t\u00edtol de la gran exposici\u00f3 antol\u00f2gica d\u2019Artur Heras, que recollir\u00e0 50 anys de producci\u00f3 art\u00edstica del pintor xativ\u00ed.","twitter_creator":"@XativaTurisme","twitter_site":"@XativaTurisme","twitter_misc":{"Written by":"Edit Orial","Est. reading time":"2 minutes"},"schema":{"@context":"https:\/\/schema.org","@graph":[{"@type":"Article","@id":"https:\/\/xativaturismo.com\/val\/gran-exposicio-antologica-dartur-heras\/#article","isPartOf":{"@id":"https:\/\/xativaturismo.com\/val\/gran-exposicio-antologica-dartur-heras\/"},"author":{"name":"Edit Orial","@id":"https:\/\/xativaturismo.com\/#\/schema\/person\/076ef82c001ca23709c36cf13a96ee7d"},"headline":"Gran exposici\u00f3 antol\u00f2gica d\u2019Artur Heras","datePublished":"2019-03-26T08:56:17+00:00","dateModified":"2019-04-17T13:37:25+00:00","mainEntityOfPage":{"@id":"https:\/\/xativaturismo.com\/val\/gran-exposicio-antologica-dartur-heras\/"},"wordCount":445,"publisher":{"@id":"https:\/\/xativaturismo.com\/#organization"},"articleSection":["Actualitat","Cultura"],"inLanguage":"ca"},{"@type":"WebPage","@id":"https:\/\/xativaturismo.com\/val\/gran-exposicio-antologica-dartur-heras\/","url":"https:\/\/xativaturismo.com\/val\/gran-exposicio-antologica-dartur-heras\/","name":"Gran exposici\u00f3 antol\u00f2gica d\u2019Artur Heras - X\u00e0tiva Turismo","isPartOf":{"@id":"https:\/\/xativaturismo.com\/#website"},"datePublished":"2019-03-26T08:56:17+00:00","dateModified":"2019-04-17T13:37:25+00:00","description":"Sura com el desig i el dest\u00ed en la mem\u00f2ria \u00e9s el t\u00edtol de la gran exposici\u00f3 antol\u00f2gica d\u2019Artur Heras, que recollir\u00e0 50 anys de producci\u00f3 art\u00edstica del pintor xativ\u00ed.","breadcrumb":{"@id":"https:\/\/xativaturismo.com\/val\/gran-exposicio-antologica-dartur-heras\/#breadcrumb"},"inLanguage":"ca","potentialAction":[{"@type":"ReadAction","target":["https:\/\/xativaturismo.com\/val\/gran-exposicio-antologica-dartur-heras\/"]}]},{"@type":"BreadcrumbList","@id":"https:\/\/xativaturismo.com\/val\/gran-exposicio-antologica-dartur-heras\/#breadcrumb","itemListElement":[{"@type":"ListItem","position":1,"name":"Portada","item":"https:\/\/xativaturismo.com\/val\/inicio-copy-2\/"},{"@type":"ListItem","position":2,"name":"Gran exposici\u00f3 antol\u00f2gica d\u2019Artur Heras"}]},{"@type":"WebSite","@id":"https:\/\/xativaturismo.com\/#website","url":"https:\/\/xativaturismo.com\/","name":"X\u00e0tiva Turismo","description":"Bienvenidos a la oficina de Turismo de X\u00e0tiva","publisher":{"@id":"https:\/\/xativaturismo.com\/#organization"},"potentialAction":[{"@type":"SearchAction","target":{"@type":"EntryPoint","urlTemplate":"https:\/\/xativaturismo.com\/?s={search_term_string}"},"query-input":{"@type":"PropertyValueSpecification","valueRequired":true,"valueName":"search_term_string"}}],"inLanguage":"ca"},{"@type":"Organization","@id":"https:\/\/xativaturismo.com\/#organization","name":"X\u00e0tiva Turismo","url":"https:\/\/xativaturismo.com\/","logo":{"@type":"ImageObject","inLanguage":"ca","@id":"https:\/\/xativaturismo.com\/#\/schema\/logo\/image\/","url":"https:\/\/xativaturismo.com\/wp-content\/uploads\/2020\/10\/logo-lila512-2.png","contentUrl":"https:\/\/xativaturismo.com\/wp-content\/uploads\/2020\/10\/logo-lila512-2.png","width":445,"height":512,"caption":"X\u00e0tiva Turismo"},"image":{"@id":"https:\/\/xativaturismo.com\/#\/schema\/logo\/image\/"},"sameAs":["https:\/\/www.facebook.com\/XativaTurisme","https:\/\/x.com\/XativaTurisme"]},{"@type":"Person","@id":"https:\/\/xativaturismo.com\/#\/schema\/person\/076ef82c001ca23709c36cf13a96ee7d","name":"Edit Orial","image":{"@type":"ImageObject","inLanguage":"ca","@id":"https:\/\/xativaturismo.com\/#\/schema\/person\/image\/","url":"https:\/\/secure.gravatar.com\/avatar\/8e23460bf094742a301ecd4741c5b42b22f6fd944b7a3e55260bb476eccfd123?s=96&d=mm&r=g","contentUrl":"https:\/\/secure.gravatar.com\/avatar\/8e23460bf094742a301ecd4741c5b42b22f6fd944b7a3e55260bb476eccfd123?s=96&d=mm&r=g","caption":"Edit Orial"},"url":"https:\/\/xativaturismo.com\/val\/author\/autoripress\/"}]}},"_links":{"self":[{"href":"https:\/\/xativaturismo.com\/val\/wp-json\/wp\/v2\/posts\/19245","targetHints":{"allow":["GET"]}}],"collection":[{"href":"https:\/\/xativaturismo.com\/val\/wp-json\/wp\/v2\/posts"}],"about":[{"href":"https:\/\/xativaturismo.com\/val\/wp-json\/wp\/v2\/types\/post"}],"author":[{"embeddable":true,"href":"https:\/\/xativaturismo.com\/val\/wp-json\/wp\/v2\/users\/10"}],"replies":[{"embeddable":true,"href":"https:\/\/xativaturismo.com\/val\/wp-json\/wp\/v2\/comments?post=19245"}],"version-history":[{"count":0,"href":"https:\/\/xativaturismo.com\/val\/wp-json\/wp\/v2\/posts\/19245\/revisions"}],"wp:attachment":[{"href":"https:\/\/xativaturismo.com\/val\/wp-json\/wp\/v2\/media?parent=19245"}],"wp:term":[{"taxonomy":"category","embeddable":true,"href":"https:\/\/xativaturismo.com\/val\/wp-json\/wp\/v2\/categories?post=19245"},{"taxonomy":"post_tag","embeddable":true,"href":"https:\/\/xativaturismo.com\/val\/wp-json\/wp\/v2\/tags?post=19245"}],"curies":[{"name":"wp","href":"https:\/\/api.w.org\/{rel}","templated":true}]}}