{"id":18146,"date":"2018-07-03T08:19:39","date_gmt":"2018-07-03T08:19:39","guid":{"rendered":"https:\/\/xativaturismo.com\/xativa-a-la-fresca-cultura-toma-calle-durante-mes-julio\/"},"modified":"2018-07-03T08:50:07","modified_gmt":"2018-07-03T08:50:07","slug":"xativa-a-la-fresca-cultura-pren-carrer-durant-mes-juliol","status":"publish","type":"post","link":"https:\/\/xativaturismo.com\/val\/xativa-a-la-fresca-cultura-pren-carrer-durant-mes-juliol\/","title":{"rendered":"X\u00e0tiva a la Fresca: la cultura pren el carrer durant el mes de juliol"},"content":{"rendered":"<p>Arriba el mes de juliol i amb ell <strong>X\u00e0tiva a la Fresca<\/strong>, una iniciativa en qu\u00e8 el cinema i la m\u00fasica prenen els carrers i places de la ciutat. X\u00e0tiva a la Fresca celebra enguany la quarta edici\u00f3 i ha anat ampliant progressivament la seua proposta, de manera que <strong>cada vegada desperta major inter\u00e8s<\/strong> entre ciutadans i visitants.<\/p>\n<p>Els actes s\u00f3n gratu\u00efts fins a completar l\u2019aforament, comencen en tots els casos a les 22.30 i tenen lloc en diferents espais de X\u00e0tiva. Vet ac\u00ed el programa complet:<\/p>\n<ul>\n<li><strong>Divendres 6 de juliol<\/strong>, pati del col\u00b7legi Mart\u00ednez Bellver. Concert de la <strong>Jove Orquestra de la Primitiva<\/strong>, que interpretar\u00e0 <em>Una nit amb Mozart<\/em> sota la direcci\u00f3 de Jos\u00e9 Mart\u00ednez Colomina.<\/li>\n<li><strong>Divendres 13 de juliol<\/strong>, pla\u00e7a de Sant Pere. La com\u00e8dia <em>Un don excepcional<\/em> encetar\u00e0 el cicle de <strong>cinema a la fresca<\/strong>.<\/li>\n<li><strong>Dissabte 14 de juliol<\/strong>, doble cita. A les 20.00, a la pla\u00e7a de Sant Pere, concert amb la Xaran\u00e7aina de Castell\u00f3 i la Socarr\u00e0 de X\u00e0tiva, en el que ser\u00e0 un intercanvi entre colles de xirimiters i tabals. A l\u2019hora habitual del cicle, a Annahuir, la <strong>Banda Simf\u00f2nica de la Societat Musical la Nova<\/strong> oferir\u00e0 el concert <em>Un passeig per la tradici\u00f3<\/em>.<\/li>\n<li><strong>Divendres 20 de juliol<\/strong>, carrer Menor Cuesta Collar. L\u2019<strong>Orquestra de la Societat Musical la Nova<\/strong> tanca el cicle de concerts, amb <em>Aires llatins<\/em>.<\/li>\n<li><strong>Divendres 27 de juliol<\/strong>, pla\u00e7a del Raval. <em>Se\u00f1or dame paciencia<\/em>, <strong>com\u00e8dia espanyola familiar<\/strong>.<\/li>\n<\/ul>\n<p>El cicle X\u00e0tiva a la Fresca ja va comen\u00e7ar el darrer dia de juny, amb un concert de la Societat Musical la Primitiva Setabense, titulat <em>La vella r\u00e0dio<\/em>. El cartell d\u2019aquesta edici\u00f3 \u00e9s un homenatge al popular <strong>Rosendo<\/strong>, que en els anys 60 del segle passat comen\u00e7\u00e0 una nova era comercial al centre hist\u00f2ric de X\u00e0tiva amb un lloc ambulant de gelats per tal de refrescar als ve\u00efns i ve\u00efnes.<\/p>\n","protected":false},"excerpt":{"rendered":"<p>Arriba el mes de juliol i amb ell X\u00e0tiva a la Fresca, una iniciativa en qu\u00e8 el cinema i la m\u00fasica prenen els carrers i places de la ciutat.<\/p>\n","protected":false},"author":10,"featured_media":0,"comment_status":"closed","ping_status":"closed","sticky":false,"template":"","format":"standard","meta":{"_price":"","_stock":"","_tribe_ticket_header":"","_tribe_default_ticket_provider":"","_ticket_start_date":"","_ticket_end_date":"","_tribe_ticket_show_description":"","_tribe_ticket_show_not_going":false,"_tribe_ticket_use_global_stock":"","_tribe_ticket_global_stock_level":"","_global_stock_mode":"","_global_stock_cap":"","_tribe_rsvp_for_event":"","_tribe_ticket_going_count":"","_tribe_ticket_not_going_count":"","_tribe_tickets_list":"[]","_tribe_ticket_has_attendee_info_fields":false,"footnotes":""},"categories":[23,24],"tags":[],"class_list":["post-18146","post","type-post","status-publish","format-standard","hentry","category-actualidad-val","category-cultura-val"],"yoast_head":"<!-- This site is optimized with the Yoast SEO plugin v27.0 - https:\/\/yoast.com\/product\/yoast-seo-wordpress\/ -->\n<title>X\u00e0tiva a la Fresca: la cultura pren el carrer durant el mes de juliol - X\u00e0tiva Turismo<\/title>\n<meta name=\"description\" content=\"Arriba el mes de juliol i amb ell X\u00e0tiva a la Fresca, una iniciativa en qu\u00e8 el cinema i la m\u00fasica prenen els carrers i places de la ciutat.\" \/>\n<meta name=\"robots\" content=\"index, follow, max-snippet:-1, max-image-preview:large, max-video-preview:-1\" \/>\n<link rel=\"canonical\" href=\"https:\/\/xativaturismo.com\/val\/xativa-a-la-fresca-cultura-pren-carrer-durant-mes-juliol\/\" \/>\n<meta property=\"og:locale\" content=\"ca_ES\" \/>\n<meta property=\"og:type\" content=\"article\" \/>\n<meta property=\"og:title\" content=\"X\u00e0tiva a la Fresca: la cultura pren el carrer durant el mes de juliol\" \/>\n<meta property=\"og:description\" content=\"Arriba el mes de juliol i amb ell X\u00e0tiva a la Fresca, una iniciativa en qu\u00e8 el cinema i la m\u00fasica prenen els carrers i places de la ciutat.\" \/>\n<meta property=\"og:url\" content=\"https:\/\/xativaturismo.com\/val\/xativa-a-la-fresca-cultura-pren-carrer-durant-mes-juliol\/\" \/>\n<meta property=\"og:site_name\" content=\"X\u00e0tiva Turismo\" \/>\n<meta property=\"article:publisher\" content=\"https:\/\/www.facebook.com\/XativaTurisme\" \/>\n<meta property=\"article:published_time\" content=\"2018-07-03T08:19:39+00:00\" \/>\n<meta property=\"article:modified_time\" content=\"2018-07-03T08:50:07+00:00\" \/>\n<meta property=\"og:image\" content=\"https:\/\/xativaturismo.com\/wp-content\/uploads\/2016\/01\/castell-menor-8.jpg\" \/>\n\t<meta property=\"og:image:width\" content=\"846\" \/>\n\t<meta property=\"og:image:height\" content=\"480\" \/>\n\t<meta property=\"og:image:type\" content=\"image\/jpeg\" \/>\n<meta name=\"author\" content=\"Edit Orial\" \/>\n<meta name=\"twitter:card\" content=\"summary_large_image\" \/>\n<meta name=\"twitter:title\" content=\"X\u00e0tiva a la Fresca: la cultura pren el carrer durant el mes de juliol\" \/>\n<meta name=\"twitter:description\" content=\"Arriba el mes de juliol i amb ell X\u00e0tiva a la Fresca, una iniciativa en qu\u00e8 el cinema i la m\u00fasica prenen els carrers i places de la ciutat.\" \/>\n<meta name=\"twitter:image\" content=\"https:\/\/xativaturismo.com\/wp-content\/uploads\/2018\/07\/xtiva-a-la-fresca.jpg\" \/>\n<meta name=\"twitter:creator\" content=\"@XativaTurisme\" \/>\n<meta name=\"twitter:site\" content=\"@XativaTurisme\" \/>\n<meta name=\"twitter:label1\" content=\"Written by\" \/>\n\t<meta name=\"twitter:data1\" content=\"Edit Orial\" \/>\n\t<meta name=\"twitter:label2\" content=\"Est. reading time\" \/>\n\t<meta name=\"twitter:data2\" content=\"2 minutes\" \/>\n<script type=\"application\/ld+json\" class=\"yoast-schema-graph\">{\"@context\":\"https:\/\/schema.org\",\"@graph\":[{\"@type\":\"Article\",\"@id\":\"https:\/\/xativaturismo.com\/val\/xativa-a-la-fresca-cultura-pren-carrer-durant-mes-juliol\/#article\",\"isPartOf\":{\"@id\":\"https:\/\/xativaturismo.com\/val\/xativa-a-la-fresca-cultura-pren-carrer-durant-mes-juliol\/\"},\"author\":{\"name\":\"Edit Orial\",\"@id\":\"https:\/\/xativaturismo.com\/#\/schema\/person\/076ef82c001ca23709c36cf13a96ee7d\"},\"headline\":\"X\u00e0tiva a la Fresca: la cultura pren el carrer durant el mes de juliol\",\"datePublished\":\"2018-07-03T08:19:39+00:00\",\"dateModified\":\"2018-07-03T08:50:07+00:00\",\"mainEntityOfPage\":{\"@id\":\"https:\/\/xativaturismo.com\/val\/xativa-a-la-fresca-cultura-pren-carrer-durant-mes-juliol\/\"},\"wordCount\":343,\"publisher\":{\"@id\":\"https:\/\/xativaturismo.com\/#organization\"},\"articleSection\":[\"Actualitat\",\"Cultura\"],\"inLanguage\":\"ca\"},{\"@type\":\"WebPage\",\"@id\":\"https:\/\/xativaturismo.com\/val\/xativa-a-la-fresca-cultura-pren-carrer-durant-mes-juliol\/\",\"url\":\"https:\/\/xativaturismo.com\/val\/xativa-a-la-fresca-cultura-pren-carrer-durant-mes-juliol\/\",\"name\":\"X\u00e0tiva a la Fresca: la cultura pren el carrer durant el mes de juliol - X\u00e0tiva Turismo\",\"isPartOf\":{\"@id\":\"https:\/\/xativaturismo.com\/#website\"},\"datePublished\":\"2018-07-03T08:19:39+00:00\",\"dateModified\":\"2018-07-03T08:50:07+00:00\",\"description\":\"Arriba el mes de juliol i amb ell X\u00e0tiva a la Fresca, una iniciativa en qu\u00e8 el cinema i la m\u00fasica prenen els carrers i places de la ciutat.\",\"breadcrumb\":{\"@id\":\"https:\/\/xativaturismo.com\/val\/xativa-a-la-fresca-cultura-pren-carrer-durant-mes-juliol\/#breadcrumb\"},\"inLanguage\":\"ca\",\"potentialAction\":[{\"@type\":\"ReadAction\",\"target\":[\"https:\/\/xativaturismo.com\/val\/xativa-a-la-fresca-cultura-pren-carrer-durant-mes-juliol\/\"]}]},{\"@type\":\"BreadcrumbList\",\"@id\":\"https:\/\/xativaturismo.com\/val\/xativa-a-la-fresca-cultura-pren-carrer-durant-mes-juliol\/#breadcrumb\",\"itemListElement\":[{\"@type\":\"ListItem\",\"position\":1,\"name\":\"Portada\",\"item\":\"https:\/\/xativaturismo.com\/val\/\"},{\"@type\":\"ListItem\",\"position\":2,\"name\":\"X\u00e0tiva a la Fresca: la cultura pren el carrer durant el mes de juliol\"}]},{\"@type\":\"WebSite\",\"@id\":\"https:\/\/xativaturismo.com\/#website\",\"url\":\"https:\/\/xativaturismo.com\/\",\"name\":\"X\u00e0tiva Turismo\",\"description\":\"Bienvenidos a la oficina de Turismo de X\u00e0tiva\",\"publisher\":{\"@id\":\"https:\/\/xativaturismo.com\/#organization\"},\"potentialAction\":[{\"@type\":\"SearchAction\",\"target\":{\"@type\":\"EntryPoint\",\"urlTemplate\":\"https:\/\/xativaturismo.com\/?s={search_term_string}\"},\"query-input\":{\"@type\":\"PropertyValueSpecification\",\"valueRequired\":true,\"valueName\":\"search_term_string\"}}],\"inLanguage\":\"ca\"},{\"@type\":\"Organization\",\"@id\":\"https:\/\/xativaturismo.com\/#organization\",\"name\":\"X\u00e0tiva Turismo\",\"url\":\"https:\/\/xativaturismo.com\/\",\"logo\":{\"@type\":\"ImageObject\",\"inLanguage\":\"ca\",\"@id\":\"https:\/\/xativaturismo.com\/#\/schema\/logo\/image\/\",\"url\":\"https:\/\/xativaturismo.com\/wp-content\/uploads\/2020\/10\/logo-lila512-2.png\",\"contentUrl\":\"https:\/\/xativaturismo.com\/wp-content\/uploads\/2020\/10\/logo-lila512-2.png\",\"width\":445,\"height\":512,\"caption\":\"X\u00e0tiva Turismo\"},\"image\":{\"@id\":\"https:\/\/xativaturismo.com\/#\/schema\/logo\/image\/\"},\"sameAs\":[\"https:\/\/www.facebook.com\/XativaTurisme\",\"https:\/\/x.com\/XativaTurisme\"]},{\"@type\":\"Person\",\"@id\":\"https:\/\/xativaturismo.com\/#\/schema\/person\/076ef82c001ca23709c36cf13a96ee7d\",\"name\":\"Edit Orial\",\"image\":{\"@type\":\"ImageObject\",\"inLanguage\":\"ca\",\"@id\":\"https:\/\/xativaturismo.com\/#\/schema\/person\/image\/\",\"url\":\"https:\/\/secure.gravatar.com\/avatar\/8e23460bf094742a301ecd4741c5b42b22f6fd944b7a3e55260bb476eccfd123?s=96&d=mm&r=g\",\"contentUrl\":\"https:\/\/secure.gravatar.com\/avatar\/8e23460bf094742a301ecd4741c5b42b22f6fd944b7a3e55260bb476eccfd123?s=96&d=mm&r=g\",\"caption\":\"Edit Orial\"},\"url\":\"https:\/\/xativaturismo.com\/val\/author\/autoripress\/\"}]}<\/script>\n<!-- \/ Yoast SEO plugin. -->","yoast_head_json":{"title":"X\u00e0tiva a la Fresca: la cultura pren el carrer durant el mes de juliol - X\u00e0tiva Turismo","description":"Arriba el mes de juliol i amb ell X\u00e0tiva a la Fresca, una iniciativa en qu\u00e8 el cinema i la m\u00fasica prenen els carrers i places de la ciutat.","robots":{"index":"index","follow":"follow","max-snippet":"max-snippet:-1","max-image-preview":"max-image-preview:large","max-video-preview":"max-video-preview:-1"},"canonical":"https:\/\/xativaturismo.com\/val\/xativa-a-la-fresca-cultura-pren-carrer-durant-mes-juliol\/","og_locale":"ca_ES","og_type":"article","og_title":"X\u00e0tiva a la Fresca: la cultura pren el carrer durant el mes de juliol","og_description":"Arriba el mes de juliol i amb ell X\u00e0tiva a la Fresca, una iniciativa en qu\u00e8 el cinema i la m\u00fasica prenen els carrers i places de la ciutat.","og_url":"https:\/\/xativaturismo.com\/val\/xativa-a-la-fresca-cultura-pren-carrer-durant-mes-juliol\/","og_site_name":"X\u00e0tiva Turismo","article_publisher":"https:\/\/www.facebook.com\/XativaTurisme","article_published_time":"2018-07-03T08:19:39+00:00","article_modified_time":"2018-07-03T08:50:07+00:00","og_image":[{"width":846,"height":480,"url":"https:\/\/xativaturismo.com\/wp-content\/uploads\/2016\/01\/castell-menor-8.jpg","type":"image\/jpeg"}],"author":"Edit Orial","twitter_card":"summary_large_image","twitter_title":"X\u00e0tiva a la Fresca: la cultura pren el carrer durant el mes de juliol","twitter_description":"Arriba el mes de juliol i amb ell X\u00e0tiva a la Fresca, una iniciativa en qu\u00e8 el cinema i la m\u00fasica prenen els carrers i places de la ciutat.","twitter_image":"https:\/\/xativaturismo.com\/wp-content\/uploads\/2018\/07\/xtiva-a-la-fresca.jpg","twitter_creator":"@XativaTurisme","twitter_site":"@XativaTurisme","twitter_misc":{"Written by":"Edit Orial","Est. reading time":"2 minutes"},"schema":{"@context":"https:\/\/schema.org","@graph":[{"@type":"Article","@id":"https:\/\/xativaturismo.com\/val\/xativa-a-la-fresca-cultura-pren-carrer-durant-mes-juliol\/#article","isPartOf":{"@id":"https:\/\/xativaturismo.com\/val\/xativa-a-la-fresca-cultura-pren-carrer-durant-mes-juliol\/"},"author":{"name":"Edit Orial","@id":"https:\/\/xativaturismo.com\/#\/schema\/person\/076ef82c001ca23709c36cf13a96ee7d"},"headline":"X\u00e0tiva a la Fresca: la cultura pren el carrer durant el mes de juliol","datePublished":"2018-07-03T08:19:39+00:00","dateModified":"2018-07-03T08:50:07+00:00","mainEntityOfPage":{"@id":"https:\/\/xativaturismo.com\/val\/xativa-a-la-fresca-cultura-pren-carrer-durant-mes-juliol\/"},"wordCount":343,"publisher":{"@id":"https:\/\/xativaturismo.com\/#organization"},"articleSection":["Actualitat","Cultura"],"inLanguage":"ca"},{"@type":"WebPage","@id":"https:\/\/xativaturismo.com\/val\/xativa-a-la-fresca-cultura-pren-carrer-durant-mes-juliol\/","url":"https:\/\/xativaturismo.com\/val\/xativa-a-la-fresca-cultura-pren-carrer-durant-mes-juliol\/","name":"X\u00e0tiva a la Fresca: la cultura pren el carrer durant el mes de juliol - X\u00e0tiva Turismo","isPartOf":{"@id":"https:\/\/xativaturismo.com\/#website"},"datePublished":"2018-07-03T08:19:39+00:00","dateModified":"2018-07-03T08:50:07+00:00","description":"Arriba el mes de juliol i amb ell X\u00e0tiva a la Fresca, una iniciativa en qu\u00e8 el cinema i la m\u00fasica prenen els carrers i places de la ciutat.","breadcrumb":{"@id":"https:\/\/xativaturismo.com\/val\/xativa-a-la-fresca-cultura-pren-carrer-durant-mes-juliol\/#breadcrumb"},"inLanguage":"ca","potentialAction":[{"@type":"ReadAction","target":["https:\/\/xativaturismo.com\/val\/xativa-a-la-fresca-cultura-pren-carrer-durant-mes-juliol\/"]}]},{"@type":"BreadcrumbList","@id":"https:\/\/xativaturismo.com\/val\/xativa-a-la-fresca-cultura-pren-carrer-durant-mes-juliol\/#breadcrumb","itemListElement":[{"@type":"ListItem","position":1,"name":"Portada","item":"https:\/\/xativaturismo.com\/val\/"},{"@type":"ListItem","position":2,"name":"X\u00e0tiva a la Fresca: la cultura pren el carrer durant el mes de juliol"}]},{"@type":"WebSite","@id":"https:\/\/xativaturismo.com\/#website","url":"https:\/\/xativaturismo.com\/","name":"X\u00e0tiva Turismo","description":"Bienvenidos a la oficina de Turismo de X\u00e0tiva","publisher":{"@id":"https:\/\/xativaturismo.com\/#organization"},"potentialAction":[{"@type":"SearchAction","target":{"@type":"EntryPoint","urlTemplate":"https:\/\/xativaturismo.com\/?s={search_term_string}"},"query-input":{"@type":"PropertyValueSpecification","valueRequired":true,"valueName":"search_term_string"}}],"inLanguage":"ca"},{"@type":"Organization","@id":"https:\/\/xativaturismo.com\/#organization","name":"X\u00e0tiva Turismo","url":"https:\/\/xativaturismo.com\/","logo":{"@type":"ImageObject","inLanguage":"ca","@id":"https:\/\/xativaturismo.com\/#\/schema\/logo\/image\/","url":"https:\/\/xativaturismo.com\/wp-content\/uploads\/2020\/10\/logo-lila512-2.png","contentUrl":"https:\/\/xativaturismo.com\/wp-content\/uploads\/2020\/10\/logo-lila512-2.png","width":445,"height":512,"caption":"X\u00e0tiva Turismo"},"image":{"@id":"https:\/\/xativaturismo.com\/#\/schema\/logo\/image\/"},"sameAs":["https:\/\/www.facebook.com\/XativaTurisme","https:\/\/x.com\/XativaTurisme"]},{"@type":"Person","@id":"https:\/\/xativaturismo.com\/#\/schema\/person\/076ef82c001ca23709c36cf13a96ee7d","name":"Edit Orial","image":{"@type":"ImageObject","inLanguage":"ca","@id":"https:\/\/xativaturismo.com\/#\/schema\/person\/image\/","url":"https:\/\/secure.gravatar.com\/avatar\/8e23460bf094742a301ecd4741c5b42b22f6fd944b7a3e55260bb476eccfd123?s=96&d=mm&r=g","contentUrl":"https:\/\/secure.gravatar.com\/avatar\/8e23460bf094742a301ecd4741c5b42b22f6fd944b7a3e55260bb476eccfd123?s=96&d=mm&r=g","caption":"Edit Orial"},"url":"https:\/\/xativaturismo.com\/val\/author\/autoripress\/"}]}},"_links":{"self":[{"href":"https:\/\/xativaturismo.com\/val\/wp-json\/wp\/v2\/posts\/18146","targetHints":{"allow":["GET"]}}],"collection":[{"href":"https:\/\/xativaturismo.com\/val\/wp-json\/wp\/v2\/posts"}],"about":[{"href":"https:\/\/xativaturismo.com\/val\/wp-json\/wp\/v2\/types\/post"}],"author":[{"embeddable":true,"href":"https:\/\/xativaturismo.com\/val\/wp-json\/wp\/v2\/users\/10"}],"replies":[{"embeddable":true,"href":"https:\/\/xativaturismo.com\/val\/wp-json\/wp\/v2\/comments?post=18146"}],"version-history":[{"count":0,"href":"https:\/\/xativaturismo.com\/val\/wp-json\/wp\/v2\/posts\/18146\/revisions"}],"wp:attachment":[{"href":"https:\/\/xativaturismo.com\/val\/wp-json\/wp\/v2\/media?parent=18146"}],"wp:term":[{"taxonomy":"category","embeddable":true,"href":"https:\/\/xativaturismo.com\/val\/wp-json\/wp\/v2\/categories?post=18146"},{"taxonomy":"post_tag","embeddable":true,"href":"https:\/\/xativaturismo.com\/val\/wp-json\/wp\/v2\/tags?post=18146"}],"curies":[{"name":"wp","href":"https:\/\/api.w.org\/{rel}","templated":true}]}}