{"id":18020,"date":"2018-06-05T10:13:27","date_gmt":"2018-06-05T10:13:27","guid":{"rendered":"https:\/\/xativaturismo.com\/entradas-nits-al-castell-venta\/"},"modified":"2018-06-06T11:54:12","modified_gmt":"2018-06-06T11:54:12","slug":"entrades-nits-al-castell-venta","status":"publish","type":"post","link":"https:\/\/xativaturismo.com\/val\/entrades-nits-al-castell-venta\/","title":{"rendered":"Les entrades de Nits al Castell, a la venda"},"content":{"rendered":"<p>Des del dilluns 4 de juny es troben a la venda les entrades de Nits al Castell, el festival per antonom\u00e0sia de les nits d\u2019estiu a X\u00e0tiva. Les entrades pel festival internacional, que com \u00e9s habitual tindr\u00e0 lloc els<strong> dissabtes de juliol al Castell<\/strong>, es poden adquirir de forma presencial a l\u2019<a href=\"\/?page_id=9507\">Oficina de Turisme de X\u00e0tiva<\/a>, o a la p\u00e0gina web <a href=\"https:\/\/www.instanticket.es\/\">Instanticket<\/a>. El preu \u00e9s de 20 euros per concert, malgrat que existeix la possibilitat d\u2019adquirir un abonament dels quatre concerts per un preu de 70 euros. El preu de l&#8217;entrada inclou el transport per accedir al recinte, amb eixides continues des de la pla\u00e7a de l&#8217;Espanyoleto, car els dies d&#8217;actuaci\u00f3 no est\u00e0 perm\u00e8s l&#8217;acc\u00e9s amb vehicle privat.<\/p>\n<p>L\u2019edici\u00f3 XXI de Nits al Castell es van presentar a la passada Feria Internacional de Turisme Fitur. El festival comen\u00e7a el dissabte 7 de juliol amb el blues flamenc del guitarrista i cantant <strong>Raimundo Amador<\/strong>. El dia 14 ser\u00e0 el torn del grup catal\u00e0 <strong>Els Amics de les Arts<\/strong>, que presentar\u00e0 el seu \u00faltim treball <em>Un estrany poder<\/em>, amb qu\u00e8 va rebre el passat 2017 el Premi Enderrock de la Cr\u00edtica al millor artista. El dia 21 de juliol actuaran en doble concert els <strong>Maria Arnal &amp; Marcel Bag\u00e9s<\/strong> i la mallorquina <strong>Maika Makovski\u00a0&amp; Brossa Quartet<\/strong>; els primers donaran a con\u00e8ixer el seu \u00e0lbum <em>45 cervells i un cor<\/em> -Premi Ciutat de Barcelona de M\u00fasica-, i la segona compta ja amb set treballs al mercat. El festival es tancar\u00e0 el 28 de juliol amb l\u2019actuaci\u00f3 de <strong>Juan Perro<\/strong> -Santiago Auser\u00f3n-, qui ens deixar\u00e0 la seua <em>Huella sonora<\/em>.<\/p>\n","protected":false},"excerpt":{"rendered":"<p>Des del dilluns 4 de juny es troben a la venda les entrades de Nits al Castell, el festival per antonom\u00e0sia de les nits d&#8217;estiu a X\u00e0tiva.<\/p>\n","protected":false},"author":10,"featured_media":0,"comment_status":"closed","ping_status":"closed","sticky":false,"template":"","format":"standard","meta":{"_price":"","_stock":"","_tribe_ticket_header":"","_tribe_default_ticket_provider":"","_ticket_start_date":"","_ticket_end_date":"","_tribe_ticket_show_description":"","_tribe_ticket_show_not_going":false,"_tribe_ticket_use_global_stock":"","_tribe_ticket_global_stock_level":"","_global_stock_mode":"","_global_stock_cap":"","_tribe_rsvp_for_event":"","_tribe_ticket_going_count":"","_tribe_ticket_not_going_count":"","_tribe_tickets_list":"[]","_tribe_ticket_has_attendee_info_fields":false,"footnotes":""},"categories":[23,24],"tags":[],"class_list":["post-18020","post","type-post","status-publish","format-standard","hentry","category-actualidad-val","category-cultura-val"],"yoast_head":"<!-- This site is optimized with the Yoast SEO plugin v27.0 - https:\/\/yoast.com\/product\/yoast-seo-wordpress\/ -->\n<title>Les entrades de Nits al Castell, a la venda - X\u00e0tiva Turismo<\/title>\n<meta name=\"description\" content=\"Des del dilluns 4 de juny es troben a la venda les entrades de Nits al Castell, el festival per antonom\u00e0sia de les nits d&#039;estiu a X\u00e0tiva.\" \/>\n<meta name=\"robots\" content=\"index, follow, max-snippet:-1, max-image-preview:large, max-video-preview:-1\" \/>\n<link rel=\"canonical\" href=\"https:\/\/xativaturismo.com\/val\/entrades-nits-al-castell-venta\/\" \/>\n<meta property=\"og:locale\" content=\"ca_ES\" \/>\n<meta property=\"og:type\" content=\"article\" \/>\n<meta property=\"og:title\" content=\"Las entradas de Nits al Castell, a la Les entrades de Nits al Castell, a la venda\" \/>\n<meta property=\"og:description\" content=\"Des del dilluns 4 de juny es troben a la venda les entrades de Nits al Castell, el festival per antonom\u00e0sia de les nits d&#039;estiu a X\u00e0tiva.\" \/>\n<meta property=\"og:url\" content=\"https:\/\/xativaturismo.com\/val\/entrades-nits-al-castell-venta\/\" \/>\n<meta property=\"og:site_name\" content=\"X\u00e0tiva Turismo\" \/>\n<meta property=\"article:publisher\" content=\"https:\/\/www.facebook.com\/XativaTurisme\" \/>\n<meta property=\"article:published_time\" content=\"2018-06-05T10:13:27+00:00\" \/>\n<meta property=\"article:modified_time\" content=\"2018-06-06T11:54:12+00:00\" \/>\n<meta property=\"og:image\" content=\"https:\/\/xativaturismo.com\/wp-content\/uploads\/2016\/01\/castell-menor-8.jpg\" \/>\n\t<meta property=\"og:image:width\" content=\"846\" \/>\n\t<meta property=\"og:image:height\" content=\"480\" \/>\n\t<meta property=\"og:image:type\" content=\"image\/jpeg\" \/>\n<meta name=\"author\" content=\"Edit Orial\" \/>\n<meta name=\"twitter:card\" content=\"summary_large_image\" \/>\n<meta name=\"twitter:title\" content=\"Les entrades de Nits al Castell, a la venda\" \/>\n<meta name=\"twitter:description\" content=\"Des del dilluns 4 de juny es troben a la venda les entrades de Nits al Castell, el festival per antonom\u00e0sia de les nits d&#039;estiu a X\u00e0tiva.\" \/>\n<meta name=\"twitter:creator\" content=\"@XativaTurisme\" \/>\n<meta name=\"twitter:site\" content=\"@XativaTurisme\" \/>\n<meta name=\"twitter:label1\" content=\"Written by\" \/>\n\t<meta name=\"twitter:data1\" content=\"Edit Orial\" \/>\n\t<meta name=\"twitter:label2\" content=\"Est. reading time\" \/>\n\t<meta name=\"twitter:data2\" content=\"1 minute\" \/>\n<script type=\"application\/ld+json\" class=\"yoast-schema-graph\">{\"@context\":\"https:\/\/schema.org\",\"@graph\":[{\"@type\":\"Article\",\"@id\":\"https:\/\/xativaturismo.com\/val\/entrades-nits-al-castell-venta\/#article\",\"isPartOf\":{\"@id\":\"https:\/\/xativaturismo.com\/val\/entrades-nits-al-castell-venta\/\"},\"author\":{\"name\":\"Edit Orial\",\"@id\":\"https:\/\/xativaturismo.com\/#\/schema\/person\/076ef82c001ca23709c36cf13a96ee7d\"},\"headline\":\"Les entrades de Nits al Castell, a la venda\",\"datePublished\":\"2018-06-05T10:13:27+00:00\",\"dateModified\":\"2018-06-06T11:54:12+00:00\",\"mainEntityOfPage\":{\"@id\":\"https:\/\/xativaturismo.com\/val\/entrades-nits-al-castell-venta\/\"},\"wordCount\":284,\"publisher\":{\"@id\":\"https:\/\/xativaturismo.com\/#organization\"},\"articleSection\":[\"Actualitat\",\"Cultura\"],\"inLanguage\":\"ca\"},{\"@type\":\"WebPage\",\"@id\":\"https:\/\/xativaturismo.com\/val\/entrades-nits-al-castell-venta\/\",\"url\":\"https:\/\/xativaturismo.com\/val\/entrades-nits-al-castell-venta\/\",\"name\":\"Les entrades de Nits al Castell, a la venda - X\u00e0tiva Turismo\",\"isPartOf\":{\"@id\":\"https:\/\/xativaturismo.com\/#website\"},\"datePublished\":\"2018-06-05T10:13:27+00:00\",\"dateModified\":\"2018-06-06T11:54:12+00:00\",\"description\":\"Des del dilluns 4 de juny es troben a la venda les entrades de Nits al Castell, el festival per antonom\u00e0sia de les nits d'estiu a X\u00e0tiva.\",\"breadcrumb\":{\"@id\":\"https:\/\/xativaturismo.com\/val\/entrades-nits-al-castell-venta\/#breadcrumb\"},\"inLanguage\":\"ca\",\"potentialAction\":[{\"@type\":\"ReadAction\",\"target\":[\"https:\/\/xativaturismo.com\/val\/entrades-nits-al-castell-venta\/\"]}]},{\"@type\":\"BreadcrumbList\",\"@id\":\"https:\/\/xativaturismo.com\/val\/entrades-nits-al-castell-venta\/#breadcrumb\",\"itemListElement\":[{\"@type\":\"ListItem\",\"position\":1,\"name\":\"Portada\",\"item\":\"https:\/\/xativaturismo.com\/val\/\"},{\"@type\":\"ListItem\",\"position\":2,\"name\":\"Les entrades de Nits al Castell, a la venda\"}]},{\"@type\":\"WebSite\",\"@id\":\"https:\/\/xativaturismo.com\/#website\",\"url\":\"https:\/\/xativaturismo.com\/\",\"name\":\"X\u00e0tiva Turismo\",\"description\":\"Bienvenidos a la oficina de Turismo de X\u00e0tiva\",\"publisher\":{\"@id\":\"https:\/\/xativaturismo.com\/#organization\"},\"potentialAction\":[{\"@type\":\"SearchAction\",\"target\":{\"@type\":\"EntryPoint\",\"urlTemplate\":\"https:\/\/xativaturismo.com\/?s={search_term_string}\"},\"query-input\":{\"@type\":\"PropertyValueSpecification\",\"valueRequired\":true,\"valueName\":\"search_term_string\"}}],\"inLanguage\":\"ca\"},{\"@type\":\"Organization\",\"@id\":\"https:\/\/xativaturismo.com\/#organization\",\"name\":\"X\u00e0tiva Turismo\",\"url\":\"https:\/\/xativaturismo.com\/\",\"logo\":{\"@type\":\"ImageObject\",\"inLanguage\":\"ca\",\"@id\":\"https:\/\/xativaturismo.com\/#\/schema\/logo\/image\/\",\"url\":\"https:\/\/xativaturismo.com\/wp-content\/uploads\/2020\/10\/logo-lila512-2.png\",\"contentUrl\":\"https:\/\/xativaturismo.com\/wp-content\/uploads\/2020\/10\/logo-lila512-2.png\",\"width\":445,\"height\":512,\"caption\":\"X\u00e0tiva Turismo\"},\"image\":{\"@id\":\"https:\/\/xativaturismo.com\/#\/schema\/logo\/image\/\"},\"sameAs\":[\"https:\/\/www.facebook.com\/XativaTurisme\",\"https:\/\/x.com\/XativaTurisme\"]},{\"@type\":\"Person\",\"@id\":\"https:\/\/xativaturismo.com\/#\/schema\/person\/076ef82c001ca23709c36cf13a96ee7d\",\"name\":\"Edit Orial\",\"image\":{\"@type\":\"ImageObject\",\"inLanguage\":\"ca\",\"@id\":\"https:\/\/xativaturismo.com\/#\/schema\/person\/image\/\",\"url\":\"https:\/\/secure.gravatar.com\/avatar\/8e23460bf094742a301ecd4741c5b42b22f6fd944b7a3e55260bb476eccfd123?s=96&d=mm&r=g\",\"contentUrl\":\"https:\/\/secure.gravatar.com\/avatar\/8e23460bf094742a301ecd4741c5b42b22f6fd944b7a3e55260bb476eccfd123?s=96&d=mm&r=g\",\"caption\":\"Edit Orial\"},\"url\":\"https:\/\/xativaturismo.com\/val\/author\/autoripress\/\"}]}<\/script>\n<!-- \/ Yoast SEO plugin. -->","yoast_head_json":{"title":"Les entrades de Nits al Castell, a la venda - X\u00e0tiva Turismo","description":"Des del dilluns 4 de juny es troben a la venda les entrades de Nits al Castell, el festival per antonom\u00e0sia de les nits d'estiu a X\u00e0tiva.","robots":{"index":"index","follow":"follow","max-snippet":"max-snippet:-1","max-image-preview":"max-image-preview:large","max-video-preview":"max-video-preview:-1"},"canonical":"https:\/\/xativaturismo.com\/val\/entrades-nits-al-castell-venta\/","og_locale":"ca_ES","og_type":"article","og_title":"Las entradas de Nits al Castell, a la Les entrades de Nits al Castell, a la venda","og_description":"Des del dilluns 4 de juny es troben a la venda les entrades de Nits al Castell, el festival per antonom\u00e0sia de les nits d'estiu a X\u00e0tiva.","og_url":"https:\/\/xativaturismo.com\/val\/entrades-nits-al-castell-venta\/","og_site_name":"X\u00e0tiva Turismo","article_publisher":"https:\/\/www.facebook.com\/XativaTurisme","article_published_time":"2018-06-05T10:13:27+00:00","article_modified_time":"2018-06-06T11:54:12+00:00","og_image":[{"width":846,"height":480,"url":"https:\/\/xativaturismo.com\/wp-content\/uploads\/2016\/01\/castell-menor-8.jpg","type":"image\/jpeg"}],"author":"Edit Orial","twitter_card":"summary_large_image","twitter_title":"Les entrades de Nits al Castell, a la venda","twitter_description":"Des del dilluns 4 de juny es troben a la venda les entrades de Nits al Castell, el festival per antonom\u00e0sia de les nits d'estiu a X\u00e0tiva.","twitter_creator":"@XativaTurisme","twitter_site":"@XativaTurisme","twitter_misc":{"Written by":"Edit Orial","Est. reading time":"1 minute"},"schema":{"@context":"https:\/\/schema.org","@graph":[{"@type":"Article","@id":"https:\/\/xativaturismo.com\/val\/entrades-nits-al-castell-venta\/#article","isPartOf":{"@id":"https:\/\/xativaturismo.com\/val\/entrades-nits-al-castell-venta\/"},"author":{"name":"Edit Orial","@id":"https:\/\/xativaturismo.com\/#\/schema\/person\/076ef82c001ca23709c36cf13a96ee7d"},"headline":"Les entrades de Nits al Castell, a la venda","datePublished":"2018-06-05T10:13:27+00:00","dateModified":"2018-06-06T11:54:12+00:00","mainEntityOfPage":{"@id":"https:\/\/xativaturismo.com\/val\/entrades-nits-al-castell-venta\/"},"wordCount":284,"publisher":{"@id":"https:\/\/xativaturismo.com\/#organization"},"articleSection":["Actualitat","Cultura"],"inLanguage":"ca"},{"@type":"WebPage","@id":"https:\/\/xativaturismo.com\/val\/entrades-nits-al-castell-venta\/","url":"https:\/\/xativaturismo.com\/val\/entrades-nits-al-castell-venta\/","name":"Les entrades de Nits al Castell, a la venda - X\u00e0tiva Turismo","isPartOf":{"@id":"https:\/\/xativaturismo.com\/#website"},"datePublished":"2018-06-05T10:13:27+00:00","dateModified":"2018-06-06T11:54:12+00:00","description":"Des del dilluns 4 de juny es troben a la venda les entrades de Nits al Castell, el festival per antonom\u00e0sia de les nits d'estiu a X\u00e0tiva.","breadcrumb":{"@id":"https:\/\/xativaturismo.com\/val\/entrades-nits-al-castell-venta\/#breadcrumb"},"inLanguage":"ca","potentialAction":[{"@type":"ReadAction","target":["https:\/\/xativaturismo.com\/val\/entrades-nits-al-castell-venta\/"]}]},{"@type":"BreadcrumbList","@id":"https:\/\/xativaturismo.com\/val\/entrades-nits-al-castell-venta\/#breadcrumb","itemListElement":[{"@type":"ListItem","position":1,"name":"Portada","item":"https:\/\/xativaturismo.com\/val\/"},{"@type":"ListItem","position":2,"name":"Les entrades de Nits al Castell, a la venda"}]},{"@type":"WebSite","@id":"https:\/\/xativaturismo.com\/#website","url":"https:\/\/xativaturismo.com\/","name":"X\u00e0tiva Turismo","description":"Bienvenidos a la oficina de Turismo de X\u00e0tiva","publisher":{"@id":"https:\/\/xativaturismo.com\/#organization"},"potentialAction":[{"@type":"SearchAction","target":{"@type":"EntryPoint","urlTemplate":"https:\/\/xativaturismo.com\/?s={search_term_string}"},"query-input":{"@type":"PropertyValueSpecification","valueRequired":true,"valueName":"search_term_string"}}],"inLanguage":"ca"},{"@type":"Organization","@id":"https:\/\/xativaturismo.com\/#organization","name":"X\u00e0tiva Turismo","url":"https:\/\/xativaturismo.com\/","logo":{"@type":"ImageObject","inLanguage":"ca","@id":"https:\/\/xativaturismo.com\/#\/schema\/logo\/image\/","url":"https:\/\/xativaturismo.com\/wp-content\/uploads\/2020\/10\/logo-lila512-2.png","contentUrl":"https:\/\/xativaturismo.com\/wp-content\/uploads\/2020\/10\/logo-lila512-2.png","width":445,"height":512,"caption":"X\u00e0tiva Turismo"},"image":{"@id":"https:\/\/xativaturismo.com\/#\/schema\/logo\/image\/"},"sameAs":["https:\/\/www.facebook.com\/XativaTurisme","https:\/\/x.com\/XativaTurisme"]},{"@type":"Person","@id":"https:\/\/xativaturismo.com\/#\/schema\/person\/076ef82c001ca23709c36cf13a96ee7d","name":"Edit Orial","image":{"@type":"ImageObject","inLanguage":"ca","@id":"https:\/\/xativaturismo.com\/#\/schema\/person\/image\/","url":"https:\/\/secure.gravatar.com\/avatar\/8e23460bf094742a301ecd4741c5b42b22f6fd944b7a3e55260bb476eccfd123?s=96&d=mm&r=g","contentUrl":"https:\/\/secure.gravatar.com\/avatar\/8e23460bf094742a301ecd4741c5b42b22f6fd944b7a3e55260bb476eccfd123?s=96&d=mm&r=g","caption":"Edit Orial"},"url":"https:\/\/xativaturismo.com\/val\/author\/autoripress\/"}]}},"_links":{"self":[{"href":"https:\/\/xativaturismo.com\/val\/wp-json\/wp\/v2\/posts\/18020","targetHints":{"allow":["GET"]}}],"collection":[{"href":"https:\/\/xativaturismo.com\/val\/wp-json\/wp\/v2\/posts"}],"about":[{"href":"https:\/\/xativaturismo.com\/val\/wp-json\/wp\/v2\/types\/post"}],"author":[{"embeddable":true,"href":"https:\/\/xativaturismo.com\/val\/wp-json\/wp\/v2\/users\/10"}],"replies":[{"embeddable":true,"href":"https:\/\/xativaturismo.com\/val\/wp-json\/wp\/v2\/comments?post=18020"}],"version-history":[{"count":0,"href":"https:\/\/xativaturismo.com\/val\/wp-json\/wp\/v2\/posts\/18020\/revisions"}],"wp:attachment":[{"href":"https:\/\/xativaturismo.com\/val\/wp-json\/wp\/v2\/media?parent=18020"}],"wp:term":[{"taxonomy":"category","embeddable":true,"href":"https:\/\/xativaturismo.com\/val\/wp-json\/wp\/v2\/categories?post=18020"},{"taxonomy":"post_tag","embeddable":true,"href":"https:\/\/xativaturismo.com\/val\/wp-json\/wp\/v2\/tags?post=18020"}],"curies":[{"name":"wp","href":"https:\/\/api.w.org\/{rel}","templated":true}]}}