{"id":17932,"date":"2018-04-22T08:52:53","date_gmt":"2018-04-22T08:52:53","guid":{"rendered":"https:\/\/xativaturismo.com\/xativa-prepara-gran-encuentro-muixerangas\/"},"modified":"2018-04-12T09:44:11","modified_gmt":"2018-04-12T09:44:11","slug":"xativa-prepara-gran-trobada-muixerangues","status":"publish","type":"post","link":"https:\/\/xativaturismo.com\/val\/xativa-prepara-gran-trobada-muixerangues\/","title":{"rendered":"X\u00e0tiva prepara una gran Trobada de Muixerangues"},"content":{"rendered":"<p>La <a href=\"http:\/\/muixerangadexativa.blogspot.com\/\" target=\"_blank\" rel=\"noopener\">Muixeranga de X\u00e0tiva<\/a> ha fet p\u00fablic el cartell de la <strong>II Trobada de Muixerangues de X\u00e0tiva<\/strong>, que comptar\u00e0 amb algunes de les colles m\u00e9s en forma del vigor\u00f3s panorama muixeranguer valenci\u00e0. L\u2019espectacularitat de les muixerangues directe es podr\u00e0 presenciar la <strong>vesprada del 12 de maig a l\u2019Albereda Jaume I<\/strong>. La colla socarrada ha convidat per l\u2019ocasi\u00f3 la Muixeranga de Castell\u00f3, la Muixeranga de Vinar\u00f2s i la Muixeranga de Cullera. Els castellonencs s\u00f3n ara mateix una de les formacions m\u00e9s en forma, que executa alguna de les figures m\u00e9s altes i complexes de l\u2019ampli repertori muixeranguer. Amb la pres\u00e8ncia de les quatre colles es pot assolir la xifra de 300 participants en la Trobada, la qual cosa consolida la capital de la Costera com a pla\u00e7a muixeranguera. La Muixeranga de X\u00e0tiva, que sens dubte preparar\u00e0 el bo i millor del seu repertori per la cita, anir\u00e0 acompanyada com \u00e9s habitual de la <a href=\"https:\/\/www.facebook.com\/collalasocarra\/\" target=\"_blank\" rel=\"noopener\">Colla de Dol\u00e7aina i Tabal <\/a><em>la Socarr\u00e0.<\/em><\/p>\n<p>L\u2019any passat la primera edici\u00f3 de la Trobada es va cloure amb \u00e8xit de p\u00fablic i organitzaci\u00f3, com explica aquesta cr\u00f2nica amb imatges i v\u00eddeos del diari especialitzat Temps de Muixeranga. Enguany, com a novetat, la Trobada coincidir\u00e0 amb la presentaci\u00f3 del <strong>Festival M\u00fasica i Lletra<\/strong>. En acabar l\u2019actuaci\u00f3 muixeranguera el festival de m\u00fasica d\u2019autor presentar\u00e0, entre m\u00e9s coses, la final del certamen de joves cantautors i un concert d\u2019El Diluvi.<\/p>\n","protected":false},"excerpt":{"rendered":"<p>La II Trobada de Muixerangues de X\u00e0tiva comptar\u00e0 amb algunes de les colles m\u00e9s en forma del vigor\u00f3s panorama muixeranguer valenci\u00e0.<\/p>\n","protected":false},"author":10,"featured_media":0,"comment_status":"closed","ping_status":"closed","sticky":false,"template":"","format":"standard","meta":{"_price":"","_stock":"","_tribe_ticket_header":"","_tribe_default_ticket_provider":"","_ticket_start_date":"","_ticket_end_date":"","_tribe_ticket_show_description":"","_tribe_ticket_show_not_going":false,"_tribe_ticket_use_global_stock":"","_tribe_ticket_global_stock_level":"","_global_stock_mode":"","_global_stock_cap":"","_tribe_rsvp_for_event":"","_tribe_ticket_going_count":"","_tribe_ticket_not_going_count":"","_tribe_tickets_list":"[]","_tribe_ticket_has_attendee_info_fields":false,"footnotes":""},"categories":[23],"tags":[],"class_list":["post-17932","post","type-post","status-publish","format-standard","hentry","category-actualidad-val"],"yoast_head":"<!-- This site is optimized with the Yoast SEO plugin v27.0 - https:\/\/yoast.com\/product\/yoast-seo-wordpress\/ -->\n<title>X\u00e0tiva prepara una gran Trobada de Muixerangues - X\u00e0tiva Turismo<\/title>\n<meta name=\"description\" content=\"La II Trobada de Muixerangues de X\u00e0tiva comptar\u00e0 amb algunes de les colles m\u00e9s en forma del vigor\u00f3s panorama muixeranguer valenci\u00e0.\" \/>\n<meta name=\"robots\" content=\"index, follow, max-snippet:-1, max-image-preview:large, max-video-preview:-1\" \/>\n<link rel=\"canonical\" href=\"https:\/\/xativaturismo.com\/val\/xativa-prepara-gran-trobada-muixerangues\/\" \/>\n<meta property=\"og:locale\" content=\"ca_ES\" \/>\n<meta property=\"og:type\" content=\"article\" \/>\n<meta property=\"og:title\" content=\"X\u00e0tiva prepara una gran Trobada de Muixerangues\" \/>\n<meta property=\"og:description\" content=\"La II Trobada de Muixerangues de X\u00e0tiva comptar\u00e0 amb algunes de les colles m\u00e9s en forma del vigor\u00f3s panorama muixeranguer valenci\u00e0.\" \/>\n<meta property=\"og:url\" content=\"https:\/\/xativaturismo.com\/val\/xativa-prepara-gran-trobada-muixerangues\/\" \/>\n<meta property=\"og:site_name\" content=\"X\u00e0tiva Turismo\" \/>\n<meta property=\"article:publisher\" content=\"https:\/\/www.facebook.com\/XativaTurisme\" \/>\n<meta property=\"article:published_time\" content=\"2018-04-22T08:52:53+00:00\" \/>\n<meta property=\"og:image\" content=\"https:\/\/xativaturismo.com\/wp-content\/uploads\/2016\/01\/castell-menor-8.jpg\" \/>\n\t<meta property=\"og:image:width\" content=\"846\" \/>\n\t<meta property=\"og:image:height\" content=\"480\" \/>\n\t<meta property=\"og:image:type\" content=\"image\/jpeg\" \/>\n<meta name=\"author\" content=\"Edit Orial\" \/>\n<meta name=\"twitter:card\" content=\"summary_large_image\" \/>\n<meta name=\"twitter:title\" content=\"X\u00e0tiva prepara una gran Trobada de Muixerangues\" \/>\n<meta name=\"twitter:description\" content=\"La II Trobada de Muixerangues de X\u00e0tiva comptar\u00e0 amb algunes de les colles m\u00e9s en forma del vigor\u00f3s panorama muixeranguer valenci\u00e0.\" \/>\n<meta name=\"twitter:image\" content=\"https:\/\/xativaturismo.com\/wp-content\/uploads\/2018\/04\/trobada-de-muixerangues-de-xtiva.jpg\" \/>\n<meta name=\"twitter:creator\" content=\"@XativaTurisme\" \/>\n<meta name=\"twitter:site\" content=\"@XativaTurisme\" \/>\n<meta name=\"twitter:label1\" content=\"Written by\" \/>\n\t<meta name=\"twitter:data1\" content=\"Edit Orial\" \/>\n\t<meta name=\"twitter:label2\" content=\"Est. reading time\" \/>\n\t<meta name=\"twitter:data2\" content=\"1 minute\" \/>\n<script type=\"application\/ld+json\" class=\"yoast-schema-graph\">{\"@context\":\"https:\/\/schema.org\",\"@graph\":[{\"@type\":\"Article\",\"@id\":\"https:\/\/xativaturismo.com\/val\/xativa-prepara-gran-trobada-muixerangues\/#article\",\"isPartOf\":{\"@id\":\"https:\/\/xativaturismo.com\/val\/xativa-prepara-gran-trobada-muixerangues\/\"},\"author\":{\"name\":\"Edit Orial\",\"@id\":\"https:\/\/xativaturismo.com\/#\/schema\/person\/076ef82c001ca23709c36cf13a96ee7d\"},\"headline\":\"X\u00e0tiva prepara una gran Trobada de Muixerangues\",\"datePublished\":\"2018-04-22T08:52:53+00:00\",\"mainEntityOfPage\":{\"@id\":\"https:\/\/xativaturismo.com\/val\/xativa-prepara-gran-trobada-muixerangues\/\"},\"wordCount\":263,\"publisher\":{\"@id\":\"https:\/\/xativaturismo.com\/#organization\"},\"articleSection\":[\"Actualitat\"],\"inLanguage\":\"ca\"},{\"@type\":\"WebPage\",\"@id\":\"https:\/\/xativaturismo.com\/val\/xativa-prepara-gran-trobada-muixerangues\/\",\"url\":\"https:\/\/xativaturismo.com\/val\/xativa-prepara-gran-trobada-muixerangues\/\",\"name\":\"X\u00e0tiva prepara una gran Trobada de Muixerangues - X\u00e0tiva Turismo\",\"isPartOf\":{\"@id\":\"https:\/\/xativaturismo.com\/#website\"},\"datePublished\":\"2018-04-22T08:52:53+00:00\",\"description\":\"La II Trobada de Muixerangues de X\u00e0tiva comptar\u00e0 amb algunes de les colles m\u00e9s en forma del vigor\u00f3s panorama muixeranguer valenci\u00e0.\",\"breadcrumb\":{\"@id\":\"https:\/\/xativaturismo.com\/val\/xativa-prepara-gran-trobada-muixerangues\/#breadcrumb\"},\"inLanguage\":\"ca\",\"potentialAction\":[{\"@type\":\"ReadAction\",\"target\":[\"https:\/\/xativaturismo.com\/val\/xativa-prepara-gran-trobada-muixerangues\/\"]}]},{\"@type\":\"BreadcrumbList\",\"@id\":\"https:\/\/xativaturismo.com\/val\/xativa-prepara-gran-trobada-muixerangues\/#breadcrumb\",\"itemListElement\":[{\"@type\":\"ListItem\",\"position\":1,\"name\":\"Portada\",\"item\":\"https:\/\/xativaturismo.com\/val\/\"},{\"@type\":\"ListItem\",\"position\":2,\"name\":\"X\u00e0tiva prepara una gran Trobada de Muixerangues\"}]},{\"@type\":\"WebSite\",\"@id\":\"https:\/\/xativaturismo.com\/#website\",\"url\":\"https:\/\/xativaturismo.com\/\",\"name\":\"X\u00e0tiva Turismo\",\"description\":\"Bienvenidos a la oficina de Turismo de X\u00e0tiva\",\"publisher\":{\"@id\":\"https:\/\/xativaturismo.com\/#organization\"},\"potentialAction\":[{\"@type\":\"SearchAction\",\"target\":{\"@type\":\"EntryPoint\",\"urlTemplate\":\"https:\/\/xativaturismo.com\/?s={search_term_string}\"},\"query-input\":{\"@type\":\"PropertyValueSpecification\",\"valueRequired\":true,\"valueName\":\"search_term_string\"}}],\"inLanguage\":\"ca\"},{\"@type\":\"Organization\",\"@id\":\"https:\/\/xativaturismo.com\/#organization\",\"name\":\"X\u00e0tiva Turismo\",\"url\":\"https:\/\/xativaturismo.com\/\",\"logo\":{\"@type\":\"ImageObject\",\"inLanguage\":\"ca\",\"@id\":\"https:\/\/xativaturismo.com\/#\/schema\/logo\/image\/\",\"url\":\"https:\/\/xativaturismo.com\/wp-content\/uploads\/2020\/10\/logo-lila512-2.png\",\"contentUrl\":\"https:\/\/xativaturismo.com\/wp-content\/uploads\/2020\/10\/logo-lila512-2.png\",\"width\":445,\"height\":512,\"caption\":\"X\u00e0tiva Turismo\"},\"image\":{\"@id\":\"https:\/\/xativaturismo.com\/#\/schema\/logo\/image\/\"},\"sameAs\":[\"https:\/\/www.facebook.com\/XativaTurisme\",\"https:\/\/x.com\/XativaTurisme\"]},{\"@type\":\"Person\",\"@id\":\"https:\/\/xativaturismo.com\/#\/schema\/person\/076ef82c001ca23709c36cf13a96ee7d\",\"name\":\"Edit Orial\",\"image\":{\"@type\":\"ImageObject\",\"inLanguage\":\"ca\",\"@id\":\"https:\/\/xativaturismo.com\/#\/schema\/person\/image\/\",\"url\":\"https:\/\/secure.gravatar.com\/avatar\/8e23460bf094742a301ecd4741c5b42b22f6fd944b7a3e55260bb476eccfd123?s=96&d=mm&r=g\",\"contentUrl\":\"https:\/\/secure.gravatar.com\/avatar\/8e23460bf094742a301ecd4741c5b42b22f6fd944b7a3e55260bb476eccfd123?s=96&d=mm&r=g\",\"caption\":\"Edit Orial\"},\"url\":\"https:\/\/xativaturismo.com\/val\/author\/autoripress\/\"}]}<\/script>\n<!-- \/ Yoast SEO plugin. -->","yoast_head_json":{"title":"X\u00e0tiva prepara una gran Trobada de Muixerangues - X\u00e0tiva Turismo","description":"La II Trobada de Muixerangues de X\u00e0tiva comptar\u00e0 amb algunes de les colles m\u00e9s en forma del vigor\u00f3s panorama muixeranguer valenci\u00e0.","robots":{"index":"index","follow":"follow","max-snippet":"max-snippet:-1","max-image-preview":"max-image-preview:large","max-video-preview":"max-video-preview:-1"},"canonical":"https:\/\/xativaturismo.com\/val\/xativa-prepara-gran-trobada-muixerangues\/","og_locale":"ca_ES","og_type":"article","og_title":"X\u00e0tiva prepara una gran Trobada de Muixerangues","og_description":"La II Trobada de Muixerangues de X\u00e0tiva comptar\u00e0 amb algunes de les colles m\u00e9s en forma del vigor\u00f3s panorama muixeranguer valenci\u00e0.","og_url":"https:\/\/xativaturismo.com\/val\/xativa-prepara-gran-trobada-muixerangues\/","og_site_name":"X\u00e0tiva Turismo","article_publisher":"https:\/\/www.facebook.com\/XativaTurisme","article_published_time":"2018-04-22T08:52:53+00:00","og_image":[{"width":846,"height":480,"url":"https:\/\/xativaturismo.com\/wp-content\/uploads\/2016\/01\/castell-menor-8.jpg","type":"image\/jpeg"}],"author":"Edit Orial","twitter_card":"summary_large_image","twitter_title":"X\u00e0tiva prepara una gran Trobada de Muixerangues","twitter_description":"La II Trobada de Muixerangues de X\u00e0tiva comptar\u00e0 amb algunes de les colles m\u00e9s en forma del vigor\u00f3s panorama muixeranguer valenci\u00e0.","twitter_image":"https:\/\/xativaturismo.com\/wp-content\/uploads\/2018\/04\/trobada-de-muixerangues-de-xtiva.jpg","twitter_creator":"@XativaTurisme","twitter_site":"@XativaTurisme","twitter_misc":{"Written by":"Edit Orial","Est. reading time":"1 minute"},"schema":{"@context":"https:\/\/schema.org","@graph":[{"@type":"Article","@id":"https:\/\/xativaturismo.com\/val\/xativa-prepara-gran-trobada-muixerangues\/#article","isPartOf":{"@id":"https:\/\/xativaturismo.com\/val\/xativa-prepara-gran-trobada-muixerangues\/"},"author":{"name":"Edit Orial","@id":"https:\/\/xativaturismo.com\/#\/schema\/person\/076ef82c001ca23709c36cf13a96ee7d"},"headline":"X\u00e0tiva prepara una gran Trobada de Muixerangues","datePublished":"2018-04-22T08:52:53+00:00","mainEntityOfPage":{"@id":"https:\/\/xativaturismo.com\/val\/xativa-prepara-gran-trobada-muixerangues\/"},"wordCount":263,"publisher":{"@id":"https:\/\/xativaturismo.com\/#organization"},"articleSection":["Actualitat"],"inLanguage":"ca"},{"@type":"WebPage","@id":"https:\/\/xativaturismo.com\/val\/xativa-prepara-gran-trobada-muixerangues\/","url":"https:\/\/xativaturismo.com\/val\/xativa-prepara-gran-trobada-muixerangues\/","name":"X\u00e0tiva prepara una gran Trobada de Muixerangues - X\u00e0tiva Turismo","isPartOf":{"@id":"https:\/\/xativaturismo.com\/#website"},"datePublished":"2018-04-22T08:52:53+00:00","description":"La II Trobada de Muixerangues de X\u00e0tiva comptar\u00e0 amb algunes de les colles m\u00e9s en forma del vigor\u00f3s panorama muixeranguer valenci\u00e0.","breadcrumb":{"@id":"https:\/\/xativaturismo.com\/val\/xativa-prepara-gran-trobada-muixerangues\/#breadcrumb"},"inLanguage":"ca","potentialAction":[{"@type":"ReadAction","target":["https:\/\/xativaturismo.com\/val\/xativa-prepara-gran-trobada-muixerangues\/"]}]},{"@type":"BreadcrumbList","@id":"https:\/\/xativaturismo.com\/val\/xativa-prepara-gran-trobada-muixerangues\/#breadcrumb","itemListElement":[{"@type":"ListItem","position":1,"name":"Portada","item":"https:\/\/xativaturismo.com\/val\/"},{"@type":"ListItem","position":2,"name":"X\u00e0tiva prepara una gran Trobada de Muixerangues"}]},{"@type":"WebSite","@id":"https:\/\/xativaturismo.com\/#website","url":"https:\/\/xativaturismo.com\/","name":"X\u00e0tiva Turismo","description":"Bienvenidos a la oficina de Turismo de X\u00e0tiva","publisher":{"@id":"https:\/\/xativaturismo.com\/#organization"},"potentialAction":[{"@type":"SearchAction","target":{"@type":"EntryPoint","urlTemplate":"https:\/\/xativaturismo.com\/?s={search_term_string}"},"query-input":{"@type":"PropertyValueSpecification","valueRequired":true,"valueName":"search_term_string"}}],"inLanguage":"ca"},{"@type":"Organization","@id":"https:\/\/xativaturismo.com\/#organization","name":"X\u00e0tiva Turismo","url":"https:\/\/xativaturismo.com\/","logo":{"@type":"ImageObject","inLanguage":"ca","@id":"https:\/\/xativaturismo.com\/#\/schema\/logo\/image\/","url":"https:\/\/xativaturismo.com\/wp-content\/uploads\/2020\/10\/logo-lila512-2.png","contentUrl":"https:\/\/xativaturismo.com\/wp-content\/uploads\/2020\/10\/logo-lila512-2.png","width":445,"height":512,"caption":"X\u00e0tiva Turismo"},"image":{"@id":"https:\/\/xativaturismo.com\/#\/schema\/logo\/image\/"},"sameAs":["https:\/\/www.facebook.com\/XativaTurisme","https:\/\/x.com\/XativaTurisme"]},{"@type":"Person","@id":"https:\/\/xativaturismo.com\/#\/schema\/person\/076ef82c001ca23709c36cf13a96ee7d","name":"Edit Orial","image":{"@type":"ImageObject","inLanguage":"ca","@id":"https:\/\/xativaturismo.com\/#\/schema\/person\/image\/","url":"https:\/\/secure.gravatar.com\/avatar\/8e23460bf094742a301ecd4741c5b42b22f6fd944b7a3e55260bb476eccfd123?s=96&d=mm&r=g","contentUrl":"https:\/\/secure.gravatar.com\/avatar\/8e23460bf094742a301ecd4741c5b42b22f6fd944b7a3e55260bb476eccfd123?s=96&d=mm&r=g","caption":"Edit Orial"},"url":"https:\/\/xativaturismo.com\/val\/author\/autoripress\/"}]}},"_links":{"self":[{"href":"https:\/\/xativaturismo.com\/val\/wp-json\/wp\/v2\/posts\/17932","targetHints":{"allow":["GET"]}}],"collection":[{"href":"https:\/\/xativaturismo.com\/val\/wp-json\/wp\/v2\/posts"}],"about":[{"href":"https:\/\/xativaturismo.com\/val\/wp-json\/wp\/v2\/types\/post"}],"author":[{"embeddable":true,"href":"https:\/\/xativaturismo.com\/val\/wp-json\/wp\/v2\/users\/10"}],"replies":[{"embeddable":true,"href":"https:\/\/xativaturismo.com\/val\/wp-json\/wp\/v2\/comments?post=17932"}],"version-history":[{"count":0,"href":"https:\/\/xativaturismo.com\/val\/wp-json\/wp\/v2\/posts\/17932\/revisions"}],"wp:attachment":[{"href":"https:\/\/xativaturismo.com\/val\/wp-json\/wp\/v2\/media?parent=17932"}],"wp:term":[{"taxonomy":"category","embeddable":true,"href":"https:\/\/xativaturismo.com\/val\/wp-json\/wp\/v2\/categories?post=17932"},{"taxonomy":"post_tag","embeddable":true,"href":"https:\/\/xativaturismo.com\/val\/wp-json\/wp\/v2\/tags?post=17932"}],"curies":[{"name":"wp","href":"https:\/\/api.w.org\/{rel}","templated":true}]}}