{"id":11681,"date":"2016-09-09T10:08:40","date_gmt":"2016-09-09T10:08:40","guid":{"rendered":"https:\/\/xativaturismo.com\/val\/?p=11681"},"modified":"2016-09-22T10:43:52","modified_gmt":"2016-09-22T10:43:52","slug":"arrelats-folk-xativa-al-setembre","status":"publish","type":"post","link":"https:\/\/xativaturismo.com\/val\/arrelats-folk-xativa-al-setembre\/","title":{"rendered":"Arrelats Folk X\u00e0tiva al setembre"},"content":{"rendered":"<p><em>Arrelats Folk X\u00e0tiva<\/em> \u00e9s un projecte cultural creat per <b><a href=\"http:\/\/escoladedansesxativa.com\/\">l\u2019Escola de Danses de X\u00e0tiva<\/a> <\/b>l\u2019any 2011. Les persones que formen el col\u00b7lectiu organitzen la Mostra i ho fan d\u2019una manera completament altruista, amb l\u2019objectiu de veure X\u00e0tiva cada dia m\u00e9s cultural, m\u00e9s oberta, m\u00e9s emprenedora, m\u00e9s sensible, m\u00e9s coneguda per tot arreu i m\u00e9s digna.<em> Arrelats Folk<\/em> \u00e9s un projecte de ciutat.<br \/>\nLa programaci\u00f3 d\u2019aquesta sisena edici\u00f3 hi ha grans i interessants novetats.<\/p>\n<p><strong>Divendres 23 de setembre<\/strong> a les 20:30 h. en el Claustre del Museo L\u2019Almod\u00ed un concert-classe magistral de <b>Vanesa Muela<\/b>, investigadora i recuperadora de sons tradicionals de tots els territoris, especialmente de Castella i Lle\u00f3.<br \/>\n<strong>Dissabte 24 de setembre<\/strong> en la Pla\u00e7a Sant Francesc,<em> Menuts arrelats<\/em> durant tot el d\u00eda desde les 11:30 h. fins les 19:30 h. el espectacle infantil <em>Percutando<\/em> a c\u00e0rrec de l\u2019acad\u00e8mia <b>Ritmus<\/b>, Jocs de Fusta per als mes menuts. Ser\u00e0 novetat les sessions de micro-teatre infantil, a c\u00e0rrec de <b>Teatre la Lluna<\/b>, en un \u201cespai m\u00e0gic\u201d, innovador, creat per l\u2019Escola de Danses gr\u00e0cies a la col\u00b7laboraci\u00f3 de la dissenyadora\/il\u00b7lustradora xativina <b>Maria Benet<\/b>. A les 22:00 h. l\u2019actuaci\u00f3 de <b>Luar Na Lubre<\/b> presentant el seu darrer disc &#8220;<em>Extra Mundi<\/em>&#8220;, grup gallec que fonamenta els seus treballs en les m\u00fasiques d\u2019arrels gallegues. Al concert participaran les colles de dol\u00e7aines i tabals <b>La Socarr\u00e0 de X\u00e0tiva<\/b> i <b>La Degoll\u00e0 d\u2019Alcoi<\/b>.<br \/>\n<strong>Divendres 30 setembre<\/strong> A les 22:00 h. concert m\u00fasica d\u2019arrel valenciana a c\u00e1rrec de &#8220;<b>Botifarra amb Pau Ch\u00e0fer<\/b>&#8221; que presenten a X\u00e0tiva el treball titulat &#8220;<em>A un home que ve del poble ning\u00fa fa baixar la cara<\/em>&#8220;, que mant\u00e9 l\u2019estil del cantaor de X\u00e0tiva per\u00f2 amb arranjaments i interpretacions de Pau Chafer.<br \/>\n<strong>Dissabte 1 d\u2019octubre<\/strong> des de les 11:30 h. i fins 20:00 h. juntament amb diversos micro-concerts de carrer, amb diferents propostes de m\u00fasica folk que s\u2019oferiran al llarg de tot el dia, es comptar\u00e0 amb la fira d\u2019artesania i de productes de proximitat <a href=\"\/?p=10335\"><b>Firall<\/b> <\/a>que tamb\u00e9 s\u2019adhereix a la proposta <em>d\u2019Arrelats Folk X\u00e0tiva.<\/em><\/p>\n","protected":false},"excerpt":{"rendered":"<p>Arrelats Folk X\u00e0tiva \u00e9s un projecte cultural creat per l\u2019Escola de Danses de X\u00e0tiva l\u2019any 2011. Les persones que formen el col\u00b7lectiu organitzen la Mostra i ho fan d\u2019una manera [&hellip;]<\/p>\n","protected":false},"author":10,"featured_media":0,"comment_status":"closed","ping_status":"closed","sticky":false,"template":"","format":"standard","meta":{"_price":"","_stock":"","_tribe_ticket_header":"","_tribe_default_ticket_provider":"","_ticket_start_date":"","_ticket_end_date":"","_tribe_ticket_show_description":"","_tribe_ticket_show_not_going":false,"_tribe_ticket_use_global_stock":"","_tribe_ticket_global_stock_level":"","_global_stock_mode":"","_global_stock_cap":"","_tribe_rsvp_for_event":"","_tribe_ticket_going_count":"","_tribe_ticket_not_going_count":"","_tribe_tickets_list":"[]","_tribe_ticket_has_attendee_info_fields":false,"footnotes":""},"categories":[23,24],"tags":[],"class_list":["post-11681","post","type-post","status-publish","format-standard","hentry","category-actualidad-val","category-cultura-val"],"yoast_head":"<!-- This site is optimized with the Yoast SEO plugin v27.0 - https:\/\/yoast.com\/product\/yoast-seo-wordpress\/ -->\n<title>Arrelats Folk X\u00e0tiva al setembre - X\u00e0tiva Turismo<\/title>\n<meta name=\"description\" content=\"Arrelats Folk X\u00e0tiva \u00e9s un projecte cultural creat per l\u2019Escola de Danses de X\u00e0tiva l\u2019any 2011, que se celebra el mes de setembre.\" \/>\n<meta name=\"robots\" content=\"index, follow, max-snippet:-1, max-image-preview:large, max-video-preview:-1\" \/>\n<link rel=\"canonical\" href=\"https:\/\/xativaturismo.com\/val\/arrelats-folk-xativa-al-setembre\/\" \/>\n<meta property=\"og:locale\" content=\"ca_ES\" \/>\n<meta property=\"og:type\" content=\"article\" \/>\n<meta property=\"og:title\" content=\"Arrelats Folk X\u00e0tiva al setembre\" \/>\n<meta property=\"og:description\" content=\"Arrelats Folk X\u00e0tiva \u00e9s un projecte cultural creat per l\u2019Escola de Danses de X\u00e0tiva l\u2019any 2011, que se celebra el mes de setembre.\" \/>\n<meta property=\"og:url\" content=\"https:\/\/xativaturismo.com\/val\/arrelats-folk-xativa-al-setembre\/\" \/>\n<meta property=\"og:site_name\" content=\"X\u00e0tiva Turismo\" \/>\n<meta property=\"article:publisher\" content=\"https:\/\/www.facebook.com\/XativaTurisme\" \/>\n<meta property=\"article:published_time\" content=\"2016-09-09T10:08:40+00:00\" \/>\n<meta property=\"article:modified_time\" content=\"2016-09-22T10:43:52+00:00\" \/>\n<meta property=\"og:image\" content=\"https:\/\/xativaturismo.com\/wp-content\/uploads\/2016\/01\/castell-menor-8.jpg\" \/>\n\t<meta property=\"og:image:width\" content=\"846\" \/>\n\t<meta property=\"og:image:height\" content=\"480\" \/>\n\t<meta property=\"og:image:type\" content=\"image\/jpeg\" \/>\n<meta name=\"author\" content=\"Edit Orial\" \/>\n<meta name=\"twitter:card\" content=\"summary_large_image\" \/>\n<meta name=\"twitter:title\" content=\"Arrelats Folk X\u00e0tiva al setembre\" \/>\n<meta name=\"twitter:description\" content=\"Arrelats Folk X\u00e0tiva \u00e9s un projecte cultural creat per l\u2019Escola de Danses de X\u00e0tiva l\u2019any 2011, que se celebra el mes de setembre.\" \/>\n<meta name=\"twitter:image\" content=\"https:\/\/xativaturismo.com\/wp-content\/uploads\/2016\/09\/Arrelats.jpg\" \/>\n<meta name=\"twitter:creator\" content=\"@XativaTurisme\" \/>\n<meta name=\"twitter:site\" content=\"@XativaTurisme\" \/>\n<meta name=\"twitter:label1\" content=\"Written by\" \/>\n\t<meta name=\"twitter:data1\" content=\"Edit Orial\" \/>\n\t<meta name=\"twitter:label2\" content=\"Est. reading time\" \/>\n\t<meta name=\"twitter:data2\" content=\"2 minutes\" \/>\n<script type=\"application\/ld+json\" class=\"yoast-schema-graph\">{\"@context\":\"https:\/\/schema.org\",\"@graph\":[{\"@type\":\"Article\",\"@id\":\"https:\/\/xativaturismo.com\/val\/arrelats-folk-xativa-al-setembre\/#article\",\"isPartOf\":{\"@id\":\"https:\/\/xativaturismo.com\/val\/arrelats-folk-xativa-al-setembre\/\"},\"author\":{\"name\":\"Edit Orial\",\"@id\":\"https:\/\/xativaturismo.com\/#\/schema\/person\/076ef82c001ca23709c36cf13a96ee7d\"},\"headline\":\"Arrelats Folk X\u00e0tiva al setembre\",\"datePublished\":\"2016-09-09T10:08:40+00:00\",\"dateModified\":\"2016-09-22T10:43:52+00:00\",\"mainEntityOfPage\":{\"@id\":\"https:\/\/xativaturismo.com\/val\/arrelats-folk-xativa-al-setembre\/\"},\"wordCount\":372,\"publisher\":{\"@id\":\"https:\/\/xativaturismo.com\/#organization\"},\"articleSection\":[\"Actualitat\",\"Cultura\"],\"inLanguage\":\"ca\"},{\"@type\":\"WebPage\",\"@id\":\"https:\/\/xativaturismo.com\/val\/arrelats-folk-xativa-al-setembre\/\",\"url\":\"https:\/\/xativaturismo.com\/val\/arrelats-folk-xativa-al-setembre\/\",\"name\":\"Arrelats Folk X\u00e0tiva al setembre - X\u00e0tiva Turismo\",\"isPartOf\":{\"@id\":\"https:\/\/xativaturismo.com\/#website\"},\"datePublished\":\"2016-09-09T10:08:40+00:00\",\"dateModified\":\"2016-09-22T10:43:52+00:00\",\"description\":\"Arrelats Folk X\u00e0tiva \u00e9s un projecte cultural creat per l\u2019Escola de Danses de X\u00e0tiva l\u2019any 2011, que se celebra el mes de setembre.\",\"breadcrumb\":{\"@id\":\"https:\/\/xativaturismo.com\/val\/arrelats-folk-xativa-al-setembre\/#breadcrumb\"},\"inLanguage\":\"ca\",\"potentialAction\":[{\"@type\":\"ReadAction\",\"target\":[\"https:\/\/xativaturismo.com\/val\/arrelats-folk-xativa-al-setembre\/\"]}]},{\"@type\":\"BreadcrumbList\",\"@id\":\"https:\/\/xativaturismo.com\/val\/arrelats-folk-xativa-al-setembre\/#breadcrumb\",\"itemListElement\":[{\"@type\":\"ListItem\",\"position\":1,\"name\":\"Portada\",\"item\":\"https:\/\/xativaturismo.com\/val\/\"},{\"@type\":\"ListItem\",\"position\":2,\"name\":\"Arrelats Folk X\u00e0tiva al setembre\"}]},{\"@type\":\"WebSite\",\"@id\":\"https:\/\/xativaturismo.com\/#website\",\"url\":\"https:\/\/xativaturismo.com\/\",\"name\":\"X\u00e0tiva Turismo\",\"description\":\"Bienvenidos a la oficina de Turismo de X\u00e0tiva\",\"publisher\":{\"@id\":\"https:\/\/xativaturismo.com\/#organization\"},\"potentialAction\":[{\"@type\":\"SearchAction\",\"target\":{\"@type\":\"EntryPoint\",\"urlTemplate\":\"https:\/\/xativaturismo.com\/?s={search_term_string}\"},\"query-input\":{\"@type\":\"PropertyValueSpecification\",\"valueRequired\":true,\"valueName\":\"search_term_string\"}}],\"inLanguage\":\"ca\"},{\"@type\":\"Organization\",\"@id\":\"https:\/\/xativaturismo.com\/#organization\",\"name\":\"X\u00e0tiva Turismo\",\"url\":\"https:\/\/xativaturismo.com\/\",\"logo\":{\"@type\":\"ImageObject\",\"inLanguage\":\"ca\",\"@id\":\"https:\/\/xativaturismo.com\/#\/schema\/logo\/image\/\",\"url\":\"https:\/\/xativaturismo.com\/wp-content\/uploads\/2020\/10\/logo-lila512-2.png\",\"contentUrl\":\"https:\/\/xativaturismo.com\/wp-content\/uploads\/2020\/10\/logo-lila512-2.png\",\"width\":445,\"height\":512,\"caption\":\"X\u00e0tiva Turismo\"},\"image\":{\"@id\":\"https:\/\/xativaturismo.com\/#\/schema\/logo\/image\/\"},\"sameAs\":[\"https:\/\/www.facebook.com\/XativaTurisme\",\"https:\/\/x.com\/XativaTurisme\"]},{\"@type\":\"Person\",\"@id\":\"https:\/\/xativaturismo.com\/#\/schema\/person\/076ef82c001ca23709c36cf13a96ee7d\",\"name\":\"Edit Orial\",\"image\":{\"@type\":\"ImageObject\",\"inLanguage\":\"ca\",\"@id\":\"https:\/\/xativaturismo.com\/#\/schema\/person\/image\/\",\"url\":\"https:\/\/secure.gravatar.com\/avatar\/8e23460bf094742a301ecd4741c5b42b22f6fd944b7a3e55260bb476eccfd123?s=96&d=mm&r=g\",\"contentUrl\":\"https:\/\/secure.gravatar.com\/avatar\/8e23460bf094742a301ecd4741c5b42b22f6fd944b7a3e55260bb476eccfd123?s=96&d=mm&r=g\",\"caption\":\"Edit Orial\"},\"url\":\"https:\/\/xativaturismo.com\/val\/author\/autoripress\/\"}]}<\/script>\n<!-- \/ Yoast SEO plugin. -->","yoast_head_json":{"title":"Arrelats Folk X\u00e0tiva al setembre - X\u00e0tiva Turismo","description":"Arrelats Folk X\u00e0tiva \u00e9s un projecte cultural creat per l\u2019Escola de Danses de X\u00e0tiva l\u2019any 2011, que se celebra el mes de setembre.","robots":{"index":"index","follow":"follow","max-snippet":"max-snippet:-1","max-image-preview":"max-image-preview:large","max-video-preview":"max-video-preview:-1"},"canonical":"https:\/\/xativaturismo.com\/val\/arrelats-folk-xativa-al-setembre\/","og_locale":"ca_ES","og_type":"article","og_title":"Arrelats Folk X\u00e0tiva al setembre","og_description":"Arrelats Folk X\u00e0tiva \u00e9s un projecte cultural creat per l\u2019Escola de Danses de X\u00e0tiva l\u2019any 2011, que se celebra el mes de setembre.","og_url":"https:\/\/xativaturismo.com\/val\/arrelats-folk-xativa-al-setembre\/","og_site_name":"X\u00e0tiva Turismo","article_publisher":"https:\/\/www.facebook.com\/XativaTurisme","article_published_time":"2016-09-09T10:08:40+00:00","article_modified_time":"2016-09-22T10:43:52+00:00","og_image":[{"width":846,"height":480,"url":"https:\/\/xativaturismo.com\/wp-content\/uploads\/2016\/01\/castell-menor-8.jpg","type":"image\/jpeg"}],"author":"Edit Orial","twitter_card":"summary_large_image","twitter_title":"Arrelats Folk X\u00e0tiva al setembre","twitter_description":"Arrelats Folk X\u00e0tiva \u00e9s un projecte cultural creat per l\u2019Escola de Danses de X\u00e0tiva l\u2019any 2011, que se celebra el mes de setembre.","twitter_image":"https:\/\/xativaturismo.com\/wp-content\/uploads\/2016\/09\/Arrelats.jpg","twitter_creator":"@XativaTurisme","twitter_site":"@XativaTurisme","twitter_misc":{"Written by":"Edit Orial","Est. reading time":"2 minutes"},"schema":{"@context":"https:\/\/schema.org","@graph":[{"@type":"Article","@id":"https:\/\/xativaturismo.com\/val\/arrelats-folk-xativa-al-setembre\/#article","isPartOf":{"@id":"https:\/\/xativaturismo.com\/val\/arrelats-folk-xativa-al-setembre\/"},"author":{"name":"Edit Orial","@id":"https:\/\/xativaturismo.com\/#\/schema\/person\/076ef82c001ca23709c36cf13a96ee7d"},"headline":"Arrelats Folk X\u00e0tiva al setembre","datePublished":"2016-09-09T10:08:40+00:00","dateModified":"2016-09-22T10:43:52+00:00","mainEntityOfPage":{"@id":"https:\/\/xativaturismo.com\/val\/arrelats-folk-xativa-al-setembre\/"},"wordCount":372,"publisher":{"@id":"https:\/\/xativaturismo.com\/#organization"},"articleSection":["Actualitat","Cultura"],"inLanguage":"ca"},{"@type":"WebPage","@id":"https:\/\/xativaturismo.com\/val\/arrelats-folk-xativa-al-setembre\/","url":"https:\/\/xativaturismo.com\/val\/arrelats-folk-xativa-al-setembre\/","name":"Arrelats Folk X\u00e0tiva al setembre - X\u00e0tiva Turismo","isPartOf":{"@id":"https:\/\/xativaturismo.com\/#website"},"datePublished":"2016-09-09T10:08:40+00:00","dateModified":"2016-09-22T10:43:52+00:00","description":"Arrelats Folk X\u00e0tiva \u00e9s un projecte cultural creat per l\u2019Escola de Danses de X\u00e0tiva l\u2019any 2011, que se celebra el mes de setembre.","breadcrumb":{"@id":"https:\/\/xativaturismo.com\/val\/arrelats-folk-xativa-al-setembre\/#breadcrumb"},"inLanguage":"ca","potentialAction":[{"@type":"ReadAction","target":["https:\/\/xativaturismo.com\/val\/arrelats-folk-xativa-al-setembre\/"]}]},{"@type":"BreadcrumbList","@id":"https:\/\/xativaturismo.com\/val\/arrelats-folk-xativa-al-setembre\/#breadcrumb","itemListElement":[{"@type":"ListItem","position":1,"name":"Portada","item":"https:\/\/xativaturismo.com\/val\/"},{"@type":"ListItem","position":2,"name":"Arrelats Folk X\u00e0tiva al setembre"}]},{"@type":"WebSite","@id":"https:\/\/xativaturismo.com\/#website","url":"https:\/\/xativaturismo.com\/","name":"X\u00e0tiva Turismo","description":"Bienvenidos a la oficina de Turismo de X\u00e0tiva","publisher":{"@id":"https:\/\/xativaturismo.com\/#organization"},"potentialAction":[{"@type":"SearchAction","target":{"@type":"EntryPoint","urlTemplate":"https:\/\/xativaturismo.com\/?s={search_term_string}"},"query-input":{"@type":"PropertyValueSpecification","valueRequired":true,"valueName":"search_term_string"}}],"inLanguage":"ca"},{"@type":"Organization","@id":"https:\/\/xativaturismo.com\/#organization","name":"X\u00e0tiva Turismo","url":"https:\/\/xativaturismo.com\/","logo":{"@type":"ImageObject","inLanguage":"ca","@id":"https:\/\/xativaturismo.com\/#\/schema\/logo\/image\/","url":"https:\/\/xativaturismo.com\/wp-content\/uploads\/2020\/10\/logo-lila512-2.png","contentUrl":"https:\/\/xativaturismo.com\/wp-content\/uploads\/2020\/10\/logo-lila512-2.png","width":445,"height":512,"caption":"X\u00e0tiva Turismo"},"image":{"@id":"https:\/\/xativaturismo.com\/#\/schema\/logo\/image\/"},"sameAs":["https:\/\/www.facebook.com\/XativaTurisme","https:\/\/x.com\/XativaTurisme"]},{"@type":"Person","@id":"https:\/\/xativaturismo.com\/#\/schema\/person\/076ef82c001ca23709c36cf13a96ee7d","name":"Edit Orial","image":{"@type":"ImageObject","inLanguage":"ca","@id":"https:\/\/xativaturismo.com\/#\/schema\/person\/image\/","url":"https:\/\/secure.gravatar.com\/avatar\/8e23460bf094742a301ecd4741c5b42b22f6fd944b7a3e55260bb476eccfd123?s=96&d=mm&r=g","contentUrl":"https:\/\/secure.gravatar.com\/avatar\/8e23460bf094742a301ecd4741c5b42b22f6fd944b7a3e55260bb476eccfd123?s=96&d=mm&r=g","caption":"Edit Orial"},"url":"https:\/\/xativaturismo.com\/val\/author\/autoripress\/"}]}},"_links":{"self":[{"href":"https:\/\/xativaturismo.com\/val\/wp-json\/wp\/v2\/posts\/11681","targetHints":{"allow":["GET"]}}],"collection":[{"href":"https:\/\/xativaturismo.com\/val\/wp-json\/wp\/v2\/posts"}],"about":[{"href":"https:\/\/xativaturismo.com\/val\/wp-json\/wp\/v2\/types\/post"}],"author":[{"embeddable":true,"href":"https:\/\/xativaturismo.com\/val\/wp-json\/wp\/v2\/users\/10"}],"replies":[{"embeddable":true,"href":"https:\/\/xativaturismo.com\/val\/wp-json\/wp\/v2\/comments?post=11681"}],"version-history":[{"count":0,"href":"https:\/\/xativaturismo.com\/val\/wp-json\/wp\/v2\/posts\/11681\/revisions"}],"wp:attachment":[{"href":"https:\/\/xativaturismo.com\/val\/wp-json\/wp\/v2\/media?parent=11681"}],"wp:term":[{"taxonomy":"category","embeddable":true,"href":"https:\/\/xativaturismo.com\/val\/wp-json\/wp\/v2\/categories?post=11681"},{"taxonomy":"post_tag","embeddable":true,"href":"https:\/\/xativaturismo.com\/val\/wp-json\/wp\/v2\/tags?post=11681"}],"curies":[{"name":"wp","href":"https:\/\/api.w.org\/{rel}","templated":true}]}}