{"id":11630,"date":"2016-09-22T08:42:35","date_gmt":"2016-09-22T08:42:35","guid":{"rendered":"https:\/\/xativaturismo.com\/val\/arrelats-2016\/"},"modified":"2016-09-26T09:27:39","modified_gmt":"2016-09-26T09:27:39","slug":"xativa-celebra-dia-mundial-turisme","status":"publish","type":"post","link":"https:\/\/xativaturismo.com\/val\/xativa-celebra-dia-mundial-turisme\/","title":{"rendered":"X\u00e0tiva celebra el Dia Mundial del Turisme"},"content":{"rendered":"<p>Sota el lema <strong><em>turisme accessible<\/em><\/strong>, X\u00e0tiva celebra el <a href=\"http:\/\/wtd.unwto.org\"><strong>Dia Mundial del Turisme<\/strong><\/a> amb una activitat guiada i una jornada de portes obertes. En la <strong><em>ruta dels sentits<\/em><\/strong>, els participants podran experimentar com \u00e9s la visita a la ciutat des del punt de vista d&#8217;una persona amb alguna discapacitat; d\u2019aquesta manera, la proposta inclou una visita guiada als principals monuments sense poder utilitzar un dels sentits (vista, o\u00efda, parla). Aix\u00ed els participants podran con\u00e8ixer de primera m\u00e0, i reflexionar, sobre les dificultats que en qu\u00e8 es troba aquest sector de la poblaci\u00f3. Per exemple, es visitar\u00e0 el Museu de Belles Arts sense utilitzar la vista, es descobriran al tacte algunes de les fonts de la ciutat i es coneixer\u00e0 alguna hist\u00f2ria a trav\u00e9s del llenguatge de signes. Les inscripcions gratu\u00eftes en l\u2019activitat s\u2019han de fer a l\u2019<a href=\"\/?page_id=9507\">Oficina de Turisme<\/a>, fins el diumenge 25. El recorregut comen\u00e7a a les 10.30 del mat\u00ed del <strong>dissabte 1 d&#8217;octubre<\/strong> a la Font del Lle\u00f3, amb una introducci\u00f3 sobre el que \u00e9s una ciutat accessible.<\/p>\n<p>En ocasi\u00f3 del Dia Mundial del Turisme el <strong>27 de setembre<\/strong>, eixe mateix dia es far\u00e0 una jornada de portes obertes al Castell, l\u2019Almod\u00ed i la Casa de l\u2019Ensenyan\u00e7a. La jornada, institu\u00efda per l\u2019assemblea de l\u2019Organitzaci\u00f3 Mundial del Turisme, es celebra cada any amb un lema diferent des de 1980 amb l\u2019objectiu de conscienciar del paper que juga el turisme en la comunitat internacional.<\/p>\n","protected":false},"excerpt":{"rendered":"<p>Sota el lema turisme accessible, X\u00e0tiva celebra el Dia Mundial del Turisme amb una activitat guiada i una jornada de portes obertes. En la ruta dels sentits, els participants podran [&hellip;]<\/p>\n","protected":false},"author":10,"featured_media":0,"comment_status":"closed","ping_status":"closed","sticky":false,"template":"","format":"standard","meta":{"_price":"","_stock":"","_tribe_ticket_header":"","_tribe_default_ticket_provider":"","_ticket_start_date":"","_ticket_end_date":"","_tribe_ticket_show_description":"","_tribe_ticket_show_not_going":false,"_tribe_ticket_use_global_stock":"","_tribe_ticket_global_stock_level":"","_global_stock_mode":"","_global_stock_cap":"","_tribe_rsvp_for_event":"","_tribe_ticket_going_count":"","_tribe_ticket_not_going_count":"","_tribe_tickets_list":"[]","_tribe_ticket_has_attendee_info_fields":false,"footnotes":""},"categories":[23,70],"tags":[],"class_list":["post-11630","post","type-post","status-publish","format-standard","hentry","category-actualidad-val","category-xativa-monumental-val"],"yoast_head":"<!-- This site is optimized with the Yoast SEO plugin v27.0 - https:\/\/yoast.com\/product\/yoast-seo-wordpress\/ -->\n<title>X\u00e0tiva celebra el Dia Mundial del Turisme - X\u00e0tiva Turismo<\/title>\n<meta name=\"description\" content=\"Sota el lema turisme accessible X\u00e0tiva celebra el Dia Mundial del Turisme el 27 de setembre amb una activitat guiada, titulada la ruta dels sentits.\" \/>\n<meta name=\"robots\" content=\"index, follow, max-snippet:-1, max-image-preview:large, max-video-preview:-1\" \/>\n<link rel=\"canonical\" href=\"https:\/\/xativaturismo.com\/val\/xativa-celebra-dia-mundial-turisme\/\" \/>\n<meta property=\"og:locale\" content=\"ca_ES\" \/>\n<meta property=\"og:type\" content=\"article\" \/>\n<meta property=\"og:title\" content=\"X\u00e0tiva celebra el Dia Mundial del Turisme\" \/>\n<meta property=\"og:description\" content=\"Sota el lema turisme accessible X\u00e0tiva celebra el Dia Mundial del Turisme el 27 de setembre amb una activitat guiada, titulada la ruta dels sentits.\" \/>\n<meta property=\"og:url\" content=\"https:\/\/xativaturismo.com\/val\/xativa-celebra-dia-mundial-turisme\/\" \/>\n<meta property=\"og:site_name\" content=\"X\u00e0tiva Turismo\" \/>\n<meta property=\"article:publisher\" content=\"https:\/\/www.facebook.com\/XativaTurisme\" \/>\n<meta property=\"article:published_time\" content=\"2016-09-22T08:42:35+00:00\" \/>\n<meta property=\"article:modified_time\" content=\"2016-09-26T09:27:39+00:00\" \/>\n<meta property=\"og:image\" content=\"https:\/\/xativaturismo.com\/wp-content\/uploads\/2016\/09\/Turisme-accessible-2.jpg\" \/>\n\t<meta property=\"og:image:width\" content=\"1100\" \/>\n\t<meta property=\"og:image:height\" content=\"350\" \/>\n\t<meta property=\"og:image:type\" content=\"image\/jpeg\" \/>\n<meta name=\"author\" content=\"Edit Orial\" \/>\n<meta name=\"twitter:card\" content=\"summary_large_image\" \/>\n<meta name=\"twitter:title\" content=\"X\u00e0tiva celebra el Dia Mundial del Turisme\" \/>\n<meta name=\"twitter:description\" content=\"Sota el lema turisme accessible X\u00e0tiva celebra el Dia Mundial del Turisme el 27 de setembre amb una activitat guiada, titulada la ruta dels sentits.\" \/>\n<meta name=\"twitter:image\" content=\"https:\/\/xativaturismo.com\/wp-content\/uploads\/2016\/09\/Turisme-accessible-2.jpg\" \/>\n<meta name=\"twitter:creator\" content=\"@XativaTurisme\" \/>\n<meta name=\"twitter:site\" content=\"@XativaTurisme\" \/>\n<meta name=\"twitter:label1\" content=\"Written by\" \/>\n\t<meta name=\"twitter:data1\" content=\"Edit Orial\" \/>\n\t<meta name=\"twitter:label2\" content=\"Est. reading time\" \/>\n\t<meta name=\"twitter:data2\" content=\"1 minute\" \/>\n<script type=\"application\/ld+json\" class=\"yoast-schema-graph\">{\"@context\":\"https:\/\/schema.org\",\"@graph\":[{\"@type\":\"Article\",\"@id\":\"https:\/\/xativaturismo.com\/val\/xativa-celebra-dia-mundial-turisme\/#article\",\"isPartOf\":{\"@id\":\"https:\/\/xativaturismo.com\/val\/xativa-celebra-dia-mundial-turisme\/\"},\"author\":{\"name\":\"Edit Orial\",\"@id\":\"https:\/\/xativaturismo.com\/#\/schema\/person\/076ef82c001ca23709c36cf13a96ee7d\"},\"headline\":\"X\u00e0tiva celebra el Dia Mundial del Turisme\",\"datePublished\":\"2016-09-22T08:42:35+00:00\",\"dateModified\":\"2016-09-26T09:27:39+00:00\",\"mainEntityOfPage\":{\"@id\":\"https:\/\/xativaturismo.com\/val\/xativa-celebra-dia-mundial-turisme\/\"},\"wordCount\":254,\"publisher\":{\"@id\":\"https:\/\/xativaturismo.com\/#organization\"},\"articleSection\":[\"Actualitat\",\"X\u00e0tiva Monumental\"],\"inLanguage\":\"ca\"},{\"@type\":\"WebPage\",\"@id\":\"https:\/\/xativaturismo.com\/val\/xativa-celebra-dia-mundial-turisme\/\",\"url\":\"https:\/\/xativaturismo.com\/val\/xativa-celebra-dia-mundial-turisme\/\",\"name\":\"X\u00e0tiva celebra el Dia Mundial del Turisme - X\u00e0tiva Turismo\",\"isPartOf\":{\"@id\":\"https:\/\/xativaturismo.com\/#website\"},\"datePublished\":\"2016-09-22T08:42:35+00:00\",\"dateModified\":\"2016-09-26T09:27:39+00:00\",\"description\":\"Sota el lema turisme accessible X\u00e0tiva celebra el Dia Mundial del Turisme el 27 de setembre amb una activitat guiada, titulada la ruta dels sentits.\",\"breadcrumb\":{\"@id\":\"https:\/\/xativaturismo.com\/val\/xativa-celebra-dia-mundial-turisme\/#breadcrumb\"},\"inLanguage\":\"ca\",\"potentialAction\":[{\"@type\":\"ReadAction\",\"target\":[\"https:\/\/xativaturismo.com\/val\/xativa-celebra-dia-mundial-turisme\/\"]}]},{\"@type\":\"BreadcrumbList\",\"@id\":\"https:\/\/xativaturismo.com\/val\/xativa-celebra-dia-mundial-turisme\/#breadcrumb\",\"itemListElement\":[{\"@type\":\"ListItem\",\"position\":1,\"name\":\"Portada\",\"item\":\"https:\/\/xativaturismo.com\/val\/\"},{\"@type\":\"ListItem\",\"position\":2,\"name\":\"X\u00e0tiva celebra el Dia Mundial del Turisme\"}]},{\"@type\":\"WebSite\",\"@id\":\"https:\/\/xativaturismo.com\/#website\",\"url\":\"https:\/\/xativaturismo.com\/\",\"name\":\"X\u00e0tiva Turismo\",\"description\":\"Bienvenidos a la oficina de Turismo de X\u00e0tiva\",\"publisher\":{\"@id\":\"https:\/\/xativaturismo.com\/#organization\"},\"potentialAction\":[{\"@type\":\"SearchAction\",\"target\":{\"@type\":\"EntryPoint\",\"urlTemplate\":\"https:\/\/xativaturismo.com\/?s={search_term_string}\"},\"query-input\":{\"@type\":\"PropertyValueSpecification\",\"valueRequired\":true,\"valueName\":\"search_term_string\"}}],\"inLanguage\":\"ca\"},{\"@type\":\"Organization\",\"@id\":\"https:\/\/xativaturismo.com\/#organization\",\"name\":\"X\u00e0tiva Turismo\",\"url\":\"https:\/\/xativaturismo.com\/\",\"logo\":{\"@type\":\"ImageObject\",\"inLanguage\":\"ca\",\"@id\":\"https:\/\/xativaturismo.com\/#\/schema\/logo\/image\/\",\"url\":\"https:\/\/xativaturismo.com\/wp-content\/uploads\/2020\/10\/logo-lila512-2.png\",\"contentUrl\":\"https:\/\/xativaturismo.com\/wp-content\/uploads\/2020\/10\/logo-lila512-2.png\",\"width\":445,\"height\":512,\"caption\":\"X\u00e0tiva Turismo\"},\"image\":{\"@id\":\"https:\/\/xativaturismo.com\/#\/schema\/logo\/image\/\"},\"sameAs\":[\"https:\/\/www.facebook.com\/XativaTurisme\",\"https:\/\/x.com\/XativaTurisme\"]},{\"@type\":\"Person\",\"@id\":\"https:\/\/xativaturismo.com\/#\/schema\/person\/076ef82c001ca23709c36cf13a96ee7d\",\"name\":\"Edit Orial\",\"image\":{\"@type\":\"ImageObject\",\"inLanguage\":\"ca\",\"@id\":\"https:\/\/xativaturismo.com\/#\/schema\/person\/image\/\",\"url\":\"https:\/\/secure.gravatar.com\/avatar\/8e23460bf094742a301ecd4741c5b42b22f6fd944b7a3e55260bb476eccfd123?s=96&d=mm&r=g\",\"contentUrl\":\"https:\/\/secure.gravatar.com\/avatar\/8e23460bf094742a301ecd4741c5b42b22f6fd944b7a3e55260bb476eccfd123?s=96&d=mm&r=g\",\"caption\":\"Edit Orial\"},\"url\":\"https:\/\/xativaturismo.com\/val\/author\/autoripress\/\"}]}<\/script>\n<!-- \/ Yoast SEO plugin. -->","yoast_head_json":{"title":"X\u00e0tiva celebra el Dia Mundial del Turisme - X\u00e0tiva Turismo","description":"Sota el lema turisme accessible X\u00e0tiva celebra el Dia Mundial del Turisme el 27 de setembre amb una activitat guiada, titulada la ruta dels sentits.","robots":{"index":"index","follow":"follow","max-snippet":"max-snippet:-1","max-image-preview":"max-image-preview:large","max-video-preview":"max-video-preview:-1"},"canonical":"https:\/\/xativaturismo.com\/val\/xativa-celebra-dia-mundial-turisme\/","og_locale":"ca_ES","og_type":"article","og_title":"X\u00e0tiva celebra el Dia Mundial del Turisme","og_description":"Sota el lema turisme accessible X\u00e0tiva celebra el Dia Mundial del Turisme el 27 de setembre amb una activitat guiada, titulada la ruta dels sentits.","og_url":"https:\/\/xativaturismo.com\/val\/xativa-celebra-dia-mundial-turisme\/","og_site_name":"X\u00e0tiva Turismo","article_publisher":"https:\/\/www.facebook.com\/XativaTurisme","article_published_time":"2016-09-22T08:42:35+00:00","article_modified_time":"2016-09-26T09:27:39+00:00","og_image":[{"width":1100,"height":350,"url":"https:\/\/xativaturismo.com\/wp-content\/uploads\/2016\/09\/Turisme-accessible-2.jpg","type":"image\/jpeg"}],"author":"Edit Orial","twitter_card":"summary_large_image","twitter_title":"X\u00e0tiva celebra el Dia Mundial del Turisme","twitter_description":"Sota el lema turisme accessible X\u00e0tiva celebra el Dia Mundial del Turisme el 27 de setembre amb una activitat guiada, titulada la ruta dels sentits.","twitter_image":"https:\/\/xativaturismo.com\/wp-content\/uploads\/2016\/09\/Turisme-accessible-2.jpg","twitter_creator":"@XativaTurisme","twitter_site":"@XativaTurisme","twitter_misc":{"Written by":"Edit Orial","Est. reading time":"1 minute"},"schema":{"@context":"https:\/\/schema.org","@graph":[{"@type":"Article","@id":"https:\/\/xativaturismo.com\/val\/xativa-celebra-dia-mundial-turisme\/#article","isPartOf":{"@id":"https:\/\/xativaturismo.com\/val\/xativa-celebra-dia-mundial-turisme\/"},"author":{"name":"Edit Orial","@id":"https:\/\/xativaturismo.com\/#\/schema\/person\/076ef82c001ca23709c36cf13a96ee7d"},"headline":"X\u00e0tiva celebra el Dia Mundial del Turisme","datePublished":"2016-09-22T08:42:35+00:00","dateModified":"2016-09-26T09:27:39+00:00","mainEntityOfPage":{"@id":"https:\/\/xativaturismo.com\/val\/xativa-celebra-dia-mundial-turisme\/"},"wordCount":254,"publisher":{"@id":"https:\/\/xativaturismo.com\/#organization"},"articleSection":["Actualitat","X\u00e0tiva Monumental"],"inLanguage":"ca"},{"@type":"WebPage","@id":"https:\/\/xativaturismo.com\/val\/xativa-celebra-dia-mundial-turisme\/","url":"https:\/\/xativaturismo.com\/val\/xativa-celebra-dia-mundial-turisme\/","name":"X\u00e0tiva celebra el Dia Mundial del Turisme - X\u00e0tiva Turismo","isPartOf":{"@id":"https:\/\/xativaturismo.com\/#website"},"datePublished":"2016-09-22T08:42:35+00:00","dateModified":"2016-09-26T09:27:39+00:00","description":"Sota el lema turisme accessible X\u00e0tiva celebra el Dia Mundial del Turisme el 27 de setembre amb una activitat guiada, titulada la ruta dels sentits.","breadcrumb":{"@id":"https:\/\/xativaturismo.com\/val\/xativa-celebra-dia-mundial-turisme\/#breadcrumb"},"inLanguage":"ca","potentialAction":[{"@type":"ReadAction","target":["https:\/\/xativaturismo.com\/val\/xativa-celebra-dia-mundial-turisme\/"]}]},{"@type":"BreadcrumbList","@id":"https:\/\/xativaturismo.com\/val\/xativa-celebra-dia-mundial-turisme\/#breadcrumb","itemListElement":[{"@type":"ListItem","position":1,"name":"Portada","item":"https:\/\/xativaturismo.com\/val\/"},{"@type":"ListItem","position":2,"name":"X\u00e0tiva celebra el Dia Mundial del Turisme"}]},{"@type":"WebSite","@id":"https:\/\/xativaturismo.com\/#website","url":"https:\/\/xativaturismo.com\/","name":"X\u00e0tiva Turismo","description":"Bienvenidos a la oficina de Turismo de X\u00e0tiva","publisher":{"@id":"https:\/\/xativaturismo.com\/#organization"},"potentialAction":[{"@type":"SearchAction","target":{"@type":"EntryPoint","urlTemplate":"https:\/\/xativaturismo.com\/?s={search_term_string}"},"query-input":{"@type":"PropertyValueSpecification","valueRequired":true,"valueName":"search_term_string"}}],"inLanguage":"ca"},{"@type":"Organization","@id":"https:\/\/xativaturismo.com\/#organization","name":"X\u00e0tiva Turismo","url":"https:\/\/xativaturismo.com\/","logo":{"@type":"ImageObject","inLanguage":"ca","@id":"https:\/\/xativaturismo.com\/#\/schema\/logo\/image\/","url":"https:\/\/xativaturismo.com\/wp-content\/uploads\/2020\/10\/logo-lila512-2.png","contentUrl":"https:\/\/xativaturismo.com\/wp-content\/uploads\/2020\/10\/logo-lila512-2.png","width":445,"height":512,"caption":"X\u00e0tiva Turismo"},"image":{"@id":"https:\/\/xativaturismo.com\/#\/schema\/logo\/image\/"},"sameAs":["https:\/\/www.facebook.com\/XativaTurisme","https:\/\/x.com\/XativaTurisme"]},{"@type":"Person","@id":"https:\/\/xativaturismo.com\/#\/schema\/person\/076ef82c001ca23709c36cf13a96ee7d","name":"Edit Orial","image":{"@type":"ImageObject","inLanguage":"ca","@id":"https:\/\/xativaturismo.com\/#\/schema\/person\/image\/","url":"https:\/\/secure.gravatar.com\/avatar\/8e23460bf094742a301ecd4741c5b42b22f6fd944b7a3e55260bb476eccfd123?s=96&d=mm&r=g","contentUrl":"https:\/\/secure.gravatar.com\/avatar\/8e23460bf094742a301ecd4741c5b42b22f6fd944b7a3e55260bb476eccfd123?s=96&d=mm&r=g","caption":"Edit Orial"},"url":"https:\/\/xativaturismo.com\/val\/author\/autoripress\/"}]}},"_links":{"self":[{"href":"https:\/\/xativaturismo.com\/val\/wp-json\/wp\/v2\/posts\/11630","targetHints":{"allow":["GET"]}}],"collection":[{"href":"https:\/\/xativaturismo.com\/val\/wp-json\/wp\/v2\/posts"}],"about":[{"href":"https:\/\/xativaturismo.com\/val\/wp-json\/wp\/v2\/types\/post"}],"author":[{"embeddable":true,"href":"https:\/\/xativaturismo.com\/val\/wp-json\/wp\/v2\/users\/10"}],"replies":[{"embeddable":true,"href":"https:\/\/xativaturismo.com\/val\/wp-json\/wp\/v2\/comments?post=11630"}],"version-history":[{"count":0,"href":"https:\/\/xativaturismo.com\/val\/wp-json\/wp\/v2\/posts\/11630\/revisions"}],"wp:attachment":[{"href":"https:\/\/xativaturismo.com\/val\/wp-json\/wp\/v2\/media?parent=11630"}],"wp:term":[{"taxonomy":"category","embeddable":true,"href":"https:\/\/xativaturismo.com\/val\/wp-json\/wp\/v2\/categories?post=11630"},{"taxonomy":"post_tag","embeddable":true,"href":"https:\/\/xativaturismo.com\/val\/wp-json\/wp\/v2\/tags?post=11630"}],"curies":[{"name":"wp","href":"https:\/\/api.w.org\/{rel}","templated":true}]}}