{"id":10606,"date":"2016-05-19T10:48:42","date_gmt":"2016-05-19T10:48:42","guid":{"rendered":"https:\/\/xativaturismo.com\/val\/feria-de-artesania-xativa\/"},"modified":"2016-05-20T09:07:15","modified_gmt":"2016-05-20T09:07:15","slug":"fira-de-artesania-xativa","status":"publish","type":"post","link":"https:\/\/xativaturismo.com\/val\/fira-de-artesania-xativa\/","title":{"rendered":"I Fira d&#8217;Artesania de X\u00e0tiva, al nucli antic"},"content":{"rendered":"<p><strong>20, 21, 22 de maig<\/strong><\/p>\n<p>El carrers del nucli antic de X\u00e0tiva acolliran, els dies 20, 21 i 22 de maig, la <strong>I Fira d&#8217;Artesania<\/strong> organitzada per l&#8217;Associaci\u00f3 d&#8217;Empresaris de X\u00e0tiva i la Costera (<a href=\"http:\/\/adexa.info\/\">Adexa<\/a>). La iniciativa comptar\u00e0 amb punts de venda ambulants a la pla\u00e7a de la Bassa, carrer de Sant Francesc i pla\u00e7a de Tetuan, on els visitants podran adquirir tota mena de productes d&#8217;elaboraci\u00f3 artesana. Tamb\u00e9 s&#8217;han programat activitats paral\u00b7leles; el divendres 20 a les 20.00, concert de \u00c1ngel Pati\u00f1o &amp; Roberto Sant Andreu, el dissabte 21 de vesprada exhibicions de <i>funky<\/i> i <i>cubb\u00e0<\/i>, i el diumenge 22 a les 20.30 concert de Gem, &#8220;ser\u00e9 del viento&#8221;.<\/p>\n<p>La proposta forma part del pla de dinamitzaci\u00f3 del comer\u00e7 i l&#8217;hostaleria del nucli antic d&#8217;Adexa, l&#8217;associaci\u00f3 que agrupa el teixit empresarial de X\u00e0tiva i de la comarca des de 1994.<\/p>\n<p>&nbsp;<\/p>\n<p>&nbsp;<\/p>\n<p>&nbsp;<\/p>\n","protected":false},"excerpt":{"rendered":"<p>20, 21, 22 de maig El carrers del nucli antic de X\u00e0tiva acolliran, els dies 20, 21 i 22 de maig, la I Fira d&#8217;Artesania organitzada per l&#8217;Associaci\u00f3 d&#8217;Empresaris de [&hellip;]<\/p>\n","protected":false},"author":10,"featured_media":0,"comment_status":"closed","ping_status":"closed","sticky":false,"template":"","format":"standard","meta":{"_price":"","_stock":"","_tribe_ticket_header":"","_tribe_default_ticket_provider":"","_ticket_start_date":"","_ticket_end_date":"","_tribe_ticket_show_description":"","_tribe_ticket_show_not_going":false,"_tribe_ticket_use_global_stock":"","_tribe_ticket_global_stock_level":"","_global_stock_mode":"","_global_stock_cap":"","_tribe_rsvp_for_event":"","_tribe_ticket_going_count":"","_tribe_ticket_not_going_count":"","_tribe_tickets_list":"[]","_tribe_ticket_has_attendee_info_fields":false,"footnotes":""},"categories":[23],"tags":[],"class_list":["post-10606","post","type-post","status-publish","format-standard","hentry","category-actualidad-val"],"yoast_head":"<!-- This site is optimized with the Yoast SEO plugin v27.0 - https:\/\/yoast.com\/product\/yoast-seo-wordpress\/ -->\n<title>I Fira d&#039;Artesania de X\u00e0tiva, al nucli antic<\/title>\n<meta name=\"description\" content=\"El carrers del nucli antic acolliran la I Fira d&#039;Artesania de X\u00e0tiva organitzada per l&#039;Associaci\u00f3 d&#039;Empresaris de X\u00e0tiva i la Costera (Adexa).\" \/>\n<meta name=\"robots\" content=\"index, follow, max-snippet:-1, max-image-preview:large, max-video-preview:-1\" \/>\n<link rel=\"canonical\" href=\"https:\/\/xativaturismo.com\/val\/fira-de-artesania-xativa\/\" \/>\n<meta property=\"og:locale\" content=\"ca_ES\" \/>\n<meta property=\"og:type\" content=\"article\" \/>\n<meta property=\"og:title\" content=\"I Fira d&#039;Artesania de X\u00e0tiva, al nucli antic\" \/>\n<meta property=\"og:description\" content=\"El carrers del nucli antic acolliran la I Fira d&#039;Artesania de X\u00e0tiva organitzada per l&#039;Associaci\u00f3 d&#039;Empresaris de X\u00e0tiva i la Costera (Adexa).\" \/>\n<meta property=\"og:url\" content=\"https:\/\/xativaturismo.com\/val\/fira-de-artesania-xativa\/\" \/>\n<meta property=\"og:site_name\" content=\"X\u00e0tiva Turismo\" \/>\n<meta property=\"article:publisher\" content=\"https:\/\/www.facebook.com\/XativaTurisme\" \/>\n<meta property=\"article:published_time\" content=\"2016-05-19T10:48:42+00:00\" \/>\n<meta property=\"article:modified_time\" content=\"2016-05-20T09:07:15+00:00\" \/>\n<meta property=\"og:image\" content=\"https:\/\/xativaturismo.com\/wp-content\/uploads\/2016\/01\/castell-menor-8.jpg\" \/>\n\t<meta property=\"og:image:width\" content=\"846\" \/>\n\t<meta property=\"og:image:height\" content=\"480\" \/>\n\t<meta property=\"og:image:type\" content=\"image\/jpeg\" \/>\n<meta name=\"author\" content=\"Edit Orial\" \/>\n<meta name=\"twitter:card\" content=\"summary_large_image\" \/>\n<meta name=\"twitter:title\" content=\"I Fira d&#039;Artesania de X\u00e0tiva, al nucli antic\" \/>\n<meta name=\"twitter:description\" content=\"El carrers del nucli antic acolliran la I Fira d&#039;Artesania de X\u00e0tiva organitzada per l&#039;Associaci\u00f3 d&#039;Empresaris de X\u00e0tiva i la Costera (Adexa).\" \/>\n<meta name=\"twitter:image\" content=\"https:\/\/xativaturismo.com\/wp-content\/uploads\/2016\/05\/fira_artesania.jpg\" \/>\n<meta name=\"twitter:creator\" content=\"@XativaTurisme\" \/>\n<meta name=\"twitter:site\" content=\"@XativaTurisme\" \/>\n<meta name=\"twitter:label1\" content=\"Written by\" \/>\n\t<meta name=\"twitter:data1\" content=\"Edit Orial\" \/>\n\t<meta name=\"twitter:label2\" content=\"Est. reading time\" \/>\n\t<meta name=\"twitter:data2\" content=\"1 minute\" \/>\n<script type=\"application\/ld+json\" class=\"yoast-schema-graph\">{\"@context\":\"https:\/\/schema.org\",\"@graph\":[{\"@type\":\"Article\",\"@id\":\"https:\/\/xativaturismo.com\/val\/fira-de-artesania-xativa\/#article\",\"isPartOf\":{\"@id\":\"https:\/\/xativaturismo.com\/val\/fira-de-artesania-xativa\/\"},\"author\":{\"name\":\"Edit Orial\",\"@id\":\"https:\/\/xativaturismo.com\/#\/schema\/person\/076ef82c001ca23709c36cf13a96ee7d\"},\"headline\":\"I Fira d&#8217;Artesania de X\u00e0tiva, al nucli antic\",\"datePublished\":\"2016-05-19T10:48:42+00:00\",\"dateModified\":\"2016-05-20T09:07:15+00:00\",\"mainEntityOfPage\":{\"@id\":\"https:\/\/xativaturismo.com\/val\/fira-de-artesania-xativa\/\"},\"wordCount\":148,\"publisher\":{\"@id\":\"https:\/\/xativaturismo.com\/#organization\"},\"articleSection\":[\"Actualitat\"],\"inLanguage\":\"ca\"},{\"@type\":\"WebPage\",\"@id\":\"https:\/\/xativaturismo.com\/val\/fira-de-artesania-xativa\/\",\"url\":\"https:\/\/xativaturismo.com\/val\/fira-de-artesania-xativa\/\",\"name\":\"I Fira d'Artesania de X\u00e0tiva, al nucli antic\",\"isPartOf\":{\"@id\":\"https:\/\/xativaturismo.com\/#website\"},\"datePublished\":\"2016-05-19T10:48:42+00:00\",\"dateModified\":\"2016-05-20T09:07:15+00:00\",\"description\":\"El carrers del nucli antic acolliran la I Fira d'Artesania de X\u00e0tiva organitzada per l'Associaci\u00f3 d'Empresaris de X\u00e0tiva i la Costera (Adexa).\",\"breadcrumb\":{\"@id\":\"https:\/\/xativaturismo.com\/val\/fira-de-artesania-xativa\/#breadcrumb\"},\"inLanguage\":\"ca\",\"potentialAction\":[{\"@type\":\"ReadAction\",\"target\":[\"https:\/\/xativaturismo.com\/val\/fira-de-artesania-xativa\/\"]}]},{\"@type\":\"BreadcrumbList\",\"@id\":\"https:\/\/xativaturismo.com\/val\/fira-de-artesania-xativa\/#breadcrumb\",\"itemListElement\":[{\"@type\":\"ListItem\",\"position\":1,\"name\":\"Portada\",\"item\":\"https:\/\/xativaturismo.com\/val\/\"},{\"@type\":\"ListItem\",\"position\":2,\"name\":\"I Fira d&#8217;Artesania de X\u00e0tiva, al nucli antic\"}]},{\"@type\":\"WebSite\",\"@id\":\"https:\/\/xativaturismo.com\/#website\",\"url\":\"https:\/\/xativaturismo.com\/\",\"name\":\"X\u00e0tiva Turismo\",\"description\":\"Bienvenidos a la oficina de Turismo de X\u00e0tiva\",\"publisher\":{\"@id\":\"https:\/\/xativaturismo.com\/#organization\"},\"potentialAction\":[{\"@type\":\"SearchAction\",\"target\":{\"@type\":\"EntryPoint\",\"urlTemplate\":\"https:\/\/xativaturismo.com\/?s={search_term_string}\"},\"query-input\":{\"@type\":\"PropertyValueSpecification\",\"valueRequired\":true,\"valueName\":\"search_term_string\"}}],\"inLanguage\":\"ca\"},{\"@type\":\"Organization\",\"@id\":\"https:\/\/xativaturismo.com\/#organization\",\"name\":\"X\u00e0tiva Turismo\",\"url\":\"https:\/\/xativaturismo.com\/\",\"logo\":{\"@type\":\"ImageObject\",\"inLanguage\":\"ca\",\"@id\":\"https:\/\/xativaturismo.com\/#\/schema\/logo\/image\/\",\"url\":\"https:\/\/xativaturismo.com\/wp-content\/uploads\/2020\/10\/logo-lila512-2.png\",\"contentUrl\":\"https:\/\/xativaturismo.com\/wp-content\/uploads\/2020\/10\/logo-lila512-2.png\",\"width\":445,\"height\":512,\"caption\":\"X\u00e0tiva Turismo\"},\"image\":{\"@id\":\"https:\/\/xativaturismo.com\/#\/schema\/logo\/image\/\"},\"sameAs\":[\"https:\/\/www.facebook.com\/XativaTurisme\",\"https:\/\/x.com\/XativaTurisme\"]},{\"@type\":\"Person\",\"@id\":\"https:\/\/xativaturismo.com\/#\/schema\/person\/076ef82c001ca23709c36cf13a96ee7d\",\"name\":\"Edit Orial\",\"image\":{\"@type\":\"ImageObject\",\"inLanguage\":\"ca\",\"@id\":\"https:\/\/xativaturismo.com\/#\/schema\/person\/image\/\",\"url\":\"https:\/\/secure.gravatar.com\/avatar\/8e23460bf094742a301ecd4741c5b42b22f6fd944b7a3e55260bb476eccfd123?s=96&d=mm&r=g\",\"contentUrl\":\"https:\/\/secure.gravatar.com\/avatar\/8e23460bf094742a301ecd4741c5b42b22f6fd944b7a3e55260bb476eccfd123?s=96&d=mm&r=g\",\"caption\":\"Edit Orial\"},\"url\":\"https:\/\/xativaturismo.com\/val\/author\/autoripress\/\"}]}<\/script>\n<!-- \/ Yoast SEO plugin. -->","yoast_head_json":{"title":"I Fira d'Artesania de X\u00e0tiva, al nucli antic","description":"El carrers del nucli antic acolliran la I Fira d'Artesania de X\u00e0tiva organitzada per l'Associaci\u00f3 d'Empresaris de X\u00e0tiva i la Costera (Adexa).","robots":{"index":"index","follow":"follow","max-snippet":"max-snippet:-1","max-image-preview":"max-image-preview:large","max-video-preview":"max-video-preview:-1"},"canonical":"https:\/\/xativaturismo.com\/val\/fira-de-artesania-xativa\/","og_locale":"ca_ES","og_type":"article","og_title":"I Fira d'Artesania de X\u00e0tiva, al nucli antic","og_description":"El carrers del nucli antic acolliran la I Fira d'Artesania de X\u00e0tiva organitzada per l'Associaci\u00f3 d'Empresaris de X\u00e0tiva i la Costera (Adexa).","og_url":"https:\/\/xativaturismo.com\/val\/fira-de-artesania-xativa\/","og_site_name":"X\u00e0tiva Turismo","article_publisher":"https:\/\/www.facebook.com\/XativaTurisme","article_published_time":"2016-05-19T10:48:42+00:00","article_modified_time":"2016-05-20T09:07:15+00:00","og_image":[{"width":846,"height":480,"url":"https:\/\/xativaturismo.com\/wp-content\/uploads\/2016\/01\/castell-menor-8.jpg","type":"image\/jpeg"}],"author":"Edit Orial","twitter_card":"summary_large_image","twitter_title":"I Fira d'Artesania de X\u00e0tiva, al nucli antic","twitter_description":"El carrers del nucli antic acolliran la I Fira d'Artesania de X\u00e0tiva organitzada per l'Associaci\u00f3 d'Empresaris de X\u00e0tiva i la Costera (Adexa).","twitter_image":"https:\/\/xativaturismo.com\/wp-content\/uploads\/2016\/05\/fira_artesania.jpg","twitter_creator":"@XativaTurisme","twitter_site":"@XativaTurisme","twitter_misc":{"Written by":"Edit Orial","Est. reading time":"1 minute"},"schema":{"@context":"https:\/\/schema.org","@graph":[{"@type":"Article","@id":"https:\/\/xativaturismo.com\/val\/fira-de-artesania-xativa\/#article","isPartOf":{"@id":"https:\/\/xativaturismo.com\/val\/fira-de-artesania-xativa\/"},"author":{"name":"Edit Orial","@id":"https:\/\/xativaturismo.com\/#\/schema\/person\/076ef82c001ca23709c36cf13a96ee7d"},"headline":"I Fira d&#8217;Artesania de X\u00e0tiva, al nucli antic","datePublished":"2016-05-19T10:48:42+00:00","dateModified":"2016-05-20T09:07:15+00:00","mainEntityOfPage":{"@id":"https:\/\/xativaturismo.com\/val\/fira-de-artesania-xativa\/"},"wordCount":148,"publisher":{"@id":"https:\/\/xativaturismo.com\/#organization"},"articleSection":["Actualitat"],"inLanguage":"ca"},{"@type":"WebPage","@id":"https:\/\/xativaturismo.com\/val\/fira-de-artesania-xativa\/","url":"https:\/\/xativaturismo.com\/val\/fira-de-artesania-xativa\/","name":"I Fira d'Artesania de X\u00e0tiva, al nucli antic","isPartOf":{"@id":"https:\/\/xativaturismo.com\/#website"},"datePublished":"2016-05-19T10:48:42+00:00","dateModified":"2016-05-20T09:07:15+00:00","description":"El carrers del nucli antic acolliran la I Fira d'Artesania de X\u00e0tiva organitzada per l'Associaci\u00f3 d'Empresaris de X\u00e0tiva i la Costera (Adexa).","breadcrumb":{"@id":"https:\/\/xativaturismo.com\/val\/fira-de-artesania-xativa\/#breadcrumb"},"inLanguage":"ca","potentialAction":[{"@type":"ReadAction","target":["https:\/\/xativaturismo.com\/val\/fira-de-artesania-xativa\/"]}]},{"@type":"BreadcrumbList","@id":"https:\/\/xativaturismo.com\/val\/fira-de-artesania-xativa\/#breadcrumb","itemListElement":[{"@type":"ListItem","position":1,"name":"Portada","item":"https:\/\/xativaturismo.com\/val\/"},{"@type":"ListItem","position":2,"name":"I Fira d&#8217;Artesania de X\u00e0tiva, al nucli antic"}]},{"@type":"WebSite","@id":"https:\/\/xativaturismo.com\/#website","url":"https:\/\/xativaturismo.com\/","name":"X\u00e0tiva Turismo","description":"Bienvenidos a la oficina de Turismo de X\u00e0tiva","publisher":{"@id":"https:\/\/xativaturismo.com\/#organization"},"potentialAction":[{"@type":"SearchAction","target":{"@type":"EntryPoint","urlTemplate":"https:\/\/xativaturismo.com\/?s={search_term_string}"},"query-input":{"@type":"PropertyValueSpecification","valueRequired":true,"valueName":"search_term_string"}}],"inLanguage":"ca"},{"@type":"Organization","@id":"https:\/\/xativaturismo.com\/#organization","name":"X\u00e0tiva Turismo","url":"https:\/\/xativaturismo.com\/","logo":{"@type":"ImageObject","inLanguage":"ca","@id":"https:\/\/xativaturismo.com\/#\/schema\/logo\/image\/","url":"https:\/\/xativaturismo.com\/wp-content\/uploads\/2020\/10\/logo-lila512-2.png","contentUrl":"https:\/\/xativaturismo.com\/wp-content\/uploads\/2020\/10\/logo-lila512-2.png","width":445,"height":512,"caption":"X\u00e0tiva Turismo"},"image":{"@id":"https:\/\/xativaturismo.com\/#\/schema\/logo\/image\/"},"sameAs":["https:\/\/www.facebook.com\/XativaTurisme","https:\/\/x.com\/XativaTurisme"]},{"@type":"Person","@id":"https:\/\/xativaturismo.com\/#\/schema\/person\/076ef82c001ca23709c36cf13a96ee7d","name":"Edit Orial","image":{"@type":"ImageObject","inLanguage":"ca","@id":"https:\/\/xativaturismo.com\/#\/schema\/person\/image\/","url":"https:\/\/secure.gravatar.com\/avatar\/8e23460bf094742a301ecd4741c5b42b22f6fd944b7a3e55260bb476eccfd123?s=96&d=mm&r=g","contentUrl":"https:\/\/secure.gravatar.com\/avatar\/8e23460bf094742a301ecd4741c5b42b22f6fd944b7a3e55260bb476eccfd123?s=96&d=mm&r=g","caption":"Edit Orial"},"url":"https:\/\/xativaturismo.com\/val\/author\/autoripress\/"}]}},"_links":{"self":[{"href":"https:\/\/xativaturismo.com\/val\/wp-json\/wp\/v2\/posts\/10606","targetHints":{"allow":["GET"]}}],"collection":[{"href":"https:\/\/xativaturismo.com\/val\/wp-json\/wp\/v2\/posts"}],"about":[{"href":"https:\/\/xativaturismo.com\/val\/wp-json\/wp\/v2\/types\/post"}],"author":[{"embeddable":true,"href":"https:\/\/xativaturismo.com\/val\/wp-json\/wp\/v2\/users\/10"}],"replies":[{"embeddable":true,"href":"https:\/\/xativaturismo.com\/val\/wp-json\/wp\/v2\/comments?post=10606"}],"version-history":[{"count":0,"href":"https:\/\/xativaturismo.com\/val\/wp-json\/wp\/v2\/posts\/10606\/revisions"}],"wp:attachment":[{"href":"https:\/\/xativaturismo.com\/val\/wp-json\/wp\/v2\/media?parent=10606"}],"wp:term":[{"taxonomy":"category","embeddable":true,"href":"https:\/\/xativaturismo.com\/val\/wp-json\/wp\/v2\/categories?post=10606"},{"taxonomy":"post_tag","embeddable":true,"href":"https:\/\/xativaturismo.com\/val\/wp-json\/wp\/v2\/tags?post=10606"}],"curies":[{"name":"wp","href":"https:\/\/api.w.org\/{rel}","templated":true}]}}